{"id":8936,"date":"2015-04-27T05:50:30","date_gmt":"2015-04-27T05:50:30","guid":{"rendered":"http:\/\/50.22.11.12\/~grietaor\/?p=8936"},"modified":"2016-03-31T05:52:19","modified_gmt":"2016-03-31T05:52:19","slug":"tras-arribo-movilizacion-por-ayotzinapa-realiza-mitin-en-el-centro-historico","status":"publish","type":"post","link":"http:\/\/www.grieta.org.mx\/index.php\/2015\/04\/27\/tras-arribo-movilizacion-por-ayotzinapa-realiza-mitin-en-el-centro-historico\/","title":{"rendered":"Tras arribo, movilizaci\u00f3n por Ayotzinapa realiza mitin en el Centro Hist\u00f3rico"},"content":{"rendered":"<p>Morelia, Michoac\u00e1n.- Arrib\u00f3 al Centro Hist\u00f3rico la movilizaci\u00f3n que padres de familia de los 43 estudiantes normalistas desaparecidos en septiembre del 2014 en Iguala, Guerrero realizan como parte de la Acci\u00f3n Global por Ayotzinapa. <\/p>\n<p>Con alrededor de 500 manifestantes, la manifestaci\u00f3n parti\u00f3 de Casa de Gobierno con direcci\u00f3n hacia el Centro Hist\u00f3rico con la finalidad de realizar un mitin en exigencia de la aparici\u00f3n con vida de los 43 normalistas desaparecidos. <\/p>\n<p>Es importante se\u00f1alar que por la ma\u00f1ana los padres de familia realizaron una rueda de prensa donde se\u00f1alaron que buscaban reforzar la solidaridad de Michoac\u00e1n con el Movimiento que busca la presentaci\u00f3n con vida de los 43 estudiantes normalistas desaparecidos el 26 de septiembre de 2014 a manos de la polic\u00eda de Iguala y grupos del crimen organizado.<\/p>\n<p><a href=\"http:\/\/www.cambiodemichoacan.com.mx\/nota-252139\" target=\"_blank\">http:\/\/www.cambiodemichoacan.com.mx\/nota-252139<\/a><\/p>\n","protected":false},"excerpt":{"rendered":"<p>Morelia, Michoac\u00e1n.- Arrib\u00f3 al Centro Hist\u00f3rico la movilizaci\u00f3n que padres de familia de los 43 estudiantes normalistas desaparecidos en septiembre del 2014 en Iguala, Guerrero realizan como parte de la &hellip; <a href=\"http:\/\/www.grieta.org.mx\/index.php\/2015\/04\/27\/tras-arribo-movilizacion-por-ayotzinapa-realiza-mitin-en-el-centro-historico\/\" class=\"more-link\">Leer m\u00e1s<\/a><\/p>\n","protected":false},"author":1,"featured_media":21928,"comment_status":"closed","ping_status":"open","sticky":false,"template":"","format":"standard","meta":{"ngg_post_thumbnail":0,"_jetpack_newsletter_access":"","_jetpack_dont_email_post_to_subs":false,"_jetpack_newsletter_tier_id":0,"_jetpack_memberships_contains_paywalled_content":false,"_jetpack_memberships_contains_paid_content":false,"footnotes":""},"categories":[80,82],"tags":[119,229],"class_list":["post-8936","post","type-post","status-publish","format-standard","has-post-thumbnail","hentry","category-cintillo","category-michoacan","tag-ayotzinapa","tag-solidaridad-con-ayotzinapa","entry"],"jetpack_featured_media_url":"http:\/\/www.grieta.org.mx\/wp-content\/uploads\/2018\/03\/14524434_1106112876131411_958039263622046936_o.jpg","jetpack_sharing_enabled":true,"jetpack_shortlink":"https:\/\/wp.me\/p7ZJR4-2k8","jetpack_likes_enabled":false,"jetpack-related-posts":[{"id":8931,"url":"http:\/\/www.grieta.org.mx\/index.php\/2015\/09\/26\/movilizaciones-por-ayotzinapa-en-michoacan\/","url_meta":{"origin":8936,"position":0},"title":"Movilizaciones por Ayotzinapa en Michoac\u00e1n","author":"Admin","date":"26 septiembre, 2015","format":false,"excerpt":"26\/09\/15. Video de la movilizaci\u00f3n ne Morelia a un a\u00f1o de la desaparici\u00f3n de normalistas de Ayotzinapa Cooperativa de Cine 26\/09\/15. Se suman normalistas de Michoac\u00e1n a marcha por Ayotzinapa El Financiero 26\/09\/15. Culminan acciones por Ayotzinapa, tras 8 horas de movilizaciones Cambio de Michoac\u00e1n 26\/09\/15. Inicia marcha de normalistas\u2026","rel":"","context":"En &quot;Michoac\u00e1n&quot;","block_context":{"text":"Michoac\u00e1n","link":"http:\/\/www.grieta.org.mx\/index.php\/category\/noticias-nacionales\/michoacan\/"},"img":{"alt_text":"","src":"https:\/\/i0.wp.com\/www.grieta.org.mx\/wp-content\/uploads\/2018\/03\/14524434_1106112876131411_958039263622046936_o.jpg?resize=350%2C200","width":350,"height":200,"srcset":"https:\/\/i0.wp.com\/www.grieta.org.mx\/wp-content\/uploads\/2018\/03\/14524434_1106112876131411_958039263622046936_o.jpg?resize=350%2C200 1x, https:\/\/i0.wp.com\/www.grieta.org.mx\/wp-content\/uploads\/2018\/03\/14524434_1106112876131411_958039263622046936_o.jpg?resize=525%2C300 1.5x, https:\/\/i0.wp.com\/www.grieta.org.mx\/wp-content\/uploads\/2018\/03\/14524434_1106112876131411_958039263622046936_o.jpg?resize=700%2C400 2x"},"classes":[]},{"id":8959,"url":"http:\/\/www.grieta.org.mx\/index.php\/2015\/09\/26\/inicia-marcha-de-normalistas-por-los-43-desaparecidos-de-ayotzinapa\/","url_meta":{"origin":8936,"position":1},"title":"Inicia marcha de normalistas por los 43 desaparecidos de Ayotzinapa","author":"Admin","date":"26 septiembre, 2015","format":false,"excerpt":"Jos\u00e9 Antonio Castro Morelia, Michoac\u00e1n.- Inicia la marcha de los normalistas por los 43 desaparecidos de Ayotzinapa en la capital michoacana. Las autoridades de tr\u00e1nsito ya cortaron los accesos a Casa de Gobierno, mientras los normalistas s\u00f3lo se dispersan afuera de las instalaciones. Llegaron al lugar alrededor de 12 autobuses\u2026","rel":"","context":"En &quot;CINTILLO&quot;","block_context":{"text":"CINTILLO","link":"http:\/\/www.grieta.org.mx\/index.php\/category\/cintillo\/"},"img":{"alt_text":"","src":"https:\/\/i0.wp.com\/www.grieta.org.mx\/wp-content\/uploads\/2018\/03\/14524434_1106112876131411_958039263622046936_o.jpg?resize=350%2C200","width":350,"height":200,"srcset":"https:\/\/i0.wp.com\/www.grieta.org.mx\/wp-content\/uploads\/2018\/03\/14524434_1106112876131411_958039263622046936_o.jpg?resize=350%2C200 1x, https:\/\/i0.wp.com\/www.grieta.org.mx\/wp-content\/uploads\/2018\/03\/14524434_1106112876131411_958039263622046936_o.jpg?resize=525%2C300 1.5x, https:\/\/i0.wp.com\/www.grieta.org.mx\/wp-content\/uploads\/2018\/03\/14524434_1106112876131411_958039263622046936_o.jpg?resize=700%2C400 2x"},"classes":[]},{"id":8955,"url":"http:\/\/www.grieta.org.mx\/index.php\/2015\/09\/26\/se-suman-normalistas-de-michoacan-a-marcha-por-ayotzinapa\/","url_meta":{"origin":8936,"position":2},"title":"Se suman normalistas de Michoac\u00e1n a marcha por Ayotzinapa","author":"Admin","date":"26 septiembre, 2015","format":false,"excerpt":"En el marco de la marcha por el aniversario de los hechos ocurridos en Iguala, estudiantes de los ocho planteles normales de Michoac\u00e1n se organizaron frente a la casa de gobierno de ese estado y se dirigen hacia el centro hist\u00f3rico de esa entidad. Morelia, Mich.- Portando en su mayor\u00eda\u2026","rel":"","context":"En &quot;CINTILLO&quot;","block_context":{"text":"CINTILLO","link":"http:\/\/www.grieta.org.mx\/index.php\/category\/cintillo\/"},"img":{"alt_text":"","src":"https:\/\/i0.wp.com\/www.grieta.org.mx\/wp-content\/uploads\/2018\/03\/14524434_1106112876131411_958039263622046936_o.jpg?resize=350%2C200","width":350,"height":200,"srcset":"https:\/\/i0.wp.com\/www.grieta.org.mx\/wp-content\/uploads\/2018\/03\/14524434_1106112876131411_958039263622046936_o.jpg?resize=350%2C200 1x, https:\/\/i0.wp.com\/www.grieta.org.mx\/wp-content\/uploads\/2018\/03\/14524434_1106112876131411_958039263622046936_o.jpg?resize=525%2C300 1.5x, https:\/\/i0.wp.com\/www.grieta.org.mx\/wp-content\/uploads\/2018\/03\/14524434_1106112876131411_958039263622046936_o.jpg?resize=700%2C400 2x"},"classes":[]},{"id":5995,"url":"http:\/\/www.grieta.org.mx\/index.php\/2016\/05\/01\/movilizaciones-por-ayotzinapa-en-guanajuato\/","url_meta":{"origin":8936,"position":3},"title":"Movilizaciones por Ayotzinapa en Guanajuato","author":"grieta","date":"1 mayo, 2016","format":false,"excerpt":"01\/05\/2016. Se manifiestan por los 43 normalistas de Ayotzinapa durante Marcha por el D\u00eda del Trabajo en Le\u00f3nZona Franca 26\/11\/2015. Se manifiestan colectivos en Le\u00f3n para recordar a los 43 estudiantes de AyotzinapaZona Franca 26\/10\/2015. Estudiantes y padres de familia de Ayotzinapa se manifiestan en el Cervantino en GuanajuatoAM 12\/10\/2015.\u2026","rel":"","context":"En &quot;Guanajuato&quot;","block_context":{"text":"Guanajuato","link":"http:\/\/www.grieta.org.mx\/index.php\/category\/noticias-nacionales\/guanajuato\/"},"img":{"alt_text":"","src":"https:\/\/i0.wp.com\/www.grieta.org.mx\/wp-content\/uploads\/2018\/03\/14524434_1106112876131411_958039263622046936_o.jpg?resize=350%2C200","width":350,"height":200,"srcset":"https:\/\/i0.wp.com\/www.grieta.org.mx\/wp-content\/uploads\/2018\/03\/14524434_1106112876131411_958039263622046936_o.jpg?resize=350%2C200 1x, https:\/\/i0.wp.com\/www.grieta.org.mx\/wp-content\/uploads\/2018\/03\/14524434_1106112876131411_958039263622046936_o.jpg?resize=525%2C300 1.5x, https:\/\/i0.wp.com\/www.grieta.org.mx\/wp-content\/uploads\/2018\/03\/14524434_1106112876131411_958039263622046936_o.jpg?resize=700%2C400 2x"},"classes":[]},{"id":9726,"url":"http:\/\/www.grieta.org.mx\/index.php\/2015\/04\/27\/colocan-antimonumento-43-en-reforma-por-normalistas-de-ayotzinapa\/","url_meta":{"origin":8936,"position":4},"title":"Colocan &#8216;antimonumento&#8217; 43 en Reforma por normalistas de Ayotzinapa","author":"grieta","date":"27 abril, 2015","format":false,"excerpt":"Excelsior Familiares de los j\u00f3venes desaparecidos de Iguala, Guerrero, realizaron un mitin tras la colocaci\u00f3n de la escultura David Vicente\u00f1o Baile, canto, poes\u00eda y m\u00fasica estuvo presente en el encuentro cultural con motivo de los 7 meses de la desaparici\u00f3n de los 43 normalistas. 8 de 8 CIUDAD DE M\u00c9XICO,\u2026","rel":"","context":"En &quot;CINTILLO&quot;","block_context":{"text":"CINTILLO","link":"http:\/\/www.grieta.org.mx\/index.php\/category\/cintillo\/"},"img":{"alt_text":"","src":"https:\/\/i0.wp.com\/www.grieta.org.mx\/wp-content\/uploads\/2018\/03\/14524434_1106112876131411_958039263622046936_o.jpg?resize=350%2C200","width":350,"height":200,"srcset":"https:\/\/i0.wp.com\/www.grieta.org.mx\/wp-content\/uploads\/2018\/03\/14524434_1106112876131411_958039263622046936_o.jpg?resize=350%2C200 1x, https:\/\/i0.wp.com\/www.grieta.org.mx\/wp-content\/uploads\/2018\/03\/14524434_1106112876131411_958039263622046936_o.jpg?resize=525%2C300 1.5x, https:\/\/i0.wp.com\/www.grieta.org.mx\/wp-content\/uploads\/2018\/03\/14524434_1106112876131411_958039263622046936_o.jpg?resize=700%2C400 2x"},"classes":[]},{"id":8951,"url":"http:\/\/www.grieta.org.mx\/index.php\/2015\/02\/01\/normalistas-de-michoacan-alertas-a-caso-ayotzinapa\/","url_meta":{"origin":8936,"position":5},"title":"Normalistas de Michoac\u00e1n, alertas a caso Ayotzinapa","author":"Admin","date":"1 febrero, 2015","format":false,"excerpt":"MORELIA, Mich., 1 de febrero de 2015.- Luego de continuas movilizaciones y acciones donde se exig\u00eda la aparici\u00f3n con vida de los 43 normalistas de Ayotzinapa Guerrero, y tras las declaraciones hechas por Jes\u00fas Murillo Karam, procurador General de la Rep\u00fablica, en torno al caso, estudiantes normalistas de la entidad\u2026","rel":"","context":"En &quot;CINTILLO&quot;","block_context":{"text":"CINTILLO","link":"http:\/\/www.grieta.org.mx\/index.php\/category\/cintillo\/"},"img":{"alt_text":"","src":"https:\/\/i0.wp.com\/www.grieta.org.mx\/wp-content\/uploads\/2018\/03\/14524434_1106112876131411_958039263622046936_o.jpg?resize=350%2C200","width":350,"height":200,"srcset":"https:\/\/i0.wp.com\/www.grieta.org.mx\/wp-content\/uploads\/2018\/03\/14524434_1106112876131411_958039263622046936_o.jpg?resize=350%2C200 1x, https:\/\/i0.wp.com\/www.grieta.org.mx\/wp-content\/uploads\/2018\/03\/14524434_1106112876131411_958039263622046936_o.jpg?resize=525%2C300 1.5x, https:\/\/i0.wp.com\/www.grieta.org.mx\/wp-content\/uploads\/2018\/03\/14524434_1106112876131411_958039263622046936_o.jpg?resize=700%2C400 2x"},"classes":[]}],"_links":{"self":[{"href":"http:\/\/www.grieta.org.mx\/index.php\/wp-json\/wp\/v2\/posts\/8936","targetHints":{"allow":["GET"]}}],"collection":[{"href":"http:\/\/www.grieta.org.mx\/index.php\/wp-json\/wp\/v2\/posts"}],"about":[{"href":"http:\/\/www.grieta.org.mx\/index.php\/wp-json\/wp\/v2\/types\/post"}],"author":[{"embeddable":true,"href":"http:\/\/www.grieta.org.mx\/index.php\/wp-json\/wp\/v2\/users\/1"}],"replies":[{"embeddable":true,"href":"http:\/\/www.grieta.org.mx\/index.php\/wp-json\/wp\/v2\/comments?post=8936"}],"version-history":[{"count":1,"href":"http:\/\/www.grieta.org.mx\/index.php\/wp-json\/wp\/v2\/posts\/8936\/revisions"}],"predecessor-version":[{"id":8937,"href":"http:\/\/www.grieta.org.mx\/index.php\/wp-json\/wp\/v2\/posts\/8936\/revisions\/8937"}],"wp:featuredmedia":[{"embeddable":true,"href":"http:\/\/www.grieta.org.mx\/index.php\/wp-json\/wp\/v2\/media\/21928"}],"wp:attachment":[{"href":"http:\/\/www.grieta.org.mx\/index.php\/wp-json\/wp\/v2\/media?parent=8936"}],"wp:term":[{"taxonomy":"category","embeddable":true,"href":"http:\/\/www.grieta.org.mx\/index.php\/wp-json\/wp\/v2\/categories?post=8936"},{"taxonomy":"post_tag","embeddable":true,"href":"http:\/\/www.grieta.org.mx\/index.php\/wp-json\/wp\/v2\/tags?post=8936"}],"curies":[{"name":"wp","href":"https:\/\/api.w.org\/{rel}","templated":true}]}}