{"id":8905,"date":"2015-07-22T05:24:50","date_gmt":"2015-07-22T05:24:50","guid":{"rendered":"http:\/\/50.22.11.12\/~grietaor\/?p=8905"},"modified":"2016-03-31T05:25:43","modified_gmt":"2016-03-31T05:25:43","slug":"michoacan-region-minera-zona-de-muerte","status":"publish","type":"post","link":"http:\/\/www.grieta.org.mx\/index.php\/2015\/07\/22\/michoacan-region-minera-zona-de-muerte\/","title":{"rendered":"Michoac\u00e1n: Regi\u00f3n minera, zona de muerte"},"content":{"rendered":"<p>Carlos \u00c1ngel Arrieta Llanas<\/p>\n<p>Los municipios de Arteaga, Aguililla, Coalcom\u00e1n, Coahuayana y Aquila, conforman la franja m\u00e1s importante de la zona minera de Michoac\u00e1n, que desemboca en el traslado del producto en el Puerto de L\u00e1zaro C\u00e1rdenas, de donde salen las embarcaciones al extranjero, y en el que se encuentran instaladas las acereras y sider\u00fargicas para el proceso de metal, que en su mayor\u00eda es acero.<\/p>\n<p>Tal situaci\u00f3n hizo que los habitantes de esta franja dependieran en su mayor\u00eda del mercado laboral minero; la agricultura y en algunos casos la pesca, estaban en un segundo plano para el ingreso de los pobladores.<\/p>\n<p>De este trabajo, tan s\u00f3lo en el a\u00f1o 2008, mil 487 millones de pesos del Producto Interno Bruto (PIB) para esa zona de la Sierra.-Costa, hasta antes de que incrementara sus operaciones el grupo criminal de Los Caballeros Templarios e iniciara con el cobro de piso, las extorsiones, los secuestros y el robo de mineral.<\/p>\n<p>El \u00faltimo conteo realizado por el Centro Geol\u00f3gico Mexicano (CGM), revel\u00f3, que el detrimento de esa industria, que apenas representaba 965 mdp del PIB en 2010, y una ligera recuperaci\u00f3n en 2013 que alcanz\u00f3 los mil 94 mdp, de acuerdo a los datos de ingreso de las diferentes empresas acereras, sin contar la comercializaci\u00f3n del mineral robado para exportaci\u00f3n ilegal a China.<\/p>\n<p>Como consecuencia, muchas de las comunidades y habitantes del lugar, pasaron de ser due\u00f1os, concesionarios e integrantes de cooperativas mineras, a trabajadores obligados por el crimen organizado a cambio de respetarles la vida.<\/p>\n<p>Pero en Arteaga y Aguililla, la industria minera pas\u00f3 a manos, y por ende fue controlada en su totalidad, por el crimen organizado. Los habitantes dedicados al sector minero y los gobiernos municipales cobraban en la n\u00f3mina templaria.<\/p>\n<p>De hecho, en estos municipios de Arteaga y Aguililla, grupos criminales a\u00fan se disputan el control de las minas, y de ese territorio ubicado en la parte serrana localizada en el v\u00e9rtice de la Tierra Caliente y la Costa michoacana.<\/p>\n<p>Por cierto, tambi\u00e9n es la zona donde se han registrado m\u00e1s ejecuciones, desapariciones forzadas, extorsiones y secuestros a manos de la criminalidad, por lo que millonariamente representa y la complicidad de las autoridades locales que tambi\u00e9n forman parte de esas actividades.<\/p>\n<p>En el caso de Coalcom\u00e1n, fue muy similar, pero el impacto tuvo m\u00e1s repercusiones en el paso obligado de g\u00f3ndolas (contenedores para transportar mineral) provenientes de Aguililla y Arteaga para llegar a su siguiente destino, el Puerto de L\u00e1zaro C\u00e1rdenas.<\/p>\n<p>Como consecuencia, cientos de habitantes que quedaron sin empleo, pasaron a formar parte de las filas del crimen organizado, como sicarios, halcones u alguna otra actividad al interior de la delincuencia. Ese fue su nuevo trabajo.<\/p>\n<p>Sin embargo, ya en cuanto a la extracci\u00f3n y explotaci\u00f3n de minas, la operatividad del crimen organizado tuvo mayor impacto en el municipio de Aquila, como mayor productor de mineral, debido a que fueron atacadas las cooperativas y asesinados muchos de sus l\u00edderes ind\u00edgenas, tras intentar oponerse al despojo del principal patrimonio laboral de los comuneros.<\/p>\n<p>Lo anterior, provoc\u00f3 que al igual que en los dem\u00e1s municipios, la delincuencia decidiera quien trabajar\u00eda para ellos, quienes ten\u00edan que morir, y en el mejor de los casos, quienes definitivamente pasar\u00edan a formar a parte del amplio sector de desempleados.<\/p>\n<p>Si bien, ancestralmente siempre han existido los conflictos entre las mismas comunidades ind\u00edgenas por los linderos territoriales e incluso por malas administraciones de sus cooperativas en las que han ido desfalcados, nunca hab\u00edan tenido que pagar con su vida y la de sus seres queridos, la defensa de los recursos naturales, de donde se sosten\u00eda el 90 por ciento de los pobladores.<\/p>\n<p>Muchos pobladores tuvieron que buscar el sue\u00f1o americano, otros, con todo y el temor, se sumaron a los grupos de autodefensas -m\u00e1s por la necesidad de un ingreso econ\u00f3mico que por convicci\u00f3n-, y otros tantos, fueron reclutados por el grupo criminal Los Caballeros Templarios.<\/p>\n<p>Ya con guardias civiles armadas y la recuperaci\u00f3n de su territorio, as\u00ed como con la mayor\u00eda de los l\u00edderes templarios muertos o detenidos, s\u00f3lo les falta librar la \u00faltima batalla; ahora es el Grupo de Coordinaci\u00f3n Michoac\u00e1n su principal victimario.<\/p>\n<p>Lo anterior, luego de que se confirmara la muerte de un menor y las lesiones por proyectil de arma de fuego a cuatro personas, entre ellas una menor de 6 a\u00f1os de edad y otro jovencito de 17, tras la irrupci\u00f3n, el pasado domingo, del Ej\u00e9rcito Mexicano a la comunidad e Ixtapilla del municipio de Aquila, donde protestaban por la detenci\u00f3n de su l\u00edder, Seme\u00ed Verd\u00eda Zepeda.<\/p>\n<p>Ahora, su labor, ser\u00e1 cuidarse del asedio oficial, luego de que as\u00ed lucharan por varios a\u00f1os, para liberarse del poder criminal.<\/p>\n<p>Por cierto, por si esto fuera poco, Verd\u00eda Zepeda ya fue consignado y recluido en, el Centro Federal de Reinserci\u00f3n Social (Cefereso) n\u00famero 4, penal de M\u00e1xima Seguridad, ubicado en Tepic Nayarit.<\/p>\n<p>El tambi\u00e9n comandante de la Polic\u00eda Comunitaria, es acusado de portaci\u00f3n ilegal de armas de fuego de uso exclusivo del Ej\u00e9rcito, tras su detenci\u00f3n del pasado domingo, mientras desayunaba en una fonda de la comunidad de \u201cLa Placita\u201d, de ese municipio.<\/p>\n<p>En resumen, esta es la situaci\u00f3n por la que atraviesa esa importante y productiva zona del estado de Michoac\u00e1n, donde los intereses de factores externos, han acabado con la tranquilidad y las actividades econ\u00f3micas de miles de familias de esa franja geogr\u00e1fica que colinda por un lado son el estado de Jalisco, por otro con Guerrero y la principal, con Colima.<\/p>\n<p><a href=\"http:\/\/www.siempre.com.mx\/2015\/07\/michoacan-region-minera-zona-de-muerte\/\" target=\"_blank\">http:\/\/www.siempre.com.mx\/2015\/07\/michoacan-region-minera-zona-de-muerte\/<\/a><\/p>\n","protected":false},"excerpt":{"rendered":"<p>Carlos \u00c1ngel Arrieta Llanas Los municipios de Arteaga, Aguililla, Coalcom\u00e1n, Coahuayana y Aquila, conforman la franja m\u00e1s importante de la zona minera de Michoac\u00e1n, que desemboca en el traslado del &hellip; <a href=\"http:\/\/www.grieta.org.mx\/index.php\/2015\/07\/22\/michoacan-region-minera-zona-de-muerte\/\" class=\"more-link\">Leer m\u00e1s<\/a><\/p>\n","protected":false},"author":1,"featured_media":21928,"comment_status":"closed","ping_status":"open","sticky":false,"template":"","format":"standard","meta":{"ngg_post_thumbnail":0,"_jetpack_newsletter_access":"","_jetpack_dont_email_post_to_subs":false,"_jetpack_newsletter_tier_id":0,"_jetpack_memberships_contains_paywalled_content":false,"_jetpack_memberships_contains_paid_content":false,"footnotes":""},"categories":[80,82],"tags":[109],"class_list":["post-8905","post","type-post","status-publish","format-standard","has-post-thumbnail","hentry","category-cintillo","category-michoacan","tag-mineria","entry"],"jetpack_featured_media_url":"http:\/\/www.grieta.org.mx\/wp-content\/uploads\/2018\/03\/14524434_1106112876131411_958039263622046936_o.jpg","jetpack_sharing_enabled":true,"jetpack_shortlink":"https:\/\/wp.me\/p7ZJR4-2jD","jetpack_likes_enabled":false,"jetpack-related-posts":[{"id":8880,"url":"http:\/\/www.grieta.org.mx\/index.php\/2015\/09\/06\/conflictos-mineros-en-michoacan\/","url_meta":{"origin":8905,"position":0},"title":"Conflictos mineros en Michoac\u00e1n","author":"Admin","date":"6 septiembre, 2015","format":false,"excerpt":"Concesiones mineras despojan territorios en Michoac\u00e1n 06\/09\/15. Dieron Fox y Calder\u00f3n la sexta parte de Michoac\u00e1n a mineras La Jornada Regi\u00f3n minera de Michoac\u00e1n se ha convertido en zona de muerte 22\/07\/15. Michoac\u00e1n: Regi\u00f3n minera, zona de muerte Siempre 21\/07\/15. Techint y su crisis social El Horizonte Comuneros de Aquila\u2026","rel":"","context":"En &quot;MEGAPROYECTOS&quot;","block_context":{"text":"MEGAPROYECTOS","link":"http:\/\/www.grieta.org.mx\/index.php\/category\/megaproyectos\/"},"img":{"alt_text":"","src":"https:\/\/i0.wp.com\/www.grieta.org.mx\/wp-content\/uploads\/2018\/03\/14524434_1106112876131411_958039263622046936_o.jpg?resize=350%2C200","width":350,"height":200,"srcset":"https:\/\/i0.wp.com\/www.grieta.org.mx\/wp-content\/uploads\/2018\/03\/14524434_1106112876131411_958039263622046936_o.jpg?resize=350%2C200 1x, https:\/\/i0.wp.com\/www.grieta.org.mx\/wp-content\/uploads\/2018\/03\/14524434_1106112876131411_958039263622046936_o.jpg?resize=525%2C300 1.5x, https:\/\/i0.wp.com\/www.grieta.org.mx\/wp-content\/uploads\/2018\/03\/14524434_1106112876131411_958039263622046936_o.jpg?resize=700%2C400 2x"},"classes":[]},{"id":66138,"url":"http:\/\/www.grieta.org.mx\/index.php\/2023\/01\/19\/familiares-responsabilizan-a-minera-ternium-de-la-desaparicion-de-los-defensores-ricardo-lagunes-y-antonio-diaz-michoacan\/","url_meta":{"origin":8905,"position":1},"title":"Familiares responsabilizan a minera Ternium de la desaparici\u00f3n de los defensores Ricardo Lagunes y Antonio D\u00edaz (Michoac\u00e1n)","author":"grieta","date":"19 enero, 2023","format":false,"excerpt":"Familiares exigieron la aparici\u00f3n con vida de Ricardo y Antonio, adem\u00e1s de la intervenci\u00f3n de la Fiscal\u00eda General de la Rep\u00fablica ante la inacci\u00f3n y limitaci\u00f3n de las fiscal\u00edas de Colima y Michoac\u00e1n. Redacci\u00f3n Animal Pol\u00edtico, 19 de enero, 2023 Familiares de Ricardo Lagunes, defensor de derechos humanos; y Antonio\u2026","rel":"","context":"En &quot;CINTILLO&quot;","block_context":{"text":"CINTILLO","link":"http:\/\/www.grieta.org.mx\/index.php\/category\/cintillo\/"},"img":{"alt_text":"","src":"https:\/\/i0.wp.com\/www.grieta.org.mx\/wp-content\/uploads\/2023\/01\/defensores-desaparecidos-michoacan-ternium.webp?resize=350%2C200","width":350,"height":200,"srcset":"https:\/\/i0.wp.com\/www.grieta.org.mx\/wp-content\/uploads\/2023\/01\/defensores-desaparecidos-michoacan-ternium.webp?resize=350%2C200 1x, https:\/\/i0.wp.com\/www.grieta.org.mx\/wp-content\/uploads\/2023\/01\/defensores-desaparecidos-michoacan-ternium.webp?resize=525%2C300 1.5x, https:\/\/i0.wp.com\/www.grieta.org.mx\/wp-content\/uploads\/2023\/01\/defensores-desaparecidos-michoacan-ternium.webp?resize=700%2C400 2x"},"classes":[]},{"id":64808,"url":"http:\/\/www.grieta.org.mx\/index.php\/2022\/08\/15\/michoacan-podria-perder-legado-de-arquitectura-prehispanica-por-huertas-de-aguacate\/","url_meta":{"origin":8905,"position":2},"title":"Michoac\u00e1n podr\u00eda perder legado de arquitectura prehisp\u00e1nica por huertas de aguacate","author":"grieta","date":"15 agosto, 2022","format":false,"excerpt":"En total, se estiman que hay m\u00e1s de 6 mil puntos de vestigios arquitect\u00f3nicos, de los cuales \u00fanicamente se han descubierto poco m\u00e1s de 2 mil y de \u00e9stos s\u00f3lo 6 se encuentran bajo resguardo de las autoridades federales del INAH. Arturo Molina \/ La Voz de Michoac\u00e1n, 15 de\u2026","rel":"","context":"En &quot;CINTILLO&quot;","block_context":{"text":"CINTILLO","link":"http:\/\/www.grieta.org.mx\/index.php\/category\/cintillo\/"},"img":{"alt_text":"","src":"https:\/\/i0.wp.com\/www.grieta.org.mx\/wp-content\/uploads\/2022\/08\/aguacate-huertas-degradacio%CC%81n-cambio-ilegal-de-uso-de-suelo.jpg?resize=350%2C200","width":350,"height":200,"srcset":"https:\/\/i0.wp.com\/www.grieta.org.mx\/wp-content\/uploads\/2022\/08\/aguacate-huertas-degradacio%CC%81n-cambio-ilegal-de-uso-de-suelo.jpg?resize=350%2C200 1x, https:\/\/i0.wp.com\/www.grieta.org.mx\/wp-content\/uploads\/2022\/08\/aguacate-huertas-degradacio%CC%81n-cambio-ilegal-de-uso-de-suelo.jpg?resize=525%2C300 1.5x, https:\/\/i0.wp.com\/www.grieta.org.mx\/wp-content\/uploads\/2022\/08\/aguacate-huertas-degradacio%CC%81n-cambio-ilegal-de-uso-de-suelo.jpg?resize=700%2C400 2x"},"classes":[]},{"id":8901,"url":"http:\/\/www.grieta.org.mx\/index.php\/2015\/03\/18\/se-arman-contra-mineras\/","url_meta":{"origin":8905,"position":3},"title":"Se arman contra mineras","author":"Admin","date":"18 marzo, 2015","format":false,"excerpt":"Comuneros de Santa Mar\u00eda Ostula reclaman la propiedad de casi mil hect\u00e1reas de terrenos ocupados por empresas extranjeras. La mayor\u00eda de los terrenos est\u00e1n ocupados por Ternium Por J. Jes\u00fas Lemus La primera empresa en desalojar a los ind\u00edgenas de los terrenos con yacimientos de hierro fue la denominada Hylsa.\u2026","rel":"","context":"En &quot;CINTILLO&quot;","block_context":{"text":"CINTILLO","link":"http:\/\/www.grieta.org.mx\/index.php\/category\/cintillo\/"},"img":{"alt_text":"","src":"https:\/\/i0.wp.com\/www.grieta.org.mx\/wp-content\/uploads\/2018\/03\/14524434_1106112876131411_958039263622046936_o.jpg?resize=350%2C200","width":350,"height":200,"srcset":"https:\/\/i0.wp.com\/www.grieta.org.mx\/wp-content\/uploads\/2018\/03\/14524434_1106112876131411_958039263622046936_o.jpg?resize=350%2C200 1x, https:\/\/i0.wp.com\/www.grieta.org.mx\/wp-content\/uploads\/2018\/03\/14524434_1106112876131411_958039263622046936_o.jpg?resize=525%2C300 1.5x, https:\/\/i0.wp.com\/www.grieta.org.mx\/wp-content\/uploads\/2018\/03\/14524434_1106112876131411_958039263622046936_o.jpg?resize=700%2C400 2x"},"classes":[]},{"id":21902,"url":"http:\/\/www.grieta.org.mx\/index.php\/2018\/01\/27\/ejercito-y-agentes-toman-el-control-de-minera-media-luna-en-guerrero\/","url_meta":{"origin":8905,"position":4},"title":"Ej\u00e9rcito y agentes toman el control de minera Media Luna en Guerrero","author":"grieta","date":"27 enero, 2018","format":false,"excerpt":"POR EZEQUIEL FLORES CONTRERAS CHILPANCINGO, Gro. (proceso.com.mx).- Agentes estatales y federales, as\u00ed como soldados asumieron el control de las instalaciones de la minera canadiense Media Luna, de Torex Gold, en Cocula, y pr\u00e1cticamente reventaron el paro laboral que manten\u00edan trabajadores desde hace m\u00e1s de dos meses para desconocer a la\u2026","rel":"","context":"En &quot;CINTILLO&quot;","block_context":{"text":"CINTILLO","link":"http:\/\/www.grieta.org.mx\/index.php\/category\/cintillo\/"},"img":{"alt_text":"","src":"https:\/\/i0.wp.com\/www.grieta.org.mx\/wp-content\/uploads\/2018\/03\/thumb.jpeg?resize=350%2C200","width":350,"height":200},"classes":[]},{"id":8910,"url":"http:\/\/www.grieta.org.mx\/index.php\/2015\/09\/06\/dieron-fox-y-calderon-la-sexta-parte-de-michoacan-a-mineras\/","url_meta":{"origin":8905,"position":5},"title":"Dieron Fox y Calder\u00f3n la sexta parte de Michoac\u00e1n a mineras","author":"Admin","date":"6 septiembre, 2015","format":false,"excerpt":"Entre los gobiernos de Vicente Fox Quesada y Felipe Calder\u00f3n Hinojosa otorgaron en concesi\u00f3n a empresas mineras privadas una sexta parte del territorio del estado de Michoac\u00e1n. De 2004 a 2011 los dos ex presidentes panistas autorizaron, a trav\u00e9s de la Secretar\u00eda de Econom\u00eda, la entrega de un mill\u00f3n 278\u2026","rel":"","context":"En &quot;CINTILLO&quot;","block_context":{"text":"CINTILLO","link":"http:\/\/www.grieta.org.mx\/index.php\/category\/cintillo\/"},"img":{"alt_text":"","src":"https:\/\/i0.wp.com\/www.grieta.org.mx\/wp-content\/uploads\/2018\/03\/14524434_1106112876131411_958039263622046936_o.jpg?resize=350%2C200","width":350,"height":200,"srcset":"https:\/\/i0.wp.com\/www.grieta.org.mx\/wp-content\/uploads\/2018\/03\/14524434_1106112876131411_958039263622046936_o.jpg?resize=350%2C200 1x, https:\/\/i0.wp.com\/www.grieta.org.mx\/wp-content\/uploads\/2018\/03\/14524434_1106112876131411_958039263622046936_o.jpg?resize=525%2C300 1.5x, https:\/\/i0.wp.com\/www.grieta.org.mx\/wp-content\/uploads\/2018\/03\/14524434_1106112876131411_958039263622046936_o.jpg?resize=700%2C400 2x"},"classes":[]}],"_links":{"self":[{"href":"http:\/\/www.grieta.org.mx\/index.php\/wp-json\/wp\/v2\/posts\/8905","targetHints":{"allow":["GET"]}}],"collection":[{"href":"http:\/\/www.grieta.org.mx\/index.php\/wp-json\/wp\/v2\/posts"}],"about":[{"href":"http:\/\/www.grieta.org.mx\/index.php\/wp-json\/wp\/v2\/types\/post"}],"author":[{"embeddable":true,"href":"http:\/\/www.grieta.org.mx\/index.php\/wp-json\/wp\/v2\/users\/1"}],"replies":[{"embeddable":true,"href":"http:\/\/www.grieta.org.mx\/index.php\/wp-json\/wp\/v2\/comments?post=8905"}],"version-history":[{"count":1,"href":"http:\/\/www.grieta.org.mx\/index.php\/wp-json\/wp\/v2\/posts\/8905\/revisions"}],"predecessor-version":[{"id":8907,"href":"http:\/\/www.grieta.org.mx\/index.php\/wp-json\/wp\/v2\/posts\/8905\/revisions\/8907"}],"wp:featuredmedia":[{"embeddable":true,"href":"http:\/\/www.grieta.org.mx\/index.php\/wp-json\/wp\/v2\/media\/21928"}],"wp:attachment":[{"href":"http:\/\/www.grieta.org.mx\/index.php\/wp-json\/wp\/v2\/media?parent=8905"}],"wp:term":[{"taxonomy":"category","embeddable":true,"href":"http:\/\/www.grieta.org.mx\/index.php\/wp-json\/wp\/v2\/categories?post=8905"},{"taxonomy":"post_tag","embeddable":true,"href":"http:\/\/www.grieta.org.mx\/index.php\/wp-json\/wp\/v2\/tags?post=8905"}],"curies":[{"name":"wp","href":"https:\/\/api.w.org\/{rel}","templated":true}]}}