{"id":8901,"date":"2015-03-18T05:19:33","date_gmt":"2015-03-18T05:19:33","guid":{"rendered":"http:\/\/50.22.11.12\/~grietaor\/?p=8901"},"modified":"2016-03-31T05:21:35","modified_gmt":"2016-03-31T05:21:35","slug":"se-arman-contra-mineras","status":"publish","type":"post","link":"http:\/\/www.grieta.org.mx\/index.php\/2015\/03\/18\/se-arman-contra-mineras\/","title":{"rendered":"Se arman contra mineras"},"content":{"rendered":"<blockquote><p>Comuneros de Santa Mar\u00eda Ostula reclaman la propiedad de casi mil hect\u00e1reas de terrenos ocupados por empresas extranjeras. La mayor\u00eda de los terrenos est\u00e1n ocupados por Ternium<\/p><\/blockquote>\n<p>Por J. Jes\u00fas Lemus<\/p>\n<p>La primera empresa en desalojar a los ind\u00edgenas de los terrenos con yacimientos de hierro fue la denominada Hylsa.<\/p>\n<p>En la comunidad ind\u00edgena de Santa Mar\u00eda Ostula, del municipio de Aquila, volvi\u00f3 a brotar el conflicto por las tierras.<\/p>\n<p>M\u00e1s de 600 comuneros decidieron seguir por el camino de las armas el reclamo a la propiedad de casi mil hect\u00e1reas de terreno, las que actualmente mantienen bajo concesi\u00f3n empresas mineras y tur\u00edsticas internacionales.<\/p>\n<p>La mayor parte de los predios en reclamo est\u00e1n ocupados por la empresa minera Ternium, de capital argentino-Italiano, a la que se le ha se\u00f1alado de alentar el conflicto en la zona, mediante la instauraci\u00f3n de guardias blancas, integradas con miembros de las c\u00e9lulas del crimen organizado, que algunas vez estuvieron al servicio de los c\u00e1rteles de La Familia y Los Caballeros Templarios.<\/p>\n<p>A Ternium se le atribuye el desplazamiento de los pobladores ind\u00edgenas mediante la intimidaci\u00f3n y el acoso, en las \u00e1reas exploradas donde se encuentran reservas probadas de yacimientos de hierro. Esa pr\u00e1ctica ya es copiada por la empresa Tianjin Binhai Harbor Port Int. Trade, de capital chino, la que tambi\u00e9n ha entrado a explorar la zona.<\/p>\n<p>Tianjin Binhai Harbor Port Int. Trade, al lado de la China Minerals Resources Group son las \u00fanicas dos empresas chinas con permisos otorgados por el gobierno federal para la explotaci\u00f3n minera de Michoac\u00e1n, sin embargo, son esos dos corporativos los que mantienen el monopolio en la compra de hierro extra\u00eddo en esta entidad, la mayor\u00eda extra\u00eddo de los yacimientos propiedad del pueblo de Aquila.<\/p>\n<p>Otra de las empresas contra las que se han alzado los ind\u00edgenas de Ostula, es la denominada Arcelor Mittal, de capital ind\u00fa, la que mantiene el predominio en las actividades de transformaci\u00f3n acerera en la entidad, al ocupar el 90 por ciento de la actividad minera en la zona de L\u00e1zaro C\u00e1rdenas. Arcelor Mittal comparte con Ternium las actividades de exploraci\u00f3n minera en los yacimientos de Aquila.<\/p>\n<p>La primera empresa en desalojar a los ind\u00edgenas de los terrenos con yacimientos de hierro fue la denominada Hylsa (Hojalata y L\u00e1mina SA), la que inicialmente contaba con una concesi\u00f3n federal para explotar 73 hect\u00e1reas de minas, misma concesi\u00f3n que cedi\u00f3 a la empresa Ternium pero ampliada a una superficie de 300 hect\u00e1reas.<\/p>\n<p>La zona rica en yacimientos de hierro, propiedad ancestral del pueblo Nahua de Aquila, fue reconocida y entregada oficialmente a los ind\u00edgenas de Santa Mar\u00eda Ostula por el gobierno federal el 29 de junio de 2009. A partir de ese momento, las guardias blancas de las mineras comenzaron a secuestrar, desaparecer y a matar a los comuneros que no se decidieron a ceder sus predios para intereses transnacionales.<\/p>\n<p>La defensa de su tierra le ha costado al pueblo Nahua de Michoac\u00e1n m\u00e1s de 130 comuneros asesinados, 25 desaparecidos y una cantidad indeterminada de secuestrados. Los reclamos \u2013para que se ponga freno a la expansi\u00f3n ilegal de las empresas mineras- no han sido escuchados por el gobierno estatal ni federal.<\/p>\n<p>Al revivir el conflicto por el reclamo de sus tierras, el pueblo ind\u00edgena de Ostula, en Aquila, Michoac\u00e1n, denunci\u00f3 la presencia de nuevos grupos de exploraci\u00f3n de diversas empresas mineras internacionales en esa regi\u00f3n, lo que ya es visto como el preludio de una nueva oleada de familias expulsadas de sus terrenos.<\/p>\n<p>Plant\u00f3n permanente<\/p>\n<p>Al mantener su postura de cierre permanente de la carretera costera m\u00e1s importante del pacifico sur mexicano, los comuneros de Ostula reclamaron una mesa de di\u00e1logo con el Gobierno Federal, a fin de revisar las condiciones de operaci\u00f3n de las mineras internacionales en la zona, pero no hubo respuesta.<\/p>\n<p>En la manifestaci\u00f3n, las autodefensas que resurgieron aprovecharon para pedir que se suspenda la persecuci\u00f3n a los grupos de civiles armados en esa regi\u00f3n, \u201cque no tienen otra intenci\u00f3n, m\u00e1s que salvaguardar sus propiedades y sus vidas\u201d. Pidieron p\u00fablicamente que las Fuerzas Federales se replieguen y dejen la seguridad en manos de los autodefensas.<\/p>\n<p>Tras anunciar el bloqueo indefinido a esa carretera, los grupos de autodefensa que apoyan a los comuneros de Ostula, pidieron el respeto y reconocimiento de la polic\u00eda comunitaria de la zona Costa Sierra Nahua, los que se integraron para frenar la presencia de los Caballeros Templarios.<\/p>\n<p>Fox y sus amigos<\/p>\n<p>La empresa Fabricaci\u00f3n y Colocaci\u00f3n de Pavimento S.A., propiedad el empresario guanajuatense Cosme Mares Hern\u00e1ndez, fue se\u00f1alada en su momento, cuando se adjudic\u00f3 235 hect\u00e1reas de la bah\u00eda conocida como El Tamarindillo, en Aquila, de ser prestanombres del expresidente Vicente Fox.<\/p>\n<p>A Mares Hern\u00e1ndez no lo olvidan los comuneros de Ostula. Todos lo recuerdan por la forma en que se apropi\u00f3 -a precio de oferta- de los terrenos de El Tamarindillo, en donde se han proyectado al menos 12 residencias de descanso, en donde se encuentra como beneficiado \u2013aseguran algunos comuneros de Ostula- el ex presidente Felipe Calder\u00f3n Hinojosa.<\/p>\n<p>Otros beneficiados, ser\u00edan Florencio Salazar Adame, exsecretario de la Reforma Agraria en el gobierno de Fox, as\u00ed como Jos\u00e9 Luis Luege Tamargo, en su momento secretario del Medio Ambiente y Recursos Naturales.<\/p>\n<p>Se suman autodefensas<\/p>\n<p>El conflicto que se cre\u00eda superado \u2013al menos olvidado por el gobierno estatal- volvi\u00f3 a brotar el pasado fin de semana, cuando cerca de 200 comuneros decidieron cerrar la carretera costera que comunica a Michoac\u00e1n con el estado de Colima. Al bloqueo ind\u00edgena se sumaron grupos de autodefensa que anunciaron el renacimiento de su movimiento en la zona.<\/p>\n<p>Los grupos de autodefensa que volvieron al escenario en esa parte del estado, se manifestaron en contra del desarme generalizado que se ha intensificado por parte de las Fuerzas Federales. La dirigencia de los civiles armados anunci\u00f3 su renuencia al desarme \u201cporque el crimen organizado sigue actuando en la zona\u201d.<\/p>\n<p>www.reporteindigo.com\/reporte\/mexico\/se-arman-contra-mineras<\/p>\n","protected":false},"excerpt":{"rendered":"<p>Comuneros de Santa Mar\u00eda Ostula reclaman la propiedad de casi mil hect\u00e1reas de terrenos ocupados por empresas extranjeras. La mayor\u00eda de los terrenos est\u00e1n ocupados por Ternium Por J. Jes\u00fas &hellip; <a href=\"http:\/\/www.grieta.org.mx\/index.php\/2015\/03\/18\/se-arman-contra-mineras\/\" class=\"more-link\">Leer m\u00e1s<\/a><\/p>\n","protected":false},"author":1,"featured_media":21928,"comment_status":"closed","ping_status":"open","sticky":false,"template":"","format":"standard","meta":{"ngg_post_thumbnail":0,"_jetpack_newsletter_access":"","_jetpack_dont_email_post_to_subs":false,"_jetpack_newsletter_tier_id":0,"_jetpack_memberships_contains_paywalled_content":false,"_jetpack_memberships_contains_paid_content":false,"footnotes":""},"categories":[80,82],"tags":[523,109],"class_list":["post-8901","post","type-post","status-publish","format-standard","has-post-thumbnail","hentry","category-cintillo","category-michoacan","tag-aquila","tag-mineria","entry"],"jetpack_featured_media_url":"http:\/\/www.grieta.org.mx\/wp-content\/uploads\/2018\/03\/14524434_1106112876131411_958039263622046936_o.jpg","jetpack_sharing_enabled":true,"jetpack_shortlink":"https:\/\/wp.me\/p7ZJR4-2jz","jetpack_likes_enabled":false,"jetpack-related-posts":[{"id":66685,"url":"http:\/\/www.grieta.org.mx\/index.php\/2023\/02\/12\/san-miguel-aquila-derechos-y-vidas-a-merced-de-las-mineras-michoacan\/","url_meta":{"origin":8901,"position":0},"title":"San Miguel Aquila: Derechos y vidas a merced de las mineras (Michoac\u00e1n)","author":"grieta","date":"12 febrero, 2023","format":false,"excerpt":"Familiares del l\u00edder comunal Antonio D\u00edaz y del abogado Ricardo Lagunes exigen al gobierno federal que se aceleren las investigaciones sobre el paradero de ambos, desaparecidos el pasado 15 de enero en Aquila, Michoac\u00e1n. Ellos se enfrentaban al Poder Judicial de Colima y a la empresa Ternium en una zona\u2026","rel":"","context":"En &quot;CINTILLO&quot;","block_context":{"text":"CINTILLO","link":"http:\/\/www.grieta.org.mx\/index.php\/category\/cintillo\/"},"img":{"alt_text":"","src":"https:\/\/i0.wp.com\/www.grieta.org.mx\/wp-content\/uploads\/2023\/03\/f800x450-169044_220490_5545.jpg?resize=350%2C200","width":350,"height":200,"srcset":"https:\/\/i0.wp.com\/www.grieta.org.mx\/wp-content\/uploads\/2023\/03\/f800x450-169044_220490_5545.jpg?resize=350%2C200 1x, https:\/\/i0.wp.com\/www.grieta.org.mx\/wp-content\/uploads\/2023\/03\/f800x450-169044_220490_5545.jpg?resize=525%2C300 1.5x, https:\/\/i0.wp.com\/www.grieta.org.mx\/wp-content\/uploads\/2023\/03\/f800x450-169044_220490_5545.jpg?resize=700%2C400 2x"},"classes":[]},{"id":8893,"url":"http:\/\/www.grieta.org.mx\/index.php\/2015\/05\/17\/comuneros-cumplen-un-mes-con-su-planton-fuera-de-la-mina-de-aquila-michoacan\/","url_meta":{"origin":8901,"position":1},"title":"Comuneros cumplen un mes con su plant\u00f3n fuera de la mina de Aquila, Michoac\u00e1n","author":"Admin","date":"17 mayo, 2015","format":false,"excerpt":"A un mes de haberse instalado fuera de la mina de Aquila, los comuneros contin\u00fana su exigencia de que la empresa \u201cTernium\u201d reforeste las casi 400 hect\u00e1reas de \u00e1rboles que ha talado Por: MiMorelia.com \u2013 15 de Mayo de 2015 \u2013 Morelia, Michoac\u00e1n (MiMorelia.com).-Este viernes los comuneros de Aquila cumplen\u2026","rel":"","context":"En &quot;CINTILLO&quot;","block_context":{"text":"CINTILLO","link":"http:\/\/www.grieta.org.mx\/index.php\/category\/cintillo\/"},"img":{"alt_text":"","src":"https:\/\/i0.wp.com\/www.grieta.org.mx\/wp-content\/uploads\/2018\/03\/14524434_1106112876131411_958039263622046936_o.jpg?resize=350%2C200","width":350,"height":200,"srcset":"https:\/\/i0.wp.com\/www.grieta.org.mx\/wp-content\/uploads\/2018\/03\/14524434_1106112876131411_958039263622046936_o.jpg?resize=350%2C200 1x, https:\/\/i0.wp.com\/www.grieta.org.mx\/wp-content\/uploads\/2018\/03\/14524434_1106112876131411_958039263622046936_o.jpg?resize=525%2C300 1.5x, https:\/\/i0.wp.com\/www.grieta.org.mx\/wp-content\/uploads\/2018\/03\/14524434_1106112876131411_958039263622046936_o.jpg?resize=700%2C400 2x"},"classes":[]},{"id":8880,"url":"http:\/\/www.grieta.org.mx\/index.php\/2015\/09\/06\/conflictos-mineros-en-michoacan\/","url_meta":{"origin":8901,"position":2},"title":"Conflictos mineros en Michoac\u00e1n","author":"Admin","date":"6 septiembre, 2015","format":false,"excerpt":"Concesiones mineras despojan territorios en Michoac\u00e1n 06\/09\/15. Dieron Fox y Calder\u00f3n la sexta parte de Michoac\u00e1n a mineras La Jornada Regi\u00f3n minera de Michoac\u00e1n se ha convertido en zona de muerte 22\/07\/15. Michoac\u00e1n: Regi\u00f3n minera, zona de muerte Siempre 21\/07\/15. Techint y su crisis social El Horizonte Comuneros de Aquila\u2026","rel":"","context":"En &quot;MEGAPROYECTOS&quot;","block_context":{"text":"MEGAPROYECTOS","link":"http:\/\/www.grieta.org.mx\/index.php\/category\/megaproyectos\/"},"img":{"alt_text":"","src":"https:\/\/i0.wp.com\/www.grieta.org.mx\/wp-content\/uploads\/2018\/03\/14524434_1106112876131411_958039263622046936_o.jpg?resize=350%2C200","width":350,"height":200,"srcset":"https:\/\/i0.wp.com\/www.grieta.org.mx\/wp-content\/uploads\/2018\/03\/14524434_1106112876131411_958039263622046936_o.jpg?resize=350%2C200 1x, https:\/\/i0.wp.com\/www.grieta.org.mx\/wp-content\/uploads\/2018\/03\/14524434_1106112876131411_958039263622046936_o.jpg?resize=525%2C300 1.5x, https:\/\/i0.wp.com\/www.grieta.org.mx\/wp-content\/uploads\/2018\/03\/14524434_1106112876131411_958039263622046936_o.jpg?resize=700%2C400 2x"},"classes":[]},{"id":7733,"url":"http:\/\/www.grieta.org.mx\/index.php\/2015\/07\/22\/cni-y-ezln-condenan-ataque-de-corporaciones-militares-y-policiacas-contra-la-comunidad-indigena-nahua-de-santa-maria-ostula\/","url_meta":{"origin":8901,"position":3},"title":"CNI y EZLN condenan ataque de corporaciones militares y policiacas contra la comunidad ind\u00edgena nahua de Santa Mar\u00eda Ostula","author":"Admin","date":"22 julio, 2015","format":false,"excerpt":"A la Comunidad Ind\u00edgena Nahua de Santa Mar\u00eda Ostula, Aquila, Michoac\u00e1n: A la Sexta nacional e Internacional: A los pueblos de M\u00e9xico y del Mundo: 21 de julio del 2015. Ante los violentos acontecimientos perpetrados el pasado 19 de julio de 2015 en contra de la comunidad ind\u00edgena de Santa\u2026","rel":"","context":"En &quot;CINTILLO&quot;","block_context":{"text":"CINTILLO","link":"http:\/\/www.grieta.org.mx\/index.php\/category\/cintillo\/"},"img":{"alt_text":"","src":"https:\/\/i0.wp.com\/www.grieta.org.mx\/wp-content\/uploads\/2018\/03\/14524434_1106112876131411_958039263622046936_o.jpg?resize=350%2C200","width":350,"height":200,"srcset":"https:\/\/i0.wp.com\/www.grieta.org.mx\/wp-content\/uploads\/2018\/03\/14524434_1106112876131411_958039263622046936_o.jpg?resize=350%2C200 1x, https:\/\/i0.wp.com\/www.grieta.org.mx\/wp-content\/uploads\/2018\/03\/14524434_1106112876131411_958039263622046936_o.jpg?resize=525%2C300 1.5x, https:\/\/i0.wp.com\/www.grieta.org.mx\/wp-content\/uploads\/2018\/03\/14524434_1106112876131411_958039263622046936_o.jpg?resize=700%2C400 2x"},"classes":[]},{"id":36911,"url":"http:\/\/www.grieta.org.mx\/index.php\/2019\/07\/19\/ostula-el-pueblo-nahua-que-expulso-al-narco-michoacan\/","url_meta":{"origin":8901,"position":4},"title":"Ostula: el pueblo nahua que expuls\u00f3 al narco (Michoac\u00e1n)","author":"grieta","date":"19 julio, 2019","format":false,"excerpt":"Ostula cumple diez a\u00f1os de haber expulsado al crimen organizado de su territorio. Ubicado en las costas de Michoac\u00e1n, de cara al Pac\u00edfico, este pueblo celebra en esta ocasi\u00f3n diez a\u00f1os de haber impedido la invasi\u00f3n y el despojo. Plumas at\u00f3micas Editor\/ 19 de julio de 2019 A diferencia de\u2026","rel":"","context":"En &quot;CINTILLO&quot;","block_context":{"text":"CINTILLO","link":"http:\/\/www.grieta.org.mx\/index.php\/category\/cintillo\/"},"img":{"alt_text":"","src":"https:\/\/i0.wp.com\/www.grieta.org.mx\/wp-content\/uploads\/2019\/07\/9.jpg?resize=350%2C200","width":350,"height":200,"srcset":"https:\/\/i0.wp.com\/www.grieta.org.mx\/wp-content\/uploads\/2019\/07\/9.jpg?resize=350%2C200 1x, https:\/\/i0.wp.com\/www.grieta.org.mx\/wp-content\/uploads\/2019\/07\/9.jpg?resize=525%2C300 1.5x, https:\/\/i0.wp.com\/www.grieta.org.mx\/wp-content\/uploads\/2019\/07\/9.jpg?resize=700%2C400 2x, https:\/\/i0.wp.com\/www.grieta.org.mx\/wp-content\/uploads\/2019\/07\/9.jpg?resize=1050%2C600 3x"},"classes":[]},{"id":3717,"url":"http:\/\/www.grieta.org.mx\/index.php\/2015\/07\/22\/comunicado-conjunto-del-cni-y-el-ccri-cg-del-ezln-sobre-el-ataque-de-fuerzas-federales-contra-la-comunidad-indigena-de-santa-maria-ostula\/","url_meta":{"origin":8901,"position":5},"title":"Comunicado conjunto del CNI y el CCRI-CG del EZLN sobre el ataque de fuerzas federales contra la comunidad ind\u00edgena de Santa Mar\u00eda Ostula","author":"grieta","date":"22 julio, 2015","format":false,"excerpt":"A la Comunidad Ind\u00edgena Nahua de Santa Mar\u00eda Ostula, Aquila, Michoac\u00e1n: A la Sexta nacional e Internacional: A los pueblos de M\u00e9xico y del Mundo: 21 de julio del 2015. Ante los violentos acontecimientos perpetrados el pasado 19 de julio de 2015 en contra de la comunidad ind\u00edgena de Santa\u2026","rel":"","context":"En &quot;Comunicados&quot;","block_context":{"text":"Comunicados","link":"http:\/\/www.grieta.org.mx\/index.php\/category\/ezln-2\/ezln\/"},"img":{"alt_text":"","src":"https:\/\/i0.wp.com\/www.grieta.org.mx\/wp-content\/uploads\/2018\/03\/14524434_1106112876131411_958039263622046936_o.jpg?resize=350%2C200","width":350,"height":200,"srcset":"https:\/\/i0.wp.com\/www.grieta.org.mx\/wp-content\/uploads\/2018\/03\/14524434_1106112876131411_958039263622046936_o.jpg?resize=350%2C200 1x, https:\/\/i0.wp.com\/www.grieta.org.mx\/wp-content\/uploads\/2018\/03\/14524434_1106112876131411_958039263622046936_o.jpg?resize=525%2C300 1.5x, https:\/\/i0.wp.com\/www.grieta.org.mx\/wp-content\/uploads\/2018\/03\/14524434_1106112876131411_958039263622046936_o.jpg?resize=700%2C400 2x"},"classes":[]}],"_links":{"self":[{"href":"http:\/\/www.grieta.org.mx\/index.php\/wp-json\/wp\/v2\/posts\/8901","targetHints":{"allow":["GET"]}}],"collection":[{"href":"http:\/\/www.grieta.org.mx\/index.php\/wp-json\/wp\/v2\/posts"}],"about":[{"href":"http:\/\/www.grieta.org.mx\/index.php\/wp-json\/wp\/v2\/types\/post"}],"author":[{"embeddable":true,"href":"http:\/\/www.grieta.org.mx\/index.php\/wp-json\/wp\/v2\/users\/1"}],"replies":[{"embeddable":true,"href":"http:\/\/www.grieta.org.mx\/index.php\/wp-json\/wp\/v2\/comments?post=8901"}],"version-history":[{"count":1,"href":"http:\/\/www.grieta.org.mx\/index.php\/wp-json\/wp\/v2\/posts\/8901\/revisions"}],"predecessor-version":[{"id":8902,"href":"http:\/\/www.grieta.org.mx\/index.php\/wp-json\/wp\/v2\/posts\/8901\/revisions\/8902"}],"wp:featuredmedia":[{"embeddable":true,"href":"http:\/\/www.grieta.org.mx\/index.php\/wp-json\/wp\/v2\/media\/21928"}],"wp:attachment":[{"href":"http:\/\/www.grieta.org.mx\/index.php\/wp-json\/wp\/v2\/media?parent=8901"}],"wp:term":[{"taxonomy":"category","embeddable":true,"href":"http:\/\/www.grieta.org.mx\/index.php\/wp-json\/wp\/v2\/categories?post=8901"},{"taxonomy":"post_tag","embeddable":true,"href":"http:\/\/www.grieta.org.mx\/index.php\/wp-json\/wp\/v2\/tags?post=8901"}],"curies":[{"name":"wp","href":"https:\/\/api.w.org\/{rel}","templated":true}]}}