{"id":890,"date":"2015-02-28T19:47:46","date_gmt":"2015-02-28T19:47:46","guid":{"rendered":"http:\/\/50.22.11.12\/~grietaor\/?p=890"},"modified":"2016-03-02T19:54:08","modified_gmt":"2016-03-02T19:54:08","slug":"padre-de-normalista-desaparecido-se-suma-a-la-marcha-por-ayotzinapa-en-merida","status":"publish","type":"post","link":"http:\/\/www.grieta.org.mx\/index.php\/2015\/02\/28\/padre-de-normalista-desaparecido-se-suma-a-la-marcha-por-ayotzinapa-en-merida\/","title":{"rendered":"Padre de normalista desaparecido se suma a la marcha por Ayotzinapa en M\u00e9rida"},"content":{"rendered":"<p>Lorena Aguilar Aguilar S\u00e1bado, 28 Febrero 2015<br \/>\nPoco despu\u00e9s de las 4 de la tarde dio inicio en M\u00e9rida, Yucat\u00e1n la marcha a la que se convoc\u00f3 en el marco de la novena Acci\u00f3n Global por Ayotznapa, este 26 de febrero de 2015.<\/p>\n<p>El punto de concentraci\u00f3n fue el parque de San Juan. Las y los manifestantes llevaron mantas alusivas a los 43 normalistas de Aytotzinapa desaparecidos desde el pasado 26 de septiembre de 2014.<\/p>\n<p>En un primer momento la marcha fue silenciosa, solo se acompa\u00f1\u00f3 con m\u00fasica que tradicionalmente se considera \u201cde protesta\u201d. Sin embargo, se hicieron tres paradas durante el derrotero en las que se leyeron discursos que recordaron los cr\u00edmenes de Estado que han ocurrido en las \u00faltimas d\u00e9cadas en nuestro pa\u00eds, como por ejemplo, la Masacre de Tlatelolco, la Matanza del Jueves de Corpus, las masacres de Aguas Blancas, El Charco y Acteal, y m\u00e1s recientemente Tlataya.<\/p>\n<p>La marcha recorri\u00f3 diversas calles del centro de M\u00e9rida, pas\u00f3 por la zona de los mercados, el parque Eulogio Rosado y cuando se dirig\u00eda a la Plaza Grande por la calle 60 se unieron al contigente el se\u00f1or Rafael L\u00f3pez Catarino y Felipe de Jes\u00fas Rodr\u00edguez Estrada, el primero es padre de uno de los normalistas desaparecidos y el segundo es estudiante de la Normal Rural \u201cRa\u00fal Isidro Burgos\u201d de Ayotzinapa, ambos se encuentran en la ciudad de M\u00e9rida participando en unas jornadas de promoci\u00f3n de derechos humanos.<\/p>\n<p>L\u00f3pez Catarino acompa\u00f1\u00f3 a la marcha hasta la Plaza Grande y frente al Palacio de Gobierno declar\u00f3 en el micr\u00f3fono que la lucha por encontrar a los estudiantes desaparecidos continuar\u00e1 aunque el gobierno pretenda darlos por muertos. Se\u00f1al\u00f3 que la clase empresarial de Guerrero est\u00e1 en contra de las marchas porque son los empresarios quienes pusieron a Enrique Pe\u00f1a Nieto en el poder.<\/p>\n<p>Cuando Rodr\u00edguez Estrada tom\u00f3 el micr\u00f3fono se\u00f1al\u00f3 que no es la primera vez que el gobierno asesina a estudiantes y que una de las razones por las que le temen a los estudiantes de Ayotzinapa es por la formaci\u00f3n social y pol\u00edtica que se tiene en la escuela.<\/p>\n<p>Entre consignas de apoyo L\u00f3pez Catarino y Rodr\u00edguez Estrada se despidieron de la manifestaci\u00f3n para continuar con su agenda del d\u00eda.<\/p>\n<p><a href=\"http:\/\/www.proyectoambulante.org\/index.php\/noticias\/nacionales\/item\/5719-padre-de-normalista-desaparecido-se-sumo-a-la-marcha-por-ayotzinapa-en-merida\" target=\"_blank\">http:\/\/www.proyectoambulante.org\/index.php\/noticias\/nacionales\/item\/5719-padre-de-normalista-desaparecido-se-sumo-a-la-marcha-por-ayotzinapa-en-merida<\/a><\/p>\n","protected":false},"excerpt":{"rendered":"<p>Lorena Aguilar Aguilar S\u00e1bado, 28 Febrero 2015 Poco despu\u00e9s de las 4 de la tarde dio inicio en M\u00e9rida, Yucat\u00e1n la marcha a la que se convoc\u00f3 en el marco &hellip; <a href=\"http:\/\/www.grieta.org.mx\/index.php\/2015\/02\/28\/padre-de-normalista-desaparecido-se-suma-a-la-marcha-por-ayotzinapa-en-merida\/\" class=\"more-link\">Leer m\u00e1s<\/a><\/p>\n","protected":false},"author":2,"featured_media":21928,"comment_status":"closed","ping_status":"open","sticky":false,"template":"","format":"standard","meta":{"ngg_post_thumbnail":0,"_jetpack_newsletter_access":"","_jetpack_dont_email_post_to_subs":false,"_jetpack_newsletter_tier_id":0,"_jetpack_memberships_contains_paywalled_content":false,"_jetpack_memberships_contains_paid_content":false,"footnotes":""},"categories":[80,153],"tags":[119],"class_list":["post-890","post","type-post","status-publish","format-standard","has-post-thumbnail","hentry","category-cintillo","category-yucatan","tag-ayotzinapa","entry"],"jetpack_featured_media_url":"http:\/\/www.grieta.org.mx\/wp-content\/uploads\/2018\/03\/14524434_1106112876131411_958039263622046936_o.jpg","jetpack_sharing_enabled":true,"jetpack_shortlink":"https:\/\/wp.me\/p7ZJR4-em","jetpack_likes_enabled":false,"jetpack-related-posts":[{"id":69861,"url":"http:\/\/www.grieta.org.mx\/index.php\/2024\/09\/26\/marchan-por-ayotzinapa-no-nos-cansaremos-de-decir-que-fue-el-estado-yucatan\/","url_meta":{"origin":890,"position":0},"title":"Marchan por Ayotzinapa: No nos cansaremos de decir que fue el Estado (Yucat\u00e1n)","author":"grieta","date":"26 septiembre, 2024","format":false,"excerpt":"Itzel Chan \/ Haz Ruido Con la manifestaci\u00f3n en M\u00e9rida, recalcaron que har\u00e1n frente en contra de la represi\u00f3n y la violencia que ejerce el Estado, al tiempo de que no dejar\u00e1n de recordar a los 43 estudiantes desaparecidos. M\u00e9rida, Yucat\u00e1n, 26 de septiembre de 2024.-Alrededor de 100 personas salieron\u2026","rel":"","context":"En &quot;CINTILLO&quot;","block_context":{"text":"CINTILLO","link":"http:\/\/www.grieta.org.mx\/index.php\/category\/cintillo\/"},"img":{"alt_text":"","src":"https:\/\/i0.wp.com\/www.grieta.org.mx\/wp-content\/uploads\/2024\/09\/AyotziMerida-e1727485485802.jpg?resize=350%2C200","width":350,"height":200,"srcset":"https:\/\/i0.wp.com\/www.grieta.org.mx\/wp-content\/uploads\/2024\/09\/AyotziMerida-e1727485485802.jpg?resize=350%2C200 1x, https:\/\/i0.wp.com\/www.grieta.org.mx\/wp-content\/uploads\/2024\/09\/AyotziMerida-e1727485485802.jpg?resize=525%2C300 1.5x, https:\/\/i0.wp.com\/www.grieta.org.mx\/wp-content\/uploads\/2024\/09\/AyotziMerida-e1727485485802.jpg?resize=700%2C400 2x"},"classes":[]},{"id":2691,"url":"http:\/\/www.grieta.org.mx\/index.php\/2015\/02\/23\/contra-la-indiferencia-y-el-olvido-la-marcha-de-colimenses-por-ayotzinapa-el-jueves-26\/","url_meta":{"origin":890,"position":1},"title":"\u201cContra la indiferencia y el olvido\u201d, la marcha de colimenses por Ayotzinapa, el jueves 26","author":"grieta","date":"23 febrero, 2015","format":false,"excerpt":"Por: Dilva Ch\u00e1vez \/ 23 febrero, 2015 Colima 3.0 A cinco meses de la desaparici\u00f3n de 43 estudiantes en Ayotzinapa, Guerrero, el Frente Colimense del Movimiento Nacional en Defensa de la Tierra, el Agua y la Vida invit\u00f3 a una marcha el d\u00eda 26 de febrero con la intenci\u00f3n de\u2026","rel":"","context":"En &quot;CINTILLO&quot;","block_context":{"text":"CINTILLO","link":"http:\/\/www.grieta.org.mx\/index.php\/category\/cintillo\/"},"img":{"alt_text":"","src":"https:\/\/i0.wp.com\/www.grieta.org.mx\/wp-content\/uploads\/2018\/03\/14524434_1106112876131411_958039263622046936_o.jpg?resize=350%2C200","width":350,"height":200,"srcset":"https:\/\/i0.wp.com\/www.grieta.org.mx\/wp-content\/uploads\/2018\/03\/14524434_1106112876131411_958039263622046936_o.jpg?resize=350%2C200 1x, https:\/\/i0.wp.com\/www.grieta.org.mx\/wp-content\/uploads\/2018\/03\/14524434_1106112876131411_958039263622046936_o.jpg?resize=525%2C300 1.5x, https:\/\/i0.wp.com\/www.grieta.org.mx\/wp-content\/uploads\/2018\/03\/14524434_1106112876131411_958039263622046936_o.jpg?resize=700%2C400 2x"},"classes":[]},{"id":8959,"url":"http:\/\/www.grieta.org.mx\/index.php\/2015\/09\/26\/inicia-marcha-de-normalistas-por-los-43-desaparecidos-de-ayotzinapa\/","url_meta":{"origin":890,"position":2},"title":"Inicia marcha de normalistas por los 43 desaparecidos de Ayotzinapa","author":"Admin","date":"26 septiembre, 2015","format":false,"excerpt":"Jos\u00e9 Antonio Castro Morelia, Michoac\u00e1n.- Inicia la marcha de los normalistas por los 43 desaparecidos de Ayotzinapa en la capital michoacana. Las autoridades de tr\u00e1nsito ya cortaron los accesos a Casa de Gobierno, mientras los normalistas s\u00f3lo se dispersan afuera de las instalaciones. Llegaron al lugar alrededor de 12 autobuses\u2026","rel":"","context":"En &quot;CINTILLO&quot;","block_context":{"text":"CINTILLO","link":"http:\/\/www.grieta.org.mx\/index.php\/category\/cintillo\/"},"img":{"alt_text":"","src":"https:\/\/i0.wp.com\/www.grieta.org.mx\/wp-content\/uploads\/2018\/03\/14524434_1106112876131411_958039263622046936_o.jpg?resize=350%2C200","width":350,"height":200,"srcset":"https:\/\/i0.wp.com\/www.grieta.org.mx\/wp-content\/uploads\/2018\/03\/14524434_1106112876131411_958039263622046936_o.jpg?resize=350%2C200 1x, https:\/\/i0.wp.com\/www.grieta.org.mx\/wp-content\/uploads\/2018\/03\/14524434_1106112876131411_958039263622046936_o.jpg?resize=525%2C300 1.5x, https:\/\/i0.wp.com\/www.grieta.org.mx\/wp-content\/uploads\/2018\/03\/14524434_1106112876131411_958039263622046936_o.jpg?resize=700%2C400 2x"},"classes":[]},{"id":867,"url":"http:\/\/www.grieta.org.mx\/index.php\/2015\/06\/16\/la-caravana-de-ayotzinapa-llega-a-yucatan\/","url_meta":{"origin":890,"position":3},"title":"La caravana de Ayotzinapa llega a Yucat\u00e1n","author":"grieta","date":"16 junio, 2015","format":false,"excerpt":"Paul Antoine Matos La Jornada Maya M\u00e9rida 16 de junio, 2015 Los familiares de los 43 estudiantes de la Normal Superior de Ayotzinapa desaparecidos en septiembre pasado visitar\u00e1n Yucat\u00e1n el 21 y 22 de junio pr\u00f3ximos, como parte de una caravana que recorre el sureste del pa\u00eds. El domingo 21\u2026","rel":"","context":"En &quot;CINTILLO&quot;","block_context":{"text":"CINTILLO","link":"http:\/\/www.grieta.org.mx\/index.php\/category\/cintillo\/"},"img":{"alt_text":"","src":"https:\/\/i0.wp.com\/www.grieta.org.mx\/wp-content\/uploads\/2018\/03\/14524434_1106112876131411_958039263622046936_o.jpg?resize=350%2C200","width":350,"height":200,"srcset":"https:\/\/i0.wp.com\/www.grieta.org.mx\/wp-content\/uploads\/2018\/03\/14524434_1106112876131411_958039263622046936_o.jpg?resize=350%2C200 1x, https:\/\/i0.wp.com\/www.grieta.org.mx\/wp-content\/uploads\/2018\/03\/14524434_1106112876131411_958039263622046936_o.jpg?resize=525%2C300 1.5x, https:\/\/i0.wp.com\/www.grieta.org.mx\/wp-content\/uploads\/2018\/03\/14524434_1106112876131411_958039263622046936_o.jpg?resize=700%2C400 2x"},"classes":[]},{"id":8940,"url":"http:\/\/www.grieta.org.mx\/index.php\/2015\/03\/26\/en-uruapan-maestros-marcharon-hacia-el-ine-por-ayotzinapa\/","url_meta":{"origin":890,"position":4},"title":"En Uruapan, maestros marcharon hacia el INE por Ayotzinapa","author":"Admin","date":"26 marzo, 2015","format":false,"excerpt":"Grecia Ponce Uruapan, Michoac\u00e1n. En lo que llaman su D\u00e9cima Acci\u00f3n Global por Ayotzinapa, integrantes del magisterio democr\u00e1tico arribaron en marcha a las instalaciones de la 9 Junta Distrital Electoral del Instituto Nacional Electoral (INE). Durante la marcha que parti\u00f3 del centro de la ciudad manifestaron su rechazo a las\u2026","rel":"","context":"En &quot;CINTILLO&quot;","block_context":{"text":"CINTILLO","link":"http:\/\/www.grieta.org.mx\/index.php\/category\/cintillo\/"},"img":{"alt_text":"","src":"https:\/\/i0.wp.com\/www.grieta.org.mx\/wp-content\/uploads\/2018\/03\/14524434_1106112876131411_958039263622046936_o.jpg?resize=350%2C200","width":350,"height":200,"srcset":"https:\/\/i0.wp.com\/www.grieta.org.mx\/wp-content\/uploads\/2018\/03\/14524434_1106112876131411_958039263622046936_o.jpg?resize=350%2C200 1x, https:\/\/i0.wp.com\/www.grieta.org.mx\/wp-content\/uploads\/2018\/03\/14524434_1106112876131411_958039263622046936_o.jpg?resize=525%2C300 1.5x, https:\/\/i0.wp.com\/www.grieta.org.mx\/wp-content\/uploads\/2018\/03\/14524434_1106112876131411_958039263622046936_o.jpg?resize=700%2C400 2x"},"classes":[]},{"id":861,"url":"http:\/\/www.grieta.org.mx\/index.php\/2015\/06\/18\/llega-la-caravana-43-de-ayotzinapa-a-la-peninsula-de-yucatan\/","url_meta":{"origin":890,"position":5},"title":"Llega la Caravana 43 de Ayotzinapa a la pen\u00ednsula de Yucat\u00e1n","author":"grieta","date":"18 junio, 2015","format":false,"excerpt":"Ciudad de Jo\u2019, Yucat\u00e1n, a 18 de junio de 2015. Una representaci\u00f3n de madres y padres de los 46 estudiantes de la Escuela Normal Rural \u201cRa\u00fal Isidro Burgos\u201d ausentes desde el 26 de septiembre de 2014 (43 por desaparici\u00f3n forzada y 3 por ejecuci\u00f3n extrajudicial), y el estudiante normalista Omar\u2026","rel":"","context":"En &quot;CINTILLO&quot;","block_context":{"text":"CINTILLO","link":"http:\/\/www.grieta.org.mx\/index.php\/category\/cintillo\/"},"img":{"alt_text":"","src":"https:\/\/i0.wp.com\/www.grieta.org.mx\/wp-content\/uploads\/2018\/03\/14524434_1106112876131411_958039263622046936_o.jpg?resize=350%2C200","width":350,"height":200,"srcset":"https:\/\/i0.wp.com\/www.grieta.org.mx\/wp-content\/uploads\/2018\/03\/14524434_1106112876131411_958039263622046936_o.jpg?resize=350%2C200 1x, https:\/\/i0.wp.com\/www.grieta.org.mx\/wp-content\/uploads\/2018\/03\/14524434_1106112876131411_958039263622046936_o.jpg?resize=525%2C300 1.5x, https:\/\/i0.wp.com\/www.grieta.org.mx\/wp-content\/uploads\/2018\/03\/14524434_1106112876131411_958039263622046936_o.jpg?resize=700%2C400 2x"},"classes":[]}],"_links":{"self":[{"href":"http:\/\/www.grieta.org.mx\/index.php\/wp-json\/wp\/v2\/posts\/890","targetHints":{"allow":["GET"]}}],"collection":[{"href":"http:\/\/www.grieta.org.mx\/index.php\/wp-json\/wp\/v2\/posts"}],"about":[{"href":"http:\/\/www.grieta.org.mx\/index.php\/wp-json\/wp\/v2\/types\/post"}],"author":[{"embeddable":true,"href":"http:\/\/www.grieta.org.mx\/index.php\/wp-json\/wp\/v2\/users\/2"}],"replies":[{"embeddable":true,"href":"http:\/\/www.grieta.org.mx\/index.php\/wp-json\/wp\/v2\/comments?post=890"}],"version-history":[{"count":1,"href":"http:\/\/www.grieta.org.mx\/index.php\/wp-json\/wp\/v2\/posts\/890\/revisions"}],"predecessor-version":[{"id":891,"href":"http:\/\/www.grieta.org.mx\/index.php\/wp-json\/wp\/v2\/posts\/890\/revisions\/891"}],"wp:featuredmedia":[{"embeddable":true,"href":"http:\/\/www.grieta.org.mx\/index.php\/wp-json\/wp\/v2\/media\/21928"}],"wp:attachment":[{"href":"http:\/\/www.grieta.org.mx\/index.php\/wp-json\/wp\/v2\/media?parent=890"}],"wp:term":[{"taxonomy":"category","embeddable":true,"href":"http:\/\/www.grieta.org.mx\/index.php\/wp-json\/wp\/v2\/categories?post=890"},{"taxonomy":"post_tag","embeddable":true,"href":"http:\/\/www.grieta.org.mx\/index.php\/wp-json\/wp\/v2\/tags?post=890"}],"curies":[{"name":"wp","href":"https:\/\/api.w.org\/{rel}","templated":true}]}}