{"id":8873,"date":"2015-08-24T04:49:33","date_gmt":"2015-08-24T04:49:33","guid":{"rendered":"http:\/\/50.22.11.12\/~grietaor\/?p=8873"},"modified":"2016-03-31T04:52:32","modified_gmt":"2016-03-31T04:52:32","slug":"conforman-comunidades-concejo-supremo-indigena-de-michoacan","status":"publish","type":"post","link":"http:\/\/www.grieta.org.mx\/index.php\/2015\/08\/24\/conforman-comunidades-concejo-supremo-indigena-de-michoacan\/","title":{"rendered":"Conforman comunidades Concejo Supremo Ind\u00edgena de Michoac\u00e1n"},"content":{"rendered":"<blockquote><p>El Concejo Supremo, est\u00e1 encabezado por 14 comunidades y mantiene los principios org\u00e1nicos de ser apartidistas y de nunca negociar de forma individual.<\/p><\/blockquote>\n<p>Morelia, Michoac\u00e1n.- La conformaci\u00f3n del Concejo Supremo Ind\u00edgena de Michoac\u00e1n, la toma simult\u00e1nea de carreteras estatales el pr\u00f3ximo primero de septiembre, y un llamado a la Comunidad de Cher\u00e1n para no impugnar la Ley de Cultura Ind\u00edgena que apruebe el Congreso local y que fue consensada con 40 comunidades, son los acuerdos asumidos en el IX Foro Estatal Ind\u00edgena. <\/p>\n<p>En el encuentro celebrado el domingo en Caltzontzin, participaron Capacuaro, San Lorenzo, Urapicho, Ario de Rosales, Santa Fe de la Laguna, Tir\u00edndaro, Angahuan, Uricho, Pich\u00e1taro, Turicato, Pamat\u00e1cuaro, Santa Ana Zirosto, San \u00c1ngel Zurumucapio, Santa Cruz Tanaco, Zopoco, Cuanajo, Comachuen, Cocucho y Naranja de Tapia, mismas que suscriben el documento en donde se dan a conocer los resolutivos tomados. <\/p>\n<p>En el documento se apunta que ante la indiferencia de las autoridades municipales y la indiferencia del gobierno estatal se determina la toma de carreteras para el d\u00eda primero ?para luchar por la entrega y administraci\u00f3n de presupuesto directo para las comunidades?. <\/p>\n<p>Adem\u00e1s se determina la creaci\u00f3n del Concejo Supremo, mismo que est\u00e1 encabezado por 14 comunidades y que ?mantiene los principios org\u00e1nicos de ser apartidistas y de nunca negociar de forma individual, teniendo como eje, la lucha por la libre determinaci\u00f3n y autonom\u00eda?. <\/p>\n<p>A Cheran y su Concejo Mayor se les hace un llamado para que ?se sensibilicen con la lucha de las comunidades originarias por la entrega y administraci\u00f3n de presupuesto directo, y no presenten ning\u00fan recurso jur\u00eddico en contra de la Ley de Derechos, Cultura y Desarrollo de los Pueblos y Comunidades Ind\u00edgenas del Estado, toda vez que se encuentra avalada por m\u00e1s de 40 comunidades originarias y en \u00e9sta se establece la autodeterminaci\u00f3n econ\u00f3mica, entre otros derechos?. <\/p>\n<p>Tambi\u00e9n se manifiestan en contra de la privatizaci\u00f3n del agua y del actuar de la Profepa, y anuncian su respaldo a la decisi\u00f3n de las comunidades de la rivera del Lago de P\u00e1tzcuaro ?que no se van a registrar en la Sagarpa, as\u00ed como en la Comisi\u00f3n de Pesca del Estado por su mal actuar y en base a su libre determinaci\u00f3n?.<\/p>\n<p>http:\/\/www.cambiodemichoacan.com.mx\/nota-262495<\/p>\n","protected":false},"excerpt":{"rendered":"<p>El Concejo Supremo, est\u00e1 encabezado por 14 comunidades y mantiene los principios org\u00e1nicos de ser apartidistas y de nunca negociar de forma individual. Morelia, Michoac\u00e1n.- La conformaci\u00f3n del Concejo Supremo &hellip; <a href=\"http:\/\/www.grieta.org.mx\/index.php\/2015\/08\/24\/conforman-comunidades-concejo-supremo-indigena-de-michoacan\/\" class=\"more-link\">Leer m\u00e1s<\/a><\/p>\n","protected":false},"author":1,"featured_media":21928,"comment_status":"closed","ping_status":"open","sticky":false,"template":"","format":"standard","meta":{"ngg_post_thumbnail":0,"_jetpack_newsletter_access":"","_jetpack_dont_email_post_to_subs":false,"_jetpack_newsletter_tier_id":0,"_jetpack_memberships_contains_paywalled_content":false,"_jetpack_memberships_contains_paid_content":false,"footnotes":""},"categories":[80,82],"tags":[465,526],"class_list":["post-8873","post","type-post","status-publish","format-standard","has-post-thumbnail","hentry","category-cintillo","category-michoacan","tag-autodefensas","tag-consejo-supremo-indigena-de-michoacan","entry"],"jetpack_featured_media_url":"http:\/\/www.grieta.org.mx\/wp-content\/uploads\/2018\/03\/14524434_1106112876131411_958039263622046936_o.jpg","jetpack_sharing_enabled":true,"jetpack_shortlink":"https:\/\/wp.me\/p7ZJR4-2j7","jetpack_likes_enabled":false,"jetpack-related-posts":[{"id":43140,"url":"http:\/\/www.grieta.org.mx\/index.php\/2019\/12\/19\/consejo-supremo-indigena-se-une-al-congreso-nacional-indigena-michoacan\/","url_meta":{"origin":8873,"position":0},"title":"Consejo Supremo Ind\u00edgena se une al Congreso Nacional Ind\u00edgena (Michoac\u00e1n)","author":"grieta","date":"19 diciembre, 2019","format":false,"excerpt":"Por: Redacci\u00f3n Monitor Expreso. 19 de diciembre de 2019 M\u00e9xico.- El Consejo Supremo Ind\u00edgena de Michoac\u00e1n (CSIM), solicit\u00f3 su incorporaci\u00f3n formal al Congreso Nacional Ind\u00edgena (CNI). Manifestando en su misiva que fue una decisi\u00f3n de la Asamblea General de Autoridades de comunidades originarias entre las que se encuentran, Jefes de\u2026","rel":"","context":"En &quot;CINTILLO&quot;","block_context":{"text":"CINTILLO","link":"http:\/\/www.grieta.org.mx\/index.php\/category\/cintillo\/"},"img":{"alt_text":"","src":"https:\/\/i0.wp.com\/www.grieta.org.mx\/wp-content\/uploads\/2020\/01\/consejo-supremo-indigena.png?resize=350%2C200","width":350,"height":200,"srcset":"https:\/\/i0.wp.com\/www.grieta.org.mx\/wp-content\/uploads\/2020\/01\/consejo-supremo-indigena.png?resize=350%2C200 1x, https:\/\/i0.wp.com\/www.grieta.org.mx\/wp-content\/uploads\/2020\/01\/consejo-supremo-indigena.png?resize=525%2C300 1.5x, https:\/\/i0.wp.com\/www.grieta.org.mx\/wp-content\/uploads\/2020\/01\/consejo-supremo-indigena.png?resize=700%2C400 2x"},"classes":[]},{"id":8841,"url":"http:\/\/www.grieta.org.mx\/index.php\/2016\/05\/20\/resistencia-de-las-autodefensas-rurales-en-michoacan\/","url_meta":{"origin":8873,"position":1},"title":"Resistencia y construcci\u00f3n de autonom\u00eda de las comunidades rurales en Michoac\u00e1n","author":"Admin","date":"20 mayo, 2016","format":false,"excerpt":"Lucha de la comunidad ind\u00edgena de Pich\u00e1taro por su autonom\u00eda financiera 20\/05\/16. Pich\u00e1taro tendr\u00e1 gobierno comunal, ordena TEPJF La Voz de Michoac\u00e1n 05\/05\/16. La resistencia en v\u00edas de expandirse en la meseta El Despertar 26\/04\/16. Pich\u00e1taro escribir\u00e1 historia como Cher\u00e1n de obtener fallo favorable del TEPJF Michoac\u00e1n 3.0 El Consejo\u2026","rel":"","context":"En &quot;Michoac\u00e1n&quot;","block_context":{"text":"Michoac\u00e1n","link":"http:\/\/www.grieta.org.mx\/index.php\/category\/noticias-nacionales\/michoacan\/"},"img":{"alt_text":"","src":"https:\/\/i0.wp.com\/www.grieta.org.mx\/wp-content\/uploads\/2018\/03\/14524434_1106112876131411_958039263622046936_o.jpg?resize=350%2C200","width":350,"height":200,"srcset":"https:\/\/i0.wp.com\/www.grieta.org.mx\/wp-content\/uploads\/2018\/03\/14524434_1106112876131411_958039263622046936_o.jpg?resize=350%2C200 1x, https:\/\/i0.wp.com\/www.grieta.org.mx\/wp-content\/uploads\/2018\/03\/14524434_1106112876131411_958039263622046936_o.jpg?resize=525%2C300 1.5x, https:\/\/i0.wp.com\/www.grieta.org.mx\/wp-content\/uploads\/2018\/03\/14524434_1106112876131411_958039263622046936_o.jpg?resize=700%2C400 2x"},"classes":[]},{"id":60879,"url":"http:\/\/www.grieta.org.mx\/index.php\/2021\/07\/18\/comunidad-indigena-de-michoacan-celebra-inicio-de-su-autogobierno-se-regira-por-usos-y-costumbres\/","url_meta":{"origin":8873,"position":2},"title":"Comunidad ind\u00edgena de Michoac\u00e1n celebra inicio de su autogobierno; se regir\u00e1 por usos y costumbres","author":"grieta","date":"18 julio, 2021","format":false,"excerpt":"Alejandra Zamudio, El Debate, Michoac\u00e1n, 18 de Julio de 2021 Morelia, Michoac\u00e1n.- La comunidad ind\u00edgena de Santa Fe de la Laguna, perteneciente al municipio de Quiroga, ejercer\u00e1 su autogobierno comunal a partir del d\u00eda de hoy, 18 de julio, as\u00ed lo informaron autoridades del Concejo Supremo Ind\u00edgena de Michoac\u00e1n. Luego\u2026","rel":"","context":"En &quot;CINTILLO&quot;","block_context":{"text":"CINTILLO","link":"http:\/\/www.grieta.org.mx\/index.php\/category\/cintillo\/"},"img":{"alt_text":"","src":"https:\/\/i0.wp.com\/www.grieta.org.mx\/wp-content\/uploads\/2021\/08\/Captura-de-pantalla-2021-08-02-a-las-22.38.40.png?resize=350%2C200","width":350,"height":200,"srcset":"https:\/\/i0.wp.com\/www.grieta.org.mx\/wp-content\/uploads\/2021\/08\/Captura-de-pantalla-2021-08-02-a-las-22.38.40.png?resize=350%2C200 1x, https:\/\/i0.wp.com\/www.grieta.org.mx\/wp-content\/uploads\/2021\/08\/Captura-de-pantalla-2021-08-02-a-las-22.38.40.png?resize=525%2C300 1.5x, https:\/\/i0.wp.com\/www.grieta.org.mx\/wp-content\/uploads\/2021\/08\/Captura-de-pantalla-2021-08-02-a-las-22.38.40.png?resize=700%2C400 2x, https:\/\/i0.wp.com\/www.grieta.org.mx\/wp-content\/uploads\/2021\/08\/Captura-de-pantalla-2021-08-02-a-las-22.38.40.png?resize=1050%2C600 3x, https:\/\/i0.wp.com\/www.grieta.org.mx\/wp-content\/uploads\/2021\/08\/Captura-de-pantalla-2021-08-02-a-las-22.38.40.png?resize=1400%2C800 4x"},"classes":[]},{"id":22773,"url":"http:\/\/www.grieta.org.mx\/index.php\/2018\/04\/24\/consejo-supremo-indigena-de-michoacan-llama-al-autogobierno-por-division-provocada-por-partidos\/","url_meta":{"origin":8873,"position":3},"title":"Consejo Supremo Ind\u00edgena de Michoac\u00e1n llama al autogobierno por divisi\u00f3n provocada por partidos","author":"Admin","date":"24 abril, 2018","format":false,"excerpt":"Morelia, Michoac\u00e1n.- Por medio de un comunicado de prensa el Consejo Supremo Ind\u00edgena, conformado por m\u00e1s de 30 comunidades originarias que luchan por la autodeterminaci\u00f3n, el autogobierno y la autonom\u00eda, expresaron lo siguiente: Los pueblos originarios somos sujetos de derecho, sujetos hist\u00f3ricos y sujetos de conocimiento, mantenemos el derecho a\u2026","rel":"","context":"En &quot;CINTILLO&quot;","block_context":{"text":"CINTILLO","link":"http:\/\/www.grieta.org.mx\/index.php\/category\/cintillo\/"},"img":{"alt_text":"","src":"https:\/\/i0.wp.com\/www.grieta.org.mx\/wp-content\/uploads\/2018\/04\/Foto-Purepecha-MX-704x387.jpg?resize=350%2C200","width":350,"height":200,"srcset":"https:\/\/i0.wp.com\/www.grieta.org.mx\/wp-content\/uploads\/2018\/04\/Foto-Purepecha-MX-704x387.jpg?resize=350%2C200 1x, https:\/\/i0.wp.com\/www.grieta.org.mx\/wp-content\/uploads\/2018\/04\/Foto-Purepecha-MX-704x387.jpg?resize=525%2C300 1.5x, https:\/\/i0.wp.com\/www.grieta.org.mx\/wp-content\/uploads\/2018\/04\/Foto-Purepecha-MX-704x387.jpg?resize=700%2C400 2x"},"classes":[]},{"id":64504,"url":"http:\/\/www.grieta.org.mx\/index.php\/2022\/07\/06\/consejo-supremo-indigena-de-michoacan-mantiene-bloqueos-en-al-menos-4-carreteras\/","url_meta":{"origin":8873,"position":4},"title":"Consejo Supremo Ind\u00edgena de Michoac\u00e1n mantiene bloqueos en al menos 4 carreteras","author":"grieta","date":"6 julio, 2022","format":false,"excerpt":"Por Redacci\u00f3n 90 grados, 6 de julio de 2022 Michoac\u00e1n, 6 de julio de 2022.- El Consejo Supremo Ind\u00edgena de Michoac\u00e1n (CSIM) junto con el Consejo Libre y Aut\u00f3nomo de los Pueblos Originarios de Michoac\u00e1n, la Asamblea General Autoridades Ind\u00edgenas de 65 comunidades originarias, mantienen bloqueos esta ma\u00f1ana de mi\u00e9rcoles\u2026","rel":"","context":"En &quot;CINTILLO&quot;","block_context":{"text":"CINTILLO","link":"http:\/\/www.grieta.org.mx\/index.php\/category\/cintillo\/"},"img":{"alt_text":"","src":"https:\/\/i0.wp.com\/www.grieta.org.mx\/wp-content\/uploads\/2022\/07\/0-grande.jpg?resize=350%2C200","width":350,"height":200,"srcset":"https:\/\/i0.wp.com\/www.grieta.org.mx\/wp-content\/uploads\/2022\/07\/0-grande.jpg?resize=350%2C200 1x, https:\/\/i0.wp.com\/www.grieta.org.mx\/wp-content\/uploads\/2022\/07\/0-grande.jpg?resize=525%2C300 1.5x, https:\/\/i0.wp.com\/www.grieta.org.mx\/wp-content\/uploads\/2022\/07\/0-grande.jpg?resize=700%2C400 2x"},"classes":[]},{"id":66866,"url":"http:\/\/www.grieta.org.mx\/index.php\/2023\/04\/28\/en-michoacan-comunidades-se-movilizan-por-asesinato-de-defensor-de-los-bosques\/","url_meta":{"origin":8873,"position":5},"title":"En Michoac\u00e1n, comunidades se movilizan por asesinato de defensor de los bosques","author":"grieta","date":"28 abril, 2023","format":false,"excerpt":"Alfredo Cisneros Madrigal, ind\u00edgena pur\u00e9pecha y miembro activo en la defensa de los bosques de la comunidad de Sicuicho, municipio de Los Reyes, Michoac\u00e1n, fue asesinado a balazos la noche del pasado martes (21). As\u00ed lo denunciaron el Consejo Supremo Ind\u00edgena de Michoac\u00e1n (CSIM) y el Concejo Comunal Ind\u00edgena de\u2026","rel":"","context":"En &quot;CINTILLO&quot;","block_context":{"text":"CINTILLO","link":"http:\/\/www.grieta.org.mx\/index.php\/category\/cintillo\/"},"img":{"alt_text":"","src":"https:\/\/i0.wp.com\/www.grieta.org.mx\/wp-content\/uploads\/2023\/04\/Captura-de-Pantalla-2023-04-28-a-las-11.57.10.jpg?resize=350%2C200","width":350,"height":200,"srcset":"https:\/\/i0.wp.com\/www.grieta.org.mx\/wp-content\/uploads\/2023\/04\/Captura-de-Pantalla-2023-04-28-a-las-11.57.10.jpg?resize=350%2C200 1x, https:\/\/i0.wp.com\/www.grieta.org.mx\/wp-content\/uploads\/2023\/04\/Captura-de-Pantalla-2023-04-28-a-las-11.57.10.jpg?resize=525%2C300 1.5x, https:\/\/i0.wp.com\/www.grieta.org.mx\/wp-content\/uploads\/2023\/04\/Captura-de-Pantalla-2023-04-28-a-las-11.57.10.jpg?resize=700%2C400 2x, https:\/\/i0.wp.com\/www.grieta.org.mx\/wp-content\/uploads\/2023\/04\/Captura-de-Pantalla-2023-04-28-a-las-11.57.10.jpg?resize=1050%2C600 3x, https:\/\/i0.wp.com\/www.grieta.org.mx\/wp-content\/uploads\/2023\/04\/Captura-de-Pantalla-2023-04-28-a-las-11.57.10.jpg?resize=1400%2C800 4x"},"classes":[]}],"_links":{"self":[{"href":"http:\/\/www.grieta.org.mx\/index.php\/wp-json\/wp\/v2\/posts\/8873","targetHints":{"allow":["GET"]}}],"collection":[{"href":"http:\/\/www.grieta.org.mx\/index.php\/wp-json\/wp\/v2\/posts"}],"about":[{"href":"http:\/\/www.grieta.org.mx\/index.php\/wp-json\/wp\/v2\/types\/post"}],"author":[{"embeddable":true,"href":"http:\/\/www.grieta.org.mx\/index.php\/wp-json\/wp\/v2\/users\/1"}],"replies":[{"embeddable":true,"href":"http:\/\/www.grieta.org.mx\/index.php\/wp-json\/wp\/v2\/comments?post=8873"}],"version-history":[{"count":1,"href":"http:\/\/www.grieta.org.mx\/index.php\/wp-json\/wp\/v2\/posts\/8873\/revisions"}],"predecessor-version":[{"id":8876,"href":"http:\/\/www.grieta.org.mx\/index.php\/wp-json\/wp\/v2\/posts\/8873\/revisions\/8876"}],"wp:featuredmedia":[{"embeddable":true,"href":"http:\/\/www.grieta.org.mx\/index.php\/wp-json\/wp\/v2\/media\/21928"}],"wp:attachment":[{"href":"http:\/\/www.grieta.org.mx\/index.php\/wp-json\/wp\/v2\/media?parent=8873"}],"wp:term":[{"taxonomy":"category","embeddable":true,"href":"http:\/\/www.grieta.org.mx\/index.php\/wp-json\/wp\/v2\/categories?post=8873"},{"taxonomy":"post_tag","embeddable":true,"href":"http:\/\/www.grieta.org.mx\/index.php\/wp-json\/wp\/v2\/tags?post=8873"}],"curies":[{"name":"wp","href":"https:\/\/api.w.org\/{rel}","templated":true}]}}