{"id":8858,"date":"2015-04-16T04:34:36","date_gmt":"2015-04-16T04:34:36","guid":{"rendered":"http:\/\/50.22.11.12\/~grietaor\/?p=8858"},"modified":"2016-03-31T04:40:41","modified_gmt":"2016-03-31T04:40:41","slug":"saldria-libre-bajo-fianza-integrante-del-consejo-mayor-de-caltzontzin","status":"publish","type":"post","link":"http:\/\/www.grieta.org.mx\/index.php\/2015\/04\/16\/saldria-libre-bajo-fianza-integrante-del-consejo-mayor-de-caltzontzin\/","title":{"rendered":"Saldr\u00eda libre bajo fianza integrante del Consejo Mayor de Caltzontzin"},"content":{"rendered":"<p>URUAPAN, Mich., 16 de abril de 2015.- Despu\u00e9s de varios d\u00edas de movilizaciones por parte de habitantes de Caltzontzin, quienes eran apoyados por normalistas e integrantes de la CNTE, finalmente este jueves le fue dictado el auto de formal prisi\u00f3n a Nicol\u00e1s Cervantes, quien enfrentar\u00e1 su proceso penal en libertad pagando una fianza cercana al mill\u00f3n de pesos, esto fue confirmado por  autoridades de la Sub Procuradur\u00eda Regional, alrededor de las 14:30 horas. <\/p>\n<p>Sin embargo, todav\u00eda en el estacionamiento del Cereso local Lic. Eduardo Ruiz, se mantiene un grupo de manifestantes, en espera de que se le d\u00e9 a conocer de manera oficial la resoluci\u00f3n de la juez. <\/p>\n<p>Con esta resoluci\u00f3n se espera que se liberen las v\u00edas de comunicaci\u00f3n a Uruapan, especialmente la del bulevard Industrial que se mantiene en bloqueo permanente por parte de los comuneros de Caltzontzin. <\/p>\n<p>Cabe se\u00f1alar que adicional a esta carretera, este mi\u00e9rcoles se sostuvo un bloqueo por dos horas en la libre a P\u00e1tzcuaro y la ma\u00f1ana de este jueves taxistas de la poblaci\u00f3n de San \u00c1ngel Zurumucapio, perteneciente al municipio de Ziracuaretiro, impidieron por 15 minutos la circulaci\u00f3n vehicular en la carretera libre San \u00c1ngel-Uruapa, seg\u00fan lo inform\u00f3 el comandante del Mando Unificado de este municipio.<\/p>\n<blockquote class=\"wp-embedded-content\" data-secret=\"RO3tvqnN5O\"><p><a href=\"https:\/\/www.quadratin.com.mx\/principal\/Sale-libre-bajo-fianza-integrante-del-Consejo-Mayor-de-Caltzontzin\/\">Saldr\u00eda libre bajo fianza integrante del Consejo Mayor de Caltzontzin<\/a><\/p><\/blockquote>\n<p><iframe loading=\"lazy\" class=\"wp-embedded-content\" sandbox=\"allow-scripts\" security=\"restricted\" style=\"position: absolute; clip: rect(1px, 1px, 1px, 1px);\" title=\"&#8220;Saldr\u00eda libre bajo fianza integrante del Consejo Mayor de Caltzontzin&#8221; &#8212; Quadrat\u00edn Michoac\u00e1n\" src=\"https:\/\/www.quadratin.com.mx\/principal\/Sale-libre-bajo-fianza-integrante-del-Consejo-Mayor-de-Caltzontzin\/embed\/#?secret=RO3tvqnN5O\" data-secret=\"RO3tvqnN5O\" width=\"600\" height=\"338\" frameborder=\"0\" marginwidth=\"0\" marginheight=\"0\" scrolling=\"no\"><\/iframe><\/p>\n","protected":false},"excerpt":{"rendered":"<p>URUAPAN, Mich., 16 de abril de 2015.- Despu\u00e9s de varios d\u00edas de movilizaciones por parte de habitantes de Caltzontzin, quienes eran apoyados por normalistas e integrantes de la CNTE, finalmente &hellip; <a href=\"http:\/\/www.grieta.org.mx\/index.php\/2015\/04\/16\/saldria-libre-bajo-fianza-integrante-del-consejo-mayor-de-caltzontzin\/\" class=\"more-link\">Leer m\u00e1s<\/a><\/p>\n","protected":false},"author":1,"featured_media":21928,"comment_status":"closed","ping_status":"open","sticky":false,"template":"","format":"standard","meta":{"ngg_post_thumbnail":0,"_jetpack_newsletter_access":"","_jetpack_dont_email_post_to_subs":false,"_jetpack_newsletter_tier_id":0,"_jetpack_memberships_contains_paywalled_content":false,"_jetpack_memberships_contains_paid_content":false,"footnotes":""},"categories":[80,82],"tags":[465,524,131],"class_list":["post-8858","post","type-post","status-publish","format-standard","has-post-thumbnail","hentry","category-cintillo","category-michoacan","tag-autodefensas","tag-concejo-mayor-caltzontzin","tag-presos-politicos","entry"],"jetpack_featured_media_url":"http:\/\/www.grieta.org.mx\/wp-content\/uploads\/2018\/03\/14524434_1106112876131411_958039263622046936_o.jpg","jetpack_sharing_enabled":true,"jetpack_shortlink":"https:\/\/wp.me\/p7ZJR4-2iS","jetpack_likes_enabled":false,"jetpack-related-posts":[{"id":8845,"url":"http:\/\/www.grieta.org.mx\/index.php\/2015\/04\/14\/normalistas-y-comuneros-exigen-liberacion-de-miembro-del-consejo-mayor-de-caltzontzin\/","url_meta":{"origin":8858,"position":0},"title":"Normalistas y comuneros exigen liberaci\u00f3n de miembro del Consejo Mayor de Caltzontzin","author":"Admin","date":"14 abril, 2015","format":false,"excerpt":"Morelia, Michoac\u00e1n.-Estudiantes normalistas se preparan para una jornada de movilizaciones en la Meseta Pur\u00e9pecha y la capital michoacana, para exigir la liberaci\u00f3n inmediata del Nicol\u00e1s Cervantes, miembro del Consejo Mayor de Caltzontzin, detenido por elementos de la Polic\u00eda Federal la semana pasada. Para este martes tienen programado cerrar distintas vialidades\u2026","rel":"","context":"En &quot;CINTILLO&quot;","block_context":{"text":"CINTILLO","link":"http:\/\/www.grieta.org.mx\/index.php\/category\/cintillo\/"},"img":{"alt_text":"","src":"https:\/\/i0.wp.com\/www.grieta.org.mx\/wp-content\/uploads\/2018\/03\/14524434_1106112876131411_958039263622046936_o.jpg?resize=350%2C200","width":350,"height":200,"srcset":"https:\/\/i0.wp.com\/www.grieta.org.mx\/wp-content\/uploads\/2018\/03\/14524434_1106112876131411_958039263622046936_o.jpg?resize=350%2C200 1x, https:\/\/i0.wp.com\/www.grieta.org.mx\/wp-content\/uploads\/2018\/03\/14524434_1106112876131411_958039263622046936_o.jpg?resize=525%2C300 1.5x, https:\/\/i0.wp.com\/www.grieta.org.mx\/wp-content\/uploads\/2018\/03\/14524434_1106112876131411_958039263622046936_o.jpg?resize=700%2C400 2x"},"classes":[]},{"id":8841,"url":"http:\/\/www.grieta.org.mx\/index.php\/2016\/05\/20\/resistencia-de-las-autodefensas-rurales-en-michoacan\/","url_meta":{"origin":8858,"position":1},"title":"Resistencia y construcci\u00f3n de autonom\u00eda de las comunidades rurales en Michoac\u00e1n","author":"Admin","date":"20 mayo, 2016","format":false,"excerpt":"Lucha de la comunidad ind\u00edgena de Pich\u00e1taro por su autonom\u00eda financiera 20\/05\/16. Pich\u00e1taro tendr\u00e1 gobierno comunal, ordena TEPJF La Voz de Michoac\u00e1n 05\/05\/16. La resistencia en v\u00edas de expandirse en la meseta El Despertar 26\/04\/16. Pich\u00e1taro escribir\u00e1 historia como Cher\u00e1n de obtener fallo favorable del TEPJF Michoac\u00e1n 3.0 El Consejo\u2026","rel":"","context":"En &quot;Michoac\u00e1n&quot;","block_context":{"text":"Michoac\u00e1n","link":"http:\/\/www.grieta.org.mx\/index.php\/category\/noticias-nacionales\/michoacan\/"},"img":{"alt_text":"","src":"https:\/\/i0.wp.com\/www.grieta.org.mx\/wp-content\/uploads\/2018\/03\/14524434_1106112876131411_958039263622046936_o.jpg?resize=350%2C200","width":350,"height":200,"srcset":"https:\/\/i0.wp.com\/www.grieta.org.mx\/wp-content\/uploads\/2018\/03\/14524434_1106112876131411_958039263622046936_o.jpg?resize=350%2C200 1x, https:\/\/i0.wp.com\/www.grieta.org.mx\/wp-content\/uploads\/2018\/03\/14524434_1106112876131411_958039263622046936_o.jpg?resize=525%2C300 1.5x, https:\/\/i0.wp.com\/www.grieta.org.mx\/wp-content\/uploads\/2018\/03\/14524434_1106112876131411_958039263622046936_o.jpg?resize=700%2C400 2x"},"classes":[]},{"id":8851,"url":"http:\/\/www.grieta.org.mx\/index.php\/2014\/02\/22\/comunidad-indigena-caltzontzin-pide-legalizar-su-defensa-rural\/","url_meta":{"origin":8858,"position":2},"title":"Comunidad ind\u00edgena Caltzontzin, pide legalizar su defensa rural","author":"Admin","date":"22 febrero, 2014","format":false,"excerpt":"Se re\u00fanen en Morelia con el comisionado Alfredo Castillo, quien les dice que la petici\u00f3n pasar\u00e1 al Congreso local MORELIA, 22 de febrero.\u2014 Habitantes de la comunidad ind\u00edgena de Caltzontzin, perteneciente al municipio de Uruapan, v\u00edctimas desde hace varios a\u00f1os de extorsiones, secuestros y algunos otros problemas agrarios, decidieron la\u2026","rel":"","context":"En &quot;CINTILLO&quot;","block_context":{"text":"CINTILLO","link":"http:\/\/www.grieta.org.mx\/index.php\/category\/cintillo\/"},"img":{"alt_text":"","src":"https:\/\/i0.wp.com\/www.grieta.org.mx\/wp-content\/uploads\/2018\/03\/14524434_1106112876131411_958039263622046936_o.jpg?resize=350%2C200","width":350,"height":200,"srcset":"https:\/\/i0.wp.com\/www.grieta.org.mx\/wp-content\/uploads\/2018\/03\/14524434_1106112876131411_958039263622046936_o.jpg?resize=350%2C200 1x, https:\/\/i0.wp.com\/www.grieta.org.mx\/wp-content\/uploads\/2018\/03\/14524434_1106112876131411_958039263622046936_o.jpg?resize=525%2C300 1.5x, https:\/\/i0.wp.com\/www.grieta.org.mx\/wp-content\/uploads\/2018\/03\/14524434_1106112876131411_958039263622046936_o.jpg?resize=700%2C400 2x"},"classes":[]},{"id":8848,"url":"http:\/\/www.grieta.org.mx\/index.php\/2015\/04\/10\/detienen-a-integrante-del-consejo-mayor-autonomo-de-caltzonzin\/","url_meta":{"origin":8858,"position":3},"title":"Detienen a integrante del Consejo Mayor Auton\u00f3mo de Caltzonzin","author":"Admin","date":"10 abril, 2015","format":false,"excerpt":"URUAPAN, Mich., 10 de abril de 2015.- Un integrante del Consejo Mayor de Caltzonzin y su acompa\u00f1ante fueron detenidos por elementos de la Polic\u00eda Federal a bordo de un veh\u00edculo presuntamente robado, el cual, seg\u00fan informes policiales, fue reconocido por el due\u00f1o y enseguida alert\u00f3 a los uniformados quienes llevaron\u2026","rel":"","context":"En &quot;CINTILLO&quot;","block_context":{"text":"CINTILLO","link":"http:\/\/www.grieta.org.mx\/index.php\/category\/cintillo\/"},"img":{"alt_text":"","src":"https:\/\/i0.wp.com\/www.grieta.org.mx\/wp-content\/uploads\/2018\/03\/14524434_1106112876131411_958039263622046936_o.jpg?resize=350%2C200","width":350,"height":200,"srcset":"https:\/\/i0.wp.com\/www.grieta.org.mx\/wp-content\/uploads\/2018\/03\/14524434_1106112876131411_958039263622046936_o.jpg?resize=350%2C200 1x, https:\/\/i0.wp.com\/www.grieta.org.mx\/wp-content\/uploads\/2018\/03\/14524434_1106112876131411_958039263622046936_o.jpg?resize=525%2C300 1.5x, https:\/\/i0.wp.com\/www.grieta.org.mx\/wp-content\/uploads\/2018\/03\/14524434_1106112876131411_958039263622046936_o.jpg?resize=700%2C400 2x"},"classes":[]},{"id":64504,"url":"http:\/\/www.grieta.org.mx\/index.php\/2022\/07\/06\/consejo-supremo-indigena-de-michoacan-mantiene-bloqueos-en-al-menos-4-carreteras\/","url_meta":{"origin":8858,"position":4},"title":"Consejo Supremo Ind\u00edgena de Michoac\u00e1n mantiene bloqueos en al menos 4 carreteras","author":"grieta","date":"6 julio, 2022","format":false,"excerpt":"Por Redacci\u00f3n 90 grados, 6 de julio de 2022 Michoac\u00e1n, 6 de julio de 2022.- El Consejo Supremo Ind\u00edgena de Michoac\u00e1n (CSIM) junto con el Consejo Libre y Aut\u00f3nomo de los Pueblos Originarios de Michoac\u00e1n, la Asamblea General Autoridades Ind\u00edgenas de 65 comunidades originarias, mantienen bloqueos esta ma\u00f1ana de mi\u00e9rcoles\u2026","rel":"","context":"En &quot;CINTILLO&quot;","block_context":{"text":"CINTILLO","link":"http:\/\/www.grieta.org.mx\/index.php\/category\/cintillo\/"},"img":{"alt_text":"","src":"https:\/\/i0.wp.com\/www.grieta.org.mx\/wp-content\/uploads\/2022\/07\/0-grande.jpg?resize=350%2C200","width":350,"height":200,"srcset":"https:\/\/i0.wp.com\/www.grieta.org.mx\/wp-content\/uploads\/2022\/07\/0-grande.jpg?resize=350%2C200 1x, https:\/\/i0.wp.com\/www.grieta.org.mx\/wp-content\/uploads\/2022\/07\/0-grande.jpg?resize=525%2C300 1.5x, https:\/\/i0.wp.com\/www.grieta.org.mx\/wp-content\/uploads\/2022\/07\/0-grande.jpg?resize=700%2C400 2x"},"classes":[]},{"id":50487,"url":"http:\/\/www.grieta.org.mx\/index.php\/2020\/06\/06\/ejercito-marina-y-fge-revientan-la-normal-de-arteaga-michoacan\/","url_meta":{"origin":8858,"position":5},"title":"Ej\u00e9rcito, Marina y FGE \u201crevientan\u201d la Normal de Arteaga (Michoac\u00e1n)","author":"grieta","date":"6 junio, 2020","format":false,"excerpt":"Pedro Antonio Aguilar \/ Cuarto Poder, 06 de junio de 2020 Morelia, Mich.-Efectivos del Ej\u00e9rcito, la Marina, Fiscal\u00eda General del Estado (FGE) y de la Polic\u00eda Michoac\u00e1n, irrumpieron este s\u00e1bado en el Centro Regional de Educaci\u00f3n Normal de Arteaga-Michoac\u00e1n (CRENAM), donde recuperaron cuatro veh\u00edculos que fueron \u201csecuestrados\u201d por normalistas en\u2026","rel":"","context":"En &quot;CINTILLO&quot;","block_context":{"text":"CINTILLO","link":"http:\/\/www.grieta.org.mx\/index.php\/category\/cintillo\/"},"img":{"alt_text":"","src":"https:\/\/i0.wp.com\/www.grieta.org.mx\/wp-content\/uploads\/2020\/06\/EjArteaga.jpg?resize=350%2C200","width":350,"height":200,"srcset":"https:\/\/i0.wp.com\/www.grieta.org.mx\/wp-content\/uploads\/2020\/06\/EjArteaga.jpg?resize=350%2C200 1x, https:\/\/i0.wp.com\/www.grieta.org.mx\/wp-content\/uploads\/2020\/06\/EjArteaga.jpg?resize=525%2C300 1.5x"},"classes":[]}],"_links":{"self":[{"href":"http:\/\/www.grieta.org.mx\/index.php\/wp-json\/wp\/v2\/posts\/8858","targetHints":{"allow":["GET"]}}],"collection":[{"href":"http:\/\/www.grieta.org.mx\/index.php\/wp-json\/wp\/v2\/posts"}],"about":[{"href":"http:\/\/www.grieta.org.mx\/index.php\/wp-json\/wp\/v2\/types\/post"}],"author":[{"embeddable":true,"href":"http:\/\/www.grieta.org.mx\/index.php\/wp-json\/wp\/v2\/users\/1"}],"replies":[{"embeddable":true,"href":"http:\/\/www.grieta.org.mx\/index.php\/wp-json\/wp\/v2\/comments?post=8858"}],"version-history":[{"count":1,"href":"http:\/\/www.grieta.org.mx\/index.php\/wp-json\/wp\/v2\/posts\/8858\/revisions"}],"predecessor-version":[{"id":8863,"href":"http:\/\/www.grieta.org.mx\/index.php\/wp-json\/wp\/v2\/posts\/8858\/revisions\/8863"}],"wp:featuredmedia":[{"embeddable":true,"href":"http:\/\/www.grieta.org.mx\/index.php\/wp-json\/wp\/v2\/media\/21928"}],"wp:attachment":[{"href":"http:\/\/www.grieta.org.mx\/index.php\/wp-json\/wp\/v2\/media?parent=8858"}],"wp:term":[{"taxonomy":"category","embeddable":true,"href":"http:\/\/www.grieta.org.mx\/index.php\/wp-json\/wp\/v2\/categories?post=8858"},{"taxonomy":"post_tag","embeddable":true,"href":"http:\/\/www.grieta.org.mx\/index.php\/wp-json\/wp\/v2\/tags?post=8858"}],"curies":[{"name":"wp","href":"https:\/\/api.w.org\/{rel}","templated":true}]}}