{"id":8851,"date":"2014-02-22T04:31:04","date_gmt":"2014-02-22T04:31:04","guid":{"rendered":"http:\/\/50.22.11.12\/~grietaor\/?p=8851"},"modified":"2016-03-31T04:33:48","modified_gmt":"2016-03-31T04:33:48","slug":"comunidad-indigena-caltzontzin-pide-legalizar-su-defensa-rural","status":"publish","type":"post","link":"http:\/\/www.grieta.org.mx\/index.php\/2014\/02\/22\/comunidad-indigena-caltzontzin-pide-legalizar-su-defensa-rural\/","title":{"rendered":"Comunidad ind\u00edgena Caltzontzin, pide legalizar su defensa rural"},"content":{"rendered":"<blockquote><p>Se re\u00fanen en Morelia con el comisionado Alfredo Castillo, quien les dice que la petici\u00f3n pasar\u00e1 al Congreso local<\/p><\/blockquote>\n<p>MORELIA, 22 de febrero.\u2014 Habitantes de la comunidad ind\u00edgena de Caltzontzin, perteneciente al municipio de Uruapan, v\u00edctimas desde hace varios a\u00f1os de extorsiones, secuestros y algunos otros problemas agrarios, decidieron la noche del jueves pasado instaurar la Defensa Rural y el Concejo Mayor Aut\u00f3nomo para combatir la violencia y el crimen organizado.<\/p>\n<p>\u201cNuestros recursos naturales est\u00e1n siendo amenazados. Somos los due\u00f1os de la monta\u00f1a m\u00e1s alta de Michoac\u00e1n, que se conoce como Pico de Tanc\u00edtaro, es un parque nacional, all\u00ed han ido delincuentes, narcotraficantes, y no se respetan nuestros espacios.<\/p>\n<p>\u201cOcupamos que el Estado mexicano haga acciones compensatorias por el agua que producen nuestros bosques, por el aire que producen nuestros bosques, por el uso de nuestro espacio a\u00e9reo\u201d, se\u00f1al\u00f3 M\u00e1ximo Ch\u00e1vez Rosas, miembro del Concejo Mayor Aut\u00f3nomo de Caltzontzin, quien afirm\u00f3 que en su poblaci\u00f3n se han perpetrado al menos seis secuestros.<\/p>\n<p>El representante de la comunidad se traslad\u00f3 a Morelia a pedir audiencia con el comisionado  especial Alfredo Castillo, y solicitarle que su \u201cDefensa Ind\u00edgena Aut\u00f3noma\u201d se legalice.<\/p>\n<p>Afirm\u00f3 que con palos, machetes y garrotes, cuatro pelotones integrados por 12 personas cada uno en este momento hacen guardias y rondines en el poblado. \u201cNo es separaci\u00f3n del Estado, al contrario, es una exigencia de mayor energ\u00eda a que cumplan la responsabilidad de generarle a los pueblos y a las comunidades ind\u00edgenas las condiciones para su desarrollo\u201d, dijo Ch\u00e1vez Rosas.<\/p>\n<p>Agreg\u00f3 que es muy importante que esta agrupaci\u00f3n se diferencie de las autodefensas de la Tierra Caliente. \u201cNuestra defensa ind\u00edgena tiene filosof\u00eda, tiene posici\u00f3n ideol\u00f3gica, tiene contenido filos\u00f3fico, s\u00f3lo queremos que respeten nuestros recursos naturales y nuestro territorio.\u201d<\/p>\n<p>Dijo que anteriormente la comunidad ya contaba con \u201cguardas rurales\u201d, que desaparecieron; dijo que ya han tenido di\u00e1logo con altos mandos del Ej\u00e9rcito y la Polic\u00eda Federal para hacerles la misma petici\u00f3n.<\/p>\n<p>\u201cEstamos en pl\u00e1ticas ya, en dos sesiones&#8230; para correr los procedimientos y que nuestra defensa sea legalmente instalada. No es nuevo para nosotros, nuestras comunidades han contado con defensas rurales, nos las quitaron hace a\u00f1os y hoy queremos reinstalar esa instituci\u00f3n.\u201d<\/p>\n<p>En manos del Legislativo<\/p>\n<p>El comisionado Alfredo Castillo asever\u00f3 que el tema ser\u00e1 tratado con legisladores locales. \u201cEl tema tiene que pasar por el Congreso estatal. Nosotros en este caso somos un facilitador, un interlocutor, y en ese sentido nosotros hablaremos con ellos para hacerles saber esta inquietud que nos fue manifestada el d\u00eda de hoy\u201d, asever\u00f3.<\/p>\n<p>Ch\u00e1vez Rosas declar\u00f3 que la comunidad ind\u00edgena de cerca de seis mil habitantes es muy combativa y, de no ser atendidas sus demandas, las acciones se podr\u00edan radicalizar. \u201cSolicitamos al se\u00f1or Alfredo Castillo que no minimice nuestra acci\u00f3n, por que esta comunidad es muy combativa. Estar\u00edamos haciendo acciones radicales para que el comisionado y gabinete alterno se sienten a platicar con el Concejo Mayor.\u201d<\/p>\n<p>Caltzontzin se encuentra a aproximadamente a 40 minutos de la cabecera municipal de Uruapan, segunda ciudad m\u00e1s grande del estado. Las actividades productivas de los pobladores son la extracci\u00f3n de resina de pinos, producci\u00f3n de aguacate, ma\u00edz y frijol, as\u00ed como la elaboraci\u00f3n y venta de alimentos t\u00edpicos.<\/p>\n<p>En 2011, ind\u00edgenas de Cher\u00e1n se sublevaron contra la violencia del narcotr\u00e1fico y en defensa del bosque. Desde entonces, la asamblea del pueblo se hizo cargo de la seguridad y del gobierno local.<\/p>\n<p>El 22 de diciembre, ante el temor por la llegada de las autodefensas, en San Juan Nuevo Parangaricutiro se puso en marcha el modelo de Polic\u00eda Comunal, con apoyo federal. Un mes despu\u00e9s las autodefensas ingresaron a la demarcaci\u00f3n.<\/p>\n<p>http:\/\/www.excelsior.com.mx\/nacional\/2014\/02\/22\/945127<\/p>\n","protected":false},"excerpt":{"rendered":"<p>Se re\u00fanen en Morelia con el comisionado Alfredo Castillo, quien les dice que la petici\u00f3n pasar\u00e1 al Congreso local MORELIA, 22 de febrero.\u2014 Habitantes de la comunidad ind\u00edgena de Caltzontzin, &hellip; <a href=\"http:\/\/www.grieta.org.mx\/index.php\/2014\/02\/22\/comunidad-indigena-caltzontzin-pide-legalizar-su-defensa-rural\/\" class=\"more-link\">Leer m\u00e1s<\/a><\/p>\n","protected":false},"author":1,"featured_media":21928,"comment_status":"closed","ping_status":"open","sticky":false,"template":"","format":"standard","meta":{"ngg_post_thumbnail":0,"_jetpack_newsletter_access":"","_jetpack_dont_email_post_to_subs":false,"_jetpack_newsletter_tier_id":0,"_jetpack_memberships_contains_paywalled_content":false,"_jetpack_memberships_contains_paid_content":false,"footnotes":""},"categories":[80,82],"tags":[465,524],"class_list":["post-8851","post","type-post","status-publish","format-standard","has-post-thumbnail","hentry","category-cintillo","category-michoacan","tag-autodefensas","tag-concejo-mayor-caltzontzin","entry"],"jetpack_featured_media_url":"http:\/\/www.grieta.org.mx\/wp-content\/uploads\/2018\/03\/14524434_1106112876131411_958039263622046936_o.jpg","jetpack_sharing_enabled":true,"jetpack_shortlink":"https:\/\/wp.me\/p7ZJR4-2iL","jetpack_likes_enabled":false,"jetpack-related-posts":[{"id":8841,"url":"http:\/\/www.grieta.org.mx\/index.php\/2016\/05\/20\/resistencia-de-las-autodefensas-rurales-en-michoacan\/","url_meta":{"origin":8851,"position":0},"title":"Resistencia y construcci\u00f3n de autonom\u00eda de las comunidades rurales en Michoac\u00e1n","author":"Admin","date":"20 mayo, 2016","format":false,"excerpt":"Lucha de la comunidad ind\u00edgena de Pich\u00e1taro por su autonom\u00eda financiera 20\/05\/16. Pich\u00e1taro tendr\u00e1 gobierno comunal, ordena TEPJF La Voz de Michoac\u00e1n 05\/05\/16. La resistencia en v\u00edas de expandirse en la meseta El Despertar 26\/04\/16. Pich\u00e1taro escribir\u00e1 historia como Cher\u00e1n de obtener fallo favorable del TEPJF Michoac\u00e1n 3.0 El Consejo\u2026","rel":"","context":"En &quot;Michoac\u00e1n&quot;","block_context":{"text":"Michoac\u00e1n","link":"http:\/\/www.grieta.org.mx\/index.php\/category\/noticias-nacionales\/michoacan\/"},"img":{"alt_text":"","src":"https:\/\/i0.wp.com\/www.grieta.org.mx\/wp-content\/uploads\/2018\/03\/14524434_1106112876131411_958039263622046936_o.jpg?resize=350%2C200","width":350,"height":200,"srcset":"https:\/\/i0.wp.com\/www.grieta.org.mx\/wp-content\/uploads\/2018\/03\/14524434_1106112876131411_958039263622046936_o.jpg?resize=350%2C200 1x, https:\/\/i0.wp.com\/www.grieta.org.mx\/wp-content\/uploads\/2018\/03\/14524434_1106112876131411_958039263622046936_o.jpg?resize=525%2C300 1.5x, https:\/\/i0.wp.com\/www.grieta.org.mx\/wp-content\/uploads\/2018\/03\/14524434_1106112876131411_958039263622046936_o.jpg?resize=700%2C400 2x"},"classes":[]},{"id":8845,"url":"http:\/\/www.grieta.org.mx\/index.php\/2015\/04\/14\/normalistas-y-comuneros-exigen-liberacion-de-miembro-del-consejo-mayor-de-caltzontzin\/","url_meta":{"origin":8851,"position":1},"title":"Normalistas y comuneros exigen liberaci\u00f3n de miembro del Consejo Mayor de Caltzontzin","author":"Admin","date":"14 abril, 2015","format":false,"excerpt":"Morelia, Michoac\u00e1n.-Estudiantes normalistas se preparan para una jornada de movilizaciones en la Meseta Pur\u00e9pecha y la capital michoacana, para exigir la liberaci\u00f3n inmediata del Nicol\u00e1s Cervantes, miembro del Consejo Mayor de Caltzontzin, detenido por elementos de la Polic\u00eda Federal la semana pasada. Para este martes tienen programado cerrar distintas vialidades\u2026","rel":"","context":"En &quot;CINTILLO&quot;","block_context":{"text":"CINTILLO","link":"http:\/\/www.grieta.org.mx\/index.php\/category\/cintillo\/"},"img":{"alt_text":"","src":"https:\/\/i0.wp.com\/www.grieta.org.mx\/wp-content\/uploads\/2018\/03\/14524434_1106112876131411_958039263622046936_o.jpg?resize=350%2C200","width":350,"height":200,"srcset":"https:\/\/i0.wp.com\/www.grieta.org.mx\/wp-content\/uploads\/2018\/03\/14524434_1106112876131411_958039263622046936_o.jpg?resize=350%2C200 1x, https:\/\/i0.wp.com\/www.grieta.org.mx\/wp-content\/uploads\/2018\/03\/14524434_1106112876131411_958039263622046936_o.jpg?resize=525%2C300 1.5x, https:\/\/i0.wp.com\/www.grieta.org.mx\/wp-content\/uploads\/2018\/03\/14524434_1106112876131411_958039263622046936_o.jpg?resize=700%2C400 2x"},"classes":[]},{"id":8873,"url":"http:\/\/www.grieta.org.mx\/index.php\/2015\/08\/24\/conforman-comunidades-concejo-supremo-indigena-de-michoacan\/","url_meta":{"origin":8851,"position":2},"title":"Conforman comunidades Concejo Supremo Ind\u00edgena de Michoac\u00e1n","author":"Admin","date":"24 agosto, 2015","format":false,"excerpt":"El Concejo Supremo, est\u00e1 encabezado por 14 comunidades y mantiene los principios org\u00e1nicos de ser apartidistas y de nunca negociar de forma individual. Morelia, Michoac\u00e1n.- La conformaci\u00f3n del Concejo Supremo Ind\u00edgena de Michoac\u00e1n, la toma simult\u00e1nea de carreteras estatales el pr\u00f3ximo primero de septiembre, y un llamado a la Comunidad\u2026","rel":"","context":"En &quot;CINTILLO&quot;","block_context":{"text":"CINTILLO","link":"http:\/\/www.grieta.org.mx\/index.php\/category\/cintillo\/"},"img":{"alt_text":"","src":"https:\/\/i0.wp.com\/www.grieta.org.mx\/wp-content\/uploads\/2018\/03\/14524434_1106112876131411_958039263622046936_o.jpg?resize=350%2C200","width":350,"height":200,"srcset":"https:\/\/i0.wp.com\/www.grieta.org.mx\/wp-content\/uploads\/2018\/03\/14524434_1106112876131411_958039263622046936_o.jpg?resize=350%2C200 1x, https:\/\/i0.wp.com\/www.grieta.org.mx\/wp-content\/uploads\/2018\/03\/14524434_1106112876131411_958039263622046936_o.jpg?resize=525%2C300 1.5x, https:\/\/i0.wp.com\/www.grieta.org.mx\/wp-content\/uploads\/2018\/03\/14524434_1106112876131411_958039263622046936_o.jpg?resize=700%2C400 2x"},"classes":[]},{"id":8858,"url":"http:\/\/www.grieta.org.mx\/index.php\/2015\/04\/16\/saldria-libre-bajo-fianza-integrante-del-consejo-mayor-de-caltzontzin\/","url_meta":{"origin":8851,"position":3},"title":"Saldr\u00eda libre bajo fianza integrante del Consejo Mayor de Caltzontzin","author":"Admin","date":"16 abril, 2015","format":false,"excerpt":"URUAPAN, Mich., 16 de abril de 2015.- Despu\u00e9s de varios d\u00edas de movilizaciones por parte de habitantes de Caltzontzin, quienes eran apoyados por normalistas e integrantes de la CNTE, finalmente este jueves le fue dictado el auto de formal prisi\u00f3n a Nicol\u00e1s Cervantes, quien enfrentar\u00e1 su proceso penal en libertad\u2026","rel":"","context":"En &quot;CINTILLO&quot;","block_context":{"text":"CINTILLO","link":"http:\/\/www.grieta.org.mx\/index.php\/category\/cintillo\/"},"img":{"alt_text":"","src":"https:\/\/i0.wp.com\/www.grieta.org.mx\/wp-content\/uploads\/2018\/03\/14524434_1106112876131411_958039263622046936_o.jpg?resize=350%2C200","width":350,"height":200,"srcset":"https:\/\/i0.wp.com\/www.grieta.org.mx\/wp-content\/uploads\/2018\/03\/14524434_1106112876131411_958039263622046936_o.jpg?resize=350%2C200 1x, https:\/\/i0.wp.com\/www.grieta.org.mx\/wp-content\/uploads\/2018\/03\/14524434_1106112876131411_958039263622046936_o.jpg?resize=525%2C300 1.5x, https:\/\/i0.wp.com\/www.grieta.org.mx\/wp-content\/uploads\/2018\/03\/14524434_1106112876131411_958039263622046936_o.jpg?resize=700%2C400 2x"},"classes":[]},{"id":64504,"url":"http:\/\/www.grieta.org.mx\/index.php\/2022\/07\/06\/consejo-supremo-indigena-de-michoacan-mantiene-bloqueos-en-al-menos-4-carreteras\/","url_meta":{"origin":8851,"position":4},"title":"Consejo Supremo Ind\u00edgena de Michoac\u00e1n mantiene bloqueos en al menos 4 carreteras","author":"grieta","date":"6 julio, 2022","format":false,"excerpt":"Por Redacci\u00f3n 90 grados, 6 de julio de 2022 Michoac\u00e1n, 6 de julio de 2022.- El Consejo Supremo Ind\u00edgena de Michoac\u00e1n (CSIM) junto con el Consejo Libre y Aut\u00f3nomo de los Pueblos Originarios de Michoac\u00e1n, la Asamblea General Autoridades Ind\u00edgenas de 65 comunidades originarias, mantienen bloqueos esta ma\u00f1ana de mi\u00e9rcoles\u2026","rel":"","context":"En &quot;CINTILLO&quot;","block_context":{"text":"CINTILLO","link":"http:\/\/www.grieta.org.mx\/index.php\/category\/cintillo\/"},"img":{"alt_text":"","src":"https:\/\/i0.wp.com\/www.grieta.org.mx\/wp-content\/uploads\/2022\/07\/0-grande.jpg?resize=350%2C200","width":350,"height":200,"srcset":"https:\/\/i0.wp.com\/www.grieta.org.mx\/wp-content\/uploads\/2022\/07\/0-grande.jpg?resize=350%2C200 1x, https:\/\/i0.wp.com\/www.grieta.org.mx\/wp-content\/uploads\/2022\/07\/0-grande.jpg?resize=525%2C300 1.5x, https:\/\/i0.wp.com\/www.grieta.org.mx\/wp-content\/uploads\/2022\/07\/0-grande.jpg?resize=700%2C400 2x"},"classes":[]},{"id":8868,"url":"http:\/\/www.grieta.org.mx\/index.php\/2016\/03\/19\/acusa-consejo-indigena-campana-de-criminalizacion-en-contra-de-comuneros\/","url_meta":{"origin":8851,"position":5},"title":"Acusa Consejo Ind\u00edgena campa\u00f1a de criminalizaci\u00f3n en contra de comuneros","author":"Admin","date":"19 marzo, 2016","format":false,"excerpt":"MORELIA, Mich., 19 de marzo de 2016.- A trav\u00e9s de una carta, el Consejo Supremo Ind\u00edgena de Michoac\u00e1n denunci\u00f3 una campa\u00f1a de criminalizaci\u00f3n en contra de algunos de sus integrantes y asesores, por lo que exigieron se frenen estas agresiones. A continuaci\u00f3n el texto \u00edntegro del documento: El Consejo Supremo\u2026","rel":"","context":"En &quot;CINTILLO&quot;","block_context":{"text":"CINTILLO","link":"http:\/\/www.grieta.org.mx\/index.php\/category\/cintillo\/"},"img":{"alt_text":"","src":"https:\/\/i0.wp.com\/www.grieta.org.mx\/wp-content\/uploads\/2018\/03\/14524434_1106112876131411_958039263622046936_o.jpg?resize=350%2C200","width":350,"height":200,"srcset":"https:\/\/i0.wp.com\/www.grieta.org.mx\/wp-content\/uploads\/2018\/03\/14524434_1106112876131411_958039263622046936_o.jpg?resize=350%2C200 1x, https:\/\/i0.wp.com\/www.grieta.org.mx\/wp-content\/uploads\/2018\/03\/14524434_1106112876131411_958039263622046936_o.jpg?resize=525%2C300 1.5x, https:\/\/i0.wp.com\/www.grieta.org.mx\/wp-content\/uploads\/2018\/03\/14524434_1106112876131411_958039263622046936_o.jpg?resize=700%2C400 2x"},"classes":[]}],"_links":{"self":[{"href":"http:\/\/www.grieta.org.mx\/index.php\/wp-json\/wp\/v2\/posts\/8851","targetHints":{"allow":["GET"]}}],"collection":[{"href":"http:\/\/www.grieta.org.mx\/index.php\/wp-json\/wp\/v2\/posts"}],"about":[{"href":"http:\/\/www.grieta.org.mx\/index.php\/wp-json\/wp\/v2\/types\/post"}],"author":[{"embeddable":true,"href":"http:\/\/www.grieta.org.mx\/index.php\/wp-json\/wp\/v2\/users\/1"}],"replies":[{"embeddable":true,"href":"http:\/\/www.grieta.org.mx\/index.php\/wp-json\/wp\/v2\/comments?post=8851"}],"version-history":[{"count":1,"href":"http:\/\/www.grieta.org.mx\/index.php\/wp-json\/wp\/v2\/posts\/8851\/revisions"}],"predecessor-version":[{"id":8856,"href":"http:\/\/www.grieta.org.mx\/index.php\/wp-json\/wp\/v2\/posts\/8851\/revisions\/8856"}],"wp:featuredmedia":[{"embeddable":true,"href":"http:\/\/www.grieta.org.mx\/index.php\/wp-json\/wp\/v2\/media\/21928"}],"wp:attachment":[{"href":"http:\/\/www.grieta.org.mx\/index.php\/wp-json\/wp\/v2\/media?parent=8851"}],"wp:term":[{"taxonomy":"category","embeddable":true,"href":"http:\/\/www.grieta.org.mx\/index.php\/wp-json\/wp\/v2\/categories?post=8851"},{"taxonomy":"post_tag","embeddable":true,"href":"http:\/\/www.grieta.org.mx\/index.php\/wp-json\/wp\/v2\/tags?post=8851"}],"curies":[{"name":"wp","href":"https:\/\/api.w.org\/{rel}","templated":true}]}}