{"id":8845,"date":"2015-04-14T04:26:46","date_gmt":"2015-04-14T04:26:46","guid":{"rendered":"http:\/\/50.22.11.12\/~grietaor\/?p=8845"},"modified":"2016-03-31T04:28:35","modified_gmt":"2016-03-31T04:28:35","slug":"normalistas-y-comuneros-exigen-liberacion-de-miembro-del-consejo-mayor-de-caltzontzin","status":"publish","type":"post","link":"http:\/\/www.grieta.org.mx\/index.php\/2015\/04\/14\/normalistas-y-comuneros-exigen-liberacion-de-miembro-del-consejo-mayor-de-caltzontzin\/","title":{"rendered":"Normalistas y comuneros exigen liberaci\u00f3n de miembro del Consejo Mayor de Caltzontzin"},"content":{"rendered":"<p>Morelia, Michoac\u00e1n.-Estudiantes normalistas se preparan para una jornada de movilizaciones en la Meseta Pur\u00e9pecha y la capital michoacana, para exigir la liberaci\u00f3n inmediata del Nicol\u00e1s Cervantes, miembro del Consejo Mayor de Caltzontzin, detenido por elementos de la Polic\u00eda Federal la semana pasada.<\/p>\n<p>Para este martes tienen programado cerrar distintas vialidades cercanas al municipio de Uruapan, otros marchar\u00e1n en la capital michoacana y un contingente m\u00e1s acudir\u00e1 a la comunidad de Caltzontzin a brindar apoyo a la poblaci\u00f3n.<\/p>\n<p>Las autoridades de Seguridad P\u00fablica acusan de robo a Nicol\u00e1s Cervantes, aunque a decir de los estudiantes normalistas y comuneros de Caltzontzin, se trata de una detenci\u00f3n orquestada en contra de qui\u00e9n es uno de los principales l\u00edderes de la comunidad ind\u00edgena asentada en las orillas del municipio de Uruapan.<\/p>\n<p>Cervantes es miembro del Consejo Mayor de la comunicad de Caltzontzin, se ha distinguido por apoyar las causas sociales y un amplio activismo social en favor de las causas de su pueblo y los estudiantes, por eso ahora los normalistas responden a la petici\u00f3n lanzada por la comunidad de exigir su liberaci\u00f3n.<\/p>\n<p>A tres d\u00edas de mantener un plant\u00f3n frente al penal de Uruapan, la comunidad no ha logrado un acuerdo con el Gobierno del Estado, encabezado por Salvador Jara, quien andaba de viaje por el Continente Europeo.<\/p>\n<p>Ante esta indiferencia del gobernador el pueblo unido realizar\u00e1 actividades en estas dos ciudades, adem\u00e1s de que buscan que el movimiento se multipliqu\u00e9 en el puerto de L\u00e1zaro C\u00e1rdenas y Zamora.<\/p>\n<p>Al momento los normal suyas est\u00e1n retejiendo camiones a la altura de tiro perito para movilizarse, los pasajeros son subidos a otras unidades para no afectarlos; cabe deshacer que el tramo carretero frente a Tiripet\u00edo tampoco est\u00e1 cerrado.<\/p>\n<p>http:\/\/michoacantrespuntocero.com\/normalistas-y-comuneros-exigen-liberacion-de-miembro-del-consejo-mayor-de-caltzontzin\/<\/p>\n","protected":false},"excerpt":{"rendered":"<p>Morelia, Michoac\u00e1n.-Estudiantes normalistas se preparan para una jornada de movilizaciones en la Meseta Pur\u00e9pecha y la capital michoacana, para exigir la liberaci\u00f3n inmediata del Nicol\u00e1s Cervantes, miembro del Consejo Mayor &hellip; <a href=\"http:\/\/www.grieta.org.mx\/index.php\/2015\/04\/14\/normalistas-y-comuneros-exigen-liberacion-de-miembro-del-consejo-mayor-de-caltzontzin\/\" class=\"more-link\">Leer m\u00e1s<\/a><\/p>\n","protected":false},"author":1,"featured_media":21928,"comment_status":"closed","ping_status":"open","sticky":false,"template":"","format":"standard","meta":{"ngg_post_thumbnail":0,"_jetpack_newsletter_access":"","_jetpack_dont_email_post_to_subs":false,"_jetpack_newsletter_tier_id":0,"_jetpack_memberships_contains_paywalled_content":false,"_jetpack_memberships_contains_paid_content":false,"footnotes":""},"categories":[80,82],"tags":[465,524],"class_list":["post-8845","post","type-post","status-publish","format-standard","has-post-thumbnail","hentry","category-cintillo","category-michoacan","tag-autodefensas","tag-concejo-mayor-caltzontzin","entry"],"jetpack_featured_media_url":"http:\/\/www.grieta.org.mx\/wp-content\/uploads\/2018\/03\/14524434_1106112876131411_958039263622046936_o.jpg","jetpack_sharing_enabled":true,"jetpack_shortlink":"https:\/\/wp.me\/p7ZJR4-2iF","jetpack_likes_enabled":false,"jetpack-related-posts":[{"id":8841,"url":"http:\/\/www.grieta.org.mx\/index.php\/2016\/05\/20\/resistencia-de-las-autodefensas-rurales-en-michoacan\/","url_meta":{"origin":8845,"position":0},"title":"Resistencia y construcci\u00f3n de autonom\u00eda de las comunidades rurales en Michoac\u00e1n","author":"Admin","date":"20 mayo, 2016","format":false,"excerpt":"Lucha de la comunidad ind\u00edgena de Pich\u00e1taro por su autonom\u00eda financiera 20\/05\/16. Pich\u00e1taro tendr\u00e1 gobierno comunal, ordena TEPJF La Voz de Michoac\u00e1n 05\/05\/16. La resistencia en v\u00edas de expandirse en la meseta El Despertar 26\/04\/16. Pich\u00e1taro escribir\u00e1 historia como Cher\u00e1n de obtener fallo favorable del TEPJF Michoac\u00e1n 3.0 El Consejo\u2026","rel":"","context":"En &quot;Michoac\u00e1n&quot;","block_context":{"text":"Michoac\u00e1n","link":"http:\/\/www.grieta.org.mx\/index.php\/category\/noticias-nacionales\/michoacan\/"},"img":{"alt_text":"","src":"https:\/\/i0.wp.com\/www.grieta.org.mx\/wp-content\/uploads\/2018\/03\/14524434_1106112876131411_958039263622046936_o.jpg?resize=350%2C200","width":350,"height":200,"srcset":"https:\/\/i0.wp.com\/www.grieta.org.mx\/wp-content\/uploads\/2018\/03\/14524434_1106112876131411_958039263622046936_o.jpg?resize=350%2C200 1x, https:\/\/i0.wp.com\/www.grieta.org.mx\/wp-content\/uploads\/2018\/03\/14524434_1106112876131411_958039263622046936_o.jpg?resize=525%2C300 1.5x, https:\/\/i0.wp.com\/www.grieta.org.mx\/wp-content\/uploads\/2018\/03\/14524434_1106112876131411_958039263622046936_o.jpg?resize=700%2C400 2x"},"classes":[]},{"id":8858,"url":"http:\/\/www.grieta.org.mx\/index.php\/2015\/04\/16\/saldria-libre-bajo-fianza-integrante-del-consejo-mayor-de-caltzontzin\/","url_meta":{"origin":8845,"position":1},"title":"Saldr\u00eda libre bajo fianza integrante del Consejo Mayor de Caltzontzin","author":"Admin","date":"16 abril, 2015","format":false,"excerpt":"URUAPAN, Mich., 16 de abril de 2015.- Despu\u00e9s de varios d\u00edas de movilizaciones por parte de habitantes de Caltzontzin, quienes eran apoyados por normalistas e integrantes de la CNTE, finalmente este jueves le fue dictado el auto de formal prisi\u00f3n a Nicol\u00e1s Cervantes, quien enfrentar\u00e1 su proceso penal en libertad\u2026","rel":"","context":"En &quot;CINTILLO&quot;","block_context":{"text":"CINTILLO","link":"http:\/\/www.grieta.org.mx\/index.php\/category\/cintillo\/"},"img":{"alt_text":"","src":"https:\/\/i0.wp.com\/www.grieta.org.mx\/wp-content\/uploads\/2018\/03\/14524434_1106112876131411_958039263622046936_o.jpg?resize=350%2C200","width":350,"height":200,"srcset":"https:\/\/i0.wp.com\/www.grieta.org.mx\/wp-content\/uploads\/2018\/03\/14524434_1106112876131411_958039263622046936_o.jpg?resize=350%2C200 1x, https:\/\/i0.wp.com\/www.grieta.org.mx\/wp-content\/uploads\/2018\/03\/14524434_1106112876131411_958039263622046936_o.jpg?resize=525%2C300 1.5x, https:\/\/i0.wp.com\/www.grieta.org.mx\/wp-content\/uploads\/2018\/03\/14524434_1106112876131411_958039263622046936_o.jpg?resize=700%2C400 2x"},"classes":[]},{"id":8848,"url":"http:\/\/www.grieta.org.mx\/index.php\/2015\/04\/10\/detienen-a-integrante-del-consejo-mayor-autonomo-de-caltzonzin\/","url_meta":{"origin":8845,"position":2},"title":"Detienen a integrante del Consejo Mayor Auton\u00f3mo de Caltzonzin","author":"Admin","date":"10 abril, 2015","format":false,"excerpt":"URUAPAN, Mich., 10 de abril de 2015.- Un integrante del Consejo Mayor de Caltzonzin y su acompa\u00f1ante fueron detenidos por elementos de la Polic\u00eda Federal a bordo de un veh\u00edculo presuntamente robado, el cual, seg\u00fan informes policiales, fue reconocido por el due\u00f1o y enseguida alert\u00f3 a los uniformados quienes llevaron\u2026","rel":"","context":"En &quot;CINTILLO&quot;","block_context":{"text":"CINTILLO","link":"http:\/\/www.grieta.org.mx\/index.php\/category\/cintillo\/"},"img":{"alt_text":"","src":"https:\/\/i0.wp.com\/www.grieta.org.mx\/wp-content\/uploads\/2018\/03\/14524434_1106112876131411_958039263622046936_o.jpg?resize=350%2C200","width":350,"height":200,"srcset":"https:\/\/i0.wp.com\/www.grieta.org.mx\/wp-content\/uploads\/2018\/03\/14524434_1106112876131411_958039263622046936_o.jpg?resize=350%2C200 1x, https:\/\/i0.wp.com\/www.grieta.org.mx\/wp-content\/uploads\/2018\/03\/14524434_1106112876131411_958039263622046936_o.jpg?resize=525%2C300 1.5x, https:\/\/i0.wp.com\/www.grieta.org.mx\/wp-content\/uploads\/2018\/03\/14524434_1106112876131411_958039263622046936_o.jpg?resize=700%2C400 2x"},"classes":[]},{"id":8851,"url":"http:\/\/www.grieta.org.mx\/index.php\/2014\/02\/22\/comunidad-indigena-caltzontzin-pide-legalizar-su-defensa-rural\/","url_meta":{"origin":8845,"position":3},"title":"Comunidad ind\u00edgena Caltzontzin, pide legalizar su defensa rural","author":"Admin","date":"22 febrero, 2014","format":false,"excerpt":"Se re\u00fanen en Morelia con el comisionado Alfredo Castillo, quien les dice que la petici\u00f3n pasar\u00e1 al Congreso local MORELIA, 22 de febrero.\u2014 Habitantes de la comunidad ind\u00edgena de Caltzontzin, perteneciente al municipio de Uruapan, v\u00edctimas desde hace varios a\u00f1os de extorsiones, secuestros y algunos otros problemas agrarios, decidieron la\u2026","rel":"","context":"En &quot;CINTILLO&quot;","block_context":{"text":"CINTILLO","link":"http:\/\/www.grieta.org.mx\/index.php\/category\/cintillo\/"},"img":{"alt_text":"","src":"https:\/\/i0.wp.com\/www.grieta.org.mx\/wp-content\/uploads\/2018\/03\/14524434_1106112876131411_958039263622046936_o.jpg?resize=350%2C200","width":350,"height":200,"srcset":"https:\/\/i0.wp.com\/www.grieta.org.mx\/wp-content\/uploads\/2018\/03\/14524434_1106112876131411_958039263622046936_o.jpg?resize=350%2C200 1x, https:\/\/i0.wp.com\/www.grieta.org.mx\/wp-content\/uploads\/2018\/03\/14524434_1106112876131411_958039263622046936_o.jpg?resize=525%2C300 1.5x, https:\/\/i0.wp.com\/www.grieta.org.mx\/wp-content\/uploads\/2018\/03\/14524434_1106112876131411_958039263622046936_o.jpg?resize=700%2C400 2x"},"classes":[]},{"id":48607,"url":"http:\/\/www.grieta.org.mx\/index.php\/2020\/04\/28\/policias-le-disparan-a-estudiantes-normalistas-en-michoacan\/","url_meta":{"origin":8845,"position":4},"title":"Polic\u00edas le disparan a estudiantes normalistas en Michoac\u00e1n","author":"grieta","date":"28 abril, 2020","format":false,"excerpt":"Los normalistas viajaban a bordo de un autob\u00fas cuando fueron atacados por elementos policiacos INFO7, Michoac\u00e1n EFE - 28 de abril de 2020 Michoac\u00e1n.- Polic\u00edas del estado de Michoac\u00e1n dispararon a estudiantes normalistas, quienes viajaban en autob\u00fas de pasajeros que previamente hab\u00edan tomado, luego de que ignoraron un puesto de\u2026","rel":"","context":"En &quot;CINTILLO&quot;","block_context":{"text":"CINTILLO","link":"http:\/\/www.grieta.org.mx\/index.php\/category\/cintillo\/"},"img":{"alt_text":"","src":"https:\/\/i0.wp.com\/www.grieta.org.mx\/wp-content\/uploads\/2018\/03\/14524434_1106112876131411_958039263622046936_o.jpg?resize=350%2C200","width":350,"height":200,"srcset":"https:\/\/i0.wp.com\/www.grieta.org.mx\/wp-content\/uploads\/2018\/03\/14524434_1106112876131411_958039263622046936_o.jpg?resize=350%2C200 1x, https:\/\/i0.wp.com\/www.grieta.org.mx\/wp-content\/uploads\/2018\/03\/14524434_1106112876131411_958039263622046936_o.jpg?resize=525%2C300 1.5x, https:\/\/i0.wp.com\/www.grieta.org.mx\/wp-content\/uploads\/2018\/03\/14524434_1106112876131411_958039263622046936_o.jpg?resize=700%2C400 2x"},"classes":[]},{"id":7408,"url":"http:\/\/www.grieta.org.mx\/index.php\/2015\/12\/14\/intensifican-la-lucha-por-liberar-a-los-52-normalistas-de-michoacan\/","url_meta":{"origin":8845,"position":5},"title":"Intensifican la lucha por liberar a los 52 normalistas de Michoac\u00e1n","author":"Admin","date":"14 diciembre, 2015","format":false,"excerpt":"Marchas, bloqueos y plantones de estudiantes, profesores y padres de familia Morelia, Mich. Normalistas, padres de familia y maestros de la Coordinadora Nacional de Trabajadores de la Educaci\u00f3n (CNTE) intensificaron la lucha para exigir a las autoridades federales la liberaci\u00f3n de 52 estudiantes detenidos el 7 de diciembre, cuando fueron\u2026","rel":"","context":"En &quot;CINTILLO&quot;","block_context":{"text":"CINTILLO","link":"http:\/\/www.grieta.org.mx\/index.php\/category\/cintillo\/"},"img":{"alt_text":"","src":"https:\/\/i0.wp.com\/www.grieta.org.mx\/wp-content\/uploads\/2018\/03\/14524434_1106112876131411_958039263622046936_o.jpg?resize=350%2C200","width":350,"height":200,"srcset":"https:\/\/i0.wp.com\/www.grieta.org.mx\/wp-content\/uploads\/2018\/03\/14524434_1106112876131411_958039263622046936_o.jpg?resize=350%2C200 1x, https:\/\/i0.wp.com\/www.grieta.org.mx\/wp-content\/uploads\/2018\/03\/14524434_1106112876131411_958039263622046936_o.jpg?resize=525%2C300 1.5x, https:\/\/i0.wp.com\/www.grieta.org.mx\/wp-content\/uploads\/2018\/03\/14524434_1106112876131411_958039263622046936_o.jpg?resize=700%2C400 2x"},"classes":[]}],"_links":{"self":[{"href":"http:\/\/www.grieta.org.mx\/index.php\/wp-json\/wp\/v2\/posts\/8845","targetHints":{"allow":["GET"]}}],"collection":[{"href":"http:\/\/www.grieta.org.mx\/index.php\/wp-json\/wp\/v2\/posts"}],"about":[{"href":"http:\/\/www.grieta.org.mx\/index.php\/wp-json\/wp\/v2\/types\/post"}],"author":[{"embeddable":true,"href":"http:\/\/www.grieta.org.mx\/index.php\/wp-json\/wp\/v2\/users\/1"}],"replies":[{"embeddable":true,"href":"http:\/\/www.grieta.org.mx\/index.php\/wp-json\/wp\/v2\/comments?post=8845"}],"version-history":[{"count":1,"href":"http:\/\/www.grieta.org.mx\/index.php\/wp-json\/wp\/v2\/posts\/8845\/revisions"}],"predecessor-version":[{"id":8847,"href":"http:\/\/www.grieta.org.mx\/index.php\/wp-json\/wp\/v2\/posts\/8845\/revisions\/8847"}],"wp:featuredmedia":[{"embeddable":true,"href":"http:\/\/www.grieta.org.mx\/index.php\/wp-json\/wp\/v2\/media\/21928"}],"wp:attachment":[{"href":"http:\/\/www.grieta.org.mx\/index.php\/wp-json\/wp\/v2\/media?parent=8845"}],"wp:term":[{"taxonomy":"category","embeddable":true,"href":"http:\/\/www.grieta.org.mx\/index.php\/wp-json\/wp\/v2\/categories?post=8845"},{"taxonomy":"post_tag","embeddable":true,"href":"http:\/\/www.grieta.org.mx\/index.php\/wp-json\/wp\/v2\/tags?post=8845"}],"curies":[{"name":"wp","href":"https:\/\/api.w.org\/{rel}","templated":true}]}}