{"id":8841,"date":"2016-05-20T04:13:14","date_gmt":"2016-05-20T04:13:14","guid":{"rendered":"http:\/\/50.22.11.12\/~grietaor\/?p=8841"},"modified":"2016-05-25T21:28:13","modified_gmt":"2016-05-25T21:28:13","slug":"resistencia-de-las-autodefensas-rurales-en-michoacan","status":"publish","type":"post","link":"http:\/\/www.grieta.org.mx\/index.php\/2016\/05\/20\/resistencia-de-las-autodefensas-rurales-en-michoacan\/","title":{"rendered":"Resistencia y construcci\u00f3n de autonom\u00eda de las comunidades rurales en Michoac\u00e1n"},"content":{"rendered":"<hr \/>\n<p><subtit>Lucha de la comunidad ind\u00edgena de Pich\u00e1taro por su autonom\u00eda financiera<br \/>\n<\/subtit><\/p>\n<hr \/>\n<p><strong>20\/05\/16. <\/strong><a href=\"http:\/\/www.grieta.org.mx\/index.php\/2016\/05\/20\/pichataro-tendra-gobierno-comunal-ordena-tepjf\/\">Pich\u00e1taro tendr\u00e1 gobierno comunal, ordena TEPJF<\/a><br \/>\n<em>La Voz de Michoac\u00e1n<\/em><\/p>\n<p><strong>05\/05\/16. <\/strong><a href=\"http:\/\/www.grieta.org.mx\/index.php\/2016\/05\/05\/la-resistencia-en-vias-de-expandirse-en-la-meseta\/\">La resistencia en v\u00edas de expandirse en la meseta<\/a><br \/>\n<em>El Despertar<\/em><\/p>\n<p><strong>26\/04\/16. <\/strong><a href=\"http:\/\/www.grieta.org.mx\/index.php\/2016\/04\/26\/pichataro-escribira-historia-como-cheran-de-obtener-fallo-favorable-del-tepjf\/\">Pich\u00e1taro escribir\u00e1 historia como Cher\u00e1n de obtener fallo favorable del TEPJF<\/a><br \/>\n<em>Michoac\u00e1n 3.0<\/em><\/p>\n<hr \/>\n<p><subtit>El Consejo Supremo Ind\u00edgena de Michoac\u00e1n denuncia una campa\u00f1a de criminalizaci\u00f3n en contra de comuneros<br \/>\n<\/subtit><\/p>\n<hr \/>\n<p><strong>19\/03\/16. <\/strong><a href=\"http:\/\/grieta.org.mx\/index.php\/2016\/03\/19\/acusa-consejo-indigena-campana-de-criminalizacion-en-contra-de-comuneros\/\">Acusa Consejo Ind\u00edgena campa\u00f1a de criminalizaci\u00f3n en contra de comuneros<\/a><br \/>\n<em>Quadrat\u00edn<\/em><\/p>\n<p><strong>16\/04\/15. <\/strong><a href=\"http:\/\/grieta.org.mx\/index.php\/2015\/08\/24\/conforman-comunidades-concejo-supremo-indigena-de-michoacan\/\">Conforman comunidades Concejo Supremo Ind\u00edgena de Michoac\u00e1n<\/a><br \/>\n<em>Cambio de Michoac\u00e1n<\/em><\/p>\n<hr \/>\n<p><subtit>Detienen a integrante del Consejo Mayor Auton\u00f3mo de Caltzonzin<\/subtit><\/p>\n<hr \/>\n<p><strong>16\/04\/15. <\/strong><a href=\"http:\/\/grieta.org.mx\/index.php\/2015\/04\/16\/saldria-libre-bajo-fianza-integrante-del-consejo-mayor-de-caltzontzin\/\">Saldr\u00eda libre bajo fianza integrante del Consejo Mayor de Caltzontzin<\/a><br \/>\n<em>Quadrat\u00edn<\/em><\/p>\n<p><strong>14\/04\/15. <\/strong><a href=\"http:\/\/grieta.org.mx\/index.php\/2015\/04\/14\/normalistas-y-comuneros-exigen-liberacion-de-miembro-del-consejo-mayor-de-caltzontzin\/\">Normalistas y comuneros exigen liberaci\u00f3n de miembro del Consejo Mayor de Caltzontzin<\/a><br \/>\n<em>Revoluci\u00f3n 3.0 Michoac\u00e1n<\/em><\/p>\n<p><strong>10\/04\/15. <\/strong><a href=\"http:\/\/grieta.org.mx\/index.php\/2015\/04\/10\/detienen-a-integrante-del-consejo-mayor-autonomo-de-caltzonzin\/\">Detienen a integrante del Consejo Mayor Auton\u00f3mo de Caltzonzin<\/a><br \/>\n<em>Quadratin<\/em><\/p>\n<p><strong>22\/02\/14. <\/strong><a href=\"http:\/\/grieta.org.mx\/index.php\/2014\/02\/22\/comunidad-indigena-caltzontzin-pide-legalizar-su-defensa-rural\/\">Comunidad ind\u00edgena Caltzontzin, pide legalizar su defensa rural<\/a><br \/>\n<em>Excelsior<\/em><\/p>\n","protected":false},"excerpt":{"rendered":"<p>Lucha de la comunidad ind\u00edgena de Pich\u00e1taro por su autonom\u00eda financiera 20\/05\/16. Pich\u00e1taro tendr\u00e1 gobierno comunal, ordena TEPJF La Voz de Michoac\u00e1n 05\/05\/16. La resistencia en v\u00edas de expandirse en &hellip; <a href=\"http:\/\/www.grieta.org.mx\/index.php\/2016\/05\/20\/resistencia-de-las-autodefensas-rurales-en-michoacan\/\" class=\"more-link\">Leer m\u00e1s<\/a><\/p>\n","protected":false},"author":1,"featured_media":21928,"comment_status":"closed","ping_status":"open","sticky":false,"template":"","format":"standard","meta":{"ngg_post_thumbnail":0,"_jetpack_newsletter_access":"","_jetpack_dont_email_post_to_subs":false,"_jetpack_newsletter_tier_id":0,"_jetpack_memberships_contains_paywalled_content":false,"_jetpack_memberships_contains_paid_content":false,"footnotes":""},"categories":[21,2],"tags":[],"class_list":["post-8841","post","type-post","status-publish","format-standard","has-post-thumbnail","hentry","category-michoacan","category-noticias-nacionales","entry"],"jetpack_featured_media_url":"http:\/\/www.grieta.org.mx\/wp-content\/uploads\/2018\/03\/14524434_1106112876131411_958039263622046936_o.jpg","jetpack_sharing_enabled":true,"jetpack_shortlink":"https:\/\/wp.me\/p7ZJR4-2iB","jetpack_likes_enabled":false,"jetpack-related-posts":[{"id":12944,"url":"http:\/\/www.grieta.org.mx\/index.php\/2016\/05\/20\/pichataro-tendra-gobierno-comunal-ordena-tepjf\/","url_meta":{"origin":8841,"position":0},"title":"Pich\u00e1taro tendr\u00e1 gobierno comunal, ordena TEPJF","author":"grieta","date":"20 mayo, 2016","format":false,"excerpt":"Guadalupe Mart\u00ednez Pich\u00e1taro, Michoac\u00e1n.- Tras un reconocimiento a los pueblos y comunidades ind\u00edgenas para proveer de recursos econ\u00f3micos de manera aut\u00f3noma, la Sala Superior del Tribunal Electoral del Poder Judicial de la Federaci\u00f3n (TEPJF) emiti\u00f3 el fallo a favor de San Francisco Pich\u00e1taro en el municipio de Tingambato a fin\u2026","rel":"","context":"En &quot;CINTILLO&quot;","block_context":{"text":"CINTILLO","link":"http:\/\/www.grieta.org.mx\/index.php\/category\/cintillo\/"},"img":{"alt_text":"","src":"https:\/\/i0.wp.com\/www.grieta.org.mx\/wp-content\/uploads\/2018\/03\/14524434_1106112876131411_958039263622046936_o.jpg?resize=350%2C200","width":350,"height":200,"srcset":"https:\/\/i0.wp.com\/www.grieta.org.mx\/wp-content\/uploads\/2018\/03\/14524434_1106112876131411_958039263622046936_o.jpg?resize=350%2C200 1x, https:\/\/i0.wp.com\/www.grieta.org.mx\/wp-content\/uploads\/2018\/03\/14524434_1106112876131411_958039263622046936_o.jpg?resize=525%2C300 1.5x, https:\/\/i0.wp.com\/www.grieta.org.mx\/wp-content\/uploads\/2018\/03\/14524434_1106112876131411_958039263622046936_o.jpg?resize=700%2C400 2x"},"classes":[]},{"id":56568,"url":"http:\/\/www.grieta.org.mx\/index.php\/2021\/01\/18\/comunidades-defenderan-en-tribunales-la-no-instalacion-de-casillas-michoacan\/","url_meta":{"origin":8841,"position":1},"title":"Comunidades defender\u00e1n en tribunales la no instalaci\u00f3n de casillas  (Michoac\u00e1n)","author":"grieta","date":"18 enero, 2021","format":false,"excerpt":"Las poblaciones ind\u00edgenas de Arantepacua, San Felipe de los Herreros, Pichataro y Cher\u00e1n le notificaron al INE su negativa ante las presiones \u00d3scar Guerrero | El Sol de Morelia, 18 de enero de 2021 Morelia, Michoac\u00e1n-(OEM-Infomex).-Las comunidades ind\u00edgenas de Arantepacua, San Felipe de los Herreros, Pichataro y Cher\u00e1n le notificaron\u2026","rel":"","context":"En &quot;CINTILLO&quot;","block_context":{"text":"CINTILLO","link":"http:\/\/www.grieta.org.mx\/index.php\/category\/cintillo\/"},"img":{"alt_text":"","src":"https:\/\/i0.wp.com\/www.grieta.org.mx\/wp-content\/uploads\/2021\/01\/INE.jpg?resize=350%2C200","width":350,"height":200,"srcset":"https:\/\/i0.wp.com\/www.grieta.org.mx\/wp-content\/uploads\/2021\/01\/INE.jpg?resize=350%2C200 1x, https:\/\/i0.wp.com\/www.grieta.org.mx\/wp-content\/uploads\/2021\/01\/INE.jpg?resize=525%2C300 1.5x, https:\/\/i0.wp.com\/www.grieta.org.mx\/wp-content\/uploads\/2021\/01\/INE.jpg?resize=700%2C400 2x"},"classes":[]},{"id":11931,"url":"http:\/\/www.grieta.org.mx\/index.php\/2016\/04\/26\/pichataro-escribira-historia-como-cheran-de-obtener-fallo-favorable-del-tepjf\/","url_meta":{"origin":8841,"position":2},"title":"Pich\u00e1taro escribir\u00e1 historia como Cher\u00e1n de obtener fallo favorable del TEPJF","author":"grieta","date":"26 abril, 2016","format":false,"excerpt":"Patricia Monreal La comunidad ind\u00edgena de Pich\u00e1taro estar\u00e1 escribiendo historia en torno a la defensa de los derechos ind\u00edgenas tal y como lo hizo Cher\u00e1n en su momento, esto en caso de que la Sala Superior del Tribunal Electoral de la Federaci\u00f3n falle a su favor en torno al Juicio\u2026","rel":"","context":"En &quot;CINTILLO&quot;","block_context":{"text":"CINTILLO","link":"http:\/\/www.grieta.org.mx\/index.php\/category\/cintillo\/"},"img":{"alt_text":"","src":"https:\/\/i0.wp.com\/www.grieta.org.mx\/wp-content\/uploads\/2018\/03\/14524434_1106112876131411_958039263622046936_o.jpg?resize=350%2C200","width":350,"height":200,"srcset":"https:\/\/i0.wp.com\/www.grieta.org.mx\/wp-content\/uploads\/2018\/03\/14524434_1106112876131411_958039263622046936_o.jpg?resize=350%2C200 1x, https:\/\/i0.wp.com\/www.grieta.org.mx\/wp-content\/uploads\/2018\/03\/14524434_1106112876131411_958039263622046936_o.jpg?resize=525%2C300 1.5x, https:\/\/i0.wp.com\/www.grieta.org.mx\/wp-content\/uploads\/2018\/03\/14524434_1106112876131411_958039263622046936_o.jpg?resize=700%2C400 2x"},"classes":[]},{"id":11933,"url":"http:\/\/www.grieta.org.mx\/index.php\/2016\/05\/05\/la-resistencia-en-vias-de-expandirse-en-la-meseta\/","url_meta":{"origin":8841,"position":3},"title":"La resistencia en v\u00edas de expandirse en la meseta","author":"grieta","date":"5 mayo, 2016","format":false,"excerpt":"Por: Esteban Patricio M. Los signos se han venido manifestando desde tiempo atr\u00e1s, Cher\u00e1n impuso un ejemplo y sus cercanos vecinos podr\u00edan continuar esa l\u00ednea; es el caso de Pich\u00e1taro, la comunidad que podr\u00eda pr\u00f3ximamente tomar las riendas de su propia existencia. Apenas la semana pasada , en este mismo\u2026","rel":"","context":"En &quot;CINTILLO&quot;","block_context":{"text":"CINTILLO","link":"http:\/\/www.grieta.org.mx\/index.php\/category\/cintillo\/"},"img":{"alt_text":"","src":"https:\/\/i0.wp.com\/www.grieta.org.mx\/wp-content\/uploads\/2018\/03\/14524434_1106112876131411_958039263622046936_o.jpg?resize=350%2C200","width":350,"height":200,"srcset":"https:\/\/i0.wp.com\/www.grieta.org.mx\/wp-content\/uploads\/2018\/03\/14524434_1106112876131411_958039263622046936_o.jpg?resize=350%2C200 1x, https:\/\/i0.wp.com\/www.grieta.org.mx\/wp-content\/uploads\/2018\/03\/14524434_1106112876131411_958039263622046936_o.jpg?resize=525%2C300 1.5x, https:\/\/i0.wp.com\/www.grieta.org.mx\/wp-content\/uploads\/2018\/03\/14524434_1106112876131411_958039263622046936_o.jpg?resize=700%2C400 2x"},"classes":[]},{"id":8868,"url":"http:\/\/www.grieta.org.mx\/index.php\/2016\/03\/19\/acusa-consejo-indigena-campana-de-criminalizacion-en-contra-de-comuneros\/","url_meta":{"origin":8841,"position":4},"title":"Acusa Consejo Ind\u00edgena campa\u00f1a de criminalizaci\u00f3n en contra de comuneros","author":"Admin","date":"19 marzo, 2016","format":false,"excerpt":"MORELIA, Mich., 19 de marzo de 2016.- A trav\u00e9s de una carta, el Consejo Supremo Ind\u00edgena de Michoac\u00e1n denunci\u00f3 una campa\u00f1a de criminalizaci\u00f3n en contra de algunos de sus integrantes y asesores, por lo que exigieron se frenen estas agresiones. A continuaci\u00f3n el texto \u00edntegro del documento: El Consejo Supremo\u2026","rel":"","context":"En &quot;CINTILLO&quot;","block_context":{"text":"CINTILLO","link":"http:\/\/www.grieta.org.mx\/index.php\/category\/cintillo\/"},"img":{"alt_text":"","src":"https:\/\/i0.wp.com\/www.grieta.org.mx\/wp-content\/uploads\/2018\/03\/14524434_1106112876131411_958039263622046936_o.jpg?resize=350%2C200","width":350,"height":200,"srcset":"https:\/\/i0.wp.com\/www.grieta.org.mx\/wp-content\/uploads\/2018\/03\/14524434_1106112876131411_958039263622046936_o.jpg?resize=350%2C200 1x, https:\/\/i0.wp.com\/www.grieta.org.mx\/wp-content\/uploads\/2018\/03\/14524434_1106112876131411_958039263622046936_o.jpg?resize=525%2C300 1.5x, https:\/\/i0.wp.com\/www.grieta.org.mx\/wp-content\/uploads\/2018\/03\/14524434_1106112876131411_958039263622046936_o.jpg?resize=700%2C400 2x"},"classes":[]},{"id":8873,"url":"http:\/\/www.grieta.org.mx\/index.php\/2015\/08\/24\/conforman-comunidades-concejo-supremo-indigena-de-michoacan\/","url_meta":{"origin":8841,"position":5},"title":"Conforman comunidades Concejo Supremo Ind\u00edgena de Michoac\u00e1n","author":"Admin","date":"24 agosto, 2015","format":false,"excerpt":"El Concejo Supremo, est\u00e1 encabezado por 14 comunidades y mantiene los principios org\u00e1nicos de ser apartidistas y de nunca negociar de forma individual. Morelia, Michoac\u00e1n.- La conformaci\u00f3n del Concejo Supremo Ind\u00edgena de Michoac\u00e1n, la toma simult\u00e1nea de carreteras estatales el pr\u00f3ximo primero de septiembre, y un llamado a la Comunidad\u2026","rel":"","context":"En &quot;CINTILLO&quot;","block_context":{"text":"CINTILLO","link":"http:\/\/www.grieta.org.mx\/index.php\/category\/cintillo\/"},"img":{"alt_text":"","src":"https:\/\/i0.wp.com\/www.grieta.org.mx\/wp-content\/uploads\/2018\/03\/14524434_1106112876131411_958039263622046936_o.jpg?resize=350%2C200","width":350,"height":200,"srcset":"https:\/\/i0.wp.com\/www.grieta.org.mx\/wp-content\/uploads\/2018\/03\/14524434_1106112876131411_958039263622046936_o.jpg?resize=350%2C200 1x, https:\/\/i0.wp.com\/www.grieta.org.mx\/wp-content\/uploads\/2018\/03\/14524434_1106112876131411_958039263622046936_o.jpg?resize=525%2C300 1.5x, https:\/\/i0.wp.com\/www.grieta.org.mx\/wp-content\/uploads\/2018\/03\/14524434_1106112876131411_958039263622046936_o.jpg?resize=700%2C400 2x"},"classes":[]}],"_links":{"self":[{"href":"http:\/\/www.grieta.org.mx\/index.php\/wp-json\/wp\/v2\/posts\/8841","targetHints":{"allow":["GET"]}}],"collection":[{"href":"http:\/\/www.grieta.org.mx\/index.php\/wp-json\/wp\/v2\/posts"}],"about":[{"href":"http:\/\/www.grieta.org.mx\/index.php\/wp-json\/wp\/v2\/types\/post"}],"author":[{"embeddable":true,"href":"http:\/\/www.grieta.org.mx\/index.php\/wp-json\/wp\/v2\/users\/1"}],"replies":[{"embeddable":true,"href":"http:\/\/www.grieta.org.mx\/index.php\/wp-json\/wp\/v2\/comments?post=8841"}],"version-history":[{"count":1,"href":"http:\/\/www.grieta.org.mx\/index.php\/wp-json\/wp\/v2\/posts\/8841\/revisions"}],"predecessor-version":[{"id":12947,"href":"http:\/\/www.grieta.org.mx\/index.php\/wp-json\/wp\/v2\/posts\/8841\/revisions\/12947"}],"wp:featuredmedia":[{"embeddable":true,"href":"http:\/\/www.grieta.org.mx\/index.php\/wp-json\/wp\/v2\/media\/21928"}],"wp:attachment":[{"href":"http:\/\/www.grieta.org.mx\/index.php\/wp-json\/wp\/v2\/media?parent=8841"}],"wp:term":[{"taxonomy":"category","embeddable":true,"href":"http:\/\/www.grieta.org.mx\/index.php\/wp-json\/wp\/v2\/categories?post=8841"},{"taxonomy":"post_tag","embeddable":true,"href":"http:\/\/www.grieta.org.mx\/index.php\/wp-json\/wp\/v2\/tags?post=8841"}],"curies":[{"name":"wp","href":"https:\/\/api.w.org\/{rel}","templated":true}]}}