{"id":884,"date":"2015-01-29T19:34:26","date_gmt":"2015-01-29T19:34:26","guid":{"rendered":"http:\/\/50.22.11.12\/~grietaor\/?p=884"},"modified":"2020-03-18T10:48:19","modified_gmt":"2020-03-18T16:48:19","slug":"apoyo-a-la-huelga-de-trabajadores-de-la-universidad-y-a-la-lucha-por-los-43-estudiantes-de-ayotzinapa","status":"publish","type":"post","link":"http:\/\/www.grieta.org.mx\/index.php\/2015\/01\/29\/apoyo-a-la-huelga-de-trabajadores-de-la-universidad-y-a-la-lucha-por-los-43-estudiantes-de-ayotzinapa\/","title":{"rendered":"Apoyo a la huelga de trabajadores de la Universidad y a la lucha por los 43 estudiantes de Ayotzinapa"},"content":{"rendered":"<p>Escrito por Pedro Echeverr\u00eda Jueves, 29 Enero 2015<\/p>\n<p>1. Con un contingente de mil 200 personas (m\u00e1s de 600 estudiantes y otras 600 personas de la sociedad civil) que se manifestaron en M\u00e9rida, Yucat\u00e1n, se demostr\u00f3 el apoyo a la huelga de 800 trabajadores administrativos, manuales y t\u00e9cnicos de la Universidad de Yucat\u00e1n que se inici\u00f3 hace 12 d\u00edas. Los manifestantes centraron sus consignas y gritos apoyando un aumento sustancial de salarios a los trabajadores, reclamando a los funcionarios de la Universidad (UADY) sus insultantes salarios de m\u00e1s de 150 mil pesos y demostrando su solidaridad con los padres de los 43 estudiantes de Ayotzinapa desaparecidos y exigiendo su regreso con vida, porque as\u00ed se los llevaron.<\/p>\n<p>2. Fueron dos marchas que se juntaron frente al piquete de huelga del edificio central universitario: la de estudiantes de Facultades y Prepas de la UADY y la de empleados telefonistas, Monte de Piedad y jubilados. Preguntaban en su marcha los estudiantes: \u00bfNo es acaso criminal que el rector, como sus compinches, cobre tanto dinero en salarios, compensaciones, jubilaciones con el mismo salario, en tanto los trabajadores s\u00f3lo tienen ingresos de cuatro o cinco mil pesos? \u00bfY pensar que la danza de los rectores y dem\u00e1s funcionarios millonarios de la Universidad se inici\u00f3 desde 1980 cuando se registr\u00f3 un pugilato por la autonom\u00eda entre el rector Rosado y el gobernador Luna Kan?<\/p>\n<p>3. Al parecer fue el rector Mimenza, el m\u00e1s h\u00e1bil pol\u00edtico de los rectores de la UADY, que supli\u00f3 al rector Rosado al verse obligado a renunciar, el que para parar los huelgas del sindicato de profesores (Apauady) y de Trabajadores (Autamuady) hizo que todos se sometieran a sus designios. Apenas fue designado inici\u00f3 pl\u00e1ticas con los dos sindicatos e hizo que lo acompa\u00f1aran a M\u00e9xico en busca de presupuesto. Su \u00e9xito fue rotundo pues obtuvo cien millones de pesos para acabar el d\u00e9ficit, pagar a los empleados y tener dinero de m\u00e1s, su tesorero era quien ser\u00eda el rector sucesor Carlos Pasos. La bronca fue que en este mismo tiempo se autorizaron los enormes sueldos y jubilaciones para corromper a todos los funcionarios.<\/p>\n<p>4. En 1994 publiqu\u00e9 en peque\u00f1o libro acerca de la historia de esta Universidad, sus principales problemas y la actuaci\u00f3n de los rectores. En \u00e9l escrib\u00ed sobre el surgimiento del sindicato de Trabajadores (AUTAMUADY) a la sombra de las luchas de 1973-74 \u2013durante el gobierno de Loret de Mola- que llev\u00f3 al asesinato de Calder\u00f3n Lara; as\u00ed como de la creaci\u00f3n del APAUADY en 1980 durante la confrontaci\u00f3n pol\u00edtica \u201cpor la autonom\u00eda de la Universidad\u201d entre el gobernador Luna y el rector Rosado. En 1976 fui uno de los directivos y dirigentes del comit\u00e9 de huelga del SPAUNAM, sin embargo, siendo profesor de la UADY, vetaron mi ingreso al Apauady en los noventa vi\u00e9ndome obligado a participar informalmente en Autamuady.<\/p>\n<p>5. El sindicalismo en la Universidad de Yucat\u00e1n puede recuperarse a partir de los ejemplos de esta huelga de trabajadores y de la unidad con los estudiantes y profesores. En las Universidades \u2013as\u00ed como en los tecnol\u00f3gicos y escuelas normales- se reflejan los problemas del pa\u00eds y por tanto deben estudiarse y analizarse. Es condenable que desde los a\u00f1os ochenta, a ra\u00edz de la implantaci\u00f3n del liberalismo privatizador, en las universidades se hayan erradicado carreras y asignaturas de car\u00e1cter social-human\u00edstico para dar paso a las t\u00e9cnicas y tecnol\u00f3gicas. Incluso aquellas materias que serv\u00edan para analizar los contextos socio-econ\u00f3micos fueran suprimidas para dar paso a las que sean de \u201cproductividad\u201d, con ello se pretende acallar las protestas.<\/p>\n<p>6. Por ello caus\u00f3 gran alegr\u00eda ver a 600 estudiantes en las calles despu\u00e9s de varios a\u00f1os de no salir a manifestarse. No puede olvidarse las batallas de los estudiantes contra el alza de precios del transporte en diciembre de 2006 y las grandes manifestaciones y protestas que realizamos en marzo de 2007 contra la visita de Bush-Calder\u00f3n y la firma de la llamada \u201cIniciativa M\u00e9rida\u201d que termin\u00f3 con una feroz represi\u00f3n del gobierno llevando a la c\u00e1rcel a 48 j\u00f3venes estudiantes. Han pasado ocho a\u00f1os y muchos de ellos \u2013que no son \u201chijos de papi\u201d- son profesionistas desempleados porque el sistema capitalista ha sido incapaz para solucionar problemas de desempleo porque dice no contar con inversiones y presupuesto.<\/p>\n<p>7. Pero los estudiantes han salido a la calle nuevamente y el pr\u00f3ximo mi\u00e9rcoles (ma\u00f1ana) tendremos una nueva marcha de protesta. \u00bfHasta qu\u00e9 grado el sacrificio de los estudiantes de Ayotzinapa fueron la chispa? Tengo esperanzas de que \u00e9sta nunca se apague y que crezca en todo el estado y todo el pa\u00eds. Para ello la rector\u00eda de la Universidad y sus salarios insultantes, est\u00e1n contribuyendo al despertar. La huelga continuar\u00e1; sus dirigentes y abogados siguen firmes hasta lograr que las demandas del Autamuady se cumplan. Esta batalla va a trascender como ejemplo en varios sindicatos y organizaciones, por ello tenemos de obligaci\u00f3n de brindarles nuestro apoyo y solidaridad. \u00a1Viva la huelga!<\/p>\n<p><a href=\"http:\/\/www.proyectoambulante.org\/index.php\/noticias\/nacionales\/item\/5615-apoyo-a-la-huelga-de-trabajadores-de-la-universidad-y-a-la-lucha-por-los-43-estudiantes-de-ayotzinapa\" target=\"_blank\" rel=\"noopener noreferrer\">http:\/\/www.proyectoambulante.org\/index.php\/noticias\/nacionales\/item\/5615-apoyo-a-la-huelga-de-trabajadores-de-la-universidad-y-a-la-lucha-por-los-43-estudiantes-de-ayotzinapa<\/a><\/p>\n","protected":false},"excerpt":{"rendered":"<p>Escrito por Pedro Echeverr\u00eda Jueves, 29 Enero 2015 1. Con un contingente de mil 200 personas (m\u00e1s de 600 estudiantes y otras 600 personas de la sociedad civil) que se &hellip; <a href=\"http:\/\/www.grieta.org.mx\/index.php\/2015\/01\/29\/apoyo-a-la-huelga-de-trabajadores-de-la-universidad-y-a-la-lucha-por-los-43-estudiantes-de-ayotzinapa\/\" class=\"more-link\">Leer m\u00e1s<\/a><\/p>\n","protected":false},"author":2,"featured_media":21928,"comment_status":"closed","ping_status":"open","sticky":false,"template":"","format":"standard","meta":{"ngg_post_thumbnail":0,"_jetpack_newsletter_access":"","_jetpack_dont_email_post_to_subs":false,"_jetpack_newsletter_tier_id":0,"_jetpack_memberships_contains_paywalled_content":false,"_jetpack_memberships_contains_paid_content":false,"footnotes":""},"categories":[80,2,153,36],"tags":[119,157],"class_list":{"0":"post-884","1":"post","2":"type-post","3":"status-publish","4":"format-standard","5":"has-post-thumbnail","6":"hentry","7":"category-cintillo","8":"category-noticias-nacionales","9":"category-yucatan","11":"tag-ayotzinapa","12":"tag-uady","13":"entry"},"jetpack_featured_media_url":"http:\/\/www.grieta.org.mx\/wp-content\/uploads\/2018\/03\/14524434_1106112876131411_958039263622046936_o.jpg","jetpack_sharing_enabled":true,"jetpack_shortlink":"https:\/\/wp.me\/p7ZJR4-eg","jetpack_likes_enabled":false,"jetpack-related-posts":[{"id":6176,"url":"http:\/\/www.grieta.org.mx\/index.php\/2015\/02\/09\/huelga-en-la-universidad-autonoma-de-yucatan\/","url_meta":{"origin":884,"position":0},"title":"Huelga en la Universidad Aut\u00f3noma de Yucat\u00e1n","author":"grieta","date":"9 febrero, 2015","format":false,"excerpt":"09\/02\/15. Termina la huelga en la UadyDiario de Yucat\u00e1n 06\/02\/15. M\u00e1s apoyos a los trabajadores de la UADY por influencia de las luchas sociales.Proyecto Ambulante 06\/02\/15. La Rector\u00eda de la UADY no puede declarar obligatorias las clases extramuros.Proyecto Ambulante 29\/01\/15. Apoyo a la huelga de trabajadores de la Universidad y\u2026","rel":"","context":"En &quot;NOTICIAS NACIONALES&quot;","block_context":{"text":"NOTICIAS NACIONALES","link":"http:\/\/www.grieta.org.mx\/index.php\/category\/noticias-nacionales\/"},"img":{"alt_text":"","src":"https:\/\/i0.wp.com\/www.grieta.org.mx\/wp-content\/uploads\/2018\/03\/14524434_1106112876131411_958039263622046936_o.jpg?resize=350%2C200","width":350,"height":200,"srcset":"https:\/\/i0.wp.com\/www.grieta.org.mx\/wp-content\/uploads\/2018\/03\/14524434_1106112876131411_958039263622046936_o.jpg?resize=350%2C200 1x, https:\/\/i0.wp.com\/www.grieta.org.mx\/wp-content\/uploads\/2018\/03\/14524434_1106112876131411_958039263622046936_o.jpg?resize=525%2C300 1.5x, https:\/\/i0.wp.com\/www.grieta.org.mx\/wp-content\/uploads\/2018\/03\/14524434_1106112876131411_958039263622046936_o.jpg?resize=700%2C400 2x"},"classes":[]},{"id":6172,"url":"http:\/\/www.grieta.org.mx\/index.php\/2015\/02\/06\/mas-apoyos-a-los-trabajadores-de-la-uady-por-influencia-de-las-luchas-sociales\/","url_meta":{"origin":884,"position":1},"title":"M\u00e1s apoyos a los trabajadores de la UADY por influencia de las luchas sociales","author":"grieta","date":"6 febrero, 2015","format":false,"excerpt":"1. Muero de alegr\u00eda porque hasta Yucat\u00e1n ha llegado la influencia de las luchas de los padres, de los alumnos y de los profesores que Guerrero, Oaxaca, Michoac\u00e1n, Chiapas, DF, luchan por la aparici\u00f3n con vida de los 43 estudiantes desaparecidos por el gobierno local, federal, la polic\u00eda y el\u2026","rel":"","context":"En &quot;CINTILLO&quot;","block_context":{"text":"CINTILLO","link":"http:\/\/www.grieta.org.mx\/index.php\/category\/cintillo\/"},"img":{"alt_text":"","src":"https:\/\/i0.wp.com\/www.grieta.org.mx\/wp-content\/uploads\/2018\/03\/14524434_1106112876131411_958039263622046936_o.jpg?resize=350%2C200","width":350,"height":200,"srcset":"https:\/\/i0.wp.com\/www.grieta.org.mx\/wp-content\/uploads\/2018\/03\/14524434_1106112876131411_958039263622046936_o.jpg?resize=350%2C200 1x, https:\/\/i0.wp.com\/www.grieta.org.mx\/wp-content\/uploads\/2018\/03\/14524434_1106112876131411_958039263622046936_o.jpg?resize=525%2C300 1.5x, https:\/\/i0.wp.com\/www.grieta.org.mx\/wp-content\/uploads\/2018\/03\/14524434_1106112876131411_958039263622046936_o.jpg?resize=700%2C400 2x"},"classes":[]},{"id":6169,"url":"http:\/\/www.grieta.org.mx\/index.php\/2015\/02\/09\/termina-la-huelga-en-la-uady\/","url_meta":{"origin":884,"position":2},"title":"Termina la huelga en la Uady","author":"grieta","date":"9 febrero, 2015","format":false,"excerpt":"Veinticinco d\u00edas despu\u00e9s del estallido de la huelga en la Universidad Aut\u00f3noma de Yucat\u00e1n, hace unos momentos la mayor\u00eda de los integrantes de la Asociaci\u00f3n Unica de Trabajadores Administrativos y Manuales (Autamuady) se manifestaron a favor de que concluya el paro laboral. Hace unos minutos se realiz\u00f3 la votaci\u00f3n para\u2026","rel":"","context":"En &quot;CINTILLO&quot;","block_context":{"text":"CINTILLO","link":"http:\/\/www.grieta.org.mx\/index.php\/category\/cintillo\/"},"img":{"alt_text":"","src":"https:\/\/i0.wp.com\/www.grieta.org.mx\/wp-content\/uploads\/2018\/03\/14524434_1106112876131411_958039263622046936_o.jpg?resize=350%2C200","width":350,"height":200,"srcset":"https:\/\/i0.wp.com\/www.grieta.org.mx\/wp-content\/uploads\/2018\/03\/14524434_1106112876131411_958039263622046936_o.jpg?resize=350%2C200 1x, https:\/\/i0.wp.com\/www.grieta.org.mx\/wp-content\/uploads\/2018\/03\/14524434_1106112876131411_958039263622046936_o.jpg?resize=525%2C300 1.5x, https:\/\/i0.wp.com\/www.grieta.org.mx\/wp-content\/uploads\/2018\/03\/14524434_1106112876131411_958039263622046936_o.jpg?resize=700%2C400 2x"},"classes":[]},{"id":6174,"url":"http:\/\/www.grieta.org.mx\/index.php\/2015\/02\/06\/la-rectoria-de-la-uady-no-puede-declarar-obligatorias-las-clases-extramuros\/","url_meta":{"origin":884,"position":3},"title":"La Rector\u00eda de la UADY no puede declarar obligatorias las clases extramuros","author":"grieta","date":"6 febrero, 2015","format":false,"excerpt":"\u00bfTiene la APAUADY algo que decir sobre la huelga en la UADY? La Rector\u00eda no puede declarar obligatorias las clases extramuros porque contravienen al contrato colectivo UADY-APAUADY vigente, espec\u00edficamente a la Cl\u00e1usula 15: \u201cLos horarios, materias, \u00e1reas, funciones y lugares de trabajo para los que hayan sido contratados los trabajadores\u2026","rel":"","context":"En &quot;CINTILLO&quot;","block_context":{"text":"CINTILLO","link":"http:\/\/www.grieta.org.mx\/index.php\/category\/cintillo\/"},"img":{"alt_text":"","src":"https:\/\/i0.wp.com\/www.grieta.org.mx\/wp-content\/uploads\/2018\/03\/14524434_1106112876131411_958039263622046936_o.jpg?resize=350%2C200","width":350,"height":200,"srcset":"https:\/\/i0.wp.com\/www.grieta.org.mx\/wp-content\/uploads\/2018\/03\/14524434_1106112876131411_958039263622046936_o.jpg?resize=350%2C200 1x, https:\/\/i0.wp.com\/www.grieta.org.mx\/wp-content\/uploads\/2018\/03\/14524434_1106112876131411_958039263622046936_o.jpg?resize=525%2C300 1.5x, https:\/\/i0.wp.com\/www.grieta.org.mx\/wp-content\/uploads\/2018\/03\/14524434_1106112876131411_958039263622046936_o.jpg?resize=700%2C400 2x"},"classes":[]},{"id":44456,"url":"http:\/\/www.grieta.org.mx\/index.php\/2020\/02\/17\/uady-sin-acoso-senala-nuevos-casos-de-acoso-a-estudiantes\/","url_meta":{"origin":884,"position":4},"title":"&#8216;UADY sin acoso&#8217; se\u00f1ala nuevos casos de acoso a estudiantes","author":"grieta","date":"17 febrero, 2020","format":false,"excerpt":"La Verdad Uady sin acoso se\u00f1ala nuevos casos de acoso a estudiantes Como bien se sabe la Universidad Aut\u00f3noma de Yucat\u00e1n ha sufrido muchos se\u00f1alamientos por presuntos casos de acoso a estudiantes y esta ocasi\u00f3n no es la excepci\u00f3n. Este nuevo caso se supo gracias a que el portal \u2018UADY\u2026","rel":"","context":"En &quot;CINTILLO&quot;","block_context":{"text":"CINTILLO","link":"http:\/\/www.grieta.org.mx\/index.php\/category\/cintillo\/"},"img":{"alt_text":"","src":"https:\/\/i0.wp.com\/www.grieta.org.mx\/wp-content\/uploads\/2020\/02\/denuncia_abuso_en_uady_1.jpg_793492074.jpg?resize=350%2C200","width":350,"height":200,"srcset":"https:\/\/i0.wp.com\/www.grieta.org.mx\/wp-content\/uploads\/2020\/02\/denuncia_abuso_en_uady_1.jpg_793492074.jpg?resize=350%2C200 1x, https:\/\/i0.wp.com\/www.grieta.org.mx\/wp-content\/uploads\/2020\/02\/denuncia_abuso_en_uady_1.jpg_793492074.jpg?resize=525%2C300 1.5x, https:\/\/i0.wp.com\/www.grieta.org.mx\/wp-content\/uploads\/2020\/02\/denuncia_abuso_en_uady_1.jpg_793492074.jpg?resize=700%2C400 2x"},"classes":[]},{"id":65881,"url":"http:\/\/www.grieta.org.mx\/index.php\/2022\/12\/06\/alumnas-de-la-prepa-2-de-la-uady-protestan-por-caso-de-violencia-sexual-yucatan\/","url_meta":{"origin":884,"position":5},"title":"Alumnas de la Prepa 2 de la UADY protestan por caso de violencia sexual (Yucat\u00e1n)","author":"grieta","date":"6 diciembre, 2022","format":false,"excerpt":"Daniel Santiago \/ Por Esto! La tarde de hoy alumnos, familiares, amigos de Valeria quien fuese v\u00edctima de abuso sexual, realizaron una manifestaci\u00f3n a las afueras del edificio central de la Universidad Aut\u00f3noma de Yucat\u00e1n (UADY) ubicado en el centro de M\u00e9rida bloqueando la calle 60 y 57 con el\u2026","rel":"","context":"En &quot;CINTILLO&quot;","block_context":{"text":"CINTILLO","link":"http:\/\/www.grieta.org.mx\/index.php\/category\/cintillo\/"},"img":{"alt_text":"","src":"https:\/\/i0.wp.com\/www.grieta.org.mx\/wp-content\/uploads\/2022\/12\/uady-e1670419351387.jpg?resize=350%2C200","width":350,"height":200,"srcset":"https:\/\/i0.wp.com\/www.grieta.org.mx\/wp-content\/uploads\/2022\/12\/uady-e1670419351387.jpg?resize=350%2C200 1x, https:\/\/i0.wp.com\/www.grieta.org.mx\/wp-content\/uploads\/2022\/12\/uady-e1670419351387.jpg?resize=525%2C300 1.5x, https:\/\/i0.wp.com\/www.grieta.org.mx\/wp-content\/uploads\/2022\/12\/uady-e1670419351387.jpg?resize=700%2C400 2x"},"classes":[]}],"_links":{"self":[{"href":"http:\/\/www.grieta.org.mx\/index.php\/wp-json\/wp\/v2\/posts\/884","targetHints":{"allow":["GET"]}}],"collection":[{"href":"http:\/\/www.grieta.org.mx\/index.php\/wp-json\/wp\/v2\/posts"}],"about":[{"href":"http:\/\/www.grieta.org.mx\/index.php\/wp-json\/wp\/v2\/types\/post"}],"author":[{"embeddable":true,"href":"http:\/\/www.grieta.org.mx\/index.php\/wp-json\/wp\/v2\/users\/2"}],"replies":[{"embeddable":true,"href":"http:\/\/www.grieta.org.mx\/index.php\/wp-json\/wp\/v2\/comments?post=884"}],"version-history":[{"count":1,"href":"http:\/\/www.grieta.org.mx\/index.php\/wp-json\/wp\/v2\/posts\/884\/revisions"}],"predecessor-version":[{"id":46296,"href":"http:\/\/www.grieta.org.mx\/index.php\/wp-json\/wp\/v2\/posts\/884\/revisions\/46296"}],"wp:featuredmedia":[{"embeddable":true,"href":"http:\/\/www.grieta.org.mx\/index.php\/wp-json\/wp\/v2\/media\/21928"}],"wp:attachment":[{"href":"http:\/\/www.grieta.org.mx\/index.php\/wp-json\/wp\/v2\/media?parent=884"}],"wp:term":[{"taxonomy":"category","embeddable":true,"href":"http:\/\/www.grieta.org.mx\/index.php\/wp-json\/wp\/v2\/categories?post=884"},{"taxonomy":"post_tag","embeddable":true,"href":"http:\/\/www.grieta.org.mx\/index.php\/wp-json\/wp\/v2\/tags?post=884"}],"curies":[{"name":"wp","href":"https:\/\/api.w.org\/{rel}","templated":true}]}}