{"id":8817,"date":"2015-03-17T03:53:15","date_gmt":"2015-03-17T03:53:15","guid":{"rendered":"http:\/\/50.22.11.12\/~grietaor\/?p=8817"},"modified":"2016-03-31T03:55:00","modified_gmt":"2016-03-31T03:55:00","slug":"estallan-jornaleros-de-bc-y-exigen-audiencia-con-osorio-chong","status":"publish","type":"post","link":"http:\/\/www.grieta.org.mx\/index.php\/2015\/03\/17\/estallan-jornaleros-de-bc-y-exigen-audiencia-con-osorio-chong\/","title":{"rendered":"Estallan jornaleros de BC y exigen audiencia con Osorio Chong"},"content":{"rendered":"<p>Gabriela Mart\u00ednez, Tijuana BC<\/p>\n<p>Jornaleros de Baja California exigieron una audiencia con el secretario de gobernaci\u00f3n, Miguel \u00c1ngel Osorio Chong, para denunciar las violaciones a sus derechos humanos y laborales de las que son v\u00edctimas de empresas agr\u00edcolas que acusan de maltratos, adem\u00e1s de negarles prestaciones y darles un trato de esclavos.<\/p>\n<p>El coordinador estatal del Frente Ind\u00edgena de Organizaciones Binacionales, Rogelio M\u00e9ndez, advirti\u00f3 que para este lunes realizar\u00e1n un paro laboral, cerrar\u00e1n la Carretera Transpeninsular, en el tramo del poblado de San Quint\u00edn y Maneadero, en Ensenada, e hizo un llamado a boicotear a las 12 empresas del campo que son se\u00f1aladas por los trabajadores.<\/p>\n<p>\u201cNos obligan a trabajar horas extras o d\u00edas de descanso obligatorio y si protestamos nos suspenden, al d\u00eda podemos ganar de 40 cuarenta a 60 pesos en una jornada de m\u00e1s de ocho horas; tambi\u00e9n sufrimos explotaci\u00f3n y trata de personas, porque en algunas empresas se ponen de acuerdo con los transportistas que nos quitan de 30 a 40 pesos de nuestro salario diario\u201d, denunci\u00f3.<\/p>\n<p>Tambi\u00e9n revel\u00f3 que los trabajadores son v\u00edctimas de agresi\u00f3n y humillaciones de los capataces y mayordomos de las empresas y advirti\u00f3 que, en el caso de las mujeres, adem\u00e1s de malos tratos son acosadas sexualmente.<\/p>\n<p>M\u00e9ndez explic\u00f3 que los negocios agr\u00edcolas se han negado a reconocer los derechos laborales de los jornaleros, quienes carecen de prestaciones. Habl\u00f3 de casos en donde los empleados llevan m\u00e1s de 10 a\u00f1os trabajando sin que se les haya otorgado una prima vacacional o aguinaldos como lo exige la Constituci\u00f3n Pol\u00edtica de M\u00e9xico.<\/p>\n<p>Los trabajadores plantearon un pliego petitorio en el que exigen la instalaci\u00f3n de una mesa de t\u00e9cnica con el secretario de Gobernaci\u00f3n, toda vez que los representantes de las autoridades federales ni del gobierno estatal respondieron a las denuncias que hab\u00edan realizado antes.<\/p>\n<p>En el documento, integrado por 14 art\u00edculos, tambi\u00e9n exigen prestaciones para los jornaleros, as\u00ed como el respeto de sus derechos a las madres trabajadoras, un salario m\u00ednimo de 300 pesos por d\u00eda y el pago de horas extras, entre otros.<\/p>\n<p>Las empresas se\u00f1aladas, que piden boicotear son:<br \/>\n1. Agro industriales del Valle de San Quint\u00edn B.C.<br \/>\n2. Hermanos Rodr\u00edguez.<br \/>\n3. Santa Mar\u00eda de los Pinos, en la delegaci\u00f3n L\u00e1zaro C\u00e1rdenas que es se\u00f1alada de despedir en estos momentos a sus trabajadoras y trabajadores, sin respetar los beneficios de antig\u00fcedad y los derechos laborales que por ley les corresponde.<br \/>\n4. Compa\u00f1\u00edas Valladolid y Aragones en la delegaci\u00f3n de San Quint\u00edn.<br \/>\n5. Compa\u00f1\u00edas Sabino Becerra y Felipe Ruiz, ubicadas en la delegaci\u00f3n Rancho Arroyo Seco en la colonia Vicente Guerrero.<br \/>\n6. Los Arag\u00f3n.<br \/>\n7. Librado Heredia Maneadero<br \/>\n8. Empaques los Mart\u00ednez,<br \/>\n9. El Capricho, C\u00e1rdenas,<br \/>\n10. EL Rey de los Ch\u00edcharos<br \/>\n11. Olmos, Viva Org\u00e1nica,<br \/>\n12. Mendoza, Delgado<\/p>\n<p><a href=\"http:\/\/jornadabc.mx\/tijuana\/16-03-2015\/estallan-jornaleros-de-bc-y-exigen-audiencia-con-osorio-chong\" target=\"_blank\">jornadabc.mx\/tijuana\/16-03-2015\/estallan-jornaleros-de-bc-y-exigen-audiencia-con-osorio-chong<\/a><\/p>\n","protected":false},"excerpt":{"rendered":"<p>Gabriela Mart\u00ednez, Tijuana BC Jornaleros de Baja California exigieron una audiencia con el secretario de gobernaci\u00f3n, Miguel \u00c1ngel Osorio Chong, para denunciar las violaciones a sus derechos humanos y laborales &hellip; <a href=\"http:\/\/www.grieta.org.mx\/index.php\/2015\/03\/17\/estallan-jornaleros-de-bc-y-exigen-audiencia-con-osorio-chong\/\" class=\"more-link\">Leer m\u00e1s<\/a><\/p>\n","protected":false},"author":2,"featured_media":21928,"comment_status":"closed","ping_status":"open","sticky":false,"template":"","format":"standard","meta":{"ngg_post_thumbnail":0,"_jetpack_newsletter_access":"","_jetpack_dont_email_post_to_subs":false,"_jetpack_newsletter_tier_id":0,"_jetpack_memberships_contains_paywalled_content":false,"_jetpack_memberships_contains_paid_content":false,"footnotes":""},"categories":[80],"tags":[204],"class_list":["post-8817","post","type-post","status-publish","format-standard","has-post-thumbnail","hentry","category-cintillo","tag-jornaleros","entry"],"jetpack_featured_media_url":"http:\/\/www.grieta.org.mx\/wp-content\/uploads\/2018\/03\/14524434_1106112876131411_958039263622046936_o.jpg","jetpack_sharing_enabled":true,"jetpack_shortlink":"https:\/\/wp.me\/p7ZJR4-2id","jetpack_likes_enabled":false,"jetpack-related-posts":[{"id":6458,"url":"http:\/\/www.grieta.org.mx\/index.php\/2016\/08\/30\/lucha-de-jornaleros-agricolas-en-san-quintin\/","url_meta":{"origin":8817,"position":0},"title":"Lucha de jornaleros agr\u00edcolas en San Quint\u00edn","author":"grieta","date":"30 agosto, 2016","format":false,"excerpt":"30\/08\/16. Tras reuni\u00f3n con directivos de Berry Mex, levantan paro jornaleros de San Quint\u00edn La Jornada BC 30\/08\/16. Paro de labores en campos de frambuesas en San Quint\u00edn, BC La Cr\u00f3nica de Chihuahua 16\/06\/16. En un a\u00f1o, m\u00e1s de 100 demandas laborales de jornaleros en San Quint\u00edn La Jornada BC\u2026","rel":"","context":"En &quot;Baja California&quot;","block_context":{"text":"Baja California","link":"http:\/\/www.grieta.org.mx\/index.php\/category\/noticias-nacionales\/baja-california\/"},"img":{"alt_text":"","src":"https:\/\/i0.wp.com\/www.grieta.org.mx\/wp-content\/uploads\/2018\/03\/14524434_1106112876131411_958039263622046936_o.jpg?resize=350%2C200","width":350,"height":200,"srcset":"https:\/\/i0.wp.com\/www.grieta.org.mx\/wp-content\/uploads\/2018\/03\/14524434_1106112876131411_958039263622046936_o.jpg?resize=350%2C200 1x, https:\/\/i0.wp.com\/www.grieta.org.mx\/wp-content\/uploads\/2018\/03\/14524434_1106112876131411_958039263622046936_o.jpg?resize=525%2C300 1.5x, https:\/\/i0.wp.com\/www.grieta.org.mx\/wp-content\/uploads\/2018\/03\/14524434_1106112876131411_958039263622046936_o.jpg?resize=700%2C400 2x"},"classes":[]},{"id":35274,"url":"http:\/\/www.grieta.org.mx\/index.php\/2019\/06\/21\/alertan-por-fraude-a-jornaleros-mixtecos-oaxaca-y-baja-california\/","url_meta":{"origin":8817,"position":1},"title":"Alertan por fraude a jornaleros mixtecos (Oaxaca y Baja California)","author":"grieta","date":"21 junio, 2019","format":false,"excerpt":"Noticias. Lesli Aguilar Fueron expuestas situaciones de hacinamiento y m\u00ednimos servicios en los que habitaban jornaleros agr\u00edcolas en el rancho Constituci\u00f3n, en Baja California. HUAJUAPAN DE LE\u00d3N, Oaxaca.- La directora del Instituto Oaxaque\u00f1o de Atenci\u00f3n al Migrante (IOAM), A\u00edda Ruiz Garc\u00eda, alert\u00f3 a los jornaleros agr\u00edcolas de la regi\u00f3n Mixteca\u2026","rel":"","context":"En &quot;Baja California&quot;","block_context":{"text":"Baja California","link":"http:\/\/www.grieta.org.mx\/index.php\/category\/noticias-nacionales\/baja-california\/"},"img":{"alt_text":"","src":"https:\/\/i0.wp.com\/www.grieta.org.mx\/wp-content\/uploads\/2019\/06\/image_24_396.jpg?resize=350%2C200","width":350,"height":200,"srcset":"https:\/\/i0.wp.com\/www.grieta.org.mx\/wp-content\/uploads\/2019\/06\/image_24_396.jpg?resize=350%2C200 1x, https:\/\/i0.wp.com\/www.grieta.org.mx\/wp-content\/uploads\/2019\/06\/image_24_396.jpg?resize=525%2C300 1.5x, https:\/\/i0.wp.com\/www.grieta.org.mx\/wp-content\/uploads\/2019\/06\/image_24_396.jpg?resize=700%2C400 2x, https:\/\/i0.wp.com\/www.grieta.org.mx\/wp-content\/uploads\/2019\/06\/image_24_396.jpg?resize=1050%2C600 3x"},"classes":[]},{"id":35471,"url":"http:\/\/www.grieta.org.mx\/index.php\/2019\/06\/27\/jornaleros-agricolas-de-oaxaca-fueron-esclavizados-en-rancho-constitucion-baja-california\/","url_meta":{"origin":8817,"position":2},"title":"Jornaleros agr\u00edcolas de Oaxaca fueron esclavizados en Rancho Constituci\u00f3n, Baja California","author":"grieta","date":"27 junio, 2019","format":false,"excerpt":"Jaime Guerrero \/ P\u00e1gina 3. Oaxaca.- Cerca de 45 jornaleros migrantes de Oaxaca viv\u00edan en condiciones de esclavizaci\u00f3n en Rancho Constituci\u00f3n, ubicado en Baja California. Las personas se encontraban hacinadas en insalubres cuartos de l\u00e1mina, con una paga m\u00ednima de 4 pesos por bote y sin seguridad social. Por las\u2026","rel":"","context":"En &quot;Baja California&quot;","block_context":{"text":"Baja California","link":"http:\/\/www.grieta.org.mx\/index.php\/category\/noticias-nacionales\/baja-california\/"},"img":{"alt_text":"","src":"https:\/\/i0.wp.com\/www.grieta.org.mx\/wp-content\/uploads\/2019\/06\/ninosjornaleros.jpg?resize=350%2C200","width":350,"height":200,"srcset":"https:\/\/i0.wp.com\/www.grieta.org.mx\/wp-content\/uploads\/2019\/06\/ninosjornaleros.jpg?resize=350%2C200 1x, https:\/\/i0.wp.com\/www.grieta.org.mx\/wp-content\/uploads\/2019\/06\/ninosjornaleros.jpg?resize=525%2C300 1.5x"},"classes":[]},{"id":9372,"url":"http:\/\/www.grieta.org.mx\/index.php\/2015\/03\/31\/empresarios-de-san-quintin-llevan-vida-de-millonarios-gracias-a-la-explotacion-jornaleros\/","url_meta":{"origin":8817,"position":3},"title":"Empresarios de San Quint\u00edn llevan \u201cvida de millonarios\u201d gracias a la explotaci\u00f3n: jornaleros","author":"grieta","date":"31 marzo, 2015","format":false,"excerpt":"Ciudad de M\u00e9xico, El conflicto laboral en el Valle de San Quint\u00edn, Baja California continuar\u00e1 por tiempo indefinido y los jornaleros no aceptar\u00e1n el incremento de s\u00f3lo 15 por ciento que el Consejo Agr\u00edcola les ofreci\u00f3 el viernes, pues consideran que los due\u00f1os de los campos llevan una vida millonaria\u2026","rel":"","context":"En &quot;CINTILLO&quot;","block_context":{"text":"CINTILLO","link":"http:\/\/www.grieta.org.mx\/index.php\/category\/cintillo\/"},"img":{"alt_text":"","src":"https:\/\/i0.wp.com\/www.grieta.org.mx\/wp-content\/uploads\/2018\/03\/14524434_1106112876131411_958039263622046936_o.jpg?resize=350%2C200","width":350,"height":200,"srcset":"https:\/\/i0.wp.com\/www.grieta.org.mx\/wp-content\/uploads\/2018\/03\/14524434_1106112876131411_958039263622046936_o.jpg?resize=350%2C200 1x, https:\/\/i0.wp.com\/www.grieta.org.mx\/wp-content\/uploads\/2018\/03\/14524434_1106112876131411_958039263622046936_o.jpg?resize=525%2C300 1.5x, https:\/\/i0.wp.com\/www.grieta.org.mx\/wp-content\/uploads\/2018\/03\/14524434_1106112876131411_958039263622046936_o.jpg?resize=700%2C400 2x"},"classes":[]},{"id":34934,"url":"http:\/\/www.grieta.org.mx\/index.php\/2019\/06\/17\/esclavizan-a-oaxaquenos-en-baja-california\/","url_meta":{"origin":8817,"position":4},"title":"Esclavizan a oaxaque\u00f1os en Baja California","author":"grieta","date":"17 junio, 2019","format":false,"excerpt":"Noticias. Citlalli Luciana, Casuchas construidas con materiales endebles \"cobijan\" a los jornaleros oaxaque\u00f1os. Al menos 45 jornaleros migrantes originarios de Oaxaca viven en condiciones de esclavizaci\u00f3n en Rancho Constituci\u00f3n, ubicado en Baja California. Las personas se encuentran hacinadas en insalubres cuartos de l\u00e1mina, con una paga m\u00ednima y sin seguridad\u2026","rel":"","context":"En &quot;Baja California&quot;","block_context":{"text":"Baja California","link":"http:\/\/www.grieta.org.mx\/index.php\/category\/noticias-nacionales\/baja-california\/"},"img":{"alt_text":"","src":"https:\/\/i0.wp.com\/www.grieta.org.mx\/wp-content\/uploads\/2019\/06\/image_3_469.jpg?resize=350%2C200","width":350,"height":200,"srcset":"https:\/\/i0.wp.com\/www.grieta.org.mx\/wp-content\/uploads\/2019\/06\/image_3_469.jpg?resize=350%2C200 1x, https:\/\/i0.wp.com\/www.grieta.org.mx\/wp-content\/uploads\/2019\/06\/image_3_469.jpg?resize=525%2C300 1.5x, https:\/\/i0.wp.com\/www.grieta.org.mx\/wp-content\/uploads\/2019\/06\/image_3_469.jpg?resize=700%2C400 2x, https:\/\/i0.wp.com\/www.grieta.org.mx\/wp-content\/uploads\/2019\/06\/image_3_469.jpg?resize=1050%2C600 3x"},"classes":[]},{"id":9369,"url":"http:\/\/www.grieta.org.mx\/index.php\/2015\/04\/02\/jornaleros-de-san-quintin-resistencia-social-contra-la-esclavitud-moderna\/","url_meta":{"origin":8817,"position":5},"title":"Jornaleros de San Quint\u00edn: resistencia social contra la esclavitud moderna","author":"grieta","date":"2 abril, 2015","format":false,"excerpt":"Guillermo Castillo Ram\u00edrez Una sociedad que trata a los trabajadores y los migrantes como objetos, es una sociedad enferma. \u2014Consigna de una manifestaci\u00f3n pro-migrantes Si no nos organizamos y defendemos nosotros, nadie lo va a hacer. \u2014Testimonio de un migrante jornalero. Frente al desd\u00e9n, la movilizaci\u00f3n El martes 17 de\u2026","rel":"","context":"En &quot;CINTILLO&quot;","block_context":{"text":"CINTILLO","link":"http:\/\/www.grieta.org.mx\/index.php\/category\/cintillo\/"},"img":{"alt_text":"","src":"https:\/\/i0.wp.com\/www.grieta.org.mx\/wp-content\/uploads\/2018\/03\/14524434_1106112876131411_958039263622046936_o.jpg?resize=350%2C200","width":350,"height":200,"srcset":"https:\/\/i0.wp.com\/www.grieta.org.mx\/wp-content\/uploads\/2018\/03\/14524434_1106112876131411_958039263622046936_o.jpg?resize=350%2C200 1x, https:\/\/i0.wp.com\/www.grieta.org.mx\/wp-content\/uploads\/2018\/03\/14524434_1106112876131411_958039263622046936_o.jpg?resize=525%2C300 1.5x, https:\/\/i0.wp.com\/www.grieta.org.mx\/wp-content\/uploads\/2018\/03\/14524434_1106112876131411_958039263622046936_o.jpg?resize=700%2C400 2x"},"classes":[]}],"_links":{"self":[{"href":"http:\/\/www.grieta.org.mx\/index.php\/wp-json\/wp\/v2\/posts\/8817","targetHints":{"allow":["GET"]}}],"collection":[{"href":"http:\/\/www.grieta.org.mx\/index.php\/wp-json\/wp\/v2\/posts"}],"about":[{"href":"http:\/\/www.grieta.org.mx\/index.php\/wp-json\/wp\/v2\/types\/post"}],"author":[{"embeddable":true,"href":"http:\/\/www.grieta.org.mx\/index.php\/wp-json\/wp\/v2\/users\/2"}],"replies":[{"embeddable":true,"href":"http:\/\/www.grieta.org.mx\/index.php\/wp-json\/wp\/v2\/comments?post=8817"}],"version-history":[{"count":1,"href":"http:\/\/www.grieta.org.mx\/index.php\/wp-json\/wp\/v2\/posts\/8817\/revisions"}],"predecessor-version":[{"id":8819,"href":"http:\/\/www.grieta.org.mx\/index.php\/wp-json\/wp\/v2\/posts\/8817\/revisions\/8819"}],"wp:featuredmedia":[{"embeddable":true,"href":"http:\/\/www.grieta.org.mx\/index.php\/wp-json\/wp\/v2\/media\/21928"}],"wp:attachment":[{"href":"http:\/\/www.grieta.org.mx\/index.php\/wp-json\/wp\/v2\/media?parent=8817"}],"wp:term":[{"taxonomy":"category","embeddable":true,"href":"http:\/\/www.grieta.org.mx\/index.php\/wp-json\/wp\/v2\/categories?post=8817"},{"taxonomy":"post_tag","embeddable":true,"href":"http:\/\/www.grieta.org.mx\/index.php\/wp-json\/wp\/v2\/tags?post=8817"}],"curies":[{"name":"wp","href":"https:\/\/api.w.org\/{rel}","templated":true}]}}