{"id":8754,"date":"2016-01-18T02:03:50","date_gmt":"2016-01-18T02:03:50","guid":{"rendered":"http:\/\/50.22.11.12\/~grietaor\/?p=8754"},"modified":"2016-03-31T02:05:54","modified_gmt":"2016-03-31T02:05:54","slug":"feminicidio-en-alaquines","status":"publish","type":"post","link":"http:\/\/www.grieta.org.mx\/index.php\/2016\/01\/18\/feminicidio-en-alaquines\/","title":{"rendered":"Feminicidio en Alaquines"},"content":{"rendered":"<p>El Ayuntamiento de Alaquines no cuenta con informaci\u00f3n acerca de la investigaci\u00f3n que realiza la Procuradur\u00eda General de Justicia del Estado (PGJE) en torno al feminicidio de una menor registrado el pasado 28 de diciembre, pues los procedimientos se est\u00e1n llevando a cabo en San Luis Potos\u00ed capital, seg\u00fan dijo la alcaldesa Leonides Secaida L\u00f3pez, a los miembros del cabildo.<\/p>\n<p>El o los responsables del asesinato de la menor, no han sido capturados, ni siquiera identificados.<\/p>\n<p>El regidor Mois\u00e9s Mendoza Osorio, se\u00f1al\u00f3 que los habitantes del municipio tienen temor por sus hijos, debido a que los j\u00f3venes salen por la tarde-noche de la preparatoria, la cual se encuentra en el barrio en donde se suscit\u00f3 el asesinato de la menor.<\/p>\n<p>La falta de alumbrado p\u00fablico en las calles de Alaquines, incrementa el temor de los padres de familia de enviar a sus hijos a la preparatoria Rafael Nieto.<\/p>\n<p>Mendoza Osorio, dio a conocer que la poblaci\u00f3n ha tomado medidas de prevenci\u00f3n y evitan salir a la calle en medida de lo posible cuando se encuentra avanzada la noche y m\u00e1s en esa zona porque no hay alumbrado p\u00fablico.<\/p>\n<p>El funcionario explic\u00f3 que el \u00fanico lugar que se encuentra iluminado en su totalidad es el primer cuadro de la ciudad y ser\u00eda indispensable que se regularizara el alumbrado en la zona urbana.<\/p>\n<p>Subray\u00f3 que es necesario que corporaciones de seguridad apoyen con recorridos de vigilancia pues la polic\u00eda municipal solo tiene ocho elementos que no son suficientes para garantizar la tranquilidad de las familias de Alaquines.<\/p>\n<p><a href=\"http:\/\/planoinformativo.com\/nota\/id\/437118\/noticia\/-temor-en-alaquines-tras-feminicidio.html\">planoinformativo.com\/nota\/id\/437118\/noticia\/-temor-en-alaquines-tras-feminicidio.html<\/a><\/p>\n","protected":false},"excerpt":{"rendered":"<p>El Ayuntamiento de Alaquines no cuenta con informaci\u00f3n acerca de la investigaci\u00f3n que realiza la Procuradur\u00eda General de Justicia del Estado (PGJE) en torno al feminicidio de una menor registrado &hellip; <a href=\"http:\/\/www.grieta.org.mx\/index.php\/2016\/01\/18\/feminicidio-en-alaquines\/\" class=\"more-link\">Leer m\u00e1s<\/a><\/p>\n","protected":false},"author":2,"featured_media":21928,"comment_status":"closed","ping_status":"open","sticky":false,"template":"","format":"standard","meta":{"ngg_post_thumbnail":0,"_jetpack_newsletter_access":"","_jetpack_dont_email_post_to_subs":false,"_jetpack_newsletter_tier_id":0,"_jetpack_memberships_contains_paywalled_content":false,"_jetpack_memberships_contains_paid_content":false,"footnotes":""},"categories":[80,141],"tags":[81],"class_list":["post-8754","post","type-post","status-publish","format-standard","has-post-thumbnail","hentry","category-cintillo","category-san-luis-potosi","tag-feminicidios","entry"],"jetpack_featured_media_url":"http:\/\/www.grieta.org.mx\/wp-content\/uploads\/2018\/03\/14524434_1106112876131411_958039263622046936_o.jpg","jetpack_sharing_enabled":true,"jetpack_shortlink":"https:\/\/wp.me\/p7ZJR4-2hc","jetpack_likes_enabled":false,"jetpack-related-posts":[{"id":8751,"url":"http:\/\/www.grieta.org.mx\/index.php\/2016\/08\/10\/feminicidios-en-san-luis-potosi\/","url_meta":{"origin":8754,"position":0},"title":"Feminicidios en San Luis Potos\u00ed","author":"grieta","date":"10 agosto, 2016","format":false,"excerpt":"09\/08\/16. Inmujeres y asociaciones critican fallida estrategia contra la violencia de g\u00e9nero en SLPLa Jornada San Luis 20\/06\/16. Violencia contra la mujer en SLPPlano Informativo 10\/05\/16. En San Luis Potos\u00ed. 171 feminicidios en 5 a\u00f1osAstrolabio 18\/01\/16. Feminicidio en Alaquines Plano Informativo 13\/11\/15. Feminicidios en SLP: Ausencia de protocolos, casos olvidados,\u2026","rel":"","context":"En &quot;Feminicidios&quot;","block_context":{"text":"Feminicidios","link":"http:\/\/www.grieta.org.mx\/index.php\/category\/temas-nacionales\/feminicidios\/"},"img":{"alt_text":"","src":"https:\/\/i0.wp.com\/www.grieta.org.mx\/wp-content\/uploads\/2018\/03\/14524434_1106112876131411_958039263622046936_o.jpg?resize=350%2C200","width":350,"height":200,"srcset":"https:\/\/i0.wp.com\/www.grieta.org.mx\/wp-content\/uploads\/2018\/03\/14524434_1106112876131411_958039263622046936_o.jpg?resize=350%2C200 1x, https:\/\/i0.wp.com\/www.grieta.org.mx\/wp-content\/uploads\/2018\/03\/14524434_1106112876131411_958039263622046936_o.jpg?resize=525%2C300 1.5x, https:\/\/i0.wp.com\/www.grieta.org.mx\/wp-content\/uploads\/2018\/03\/14524434_1106112876131411_958039263622046936_o.jpg?resize=700%2C400 2x"},"classes":[]},{"id":31294,"url":"http:\/\/www.grieta.org.mx\/index.php\/2019\/03\/27\/slp-registra-el-primer-trimestre-del-ano-7-feminicidios-san-luis-potosi\/","url_meta":{"origin":8754,"position":1},"title":"SLP registra el primer trimestre del a\u00f1o 7 feminicidios (San Luis Potos\u00ed)","author":"grieta","date":"27 marzo, 2019","format":false,"excerpt":"Mayra Trist\u00e1n \/ El Sol de San Luis En lo que va del a\u00f1o se han registrado ocho muertes violentas de mujeres, de las cuales siete han sido clasificadas como feminicidio En lo que va del a\u00f1o se han registrado ocho muertes violentas de mujeres, de las cuales siete han\u2026","rel":"","context":"En &quot;CINTILLO&quot;","block_context":{"text":"CINTILLO","link":"http:\/\/www.grieta.org.mx\/index.php\/category\/cintillo\/"},"img":{"alt_text":"","src":"https:\/\/i0.wp.com\/www.grieta.org.mx\/wp-content\/uploads\/2019\/03\/SLP-registra-el-primer-trimestre-del-a%C3%B1o-7-feminicidios-slp-mzo.jpg?resize=350%2C200","width":350,"height":200,"srcset":"https:\/\/i0.wp.com\/www.grieta.org.mx\/wp-content\/uploads\/2019\/03\/SLP-registra-el-primer-trimestre-del-a%C3%B1o-7-feminicidios-slp-mzo.jpg?resize=350%2C200 1x, https:\/\/i0.wp.com\/www.grieta.org.mx\/wp-content\/uploads\/2019\/03\/SLP-registra-el-primer-trimestre-del-a%C3%B1o-7-feminicidios-slp-mzo.jpg?resize=525%2C300 1.5x, https:\/\/i0.wp.com\/www.grieta.org.mx\/wp-content\/uploads\/2019\/03\/SLP-registra-el-primer-trimestre-del-a%C3%B1o-7-feminicidios-slp-mzo.jpg?resize=700%2C400 2x"},"classes":[]},{"id":40556,"url":"http:\/\/www.grieta.org.mx\/index.php\/2019\/10\/23\/matan-a-nina-de-12-anos-en-san-luis-potosi\/","url_meta":{"origin":8754,"position":2},"title":"Matan a ni\u00f1a de 12 a\u00f1os en San Luis Potos\u00ed","author":"grieta","date":"23 octubre, 2019","format":false,"excerpt":"Luz Mar\u00eda ten\u00eda solamente 12 a\u00f1oa de edad, fue cruelmente asesinada y violada la madrugada de este mi\u00e9rcoles en Tamazunchale Agencia Reforma\/Debate 23 octubre San Luis Potos\u00ed.- La ni\u00f1a Luz Mar\u00eda \"N\", de 12 a\u00f1os de edad, fue asesinada esta madrugada en Tamazunchale, Municipio ubicado en el sureste de San\u2026","rel":"","context":"En &quot;CINTILLO&quot;","block_context":{"text":"CINTILLO","link":"http:\/\/www.grieta.org.mx\/index.php\/category\/cintillo\/"},"img":{"alt_text":"","src":"https:\/\/i0.wp.com\/www.grieta.org.mx\/wp-content\/uploads\/2019\/10\/matan_a_nixa_en_san_luis_potosi_crop1571865754978.jpg_219914347.jpg?resize=350%2C200","width":350,"height":200,"srcset":"https:\/\/i0.wp.com\/www.grieta.org.mx\/wp-content\/uploads\/2019\/10\/matan_a_nixa_en_san_luis_potosi_crop1571865754978.jpg_219914347.jpg?resize=350%2C200 1x, https:\/\/i0.wp.com\/www.grieta.org.mx\/wp-content\/uploads\/2019\/10\/matan_a_nixa_en_san_luis_potosi_crop1571865754978.jpg_219914347.jpg?resize=525%2C300 1.5x, https:\/\/i0.wp.com\/www.grieta.org.mx\/wp-content\/uploads\/2019\/10\/matan_a_nixa_en_san_luis_potosi_crop1571865754978.jpg_219914347.jpg?resize=700%2C400 2x"},"classes":[]},{"id":54706,"url":"http:\/\/www.grieta.org.mx\/index.php\/2020\/11\/05\/protestan-en-reforma-familias-de-victimas-de-violencia-en-san-luis-potosi\/","url_meta":{"origin":8754,"position":3},"title":"Protestan en Reforma familias de v\u00edctimas de violencia en San Luis Potos\u00ed","author":"grieta","date":"5 noviembre, 2020","format":false,"excerpt":"Ricardo Vitela\/Excelsior 5 noviembre 2020 Al hacer click en enviar quedaras regitrad@ a nuestro bolet\u00edn el cual podr\u00e1s cancelar en cualquier momento;no olvides revisar tu carpeta de spam. CIUDAD DE M\u00c9XICO. Dos familias originarias de San Luis Potos\u00ed, quienes el pasado 3 de septiembre tomaron la sede de la Comisi\u00f3n\u2026","rel":"","context":"En &quot;CINTILLO&quot;","block_context":{"text":"CINTILLO","link":"http:\/\/www.grieta.org.mx\/index.php\/category\/cintillo\/"},"img":{"alt_text":"","src":"https:\/\/i0.wp.com\/www.grieta.org.mx\/wp-content\/uploads\/2020\/11\/2473126.jpg?resize=350%2C200","width":350,"height":200,"srcset":"https:\/\/i0.wp.com\/www.grieta.org.mx\/wp-content\/uploads\/2020\/11\/2473126.jpg?resize=350%2C200 1x, https:\/\/i0.wp.com\/www.grieta.org.mx\/wp-content\/uploads\/2020\/11\/2473126.jpg?resize=525%2C300 1.5x, https:\/\/i0.wp.com\/www.grieta.org.mx\/wp-content\/uploads\/2020\/11\/2473126.jpg?resize=700%2C400 2x, https:\/\/i0.wp.com\/www.grieta.org.mx\/wp-content\/uploads\/2020\/11\/2473126.jpg?resize=1050%2C600 3x"},"classes":[]},{"id":65270,"url":"http:\/\/www.grieta.org.mx\/index.php\/2022\/09\/18\/feminicido-exigen-justicia-para-chuyita-de-14-anos-y-asesinada-en-san-luis-potosi\/","url_meta":{"origin":8754,"position":4},"title":"Feminicido: Exigen justicia para Chuyita, de 14 a\u00f1os y asesinada en San Luis Potos\u00ed","author":"grieta","date":"18 septiembre, 2022","format":false,"excerpt":"Redacci\u00f3n\/SDP Noticias 18 septiembre 2022 Chuyita Lelixia Rodr\u00edguez desapareci\u00f3 el 14 de septiembre cuando se dirig\u00eda la prepa en la comunidad de Derramaderos en Villa de Arista, San Luis Potos\u00ed Con el hashtag Justicia para Chuyita, su familia y la comunidad de Derramaderos en San Luis Potos\u00ed exigen que el\u2026","rel":"","context":"En &quot;CINTILLO&quot;","block_context":{"text":"CINTILLO","link":"http:\/\/www.grieta.org.mx\/index.php\/category\/cintillo\/"},"img":{"alt_text":"","src":"https:\/\/i0.wp.com\/www.grieta.org.mx\/wp-content\/uploads\/2022\/09\/H5NNK33YCRBHFKUH7EPDVYJ6LM.jpg?resize=350%2C200","width":350,"height":200,"srcset":"https:\/\/i0.wp.com\/www.grieta.org.mx\/wp-content\/uploads\/2022\/09\/H5NNK33YCRBHFKUH7EPDVYJ6LM.jpg?resize=350%2C200 1x, https:\/\/i0.wp.com\/www.grieta.org.mx\/wp-content\/uploads\/2022\/09\/H5NNK33YCRBHFKUH7EPDVYJ6LM.jpg?resize=525%2C300 1.5x"},"classes":[]},{"id":12102,"url":"http:\/\/www.grieta.org.mx\/index.php\/2016\/05\/10\/en-san-luis-potosi-171-feminicidios-en-5-anos\/","url_meta":{"origin":8754,"position":5},"title":"En San Luis Potos\u00ed. 171 feminicidios en 5 a\u00f1os","author":"grieta","date":"10 mayo, 2016","format":false,"excerpt":"Astrolabios Antonio Gonz\u00e1lez V\u00e1zquez. El Grupo Interinstitucional de Trabajo conformado para revisar la situaci\u00f3n de la violencia contra la mujer y revisar la solicitud de Alerta de G\u00e9nero, revel\u00f3 que en el per\u00edodo 2011-2015 hubo en San Luis Potos\u00ed 171 muertes de mujeres, cuyos casos debieron ser atendidos como feminicidios.\u2026","rel":"","context":"En &quot;CINTILLO&quot;","block_context":{"text":"CINTILLO","link":"http:\/\/www.grieta.org.mx\/index.php\/category\/cintillo\/"},"img":{"alt_text":"","src":"https:\/\/i0.wp.com\/www.grieta.org.mx\/wp-content\/uploads\/2018\/03\/14524434_1106112876131411_958039263622046936_o.jpg?resize=350%2C200","width":350,"height":200,"srcset":"https:\/\/i0.wp.com\/www.grieta.org.mx\/wp-content\/uploads\/2018\/03\/14524434_1106112876131411_958039263622046936_o.jpg?resize=350%2C200 1x, https:\/\/i0.wp.com\/www.grieta.org.mx\/wp-content\/uploads\/2018\/03\/14524434_1106112876131411_958039263622046936_o.jpg?resize=525%2C300 1.5x, https:\/\/i0.wp.com\/www.grieta.org.mx\/wp-content\/uploads\/2018\/03\/14524434_1106112876131411_958039263622046936_o.jpg?resize=700%2C400 2x"},"classes":[]}],"_links":{"self":[{"href":"http:\/\/www.grieta.org.mx\/index.php\/wp-json\/wp\/v2\/posts\/8754","targetHints":{"allow":["GET"]}}],"collection":[{"href":"http:\/\/www.grieta.org.mx\/index.php\/wp-json\/wp\/v2\/posts"}],"about":[{"href":"http:\/\/www.grieta.org.mx\/index.php\/wp-json\/wp\/v2\/types\/post"}],"author":[{"embeddable":true,"href":"http:\/\/www.grieta.org.mx\/index.php\/wp-json\/wp\/v2\/users\/2"}],"replies":[{"embeddable":true,"href":"http:\/\/www.grieta.org.mx\/index.php\/wp-json\/wp\/v2\/comments?post=8754"}],"version-history":[{"count":1,"href":"http:\/\/www.grieta.org.mx\/index.php\/wp-json\/wp\/v2\/posts\/8754\/revisions"}],"predecessor-version":[{"id":8756,"href":"http:\/\/www.grieta.org.mx\/index.php\/wp-json\/wp\/v2\/posts\/8754\/revisions\/8756"}],"wp:featuredmedia":[{"embeddable":true,"href":"http:\/\/www.grieta.org.mx\/index.php\/wp-json\/wp\/v2\/media\/21928"}],"wp:attachment":[{"href":"http:\/\/www.grieta.org.mx\/index.php\/wp-json\/wp\/v2\/media?parent=8754"}],"wp:term":[{"taxonomy":"category","embeddable":true,"href":"http:\/\/www.grieta.org.mx\/index.php\/wp-json\/wp\/v2\/categories?post=8754"},{"taxonomy":"post_tag","embeddable":true,"href":"http:\/\/www.grieta.org.mx\/index.php\/wp-json\/wp\/v2\/tags?post=8754"}],"curies":[{"name":"wp","href":"https:\/\/api.w.org\/{rel}","templated":true}]}}