{"id":8732,"date":"2016-09-10T01:00:27","date_gmt":"2016-09-10T06:00:27","guid":{"rendered":"http:\/\/50.22.11.12\/~grietaor\/?p=8732"},"modified":"2016-09-13T22:15:34","modified_gmt":"2016-09-14T03:15:34","slug":"rechazo-al-fracking-en-san-luis-potosi","status":"publish","type":"post","link":"http:\/\/www.grieta.org.mx\/index.php\/2016\/09\/10\/rechazo-al-fracking-en-san-luis-potosi\/","title":{"rendered":"Rechazo al fracking en San Luis Potos\u00ed"},"content":{"rendered":"<p><strong>05\/09\/16. <\/strong><a href=\"http:\/\/www.grieta.org.mx\/index.php\/2016\/09\/05\/oposicion-huasteca-a-fracking-por-pemex-2\/\">Oposici\u00f3n huasteca a fracking por Pemex<\/a><br  \/><em>El Mexicano<\/em><br  \/><\/p>\n<p><strong>06\/08\/16. <\/strong><a href=\"http:\/\/www.grieta.org.mx\/index.php\/2016\/08\/06\/indigenas-en-la-huasteca-estan-alertas-el-fracking-no-tarda-en-tomar-sus-patios-tambien-su-agua\/\">Ind\u00edgenas en la Huasteca est\u00e1n alertas: el fracking no tarda en tomar sus patios, tambi\u00e9n su agua<\/a><br  \/><em>Sin Embargo<\/em><br  \/><\/p>\n<p><strong>24\/07\/16. <\/strong><a href=\"http:\/\/www.grieta.org.mx\/index.php\/2016\/07\/24\/encuentro-contra-el-fracking-en-slp\/\">Encuentro contra el fracking en SLP<\/a><br  \/><em>El Sol de San Luis<\/em><br  \/><\/p>\n<p><strong>15\/07\/16. <\/strong><a href=\"http:\/\/www.grieta.org.mx\/index.php\/2016\/07\/15\/definiran-acciones-a-emprender-contra-el-fracking-en-la-huasteca-slp\/\">Definir\u00e1n acciones a emprender contra el fracking en la Huasteca, SLP<\/a><br  \/><em>El Sol de San Luis<\/em><br  \/><\/p>\n<p><strong>18\/06\/16. <\/strong><a href=\"http:\/\/www.grieta.org.mx\/index.php\/2016\/06\/18\/dudas-y-desconfianza-respecto-a-perforaciones-de-ipicyt-en-xilitla-slp\/\">Dudas y desconfianza respecto a perforaciones de IPICYT en Xilitla, SLP<\/a><br  \/><em>El Sol de San Luis<\/em><br  \/><\/p>\n<p><strong>30\/05\/16. <\/strong><a href=\"http:\/\/www.grieta.org.mx\/index.php\/2016\/05\/30\/libre-de-fracking-municipio-de-tanlajas\/\">Libre de fracking: municipio de Tanlaj\u00e1s<\/a><br  \/><em>Alianza mexicana contra el fracking<\/em><br  \/><\/p>\n<p><strong>26\/01\/16. <\/strong><a href=\"http:\/\/grieta.org.mx\/index.php\/2016\/01\/26\/crearan-barricadas-contra-empresas-depredadoras\/\">Crear\u00e1n barricadas contra empresas \u201cdepredadoras\u201d<\/a><br \/>\n<em>El Sol de San Luis<\/em><\/p>\n<p><strong>21\/05\/15. <\/strong><a href=\"http:\/\/grieta.org.mx\/index.php\/2015\/05\/21\/productores-agropecuarios-de-la-huasteca-se-pronuncian-contra-el-fracking\/\">Productores agropecuarios de la Huasteca se pronuncian contra el fracking<\/a><br  \/><em>Vox Populi<\/em><br  \/><\/p>\n<p><strong>01\/03\/15. <\/strong><a href=\"http:\/\/grieta.org.mx\/index.php\/2015\/03\/01\/alarma-en-la-huasteca-ante-la-embestida-del-fracking\/\">Alarma en la Huasteca ante la embestida del fracking<\/a><br  \/><em>La Jornada<\/em><br  \/><\/p>\n","protected":false},"excerpt":{"rendered":"<p>05\/09\/16. Oposici\u00f3n huasteca a fracking por PemexEl Mexicano 06\/08\/16. Ind\u00edgenas en la Huasteca est\u00e1n alertas: el fracking no tarda en tomar sus patios, tambi\u00e9n su aguaSin Embargo 24\/07\/16. Encuentro contra &hellip; <a href=\"http:\/\/www.grieta.org.mx\/index.php\/2016\/09\/10\/rechazo-al-fracking-en-san-luis-potosi\/\" class=\"more-link\">Leer m\u00e1s<\/a><\/p>\n","protected":false},"author":2,"featured_media":21928,"comment_status":"closed","ping_status":"open","sticky":false,"template":"","format":"standard","meta":{"ngg_post_thumbnail":0,"_jetpack_newsletter_access":"","_jetpack_dont_email_post_to_subs":false,"_jetpack_newsletter_tier_id":0,"_jetpack_memberships_contains_paywalled_content":false,"_jetpack_memberships_contains_paid_content":false,"footnotes":""},"categories":[396,29],"tags":[],"class_list":["post-8732","post","type-post","status-publish","format-standard","has-post-thumbnail","hentry","category-fracking","category-san-luis-potosi","entry"],"jetpack_featured_media_url":"http:\/\/www.grieta.org.mx\/wp-content\/uploads\/2018\/03\/14524434_1106112876131411_958039263622046936_o.jpg","jetpack_sharing_enabled":true,"jetpack_shortlink":"https:\/\/wp.me\/p7ZJR4-2gQ","jetpack_likes_enabled":false,"jetpack-related-posts":[{"id":25215,"url":"http:\/\/www.grieta.org.mx\/index.php\/2018\/07\/31\/convertiremos-la-huasteca-en-un-infierno-de-lucha-contra-el-fracking-mhd-san-luis-potosi\/","url_meta":{"origin":8732,"position":0},"title":"Convertiremos la Huasteca en un infierno de lucha contra el &#8220;fracking&#8221;: MHD (San Luis Potos\u00ed)","author":"grieta","date":"31 julio, 2018","format":false,"excerpt":"Jos\u00e9 Luis Mart\u00ednez Castro \/ El Sol de San Luis Poco m\u00e1s de un centenar de campesinos cerraron la carretera Valles-Tampico Movilizaciones y otras acciones son las que realizar\u00e1 el MHD si llegan a utilizar el fracking en la Huasteca, adem\u00e1s que exigen cancelar las rondas de licitaciones para la\u2026","rel":"","context":"En &quot;CINTILLO&quot;","block_context":{"text":"CINTILLO","link":"http:\/\/www.grieta.org.mx\/index.php\/category\/cintillo\/"},"img":{"alt_text":"","src":"https:\/\/i0.wp.com\/www.grieta.org.mx\/wp-content\/uploads\/2018\/07\/Convertiremos-la-Huasteca-en-un-infierno-de-lucha-contra-el.jpg?resize=350%2C200","width":350,"height":200,"srcset":"https:\/\/i0.wp.com\/www.grieta.org.mx\/wp-content\/uploads\/2018\/07\/Convertiremos-la-Huasteca-en-un-infierno-de-lucha-contra-el.jpg?resize=350%2C200 1x, https:\/\/i0.wp.com\/www.grieta.org.mx\/wp-content\/uploads\/2018\/07\/Convertiremos-la-Huasteca-en-un-infierno-de-lucha-contra-el.jpg?resize=525%2C300 1.5x, https:\/\/i0.wp.com\/www.grieta.org.mx\/wp-content\/uploads\/2018\/07\/Convertiremos-la-Huasteca-en-un-infierno-de-lucha-contra-el.jpg?resize=700%2C400 2x"},"classes":[]},{"id":8740,"url":"http:\/\/www.grieta.org.mx\/index.php\/2015\/05\/21\/productores-agropecuarios-de-la-huasteca-se-pronuncian-contra-el-fracking\/","url_meta":{"origin":8732,"position":1},"title":"Productores agropecuarios de la Huasteca se pronuncian contra el fracking (San Luis Potos\u00ed)","author":"grieta","date":"21 mayo, 2015","format":false,"excerpt":"San Luis Potos\u00ed, S. L. P.- Rosa Esther Pe\u00f1a Soto, \u00a0Coordinadora de Organizaciones Campesinas e Ind\u00edgenas de la Huasteca Potosina \u00a0(COCIHP) denunci\u00f3 que en la Huasteca potosina, productores de 18 municipios podr\u00e1n verse afectados por el fracking y el plan Monterrey VI. Pe\u00f1a Soto detallo que cafetaleros, productores de piloncillo,\u2026","rel":"","context":"En &quot;CINTILLO&quot;","block_context":{"text":"CINTILLO","link":"http:\/\/www.grieta.org.mx\/index.php\/category\/cintillo\/"},"img":{"alt_text":"","src":"https:\/\/i0.wp.com\/www.grieta.org.mx\/wp-content\/uploads\/2015\/05\/Productores-agropecuarios-de-la-Huasteca-se-pronuncian-contra-el-fracking.jpg?resize=350%2C200","width":350,"height":200,"srcset":"https:\/\/i0.wp.com\/www.grieta.org.mx\/wp-content\/uploads\/2015\/05\/Productores-agropecuarios-de-la-Huasteca-se-pronuncian-contra-el-fracking.jpg?resize=350%2C200 1x, https:\/\/i0.wp.com\/www.grieta.org.mx\/wp-content\/uploads\/2015\/05\/Productores-agropecuarios-de-la-Huasteca-se-pronuncian-contra-el-fracking.jpg?resize=525%2C300 1.5x, https:\/\/i0.wp.com\/www.grieta.org.mx\/wp-content\/uploads\/2015\/05\/Productores-agropecuarios-de-la-Huasteca-se-pronuncian-contra-el-fracking.jpg?resize=700%2C400 2x, https:\/\/i0.wp.com\/www.grieta.org.mx\/wp-content\/uploads\/2015\/05\/Productores-agropecuarios-de-la-Huasteca-se-pronuncian-contra-el-fracking.jpg?resize=1050%2C600 3x, https:\/\/i0.wp.com\/www.grieta.org.mx\/wp-content\/uploads\/2015\/05\/Productores-agropecuarios-de-la-Huasteca-se-pronuncian-contra-el-fracking.jpg?resize=1400%2C800 4x"},"classes":[]},{"id":25548,"url":"http:\/\/www.grieta.org.mx\/index.php\/2018\/08\/15\/huasteca-contra-el-fracking-cerraran-paso-a-pemex-san-luis-potosi\/","url_meta":{"origin":8732,"position":2},"title":"Huasteca contra el fracking, cerrar\u00e1n paso a Pemex (San Luis Potos\u00ed)","author":"grieta","date":"15 agosto, 2018","format":false,"excerpt":"Jos\u00e9 Luis Mart\u00ednez Castro \/ El Sol de San Luis \"Huastecos defender\u00e1n los pozos que Pemex quiere explotar\" \"En la zona Tenek se impedir\u00e1 llegue el \u201cfracking\u201d, incluso si es necesario se recurrir\u00e1 al amparo de la justicia federal, ya que esta practica devastara los recursos naturales y contaminara el\u2026","rel":"","context":"En &quot;CINTILLO&quot;","block_context":{"text":"CINTILLO","link":"http:\/\/www.grieta.org.mx\/index.php\/category\/cintillo\/"},"img":{"alt_text":"","src":"https:\/\/i0.wp.com\/www.grieta.org.mx\/wp-content\/uploads\/2018\/08\/Huasteca-contra-el-fracking-cerrar%C3%A1n-paso-a-Pemex.jpg?resize=350%2C200","width":350,"height":200,"srcset":"https:\/\/i0.wp.com\/www.grieta.org.mx\/wp-content\/uploads\/2018\/08\/Huasteca-contra-el-fracking-cerrar%C3%A1n-paso-a-Pemex.jpg?resize=350%2C200 1x, https:\/\/i0.wp.com\/www.grieta.org.mx\/wp-content\/uploads\/2018\/08\/Huasteca-contra-el-fracking-cerrar%C3%A1n-paso-a-Pemex.jpg?resize=525%2C300 1.5x, https:\/\/i0.wp.com\/www.grieta.org.mx\/wp-content\/uploads\/2018\/08\/Huasteca-contra-el-fracking-cerrar%C3%A1n-paso-a-Pemex.jpg?resize=700%2C400 2x"},"classes":[]},{"id":17610,"url":"http:\/\/www.grieta.org.mx\/index.php\/2016\/07\/15\/definiran-acciones-a-emprender-contra-el-fracking-en-la-huasteca-slp\/","url_meta":{"origin":8732,"position":3},"title":"Definir\u00e1n acciones a emprender contra el fracking en la Huasteca (San Luis Potos\u00ed)","author":"grieta","date":"15 julio, 2016","format":false,"excerpt":"Jos\u00e9 Luis Mart\u00ednez Castro \/ El Sol de San Luis Xilitla, San Luis Potos\u00ed.- Para analizar la situaci\u00f3n de la lucha y movimientos realizados en los Estados amenazados por los gasoductos, hidroel\u00e9ctricas, termoel\u00e9ctricas, trasvase de agua (acueducto Monterrey VI) y la t\u00e9cnica de la fractura hidr\u00e1ulica para la extracci\u00f3n de\u2026","rel":"","context":"En &quot;CINTILLO&quot;","block_context":{"text":"CINTILLO","link":"http:\/\/www.grieta.org.mx\/index.php\/category\/cintillo\/"},"img":{"alt_text":"","src":"https:\/\/i0.wp.com\/www.grieta.org.mx\/wp-content\/uploads\/2018\/03\/14524434_1106112876131411_958039263622046936_o.jpg?resize=350%2C200","width":350,"height":200,"srcset":"https:\/\/i0.wp.com\/www.grieta.org.mx\/wp-content\/uploads\/2018\/03\/14524434_1106112876131411_958039263622046936_o.jpg?resize=350%2C200 1x, https:\/\/i0.wp.com\/www.grieta.org.mx\/wp-content\/uploads\/2018\/03\/14524434_1106112876131411_958039263622046936_o.jpg?resize=525%2C300 1.5x, https:\/\/i0.wp.com\/www.grieta.org.mx\/wp-content\/uploads\/2018\/03\/14524434_1106112876131411_958039263622046936_o.jpg?resize=700%2C400 2x"},"classes":[]},{"id":17607,"url":"http:\/\/www.grieta.org.mx\/index.php\/2016\/07\/24\/encuentro-contra-el-fracking-en-slp\/","url_meta":{"origin":8732,"position":4},"title":"Encuentro contra el fracking en SLP","author":"grieta","date":"24 julio, 2016","format":false,"excerpt":"Jos\u00e9 Luis Mart\u00ednez Castro \/ El Sol de San Luis Xilitla, San Luis Potos\u00ed.- El Segundo Encuentro Internacional Contra el Fracking y para la defensa del agua inici\u00f3 el viernes, participaron ponentes de la Uni\u00f3n Americana, de Alemania y de nueve Estados de la Rep\u00fablica Mexicana, quienes se pronunciaron por\u2026","rel":"","context":"En &quot;CINTILLO&quot;","block_context":{"text":"CINTILLO","link":"http:\/\/www.grieta.org.mx\/index.php\/category\/cintillo\/"},"img":{"alt_text":"","src":"https:\/\/i0.wp.com\/www.grieta.org.mx\/wp-content\/uploads\/2018\/03\/14524434_1106112876131411_958039263622046936_o.jpg?resize=350%2C200","width":350,"height":200,"srcset":"https:\/\/i0.wp.com\/www.grieta.org.mx\/wp-content\/uploads\/2018\/03\/14524434_1106112876131411_958039263622046936_o.jpg?resize=350%2C200 1x, https:\/\/i0.wp.com\/www.grieta.org.mx\/wp-content\/uploads\/2018\/03\/14524434_1106112876131411_958039263622046936_o.jpg?resize=525%2C300 1.5x, https:\/\/i0.wp.com\/www.grieta.org.mx\/wp-content\/uploads\/2018\/03\/14524434_1106112876131411_958039263622046936_o.jpg?resize=700%2C400 2x"},"classes":[]},{"id":25212,"url":"http:\/\/www.grieta.org.mx\/index.php\/2018\/07\/31\/mas-de-2-mil-500-personas-en-la-marcha-contra-el-fracking-san-luis-potosi\/","url_meta":{"origin":8732,"position":5},"title":"M\u00e1s de 2 mil 500 personas en la marcha contra el \u201cFracking\u201d (San Luis Potos\u00ed)","author":"grieta","date":"31 julio, 2018","format":false,"excerpt":"Georgina Jaramillo \/ Zunoticia Anuncian un segundo encuentro el pr\u00f3ximo martes en el municipio de San Antonio Xilitla, S.L.P.- M\u00e1s de 2 mil quinientas personas de distintas comunidades ind\u00edgenas que conforman varios municipios de la Huasteca, participaron en la marcha en la localidad del Barranc\u00f3n Municipio de Tanlaj\u00e1s, para continuar\u2026","rel":"","context":"En &quot;CINTILLO&quot;","block_context":{"text":"CINTILLO","link":"http:\/\/www.grieta.org.mx\/index.php\/category\/cintillo\/"},"img":{"alt_text":"","src":"https:\/\/i0.wp.com\/www.grieta.org.mx\/wp-content\/uploads\/2018\/07\/M%C3%A1s-de-2-mil-500-personas-en-la-marcha-contra-el-%E2%80%9CFracking%E2%80%9D-%E2%80%93-Zunoticia.jpg?resize=350%2C200","width":350,"height":200,"srcset":"https:\/\/i0.wp.com\/www.grieta.org.mx\/wp-content\/uploads\/2018\/07\/M%C3%A1s-de-2-mil-500-personas-en-la-marcha-contra-el-%E2%80%9CFracking%E2%80%9D-%E2%80%93-Zunoticia.jpg?resize=350%2C200 1x, https:\/\/i0.wp.com\/www.grieta.org.mx\/wp-content\/uploads\/2018\/07\/M%C3%A1s-de-2-mil-500-personas-en-la-marcha-contra-el-%E2%80%9CFracking%E2%80%9D-%E2%80%93-Zunoticia.jpg?resize=525%2C300 1.5x"},"classes":[]}],"_links":{"self":[{"href":"http:\/\/www.grieta.org.mx\/index.php\/wp-json\/wp\/v2\/posts\/8732","targetHints":{"allow":["GET"]}}],"collection":[{"href":"http:\/\/www.grieta.org.mx\/index.php\/wp-json\/wp\/v2\/posts"}],"about":[{"href":"http:\/\/www.grieta.org.mx\/index.php\/wp-json\/wp\/v2\/types\/post"}],"author":[{"embeddable":true,"href":"http:\/\/www.grieta.org.mx\/index.php\/wp-json\/wp\/v2\/users\/2"}],"replies":[{"embeddable":true,"href":"http:\/\/www.grieta.org.mx\/index.php\/wp-json\/wp\/v2\/comments?post=8732"}],"version-history":[{"count":1,"href":"http:\/\/www.grieta.org.mx\/index.php\/wp-json\/wp\/v2\/posts\/8732\/revisions"}],"predecessor-version":[{"id":21638,"href":"http:\/\/www.grieta.org.mx\/index.php\/wp-json\/wp\/v2\/posts\/8732\/revisions\/21638"}],"wp:featuredmedia":[{"embeddable":true,"href":"http:\/\/www.grieta.org.mx\/index.php\/wp-json\/wp\/v2\/media\/21928"}],"wp:attachment":[{"href":"http:\/\/www.grieta.org.mx\/index.php\/wp-json\/wp\/v2\/media?parent=8732"}],"wp:term":[{"taxonomy":"category","embeddable":true,"href":"http:\/\/www.grieta.org.mx\/index.php\/wp-json\/wp\/v2\/categories?post=8732"},{"taxonomy":"post_tag","embeddable":true,"href":"http:\/\/www.grieta.org.mx\/index.php\/wp-json\/wp\/v2\/tags?post=8732"}],"curies":[{"name":"wp","href":"https:\/\/api.w.org\/{rel}","templated":true}]}}