{"id":8716,"date":"2015-06-04T01:22:54","date_gmt":"2015-06-04T01:22:54","guid":{"rendered":"http:\/\/50.22.11.12\/~grietaor\/?p=8716"},"modified":"2016-03-31T01:39:14","modified_gmt":"2016-03-31T01:39:14","slug":"confirman-casos-de-ninos-con-plomo-y-dificultad-para-generar-globulos-rojos-en-area-de-minera-san-xavier","status":"publish","type":"post","link":"http:\/\/www.grieta.org.mx\/index.php\/2015\/06\/04\/confirman-casos-de-ninos-con-plomo-y-dificultad-para-generar-globulos-rojos-en-area-de-minera-san-xavier\/","title":{"rendered":"Confirman casos de ni\u00f1os con plomo y dificultad para generar gl\u00f3bulos rojos en \u00e1rea de Minera San Xavier"},"content":{"rendered":"<p>Aunque no precis\u00f3 cu\u00e1ntos casos de padecimientos por plomo y ars\u00e9nico en la sangre hay, el secretario de Salud Francisco Javier Posadas Robledo admiti\u00f3 que encontraron en estudios, casos de ni\u00f1os vecinos de la actividad minera, con plomo en la sangre y problemas para generar gl\u00f3bulos rojos. Los casos cuyo n\u00famero no precis\u00f3, forman parte de un estudio practicado a 300 ni\u00f1os que viven cerca de las zonas mineras de Villa de la Paz y Cerro de San Pedro, donde opera Minera San Xavier.<\/p>\n<p>Aclar\u00f3 que cuando es m\u00e1s grave el da\u00f1o, pueden presentarse problemas neurol\u00f3gicos, pero ello no ha sucedido hasta ahora.Recientemente fue publicado un estudio difundido por la Secretar\u00eda de Ecolog\u00eda y Gesti\u00f3n Ambiental, donde tan s\u00f3lo por la actividad minera de Cerro de San Pedro, el an\u00e1lisis arroj\u00f3 13 ni\u00f1os con algunas concentraciones de plomo y ars\u00e9nico.\u00a0Incluso en los estudios monitorean la presencia de fl\u00faor.<\/p>\n<p>Aclar\u00f3 que s\u00ed han encontrado contaminaci\u00f3n por metales pesados \u201cen algunos mantos\u201d pero no han representado grave riesgo a la salud.<\/p>\n<p><a class=\"autohyperlink\" title=\"http:\/\/www.conflictosmineros.net\/component\/content\/article\/16589\" href=\"http:\/\/www.conflictosmineros.net\/component\/content\/article\/16589\" target=\"_blank\">www.conflictosmineros.net\/component\/content\/article\/16589<\/a><\/p>\n","protected":false},"excerpt":{"rendered":"<p>Aunque no precis\u00f3 cu\u00e1ntos casos de padecimientos por plomo y ars\u00e9nico en la sangre hay, el secretario de Salud Francisco Javier Posadas Robledo admiti\u00f3 que encontraron en estudios, casos de &hellip; <a href=\"http:\/\/www.grieta.org.mx\/index.php\/2015\/06\/04\/confirman-casos-de-ninos-con-plomo-y-dificultad-para-generar-globulos-rojos-en-area-de-minera-san-xavier\/\" class=\"more-link\">Leer m\u00e1s<\/a><\/p>\n","protected":false},"author":2,"featured_media":21928,"comment_status":"closed","ping_status":"open","sticky":false,"template":"","format":"standard","meta":{"ngg_post_thumbnail":0,"_jetpack_newsletter_access":"","_jetpack_dont_email_post_to_subs":false,"_jetpack_newsletter_tier_id":0,"_jetpack_memberships_contains_paywalled_content":false,"_jetpack_memberships_contains_paid_content":false,"footnotes":""},"categories":[80,141],"tags":[394],"class_list":["post-8716","post","type-post","status-publish","format-standard","has-post-thumbnail","hentry","category-cintillo","category-san-luis-potosi","tag-contaminacion-por-mineria","entry"],"jetpack_featured_media_url":"http:\/\/www.grieta.org.mx\/wp-content\/uploads\/2018\/03\/14524434_1106112876131411_958039263622046936_o.jpg","jetpack_sharing_enabled":true,"jetpack_shortlink":"https:\/\/wp.me\/p7ZJR4-2gA","jetpack_likes_enabled":false,"jetpack-related-posts":[{"id":8702,"url":"http:\/\/www.grieta.org.mx\/index.php\/2016\/02\/29\/minera-san-xavier-y-la-devastacion-ambiental-por-la-mineria-a-cielo-abierto-en-cerro-de-san-pedro\/","url_meta":{"origin":8716,"position":0},"title":"Conflictos mineros en SLP","author":"grieta","date":"29 febrero, 2016","format":false,"excerpt":"29\/02\/16. \u201cMinera San Xavier no piensa irse a\u00fan de Cerro de San Pedro\u201d La Jornada San Luis 20\/07\/15. Lucha mundial contra la megaminer\u00eda t\u00f3xica Proceso 04\/06\/15. Confirman casos de ni\u00f1os con plomo y dificultad para generar gl\u00f3bulos rojos en \u00e1rea de Minera San XavierPulso SLP","rel":"","context":"En &quot;Miner\u00eda&quot;","block_context":{"text":"Miner\u00eda","link":"http:\/\/www.grieta.org.mx\/index.php\/category\/megaproyectos\/mineria\/"},"img":{"alt_text":"","src":"https:\/\/i0.wp.com\/www.grieta.org.mx\/wp-content\/uploads\/2018\/03\/14524434_1106112876131411_958039263622046936_o.jpg?resize=350%2C200","width":350,"height":200,"srcset":"https:\/\/i0.wp.com\/www.grieta.org.mx\/wp-content\/uploads\/2018\/03\/14524434_1106112876131411_958039263622046936_o.jpg?resize=350%2C200 1x, https:\/\/i0.wp.com\/www.grieta.org.mx\/wp-content\/uploads\/2018\/03\/14524434_1106112876131411_958039263622046936_o.jpg?resize=525%2C300 1.5x, https:\/\/i0.wp.com\/www.grieta.org.mx\/wp-content\/uploads\/2018\/03\/14524434_1106112876131411_958039263622046936_o.jpg?resize=700%2C400 2x"},"classes":[]},{"id":3481,"url":"http:\/\/www.grieta.org.mx\/index.php\/2015\/10\/25\/peligran-ninos-de-zonas-mineras-por-contaminacion-con-plomo\/","url_meta":{"origin":8716,"position":1},"title":"Peligran ni\u00f1os de zonas mineras por contaminaci\u00f3n con plomo (Zacatecas)","author":"grieta","date":"25 octubre, 2015","format":false,"excerpt":"EMILIA PESCI | NTRZACATECAS.COM Domingo, 25 de octubre de 2015 Zacatecas.- Eduardo Manzanares Acu\u00f1a, investigador de la Unidad Acad\u00e9mica de Ciencias Nucleares de la Universidad Aut\u00f3noma de Zacatecas (UAZ), asegur\u00f3 que hay poblaci\u00f3n infantil contaminada con plomo (Pb) en huesos y sangre en las zonas mineras del estado, sin que\u2026","rel":"","context":"En &quot;CINTILLO&quot;","block_context":{"text":"CINTILLO","link":"http:\/\/www.grieta.org.mx\/index.php\/category\/cintillo\/"},"img":{"alt_text":"","src":"https:\/\/i0.wp.com\/www.grieta.org.mx\/wp-content\/uploads\/2018\/03\/14524434_1106112876131411_958039263622046936_o.jpg?resize=350%2C200","width":350,"height":200,"srcset":"https:\/\/i0.wp.com\/www.grieta.org.mx\/wp-content\/uploads\/2018\/03\/14524434_1106112876131411_958039263622046936_o.jpg?resize=350%2C200 1x, https:\/\/i0.wp.com\/www.grieta.org.mx\/wp-content\/uploads\/2018\/03\/14524434_1106112876131411_958039263622046936_o.jpg?resize=525%2C300 1.5x, https:\/\/i0.wp.com\/www.grieta.org.mx\/wp-content\/uploads\/2018\/03\/14524434_1106112876131411_958039263622046936_o.jpg?resize=700%2C400 2x"},"classes":[]},{"id":29228,"url":"http:\/\/www.grieta.org.mx\/index.php\/2015\/10\/28\/peligran-ninos-de-zonas-mineras-por-contaminacion-con-plomo-zacatecas\/","url_meta":{"origin":8716,"position":2},"title":"Peligran ni\u00f1os de zonas mineras por contaminaci\u00f3n con plomo (Zacatecas)","author":"grieta","date":"28 octubre, 2015","format":false,"excerpt":"Emilia Pesci\/NTR Zacatecas Zacatecas.- Eduardo Manzanares Acu\u00f1a, investigador de la Unidad Acad\u00e9mica de Ciencias Nucleares de la Universidad Aut\u00f3noma de Zacatecas (UAZ), asegur\u00f3 que hay poblaci\u00f3n infantil contaminada con plomo (Pb) en huesos y sangre en las zonas mineras del estado, sin que las autoridades intervengan. Explic\u00f3 que el metal\u2026","rel":"","context":"En &quot;CINTILLO&quot;","block_context":{"text":"CINTILLO","link":"http:\/\/www.grieta.org.mx\/index.php\/category\/cintillo\/"},"img":{"alt_text":"","src":"https:\/\/i0.wp.com\/www.grieta.org.mx\/wp-content\/uploads\/2019\/02\/eduardo-manzanares-1.jpg?resize=350%2C200","width":350,"height":200,"srcset":"https:\/\/i0.wp.com\/www.grieta.org.mx\/wp-content\/uploads\/2019\/02\/eduardo-manzanares-1.jpg?resize=350%2C200 1x, https:\/\/i0.wp.com\/www.grieta.org.mx\/wp-content\/uploads\/2019\/02\/eduardo-manzanares-1.jpg?resize=525%2C300 1.5x, https:\/\/i0.wp.com\/www.grieta.org.mx\/wp-content\/uploads\/2019\/02\/eduardo-manzanares-1.jpg?resize=700%2C400 2x"},"classes":[]},{"id":3479,"url":"http:\/\/www.grieta.org.mx\/index.php\/2015\/10\/27\/es-normal-contaminacion-por-plomo-secretaria-de-salud-de-zacatecas\/","url_meta":{"origin":8716,"position":3},"title":"Es \u201cnormal\u201d contaminaci\u00f3n por plomo: Secretaria de Salud de Zacatecas","author":"grieta","date":"27 octubre, 2015","format":false,"excerpt":"EMILIA PESCI | NTRZACATECAS.COM Martes, 27 de octubre de 2015 Zacatecas.- Salvador Garc\u00eda S\u00e1nchez, jefe de Evidencia y Manejo de Riesgos de la Direcci\u00f3n de Protecci\u00f3n contra Riesgos Sanitarios en la SSZ, reconoci\u00f3 que hay presencia de plomo en la sangre de ni\u00f1os que habitan las zonas mineras del estado\u2026","rel":"","context":"En &quot;CINTILLO&quot;","block_context":{"text":"CINTILLO","link":"http:\/\/www.grieta.org.mx\/index.php\/category\/cintillo\/"},"img":{"alt_text":"","src":"https:\/\/i0.wp.com\/www.grieta.org.mx\/wp-content\/uploads\/2015\/10\/mina2.jpg?resize=350%2C200","width":350,"height":200,"srcset":"https:\/\/i0.wp.com\/www.grieta.org.mx\/wp-content\/uploads\/2015\/10\/mina2.jpg?resize=350%2C200 1x, https:\/\/i0.wp.com\/www.grieta.org.mx\/wp-content\/uploads\/2015\/10\/mina2.jpg?resize=525%2C300 1.5x, https:\/\/i0.wp.com\/www.grieta.org.mx\/wp-content\/uploads\/2015\/10\/mina2.jpg?resize=700%2C400 2x"},"classes":[]},{"id":3499,"url":"http:\/\/www.grieta.org.mx\/index.php\/2015\/02\/22\/contaminacion-producida-por-minera-en-zacatecas-afecto-gravemente-la-salud-de-los-pobladores\/","url_meta":{"origin":8716,"position":4},"title":"Contaminaci\u00f3n producida por minera en Zacatecas afect\u00f3 gravemente la salud de los pobladores","author":"grieta","date":"22 febrero, 2015","format":false,"excerpt":"Redacci\u00f3n\/Lado B Plomo en la sangre, complicaciones respiratorias, malestares estomacales, infecci\u00f3n en los ojos son algunas de las complicaciones que presentan los habitantes de Chalchihuites, Zacatecas, por el trabajo de la minera El Toro, de la empresa canadiense First Majestic Silver Corp. La empresa realiza extracci\u00f3n de plata en esta\u2026","rel":"","context":"En &quot;CINTILLO&quot;","block_context":{"text":"CINTILLO","link":"http:\/\/www.grieta.org.mx\/index.php\/category\/cintillo\/"},"img":{"alt_text":"","src":"https:\/\/i0.wp.com\/www.grieta.org.mx\/wp-content\/uploads\/2015\/02\/mina6.jpg?resize=350%2C200","width":350,"height":200},"classes":[]},{"id":36709,"url":"http:\/\/www.grieta.org.mx\/index.php\/2019\/07\/18\/los-mexicanos-que-viven-con-plomo-en-la-sangre-guerrero\/","url_meta":{"origin":8716,"position":5},"title":"Los mexicanos que viven con plomo en la sangre (Guerrero)","author":"Admin","date":"18 julio, 2019","format":false,"excerpt":"Grupo M\u00e9xico ha atentado 22 veces contra el medio ambiente en los \u00faltimos 21 a\u00f1os. Redacci\u00f3n \/ AM M\u00e9xico.- Grupo M\u00e9xico ha atentado 22 veces contra el medio ambiente en los \u00faltimos 21 a\u00f1os. Es decir: al menos un golpe contra los recursos naturales del pa\u00eds cada a\u00f1o desde 1998\u2026","rel":"","context":"En &quot;CINTILLO&quot;","block_context":{"text":"CINTILLO","link":"http:\/\/www.grieta.org.mx\/index.php\/category\/cintillo\/"},"img":{"alt_text":"","src":"https:\/\/i0.wp.com\/www.grieta.org.mx\/wp-content\/uploads\/2019\/07\/656b02f341da99be1d600908f8aa6a5442820ee7f4ee39e04b970bc2e7ab6254.jpg_98911596.jpg?resize=350%2C200","width":350,"height":200},"classes":[]}],"_links":{"self":[{"href":"http:\/\/www.grieta.org.mx\/index.php\/wp-json\/wp\/v2\/posts\/8716","targetHints":{"allow":["GET"]}}],"collection":[{"href":"http:\/\/www.grieta.org.mx\/index.php\/wp-json\/wp\/v2\/posts"}],"about":[{"href":"http:\/\/www.grieta.org.mx\/index.php\/wp-json\/wp\/v2\/types\/post"}],"author":[{"embeddable":true,"href":"http:\/\/www.grieta.org.mx\/index.php\/wp-json\/wp\/v2\/users\/2"}],"replies":[{"embeddable":true,"href":"http:\/\/www.grieta.org.mx\/index.php\/wp-json\/wp\/v2\/comments?post=8716"}],"version-history":[{"count":1,"href":"http:\/\/www.grieta.org.mx\/index.php\/wp-json\/wp\/v2\/posts\/8716\/revisions"}],"predecessor-version":[{"id":8725,"href":"http:\/\/www.grieta.org.mx\/index.php\/wp-json\/wp\/v2\/posts\/8716\/revisions\/8725"}],"wp:featuredmedia":[{"embeddable":true,"href":"http:\/\/www.grieta.org.mx\/index.php\/wp-json\/wp\/v2\/media\/21928"}],"wp:attachment":[{"href":"http:\/\/www.grieta.org.mx\/index.php\/wp-json\/wp\/v2\/media?parent=8716"}],"wp:term":[{"taxonomy":"category","embeddable":true,"href":"http:\/\/www.grieta.org.mx\/index.php\/wp-json\/wp\/v2\/categories?post=8716"},{"taxonomy":"post_tag","embeddable":true,"href":"http:\/\/www.grieta.org.mx\/index.php\/wp-json\/wp\/v2\/tags?post=8716"}],"curies":[{"name":"wp","href":"https:\/\/api.w.org\/{rel}","templated":true}]}}