{"id":8712,"date":"2015-07-20T01:19:20","date_gmt":"2015-07-20T01:19:20","guid":{"rendered":"http:\/\/50.22.11.12\/~grietaor\/?p=8712"},"modified":"2016-03-31T01:21:17","modified_gmt":"2016-03-31T01:21:17","slug":"lucha-mundial-contra-la-megamineria-toxica","status":"publish","type":"post","link":"http:\/\/www.grieta.org.mx\/index.php\/2015\/07\/20\/lucha-mundial-contra-la-megamineria-toxica\/","title":{"rendered":"Lucha mundial contra la megaminer\u00eda t\u00f3xica"},"content":{"rendered":"<p>M\u00c9XICO, D.F. (apro).- Con la dram\u00e1tica imagen del tajo a cielo abierto que la Minera San Xavier, filial en M\u00e9xico de la empresa canadiense New Gold, caus\u00f3 en el poblado de Cerro de San Pedro en San Luis Potos\u00ed, se hizo la convocatoria al D\u00eda Mundial contra la Megaminer\u00eda T\u00f3xica en nuestro pa\u00eds.<\/p>\n<p>Desgajado a fuerza de explosivos para extraerle, luego de un proceso de lixiviaci\u00f3n con cianuro, lo que queda de oro y plata, el cerro devastado \u2013ya sin la flora y fauna end\u00e9micas que lo distinguieron\u2013, es ahora el marco del antiguo templo de San Pedro que data del siglo XVIII, ubicado en el centro del pueblo minero.<\/p>\n<p>No es el \u00fanico monumento hist\u00f3rico de Cerro de San Pedro que a lo largo de 10 a\u00f1os ha padecido los efectos de la explotaci\u00f3n minera. Existe tambi\u00e9n, de la misma \u00e9poca, el templo de San Nicol\u00e1s Tolentino y un conjunto de 400 monumentos construidos entre los siglos XVI y XIX, seg\u00fan un reporte del Instituto Nacional de Antropolog\u00eda e Historia (INAH) dado a conocer en el 2007.<\/p>\n<p>Incluso, alguna vez se pens\u00f3 en hacer de este lugar un espacio para el ecoturismo, con una declaratoria de zona de monumentos que ayudar\u00eda a proteger ese patrimonio, seg\u00fan se consign\u00f3 en el semanario Proceso del 29 de abril de 2007. Pero al llegar la Minera San Xavier todo se derrumb\u00f3.<\/p>\n<p>La historiadora Marta Ter\u00e1n dijo entonces que la soluci\u00f3n al problema que representaba esa minera estaba en las instituciones culturales, el INAH y el Consejo Nacional para la Cultura y las Artes (Conaculta), que no ten\u00edan m\u00e1s que hacer respetar la Ley Federal de Monumentos y Zonas Arqueol\u00f3gicos, Hist\u00f3ricos y Art\u00edsticos, promulgada en 1972:<\/p>\n<p>\u201cCuando pienso que el maestro Sergio Vela, del Conaculta, puede apoyar a su director del INAH \u2013entonces Alfonso de Mar\u00eda y Campos\u2013 y levantar una iniciativa salvadora, la declaratoria para crear una zona de monumentos en el poblado de Cerro de San Pedro, rectificando el influyentismo de su antecesora \u2013Sari Berm\u00fadez\u2013, me estremece imaginar unos monumentos sin poderse visitar a escasos metros de una contaminaci\u00f3n de miedo\u201d.<\/p>\n<p>A ocho a\u00f1os de sus declaraciones, la imagen del cartel del D\u00eda Mundial contra la Megaminer\u00eda T\u00f3xica, convocado para el 22 de julio, le dan la raz\u00f3n.<\/p>\n<p>Cerro de San Pedro no es el \u00fanico sitio en el pa\u00eds afectado por la Miner\u00eda de tajo a cielo abierto y que, por el uso del cianuro en la separaci\u00f3n de los metales del resto de los materiales de las monta\u00f1as desgajadas, se considera tambi\u00e9n altamente devastadora y t\u00f3xica.<\/p>\n<p>En abril pasado se exhibi\u00f3 en la Escuela Nacional de Antropolog\u00eda e Historia la exposici\u00f3n \u201cEl oro o la vida. Patrimonio biocultural y megaminer\u00eda. Un reto m\u00faltiple\u201d, en la cual se dio cuenta de los estragos de este tipo de explotaci\u00f3n de recursos naturales. La muestra inform\u00f3 tambi\u00e9n sobre los activistas sociales asesinados durante la lucha contra las mineras.<\/p>\n<p>En un amplio reportaje en Proceso, del 13 de julio de 2013, el historiador Felipe Echenique March inform\u00f3 que las mineras aprovechan el caos institucional \u201cque priva en el INAH\u201d para lograr autorizaci\u00f3n de sus proyectos, con lo cual ponen en riesgo el patrimonio cultural de estados como Guerrero y Morelos.<\/p>\n<p>La lucha contra la Miner\u00eda es mundial. Como parte del D\u00eda Mundial contra la Megaminer\u00eda T\u00f3xica, se organiz\u00f3 en Francia un festival para el 25 de julio, en el cual se espera la participaci\u00f3n de grupos como N\u00e9m\u00e9sis, Fabric\u2019\u00e0\u2019tort y Sang Conteste, entre otros, adem\u00e1s de conferencias y proyecciones.<\/p>\n<p>A la protesta se suman organizaciones de Espa\u00f1a, Argentina, Colombia, Estados Unidos, Guatemala, Filipinas, Ecuador y Venezuela, con diversas actividades.<\/p>\n<p>Aunque las compa\u00f1\u00edas mineras contin\u00faan con su proliferaci\u00f3n.<\/p>\n<p><a href=\"http:\/\/www.proceso.com.mx\/?p=411152\">www.proceso.com.mx\/?p=411152<\/a>20<\/p>\n","protected":false},"excerpt":{"rendered":"<p>M\u00c9XICO, D.F. (apro).- Con la dram\u00e1tica imagen del tajo a cielo abierto que la Minera San Xavier, filial en M\u00e9xico de la empresa canadiense New Gold, caus\u00f3 en el poblado &hellip; <a href=\"http:\/\/www.grieta.org.mx\/index.php\/2015\/07\/20\/lucha-mundial-contra-la-megamineria-toxica\/\" class=\"more-link\">Leer m\u00e1s<\/a><\/p>\n","protected":false},"author":2,"featured_media":21928,"comment_status":"closed","ping_status":"open","sticky":false,"template":"","format":"standard","meta":{"ngg_post_thumbnail":0,"_jetpack_newsletter_access":"","_jetpack_dont_email_post_to_subs":false,"_jetpack_newsletter_tier_id":0,"_jetpack_memberships_contains_paywalled_content":false,"_jetpack_memberships_contains_paid_content":false,"footnotes":""},"categories":[80,141],"tags":[109],"class_list":["post-8712","post","type-post","status-publish","format-standard","has-post-thumbnail","hentry","category-cintillo","category-san-luis-potosi","tag-mineria","entry"],"jetpack_featured_media_url":"http:\/\/www.grieta.org.mx\/wp-content\/uploads\/2018\/03\/14524434_1106112876131411_958039263622046936_o.jpg","jetpack_sharing_enabled":true,"jetpack_shortlink":"https:\/\/wp.me\/p7ZJR4-2gw","jetpack_likes_enabled":false,"jetpack-related-posts":[{"id":8702,"url":"http:\/\/www.grieta.org.mx\/index.php\/2016\/02\/29\/minera-san-xavier-y-la-devastacion-ambiental-por-la-mineria-a-cielo-abierto-en-cerro-de-san-pedro\/","url_meta":{"origin":8712,"position":0},"title":"Conflictos mineros en SLP","author":"grieta","date":"29 febrero, 2016","format":false,"excerpt":"29\/02\/16. \u201cMinera San Xavier no piensa irse a\u00fan de Cerro de San Pedro\u201d La Jornada San Luis 20\/07\/15. Lucha mundial contra la megaminer\u00eda t\u00f3xica Proceso 04\/06\/15. Confirman casos de ni\u00f1os con plomo y dificultad para generar gl\u00f3bulos rojos en \u00e1rea de Minera San XavierPulso SLP","rel":"","context":"En &quot;Miner\u00eda&quot;","block_context":{"text":"Miner\u00eda","link":"http:\/\/www.grieta.org.mx\/index.php\/category\/megaproyectos\/mineria\/"},"img":{"alt_text":"","src":"https:\/\/i0.wp.com\/www.grieta.org.mx\/wp-content\/uploads\/2018\/03\/14524434_1106112876131411_958039263622046936_o.jpg?resize=350%2C200","width":350,"height":200,"srcset":"https:\/\/i0.wp.com\/www.grieta.org.mx\/wp-content\/uploads\/2018\/03\/14524434_1106112876131411_958039263622046936_o.jpg?resize=350%2C200 1x, https:\/\/i0.wp.com\/www.grieta.org.mx\/wp-content\/uploads\/2018\/03\/14524434_1106112876131411_958039263622046936_o.jpg?resize=525%2C300 1.5x, https:\/\/i0.wp.com\/www.grieta.org.mx\/wp-content\/uploads\/2018\/03\/14524434_1106112876131411_958039263622046936_o.jpg?resize=700%2C400 2x"},"classes":[]},{"id":8705,"url":"http:\/\/www.grieta.org.mx\/index.php\/2016\/02\/29\/minera-san-xavier-no-piensa-irse-aun-de-cerro-de-san-pedro\/","url_meta":{"origin":8712,"position":1},"title":"\u201cMinera San Xavier no piensa irse a\u00fan de Cerro de San Pedro\u201d (San Luis Potos\u00ed)","author":"grieta","date":"29 febrero, 2016","format":false,"excerpt":"Jorge Torres \/ La Jornada San Luis El dirigente de la organizaci\u00f3n civil Pro San Luis Ecol\u00f3gico, Sergio Serrano Soriano, consider\u00f3 \u201caberrante\u201d que aunque el director del Consejo Nacional de Ciencia y Tecnolog\u00eda (Conacyt), Enrique Cabrero Mendoza, es potosino y conozca la situaci\u00f3n que existe en Cerro de San Pedro\u2026","rel":"","context":"En &quot;CINTILLO&quot;","block_context":{"text":"CINTILLO","link":"http:\/\/www.grieta.org.mx\/index.php\/category\/cintillo\/"},"img":{"alt_text":"","src":"https:\/\/i0.wp.com\/www.grieta.org.mx\/wp-content\/uploads\/2016\/02\/MSX-no-piensa-irse-a%C3%BAn-de-Cerro-de-San-Pedro-advierte-Sergio-Serrano.jpg?resize=350%2C200","width":350,"height":200,"srcset":"https:\/\/i0.wp.com\/www.grieta.org.mx\/wp-content\/uploads\/2016\/02\/MSX-no-piensa-irse-a%C3%BAn-de-Cerro-de-San-Pedro-advierte-Sergio-Serrano.jpg?resize=350%2C200 1x, https:\/\/i0.wp.com\/www.grieta.org.mx\/wp-content\/uploads\/2016\/02\/MSX-no-piensa-irse-a%C3%BAn-de-Cerro-de-San-Pedro-advierte-Sergio-Serrano.jpg?resize=525%2C300 1.5x"},"classes":[]},{"id":50107,"url":"http:\/\/www.grieta.org.mx\/index.php\/2020\/05\/31\/cerro-de-san-pedro-la-declaratoria-tardia-san-luis-potosi\/","url_meta":{"origin":8712,"position":2},"title":"Cerro de San Pedro: la declaratoria tard\u00eda (San Luis Potos\u00ed)","author":"grieta","date":"31 mayo, 2020","format":false,"excerpt":"Judith Amador Tello\/Proceso 31 mayo 2020 El Cerro de San Pedro devastado por la actividad minera. Foto: Tomada de Twitter @claucampero CIUDAD DE M\u00c9XICO (proceso.com.mx).- Seg\u00fan el Instituto Nacional de Antropolog\u00eda e Historia (INAH), el expediente para declarar Zona de Monumentos Hist\u00f3ricos al Cerro de San Pedro, en San Luis\u2026","rel":"","context":"En &quot;CINTILLO&quot;","block_context":{"text":"CINTILLO","link":"http:\/\/www.grieta.org.mx\/index.php\/category\/cintillo\/"},"img":{"alt_text":"","src":"https:\/\/i0.wp.com\/www.grieta.org.mx\/wp-content\/uploads\/2020\/06\/Minera.jpg?resize=350%2C200","width":350,"height":200,"srcset":"https:\/\/i0.wp.com\/www.grieta.org.mx\/wp-content\/uploads\/2020\/06\/Minera.jpg?resize=350%2C200 1x, https:\/\/i0.wp.com\/www.grieta.org.mx\/wp-content\/uploads\/2020\/06\/Minera.jpg?resize=525%2C300 1.5x, https:\/\/i0.wp.com\/www.grieta.org.mx\/wp-content\/uploads\/2020\/06\/Minera.jpg?resize=700%2C400 2x, https:\/\/i0.wp.com\/www.grieta.org.mx\/wp-content\/uploads\/2020\/06\/Minera.jpg?resize=1050%2C600 3x"},"classes":[]},{"id":9258,"url":"http:\/\/www.grieta.org.mx\/index.php\/2015\/08\/24\/movilizacion-social-contra-la-mineria-toxica-ii\/","url_meta":{"origin":8712,"position":3},"title":"Movilizaci\u00f3n social contra la miner\u00eda t\u00f3xica (II)","author":"grieta","date":"24 agosto, 2015","format":false,"excerpt":"Betty Zanolli Fabila El Sol de M\u00e9xico De acuerdo con los Observatorios de Conflictos Mineros de Am\u00e9rica Latina (OCMAL) y Latinoamericano de Conflictos Ambientales (OLCA), existen actualmente en Am\u00e9rica Latina 208 conflictos mineros activos correspondientes a 218 proyectos atentatorios de 312 comunidades, de los cuales M\u00e9xico ocupa el primer lugar\u2026","rel":"","context":"En &quot;CINTILLO&quot;","block_context":{"text":"CINTILLO","link":"http:\/\/www.grieta.org.mx\/index.php\/category\/cintillo\/"},"img":{"alt_text":"","src":"https:\/\/i0.wp.com\/www.grieta.org.mx\/wp-content\/uploads\/2018\/03\/14524434_1106112876131411_958039263622046936_o.jpg?resize=350%2C200","width":350,"height":200,"srcset":"https:\/\/i0.wp.com\/www.grieta.org.mx\/wp-content\/uploads\/2018\/03\/14524434_1106112876131411_958039263622046936_o.jpg?resize=350%2C200 1x, https:\/\/i0.wp.com\/www.grieta.org.mx\/wp-content\/uploads\/2018\/03\/14524434_1106112876131411_958039263622046936_o.jpg?resize=525%2C300 1.5x, https:\/\/i0.wp.com\/www.grieta.org.mx\/wp-content\/uploads\/2018\/03\/14524434_1106112876131411_958039263622046936_o.jpg?resize=700%2C400 2x"},"classes":[]},{"id":34742,"url":"http:\/\/www.grieta.org.mx\/index.php\/2019\/06\/07\/la-minera-san-xavier-y-el-saqueo-al-patrimonio-en-slp\/","url_meta":{"origin":8712,"position":4},"title":"La Minera San Xavier y el saqueo al patrimonio en SLP","author":"grieta","date":"7 junio, 2019","format":false,"excerpt":"Judith Amador Tello\/ PROCESO CIUDAD DE M\u00c9XICO (apro).- La reci\u00e9n creada Sociedad Civil Art\u00edculo 27, encabezada por los especialistas en derechos culturales Jos\u00e9 Manuel Hermosillo y Carlos Lara Gonz\u00e1lez, solicita que el Instituto Nacional de Antropolog\u00eda e Historia (INAH) no siga adelante en su pretensi\u00f3n de declarar Zona de Monumentos\u2026","rel":"","context":"En &quot;CINTILLO&quot;","block_context":{"text":"CINTILLO","link":"http:\/\/www.grieta.org.mx\/index.php\/category\/cintillo\/"},"img":{"alt_text":"","src":"https:\/\/i0.wp.com\/www.grieta.org.mx\/wp-content\/uploads\/2018\/03\/14524434_1106112876131411_958039263622046936_o.jpg?resize=350%2C200","width":350,"height":200,"srcset":"https:\/\/i0.wp.com\/www.grieta.org.mx\/wp-content\/uploads\/2018\/03\/14524434_1106112876131411_958039263622046936_o.jpg?resize=350%2C200 1x, https:\/\/i0.wp.com\/www.grieta.org.mx\/wp-content\/uploads\/2018\/03\/14524434_1106112876131411_958039263622046936_o.jpg?resize=525%2C300 1.5x, https:\/\/i0.wp.com\/www.grieta.org.mx\/wp-content\/uploads\/2018\/03\/14524434_1106112876131411_958039263622046936_o.jpg?resize=700%2C400 2x"},"classes":[]},{"id":35773,"url":"http:\/\/www.grieta.org.mx\/index.php\/2019\/06\/29\/miles-de-desechos-dejo-minera-san-xavier-en-tiradero-clandestino-san-luis-potosi\/","url_meta":{"origin":8712,"position":5},"title":"Miles de desechos dej\u00f3 Minera San Xavier en tiradero clandestino (San Luis Potos\u00ed)","author":"grieta","date":"29 junio, 2019","format":false,"excerpt":"Fotograf\u00eda: El Heraldo SLP El Heraldo SLP Utiliz\u00f3 cien hect\u00e1reas del Ejido Palma de la Cruz No ten\u00eda autorizaciones ambientales: Covarrubias R. El asesor jur\u00eddico Carlos Covarrubias Rend\u00f3n, inform\u00f3 que en cerca de cien hect\u00e1reas ubicadas en el Ejido Palma de la Cruz la Minera San Xavier (MSX) dej\u00f3 un\u2026","rel":"","context":"En &quot;CINTILLO&quot;","block_context":{"text":"CINTILLO","link":"http:\/\/www.grieta.org.mx\/index.php\/category\/cintillo\/"},"img":{"alt_text":"","src":"https:\/\/i0.wp.com\/www.grieta.org.mx\/wp-content\/uploads\/2019\/07\/Miles-de-desechos-dej%C3%B3-Minera-San-Xavier-en-tiradero-clandestino-slp-jul-268x300.jpg?resize=350%2C200","width":350,"height":200,"srcset":"https:\/\/i0.wp.com\/www.grieta.org.mx\/wp-content\/uploads\/2019\/07\/Miles-de-desechos-dej%C3%B3-Minera-San-Xavier-en-tiradero-clandestino-slp-jul-268x300.jpg?resize=350%2C200 1x, https:\/\/i0.wp.com\/www.grieta.org.mx\/wp-content\/uploads\/2019\/07\/Miles-de-desechos-dej%C3%B3-Minera-San-Xavier-en-tiradero-clandestino-slp-jul-268x300.jpg?resize=525%2C300 1.5x, https:\/\/i0.wp.com\/www.grieta.org.mx\/wp-content\/uploads\/2019\/07\/Miles-de-desechos-dej%C3%B3-Minera-San-Xavier-en-tiradero-clandestino-slp-jul-268x300.jpg?resize=700%2C400 2x"},"classes":[]}],"_links":{"self":[{"href":"http:\/\/www.grieta.org.mx\/index.php\/wp-json\/wp\/v2\/posts\/8712","targetHints":{"allow":["GET"]}}],"collection":[{"href":"http:\/\/www.grieta.org.mx\/index.php\/wp-json\/wp\/v2\/posts"}],"about":[{"href":"http:\/\/www.grieta.org.mx\/index.php\/wp-json\/wp\/v2\/types\/post"}],"author":[{"embeddable":true,"href":"http:\/\/www.grieta.org.mx\/index.php\/wp-json\/wp\/v2\/users\/2"}],"replies":[{"embeddable":true,"href":"http:\/\/www.grieta.org.mx\/index.php\/wp-json\/wp\/v2\/comments?post=8712"}],"version-history":[{"count":1,"href":"http:\/\/www.grieta.org.mx\/index.php\/wp-json\/wp\/v2\/posts\/8712\/revisions"}],"predecessor-version":[{"id":8714,"href":"http:\/\/www.grieta.org.mx\/index.php\/wp-json\/wp\/v2\/posts\/8712\/revisions\/8714"}],"wp:featuredmedia":[{"embeddable":true,"href":"http:\/\/www.grieta.org.mx\/index.php\/wp-json\/wp\/v2\/media\/21928"}],"wp:attachment":[{"href":"http:\/\/www.grieta.org.mx\/index.php\/wp-json\/wp\/v2\/media?parent=8712"}],"wp:term":[{"taxonomy":"category","embeddable":true,"href":"http:\/\/www.grieta.org.mx\/index.php\/wp-json\/wp\/v2\/categories?post=8712"},{"taxonomy":"post_tag","embeddable":true,"href":"http:\/\/www.grieta.org.mx\/index.php\/wp-json\/wp\/v2\/tags?post=8712"}],"curies":[{"name":"wp","href":"https:\/\/api.w.org\/{rel}","templated":true}]}}