{"id":8694,"date":"2015-09-08T00:53:47","date_gmt":"2015-09-08T00:53:47","guid":{"rendered":"http:\/\/50.22.11.12\/~grietaor\/?p=8694"},"modified":"2016-03-31T00:57:06","modified_gmt":"2016-03-31T00:57:06","slug":"se-incrementaron-desapariciones-de-mujeres-y-ninos-en-mexicali-ong","status":"publish","type":"post","link":"http:\/\/www.grieta.org.mx\/index.php\/2015\/09\/08\/se-incrementaron-desapariciones-de-mujeres-y-ninos-en-mexicali-ong\/","title":{"rendered":"Se incrementaron desapariciones de mujeres y ni\u00f1os en Mexicali: ONG"},"content":{"rendered":"<p>Jorge Heras Mexicali, B.C.<\/p>\n<p>A pesar que en los \u00faltimos tres a\u00f1os se ha registrado una disminuci\u00f3n en el n\u00famero de desapariciones en la entidad, los casos de mujeres y ni\u00f1os aumentaron , asever\u00f3 el representante legal de la Asociaci\u00f3n Esperanza contra la Desaparicion Forzada y la Impunidad, Miguel \u00c1ngel Garcia Leyva.<\/p>\n<p>El activista declar\u00f3 a la Jornada Baja California que de los 110 casos que tienen documentados durante estos nueves meses, alrededor de 30 son de personas de sexo femenino e incluso mencion\u00f3 que las cifras de menores tambi\u00e9n han registrado un aumento.<\/p>\n<p>\u201cHemos notado con gran preocupaci\u00f3n que pese a ense\u00f1arles nuestra informaci\u00f3n y documentos al gobierno del Estado, no existe un registro oficial de las desapariciones\u2026. Nos sorprende que las autoridades est\u00e1n continuamente en la negaci\u00f3n de un problema tan grave\u201d, expres\u00f3.<\/p>\n<p>Indic\u00f3 que ante medios de comunicaci\u00f3n y hasta con activistas como el padre Alejandro Solalinde, los funcionarios estatales rechazan las cifras de los grupos de la sociedad civil, los cuales fueron formados y estan integrados por familiares de v\u00edctimas de este delito.<\/p>\n<p>Garc\u00eda Leyva critic\u00f3 que no solamente se dej\u00f3 sin operaci\u00f3n a la Fiscal\u00eda Especializada para la Investigaci\u00f3n de Personas Desaparecidas, creada en julio de 2008- si nl tambi\u00e9n se le cambi\u00f3 el t\u00e9rmino al delito y ahora se trata de personas ausentes, extraviadas o de paradero desconocido, casos que dijo, ahora atiende el Centro de Apoyo a Personas Extraviadas o Ausentes<br \/>\n(Capea).<\/p>\n<p>Revel\u00f3 que el periodo con mayor n\u00famero desapariciones en Baja California fue del 2006 a 2010, cuando documentaron m\u00e1s de mil 500 desaparecidos.<\/p>\n<p>\u201cAhorita se comienza a vivir lo mismo que se sufri\u00f3 en 2006 s\u00f3lo que antes se denunciaban los casos p\u00fablicamente ante los organismos e instituciones correspondientes, porque hab\u00eda m\u00e1s credibilidad en las instituciones pero ahora las autoridades no dejan denunciar\u201d, exclam\u00f3 el representante de la Asociaci\u00f3n Esperanza<\/p>\n<p>Vamos en la recta final del a\u00f1o, expres\u00f3, y casi alcanzamos el n\u00famero de desaparecidos de 2014, a\u00f1o en que hubo 124 casos.<\/p>\n<p><a href=\"http:\/\/linderonorte.wordpress.com\/2015\/09\/08\/se-incrementaron-desaparciones-de-mujeres-y-ninos-en-mexicali-ong\/\" target=\"_blank\"> linderonorte.wordpress.com\/2015\/09\/08\/se-incrementaron-desaparciones-de-mujeres-y-ninos-en-mexicali-ong\/<\/a><\/p>\n","protected":false},"excerpt":{"rendered":"<p>Jorge Heras Mexicali, B.C. A pesar que en los \u00faltimos tres a\u00f1os se ha registrado una disminuci\u00f3n en el n\u00famero de desapariciones en la entidad, los casos de mujeres y &hellip; <a href=\"http:\/\/www.grieta.org.mx\/index.php\/2015\/09\/08\/se-incrementaron-desapariciones-de-mujeres-y-ninos-en-mexicali-ong\/\" class=\"more-link\">Leer m\u00e1s<\/a><\/p>\n","protected":false},"author":2,"featured_media":21928,"comment_status":"closed","ping_status":"open","sticky":false,"template":"","format":"standard","meta":{"ngg_post_thumbnail":0,"_jetpack_newsletter_access":"","_jetpack_dont_email_post_to_subs":false,"_jetpack_newsletter_tier_id":0,"_jetpack_memberships_contains_paywalled_content":false,"_jetpack_memberships_contains_paid_content":false,"footnotes":""},"categories":[80],"tags":[121],"class_list":["post-8694","post","type-post","status-publish","format-standard","has-post-thumbnail","hentry","category-cintillo","tag-desaparecidos","entry"],"jetpack_featured_media_url":"http:\/\/www.grieta.org.mx\/wp-content\/uploads\/2018\/03\/14524434_1106112876131411_958039263622046936_o.jpg","jetpack_sharing_enabled":true,"jetpack_shortlink":"https:\/\/wp.me\/p7ZJR4-2ge","jetpack_likes_enabled":false,"jetpack-related-posts":[{"id":8693,"url":"http:\/\/www.grieta.org.mx\/index.php\/2015\/08\/30\/desaparecidos-en-bc\/","url_meta":{"origin":8694,"position":0},"title":"Desaparecidos en BC","author":"grieta","date":"30 agosto, 2015","format":false,"excerpt":"08\/09\/15. Se incrementaron desapariciones de mujeres y ni\u00f1os en Mexicali: ONG Lindero Norte 30\/08\/15. Contin\u00faan las desapariciones en Baja California El Mexicano","rel":"","context":"En &quot;Baja California&quot;","block_context":{"text":"Baja California","link":"http:\/\/www.grieta.org.mx\/index.php\/category\/noticias-nacionales\/baja-california\/"},"img":{"alt_text":"","src":"https:\/\/i0.wp.com\/www.grieta.org.mx\/wp-content\/uploads\/2018\/03\/14524434_1106112876131411_958039263622046936_o.jpg?resize=350%2C200","width":350,"height":200,"srcset":"https:\/\/i0.wp.com\/www.grieta.org.mx\/wp-content\/uploads\/2018\/03\/14524434_1106112876131411_958039263622046936_o.jpg?resize=350%2C200 1x, https:\/\/i0.wp.com\/www.grieta.org.mx\/wp-content\/uploads\/2018\/03\/14524434_1106112876131411_958039263622046936_o.jpg?resize=525%2C300 1.5x, https:\/\/i0.wp.com\/www.grieta.org.mx\/wp-content\/uploads\/2018\/03\/14524434_1106112876131411_958039263622046936_o.jpg?resize=700%2C400 2x"},"classes":[]},{"id":38855,"url":"http:\/\/www.grieta.org.mx\/index.php\/2019\/08\/30\/los-cuerpos-de-nuestros-hijos-no-se-evaporaron-fueron-desaparecidos-madres-de-victimas-de-mexicali-baja-california\/","url_meta":{"origin":8694,"position":1},"title":"\u00abLos cuerpos de nuestros hijos no se evaporaron, fueron desaparecidos\u00bb: Madres de v\u00edctimas de Mexicali (Baja California)","author":"grieta","date":"30 agosto, 2019","format":false,"excerpt":"Jorge Heras \/ Lindero Norte Mexicali.- En el marco del D\u00eda Internacional de las V\u00edctimas de Desapariciones Forzadas, un grupo dr mujeres que desze hace 3 d\u00e9cadas est\u00e1n en la exigencia permanente con las autoridades para localizar a sus familiares desaparecidos, se manifestaron una vez m\u00e1s en el Centro C\u00edvico\u2026","rel":"","context":"En &quot;Baja California&quot;","block_context":{"text":"Baja California","link":"http:\/\/www.grieta.org.mx\/index.php\/category\/noticias-nacionales\/baja-california\/"},"img":{"alt_text":"","src":"https:\/\/i0.wp.com\/www.grieta.org.mx\/wp-content\/uploads\/2019\/09\/20190830_102929.jpg?resize=350%2C200","width":350,"height":200,"srcset":"https:\/\/i0.wp.com\/www.grieta.org.mx\/wp-content\/uploads\/2019\/09\/20190830_102929.jpg?resize=350%2C200 1x, https:\/\/i0.wp.com\/www.grieta.org.mx\/wp-content\/uploads\/2019\/09\/20190830_102929.jpg?resize=525%2C300 1.5x, https:\/\/i0.wp.com\/www.grieta.org.mx\/wp-content\/uploads\/2019\/09\/20190830_102929.jpg?resize=700%2C400 2x, https:\/\/i0.wp.com\/www.grieta.org.mx\/wp-content\/uploads\/2019\/09\/20190830_102929.jpg?resize=1050%2C600 3x, https:\/\/i0.wp.com\/www.grieta.org.mx\/wp-content\/uploads\/2019\/09\/20190830_102929.jpg?resize=1400%2C800 4x"},"classes":[]},{"id":16113,"url":"http:\/\/www.grieta.org.mx\/index.php\/2016\/07\/07\/en-aumento-desapariciones-en-zacatecas\/","url_meta":{"origin":8694,"position":2},"title":"En aumento, desapariciones en Zacatecas","author":"grieta","date":"7 julio, 2016","format":false,"excerpt":"Jueves, 7 de julio de 2016 EMILIA PESCI | NTRZACATECAS.COM Zacatecas.- El Registro Nacional de Personas Desaparecidas (RNPED) del Secretariado Ejecutivo del Sistema Nacional de Seguridad P\u00fablica, se\u00f1ala que en Zacatecas a partir de 2010 el n\u00famero de personas desaparecidas ha incrementado. El organismo informa mediante el RNPD que se\u2026","rel":"","context":"En &quot;CINTILLO&quot;","block_context":{"text":"CINTILLO","link":"http:\/\/www.grieta.org.mx\/index.php\/category\/cintillo\/"},"img":{"alt_text":"","src":"https:\/\/i0.wp.com\/www.grieta.org.mx\/wp-content\/uploads\/2018\/03\/14524434_1106112876131411_958039263622046936_o.jpg?resize=350%2C200","width":350,"height":200,"srcset":"https:\/\/i0.wp.com\/www.grieta.org.mx\/wp-content\/uploads\/2018\/03\/14524434_1106112876131411_958039263622046936_o.jpg?resize=350%2C200 1x, https:\/\/i0.wp.com\/www.grieta.org.mx\/wp-content\/uploads\/2018\/03\/14524434_1106112876131411_958039263622046936_o.jpg?resize=525%2C300 1.5x, https:\/\/i0.wp.com\/www.grieta.org.mx\/wp-content\/uploads\/2018\/03\/14524434_1106112876131411_958039263622046936_o.jpg?resize=700%2C400 2x"},"classes":[]},{"id":6237,"url":"http:\/\/www.grieta.org.mx\/index.php\/2016\/01\/10\/desaparecidos-mas-de-100-ninos-en-tabasco\/","url_meta":{"origin":8694,"position":3},"title":"Desaparecidos m\u00e1s de 100 ni\u00f1os en Tabasco","author":"grieta","date":"10 enero, 2016","format":false,"excerpt":"V\u00edctor Esquivel Con base a cifras de la Redim los casos de menores extraviados se han agudizado en el estado en los \u00faltimos a\u00f1os. Uno de los primeros problemas que se presentan es al denunciar pues la reacci\u00f3n no es inmediata. Un centenar de ni\u00f1os tabasque\u00f1os son los que se\u2026","rel":"","context":"En &quot;CINTILLO&quot;","block_context":{"text":"CINTILLO","link":"http:\/\/www.grieta.org.mx\/index.php\/category\/cintillo\/"},"img":{"alt_text":"","src":"https:\/\/i0.wp.com\/www.grieta.org.mx\/wp-content\/uploads\/2018\/03\/14524434_1106112876131411_958039263622046936_o.jpg?resize=350%2C200","width":350,"height":200,"srcset":"https:\/\/i0.wp.com\/www.grieta.org.mx\/wp-content\/uploads\/2018\/03\/14524434_1106112876131411_958039263622046936_o.jpg?resize=350%2C200 1x, https:\/\/i0.wp.com\/www.grieta.org.mx\/wp-content\/uploads\/2018\/03\/14524434_1106112876131411_958039263622046936_o.jpg?resize=525%2C300 1.5x, https:\/\/i0.wp.com\/www.grieta.org.mx\/wp-content\/uploads\/2018\/03\/14524434_1106112876131411_958039263622046936_o.jpg?resize=700%2C400 2x"},"classes":[]},{"id":21341,"url":"http:\/\/www.grieta.org.mx\/index.php\/2016\/04\/01\/crece-191-desaparicion-de-ninas-tamaulipas-concentra-el-mayor-numero-de-casos\/","url_meta":{"origin":8694,"position":4},"title":"Crece 191% desaparici\u00f3n de ni\u00f1as; Tamaulipas concentra el mayor n\u00famero de casos","author":"grieta","date":"1 abril, 2016","format":false,"excerpt":"laura toribio De 2012 a 2014 pas\u00f3 de 404 a mil 179 desapariciones de menores de 0 a 17 a\u00f1os, de acuerdo con la Redim Patr\u00f3n. Alicia Vargas y Juan P\u00e9rez Garc\u00eda, presidenta y director de la Redim, dicen que hay un patr\u00f3n que permite intuir que el cimen organizado\u2026","rel":"","context":"En &quot;CINTILLO&quot;","block_context":{"text":"CINTILLO","link":"http:\/\/www.grieta.org.mx\/index.php\/category\/cintillo\/"},"img":{"alt_text":"","src":"https:\/\/i0.wp.com\/www.grieta.org.mx\/wp-content\/uploads\/2018\/03\/14524434_1106112876131411_958039263622046936_o.jpg?resize=350%2C200","width":350,"height":200,"srcset":"https:\/\/i0.wp.com\/www.grieta.org.mx\/wp-content\/uploads\/2018\/03\/14524434_1106112876131411_958039263622046936_o.jpg?resize=350%2C200 1x, https:\/\/i0.wp.com\/www.grieta.org.mx\/wp-content\/uploads\/2018\/03\/14524434_1106112876131411_958039263622046936_o.jpg?resize=525%2C300 1.5x, https:\/\/i0.wp.com\/www.grieta.org.mx\/wp-content\/uploads\/2018\/03\/14524434_1106112876131411_958039263622046936_o.jpg?resize=700%2C400 2x"},"classes":[]},{"id":66044,"url":"http:\/\/www.grieta.org.mx\/index.php\/2023\/01\/09\/exigen-a-la-fiscalia-transparentar-las-desapariciones-de-mujeres-zonas-de-riesgo-y-dejar-de-maquillar-cifras-colima\/","url_meta":{"origin":8694,"position":5},"title":"Exigen a la Fiscal\u00eda transparentar las desapariciones de mujeres, zonas de riesgo y dejar de maquillar cifras (Colima)","author":"grieta","date":"9 enero, 2023","format":false,"excerpt":"Imagen: Tomada de la Internet Heidi de Le\u00f3n Guti\u00e9rrez \/ Diario Avanzada Colima, M\u00e9xico, Avanzada (09\/01\/2023).- La integrante del colectivo Las Rosas Rojas, Rosa Evelia Villarruel Figueroa solicit\u00f3 a la Fiscal\u00eda estatal transparentar el n\u00famero de mujeres desaparecidas, informar cu\u00e1les son las zonas de riesgo y dejar de maquillar las\u2026","rel":"","context":"En &quot;CINTILLO&quot;","block_context":{"text":"CINTILLO","link":"http:\/\/www.grieta.org.mx\/index.php\/category\/cintillo\/"},"img":{"alt_text":"","src":"https:\/\/i0.wp.com\/www.grieta.org.mx\/wp-content\/uploads\/2023\/01\/5156179.jpg?resize=350%2C200","width":350,"height":200,"srcset":"https:\/\/i0.wp.com\/www.grieta.org.mx\/wp-content\/uploads\/2023\/01\/5156179.jpg?resize=350%2C200 1x, https:\/\/i0.wp.com\/www.grieta.org.mx\/wp-content\/uploads\/2023\/01\/5156179.jpg?resize=525%2C300 1.5x, https:\/\/i0.wp.com\/www.grieta.org.mx\/wp-content\/uploads\/2023\/01\/5156179.jpg?resize=700%2C400 2x"},"classes":[]}],"_links":{"self":[{"href":"http:\/\/www.grieta.org.mx\/index.php\/wp-json\/wp\/v2\/posts\/8694","targetHints":{"allow":["GET"]}}],"collection":[{"href":"http:\/\/www.grieta.org.mx\/index.php\/wp-json\/wp\/v2\/posts"}],"about":[{"href":"http:\/\/www.grieta.org.mx\/index.php\/wp-json\/wp\/v2\/types\/post"}],"author":[{"embeddable":true,"href":"http:\/\/www.grieta.org.mx\/index.php\/wp-json\/wp\/v2\/users\/2"}],"replies":[{"embeddable":true,"href":"http:\/\/www.grieta.org.mx\/index.php\/wp-json\/wp\/v2\/comments?post=8694"}],"version-history":[{"count":1,"href":"http:\/\/www.grieta.org.mx\/index.php\/wp-json\/wp\/v2\/posts\/8694\/revisions"}],"predecessor-version":[{"id":8695,"href":"http:\/\/www.grieta.org.mx\/index.php\/wp-json\/wp\/v2\/posts\/8694\/revisions\/8695"}],"wp:featuredmedia":[{"embeddable":true,"href":"http:\/\/www.grieta.org.mx\/index.php\/wp-json\/wp\/v2\/media\/21928"}],"wp:attachment":[{"href":"http:\/\/www.grieta.org.mx\/index.php\/wp-json\/wp\/v2\/media?parent=8694"}],"wp:term":[{"taxonomy":"category","embeddable":true,"href":"http:\/\/www.grieta.org.mx\/index.php\/wp-json\/wp\/v2\/categories?post=8694"},{"taxonomy":"post_tag","embeddable":true,"href":"http:\/\/www.grieta.org.mx\/index.php\/wp-json\/wp\/v2\/tags?post=8694"}],"curies":[{"name":"wp","href":"https:\/\/api.w.org\/{rel}","templated":true}]}}