{"id":863,"date":"2015-12-01T19:01:11","date_gmt":"2015-12-01T19:01:11","guid":{"rendered":"http:\/\/50.22.11.12\/~grietaor\/?p=863"},"modified":"2016-03-08T23:57:29","modified_gmt":"2016-03-08T23:57:29","slug":"comunidades-de-acaponeta-se-resisten-a-la-expropiacion-de-sus-tierras","status":"publish","type":"post","link":"http:\/\/www.grieta.org.mx\/index.php\/2015\/12\/01\/comunidades-de-acaponeta-se-resisten-a-la-expropiacion-de-sus-tierras\/","title":{"rendered":"Comunidades de Acaponeta se resisten a la expropiaci\u00f3n de sus tierras"},"content":{"rendered":"<p>Denisse Rivera\/ Nayarit en Linea<\/p>\n<p>Tepic.- Dos de las cinco localidades que se ver\u00e1n afectadas por la construcci\u00f3n de la presa \u201cLas Cruces\u201d a\u00fan se niegan a aceptar la expropiaci\u00f3n de sus tierras; Saicota y San Blasito, ambos ubicados en Acaponeta, no han aceptado la obra.<\/p>\n<p>El Delegado SEDATU Nayarit, Gerardo Aguirre, dijo que se debe hacer un trabajo de concientizaci\u00f3n en las 5 localidades \u201cTenemos que hacer un trabajo de concientizar, de socializar, as\u00ed lo hicimos en Rosarito, en San Pedro Ixcat\u00e1n, lo hicimos en San Juan Corapan y que sea la asamblea que es la m\u00e1xima autoridad la que elija si quiere que den la anuencia para hacer esto\u201d<\/p>\n<p>Son aproximadamente 5 mil hect\u00e1reas, las que se ver\u00e1n afectadas por el proyecto hidroel\u00e9ctrico. La cortina de la presa se construir\u00e1 en los poblados de San Juan Corapan y San Pedro Ixcat\u00e1n y el asentamiento de viviendas no se ver\u00e1 afectado. En el caso de Rosarito y Saicota las localidades esta en una zona alta y no presentar\u00e1n afectaciones, pero el poblado de San Blasito tendr\u00e1 que ser reubicado porque se inundar\u00e1.<\/p>\n<p>\u201cLa CFE construir\u00e1 mejores casas de las que tienen con servicios, su agua potable, luz y se llevar\u00e1 un camino de acceso donde ser\u00e1n reubicados. Entonces cuidaremos mucho esa forma pero lo m\u00e1s importante ellos est\u00e1n a favor, pero la otra parte mestiza de San Blasito, que habita en la parte m\u00e1s pegada de Acaponeta, se llama Palomas, no quieren esta presa hidroel\u00e9ctrica, pero ellos no van a ser afectados en sus tierras, entonces estaremos buscando que la decisi\u00f3n delos ind\u00edgenas a trav\u00e9s de la CDI se respeten\u201d coment\u00f3 el delegado.<\/p>\n<p>La construcci\u00f3n de la presa \u201cLas cruces\u201d es un proyecto a largo plazo y por lo tanto los pagos de la expropiaci\u00f3n de las tierras se estar\u00edan entregando dentro de 1 o 2 a\u00f1os.<\/p>\n<p><a href=\"http:\/\/www.nayaritenlinea.mx\/2015\/12\/01\/se-niegan-dos-poblados-de-acaponeta-a-construccion-de-las-cruces?vid=83156\" target=\"_blank\">http:\/\/www.nayaritenlinea.mx\/2015\/12\/01\/se-niegan-dos-poblados-de-acaponeta-a-construccion-de-las-cruces?vid=83156<\/a><\/p>\n","protected":false},"excerpt":{"rendered":"<p>Denisse Rivera\/ Nayarit en Linea Tepic.- Dos de las cinco localidades que se ver\u00e1n afectadas por la construcci\u00f3n de la presa \u201cLas Cruces\u201d a\u00fan se niegan a aceptar la expropiaci\u00f3n &hellip; <a href=\"http:\/\/www.grieta.org.mx\/index.php\/2015\/12\/01\/comunidades-de-acaponeta-se-resisten-a-la-expropiacion-de-sus-tierras\/\" class=\"more-link\">Leer m\u00e1s<\/a><\/p>\n","protected":false},"author":2,"featured_media":21928,"comment_status":"closed","ping_status":"open","sticky":false,"template":"","format":"standard","meta":{"ngg_post_thumbnail":0,"_jetpack_newsletter_access":"","_jetpack_dont_email_post_to_subs":false,"_jetpack_newsletter_tier_id":0,"_jetpack_memberships_contains_paywalled_content":false,"_jetpack_memberships_contains_paid_content":false,"footnotes":""},"categories":[80,145],"tags":[154,155],"class_list":["post-863","post","type-post","status-publish","format-standard","has-post-thumbnail","hentry","category-cintillo","category-nayarit","tag-areas-naturales-protegidas","tag-proyectos-hidricos","entry"],"jetpack_featured_media_url":"http:\/\/www.grieta.org.mx\/wp-content\/uploads\/2018\/03\/14524434_1106112876131411_958039263622046936_o.jpg","jetpack_sharing_enabled":true,"jetpack_shortlink":"https:\/\/wp.me\/p7ZJR4-dV","jetpack_likes_enabled":false,"jetpack-related-posts":[{"id":852,"url":"http:\/\/www.grieta.org.mx\/index.php\/2016\/02\/29\/oposicion-a-la-presa-las-cruces-en-nayarit\/","url_meta":{"origin":863,"position":0},"title":"Oposici\u00f3n a la presa Las Cruces en Nayarit","author":"grieta","date":"29 febrero, 2016","format":false,"excerpt":"29\/02\/16. Se frena construcci\u00f3n de Presa \"Las Cruces\" 02\/02\/16. Proyecto hidroel\u00e9ctrico Las Cruces amenaza al humedal m\u00e1s importante del Pac\u00edfico mexicano AIDA 01\/12\/15. Comunidades de Acaponeta se resisten a la expropiaci\u00f3n de sus tierras Nayarit en l\u00ednea 20\/11\/15. Sedatu expropiar\u00e1 tierras para construir presa en Nayarit Sin Embargo 26\/10\/15. \u201cNos\u2026","rel":"","context":"En &quot;22. N\u00e1yeris&quot;","block_context":{"text":"22. N\u00e1yeris","link":"http:\/\/www.grieta.org.mx\/index.php\/category\/espejos-de-la-resistencia\/22-nayeris\/"},"img":{"alt_text":"","src":"https:\/\/i0.wp.com\/www.grieta.org.mx\/wp-content\/uploads\/2018\/03\/14524434_1106112876131411_958039263622046936_o.jpg?resize=350%2C200","width":350,"height":200,"srcset":"https:\/\/i0.wp.com\/www.grieta.org.mx\/wp-content\/uploads\/2018\/03\/14524434_1106112876131411_958039263622046936_o.jpg?resize=350%2C200 1x, https:\/\/i0.wp.com\/www.grieta.org.mx\/wp-content\/uploads\/2018\/03\/14524434_1106112876131411_958039263622046936_o.jpg?resize=525%2C300 1.5x, https:\/\/i0.wp.com\/www.grieta.org.mx\/wp-content\/uploads\/2018\/03\/14524434_1106112876131411_958039263622046936_o.jpg?resize=700%2C400 2x"},"classes":[]},{"id":1576,"url":"http:\/\/www.grieta.org.mx\/index.php\/2015\/11\/20\/sedatu-expropiara-tierras-para-construir-presa-en-nayarit\/","url_meta":{"origin":863,"position":1},"title":"Sedatu expropiar\u00e1 tierras para construir presa en Nayarit","author":"grieta","date":"20 noviembre, 2015","format":false,"excerpt":"Redacci\u00f3n\/Sin Embargo Tepic, 20 Nov (Notimex.- El delegado de la Secretar\u00eda de Desarrollo Agrario, Territorial y Urbano (Sedatu) en Nayarit, Gerardo Aguirre Barr\u00f3n, inform\u00f3 que iniciar\u00e1n procesos de expropiaci\u00f3n de tierras, para realizar las obras de la presa hidroel\u00e9ctrica Las Cruces. El funcionario dio a conocer a Notimex que ser\u00e1n\u2026","rel":"","context":"En &quot;CINTILLO&quot;","block_context":{"text":"CINTILLO","link":"http:\/\/www.grieta.org.mx\/index.php\/category\/cintillo\/"},"img":{"alt_text":"","src":"https:\/\/i0.wp.com\/www.grieta.org.mx\/wp-content\/uploads\/2018\/03\/14524434_1106112876131411_958039263622046936_o.jpg?resize=350%2C200","width":350,"height":200,"srcset":"https:\/\/i0.wp.com\/www.grieta.org.mx\/wp-content\/uploads\/2018\/03\/14524434_1106112876131411_958039263622046936_o.jpg?resize=350%2C200 1x, https:\/\/i0.wp.com\/www.grieta.org.mx\/wp-content\/uploads\/2018\/03\/14524434_1106112876131411_958039263622046936_o.jpg?resize=525%2C300 1.5x, https:\/\/i0.wp.com\/www.grieta.org.mx\/wp-content\/uploads\/2018\/03\/14524434_1106112876131411_958039263622046936_o.jpg?resize=700%2C400 2x"},"classes":[]},{"id":22411,"url":"http:\/\/www.grieta.org.mx\/index.php\/2018\/03\/07\/ejidatarios-toman-delegacion-de-sct-en-nayarit\/","url_meta":{"origin":863,"position":2},"title":"Ejidatarios toman delegaci\u00f3n de SCT en Nayarit","author":"grieta","date":"7 marzo, 2018","format":false,"excerpt":"Aseguran que les deben el pago por las tierras expropiadas para autopista Tepic - Mazatl\u00e1n Tepic.- Ejidatarios del norte de Nayarit tomaron la delegaci\u00f3n de la SCT, ya que aseguran, no les han pagado por las tierras expropiadas y afectadas por la construcci\u00f3n de la autopista Tepic \u2013 Mazatl\u00e1n. Uno\u2026","rel":"","context":"En &quot;CINTILLO&quot;","block_context":{"text":"CINTILLO","link":"http:\/\/www.grieta.org.mx\/index.php\/category\/cintillo\/"},"img":{"alt_text":"","src":"https:\/\/i0.wp.com\/www.grieta.org.mx\/wp-content\/uploads\/2018\/04\/ejidatarios-sct-696x392.jpg?resize=350%2C200","width":350,"height":200,"srcset":"https:\/\/i0.wp.com\/www.grieta.org.mx\/wp-content\/uploads\/2018\/04\/ejidatarios-sct-696x392.jpg?resize=350%2C200 1x, https:\/\/i0.wp.com\/www.grieta.org.mx\/wp-content\/uploads\/2018\/04\/ejidatarios-sct-696x392.jpg?resize=525%2C300 1.5x"},"classes":[]},{"id":22488,"url":"http:\/\/www.grieta.org.mx\/index.php\/2018\/04\/04\/caseta-de-acaponeta-cumple-10-dias-tomada-por-campesinos-afectados-no-se-cobra-a-vehiculos-nayarit\/","url_meta":{"origin":863,"position":3},"title":"Caseta de Acaponeta cumple 10 d\u00edas tomada por campesinos afectados; no se cobra a veh\u00edculos (Nayarit)","author":"grieta","date":"4 abril, 2018","format":false,"excerpt":"Acaponeta.- Campesinos nayaritas afectados desde hace m\u00e1s de una d\u00e9cada por la construcci\u00f3n de la autopista Tepic-Villa Uni\u00f3n, cumplieron 10 d\u00edas con la caseta de cobro tomada, dejando pasar los autom\u00f3viles y solo pidiendo cooperaci\u00f3n voluntaria. Los ejidatarios pertenecen a 34 n\u00facleos agrarios de los municipios de Rosamorada, Santiago Ixcuintla,\u2026","rel":"","context":"En &quot;CINTILLO&quot;","block_context":{"text":"CINTILLO","link":"http:\/\/www.grieta.org.mx\/index.php\/category\/cintillo\/"},"img":{"alt_text":"","src":"https:\/\/i0.wp.com\/www.grieta.org.mx\/wp-content\/uploads\/2018\/04\/whatsapp-image-2018-04-04-at-00.13.05-696x392.jpeg?resize=350%2C200","width":350,"height":200,"srcset":"https:\/\/i0.wp.com\/www.grieta.org.mx\/wp-content\/uploads\/2018\/04\/whatsapp-image-2018-04-04-at-00.13.05-696x392.jpeg?resize=350%2C200 1x, https:\/\/i0.wp.com\/www.grieta.org.mx\/wp-content\/uploads\/2018\/04\/whatsapp-image-2018-04-04-at-00.13.05-696x392.jpeg?resize=525%2C300 1.5x"},"classes":[]},{"id":3740,"url":"http:\/\/www.grieta.org.mx\/index.php\/2014\/06\/20\/presa-las-cruces-amenaza-con-desaparecer-pueblos-indigenas-en-nayarit\/","url_meta":{"origin":863,"position":4},"title":"Presa las Cruces amenaza con desaparecer Pueblos Ind\u00edgenas en Nayarit","author":"grieta","date":"20 junio, 2014","format":false,"excerpt":"Fabiola Guti\u00e9rrez\/Somos el Medio El Consejo Intercomunitario del r\u00edo San Pedro de Nayarit, denunci\u00f3 que la construcci\u00f3n de la presa Las Cruces en el r\u00edo San Pedro, impulsada por la Comisi\u00f3n Federal de Electricidad (CFE), afectar\u00e1 30 mil hect\u00e1reas de manglar, donde se encuentran las lagunas costeras m\u00e1s productivas en\u2026","rel":"","context":"En &quot;CINTILLO&quot;","block_context":{"text":"CINTILLO","link":"http:\/\/www.grieta.org.mx\/index.php\/category\/cintillo\/"},"img":{"alt_text":"","src":"https:\/\/i0.wp.com\/www.grieta.org.mx\/wp-content\/uploads\/2018\/03\/14524434_1106112876131411_958039263622046936_o.jpg?resize=350%2C200","width":350,"height":200,"srcset":"https:\/\/i0.wp.com\/www.grieta.org.mx\/wp-content\/uploads\/2018\/03\/14524434_1106112876131411_958039263622046936_o.jpg?resize=350%2C200 1x, https:\/\/i0.wp.com\/www.grieta.org.mx\/wp-content\/uploads\/2018\/03\/14524434_1106112876131411_958039263622046936_o.jpg?resize=525%2C300 1.5x, https:\/\/i0.wp.com\/www.grieta.org.mx\/wp-content\/uploads\/2018\/03\/14524434_1106112876131411_958039263622046936_o.jpg?resize=700%2C400 2x"},"classes":[]},{"id":22023,"url":"http:\/\/www.grieta.org.mx\/index.php\/2018\/03\/10\/jornaleros-de-nayarit-denuncian-que-no-les-pagaron-el-sueldo-acordado-la-mayoria-mujeres\/","url_meta":{"origin":863,"position":5},"title":"Jornaleros de Nayarit denuncian que no les pagaron el sueldo acordado, la mayor\u00eda mujeres","author":"grieta","date":"10 marzo, 2018","format":false,"excerpt":"Los jornaleros aseguraron que ya hab\u00edan trabajo con otras empresas, esta no es la primera vez que no reciben el salario que hab\u00edan acordado. Regeneraci\u00f3n, 10 de marzo de 2018.- Jornaleros agr\u00edcolas del estado de Nayarit, en su mayor\u00eda mujeres, acudieron a la Comuna de Escuinapa para denunciar el abuso\u2026","rel":"","context":"En &quot;CINTILLO&quot;","block_context":{"text":"CINTILLO","link":"http:\/\/www.grieta.org.mx\/index.php\/category\/cintillo\/"},"img":{"alt_text":"","src":"https:\/\/i0.wp.com\/www.grieta.org.mx\/wp-content\/uploads\/2018\/03\/jornaleros.jpg?resize=350%2C200","width":350,"height":200,"srcset":"https:\/\/i0.wp.com\/www.grieta.org.mx\/wp-content\/uploads\/2018\/03\/jornaleros.jpg?resize=350%2C200 1x, https:\/\/i0.wp.com\/www.grieta.org.mx\/wp-content\/uploads\/2018\/03\/jornaleros.jpg?resize=525%2C300 1.5x"},"classes":[]}],"_links":{"self":[{"href":"http:\/\/www.grieta.org.mx\/index.php\/wp-json\/wp\/v2\/posts\/863","targetHints":{"allow":["GET"]}}],"collection":[{"href":"http:\/\/www.grieta.org.mx\/index.php\/wp-json\/wp\/v2\/posts"}],"about":[{"href":"http:\/\/www.grieta.org.mx\/index.php\/wp-json\/wp\/v2\/types\/post"}],"author":[{"embeddable":true,"href":"http:\/\/www.grieta.org.mx\/index.php\/wp-json\/wp\/v2\/users\/2"}],"replies":[{"embeddable":true,"href":"http:\/\/www.grieta.org.mx\/index.php\/wp-json\/wp\/v2\/comments?post=863"}],"version-history":[{"count":1,"href":"http:\/\/www.grieta.org.mx\/index.php\/wp-json\/wp\/v2\/posts\/863\/revisions"}],"predecessor-version":[{"id":1575,"href":"http:\/\/www.grieta.org.mx\/index.php\/wp-json\/wp\/v2\/posts\/863\/revisions\/1575"}],"wp:featuredmedia":[{"embeddable":true,"href":"http:\/\/www.grieta.org.mx\/index.php\/wp-json\/wp\/v2\/media\/21928"}],"wp:attachment":[{"href":"http:\/\/www.grieta.org.mx\/index.php\/wp-json\/wp\/v2\/media?parent=863"}],"wp:term":[{"taxonomy":"category","embeddable":true,"href":"http:\/\/www.grieta.org.mx\/index.php\/wp-json\/wp\/v2\/categories?post=863"},{"taxonomy":"post_tag","embeddable":true,"href":"http:\/\/www.grieta.org.mx\/index.php\/wp-json\/wp\/v2\/tags?post=863"}],"curies":[{"name":"wp","href":"https:\/\/api.w.org\/{rel}","templated":true}]}}