{"id":8624,"date":"2015-02-09T21:22:11","date_gmt":"2015-02-09T21:22:11","guid":{"rendered":"http:\/\/50.22.11.12\/~grietaor\/?p=8624"},"modified":"2016-07-14T17:31:23","modified_gmt":"2016-07-14T22:31:23","slug":"migrantes-en-veracruz","status":"publish","type":"post","link":"http:\/\/www.grieta.org.mx\/index.php\/2015\/02\/09\/migrantes-en-veracruz\/","title":{"rendered":"Migrantes en Veracruz"},"content":{"rendered":"<hr \/>\n<p><subtit>Las Patronas: 20 a\u00f1os de entrega a los migrantes indocumentados<\/subtit><\/p>\n<hr \/>\n<p><strong>09\/02\/15. <\/strong> <a href=\"http:\/\/grieta.org.mx\/index.php\/2015\/02\/09\/las-patronas-20-anos-de-entrega-a-los-migrantes-indocumentados\/\">Las Patronas: 20 a\u00f1os de entrega a los migrantes indocumentados<\/a><br \/>\n<em>Kaos en la red<\/em><\/p>\n","protected":false},"excerpt":{"rendered":"<p>Las Patronas: 20 a\u00f1os de entrega a los migrantes indocumentados 09\/02\/15. Las Patronas: 20 a\u00f1os de entrega a los migrantes indocumentados Kaos en la red<\/p>\n","protected":false},"author":1,"featured_media":21928,"comment_status":"closed","ping_status":"open","sticky":false,"template":"","format":"standard","meta":{"ngg_post_thumbnail":0,"_jetpack_newsletter_access":"","_jetpack_dont_email_post_to_subs":false,"_jetpack_newsletter_tier_id":0,"_jetpack_memberships_contains_paywalled_content":false,"_jetpack_memberships_contains_paid_content":false,"footnotes":""},"categories":[86,2,35],"tags":[],"class_list":["post-8624","post","type-post","status-publish","format-standard","has-post-thumbnail","hentry","category-migrantes","category-noticias-nacionales","category-veracruz","entry"],"jetpack_featured_media_url":"http:\/\/www.grieta.org.mx\/wp-content\/uploads\/2018\/03\/14524434_1106112876131411_958039263622046936_o.jpg","jetpack_sharing_enabled":true,"jetpack_shortlink":"https:\/\/wp.me\/p7ZJR4-2f6","jetpack_likes_enabled":false,"jetpack-related-posts":[{"id":39558,"url":"http:\/\/www.grieta.org.mx\/index.php\/2019\/09\/10\/roban-a-dona-blanca-camioneta-del-grupo-humanitario-las-patronas-veracruz\/","url_meta":{"origin":8624,"position":0},"title":"Roban a \u201cDo\u00f1a Blanca\u201d, camioneta del grupo humanitario Las Patronas (Veracruz)","author":"grieta","date":"10 septiembre, 2019","format":false,"excerpt":"Redacci\u00f3n \/ S\u00edntesis El colectivo de mujeres que asiste a migrantes centroamericanos, Las Patronas, denunci\u00f3 el robo de su \u00fanica camioneta, ocurrido en la ciudad de C\u00f3rdoba Las Patronas, colectivo de mujeres que ofrece alimentos a migrantes centroamericanos indocumentados que cruzan M\u00e9xico trepados en el tren de carga La Bestia,\u2026","rel":"","context":"En &quot;Caravana de poblaciones migrantes en Veracruz&quot;","block_context":{"text":"Caravana de poblaciones migrantes en Veracruz","link":"http:\/\/www.grieta.org.mx\/index.php\/category\/noticias-nacionales\/veracruz\/caravana-de-poblaciones-migrantes-en-veracruz\/"},"img":{"alt_text":"","src":"https:\/\/i0.wp.com\/www.grieta.org.mx\/wp-content\/uploads\/2019\/09\/Las-Patronas.jpeg?resize=350%2C200","width":350,"height":200,"srcset":"https:\/\/i0.wp.com\/www.grieta.org.mx\/wp-content\/uploads\/2019\/09\/Las-Patronas.jpeg?resize=350%2C200 1x, https:\/\/i0.wp.com\/www.grieta.org.mx\/wp-content\/uploads\/2019\/09\/Las-Patronas.jpeg?resize=525%2C300 1.5x, https:\/\/i0.wp.com\/www.grieta.org.mx\/wp-content\/uploads\/2019\/09\/Las-Patronas.jpeg?resize=700%2C400 2x"},"classes":[]},{"id":36465,"url":"http:\/\/www.grieta.org.mx\/index.php\/2019\/07\/15\/trump-esta-loco-vamos-a-seguir-ayudando-a-los-migrantes-las-patronas-veracruz\/","url_meta":{"origin":8624,"position":1},"title":"\u201cTrump est\u00e1 loco, vamos a seguir ayudando a los migrantes\u201d: Las Patronas (Veracruz)","author":"grieta","date":"15 julio, 2019","format":false,"excerpt":"Farid Reyes \/ La izquierda radio Las Patronas, como son conocidas mujeres que apoyan con comida y agua a migrantes centroamericanos, han declarado que seguir\u00e1n solidariz\u00e1ndose. Las Patronas comenzaron a existir desde 1995 como un grupo de mujeres que comparten tortas, arroz y botellas de agua a migrantes que pasan\u2026","rel":"","context":"En &quot;Caravana de poblaciones migrantes en Veracruz&quot;","block_context":{"text":"Caravana de poblaciones migrantes en Veracruz","link":"http:\/\/www.grieta.org.mx\/index.php\/category\/noticias-nacionales\/veracruz\/caravana-de-poblaciones-migrantes-en-veracruz\/"},"img":{"alt_text":"","src":"https:\/\/i0.wp.com\/www.grieta.org.mx\/wp-content\/uploads\/2019\/07\/https-_www.laizquierdadiario.mx_IMG_arton134129.jpg?resize=350%2C200","width":350,"height":200,"srcset":"https:\/\/i0.wp.com\/www.grieta.org.mx\/wp-content\/uploads\/2019\/07\/https-_www.laizquierdadiario.mx_IMG_arton134129.jpg?resize=350%2C200 1x, https:\/\/i0.wp.com\/www.grieta.org.mx\/wp-content\/uploads\/2019\/07\/https-_www.laizquierdadiario.mx_IMG_arton134129.jpg?resize=525%2C300 1.5x, https:\/\/i0.wp.com\/www.grieta.org.mx\/wp-content\/uploads\/2019\/07\/https-_www.laizquierdadiario.mx_IMG_arton134129.jpg?resize=700%2C400 2x"},"classes":[]},{"id":63465,"url":"http:\/\/www.grieta.org.mx\/index.php\/2022\/02\/20\/ahora-la-bestia-pasa-a-alta-velocidad-y-pone-en-riesgo-a-las-patronas-veracruz\/","url_meta":{"origin":8624,"position":2},"title":"Ahora La Bestia pasa a alta velocidad y pone en riesgo a Las Patronas  (Veracruz)","author":"grieta","date":"20 febrero, 2022","format":false,"excerpt":"Guadalupe Castillo | El Sol de C\u00f3rdoba La coordinadora de Las Patronas manifest\u00f3 que los trenes pasan a una velocidad r\u00e1pida, lo cual es un riesgo para su grupo de apoyo y los migrantes que viajan \"en el lomo\" C\u00f3rdoba, Ver. - En este primer bimestre del a\u00f1o, la afluencia\u2026","rel":"","context":"En &quot;Caravana de poblaciones migrantes en Veracruz&quot;","block_context":{"text":"Caravana de poblaciones migrantes en Veracruz","link":"http:\/\/www.grieta.org.mx\/index.php\/category\/noticias-nacionales\/veracruz\/caravana-de-poblaciones-migrantes-en-veracruz\/"},"img":{"alt_text":"","src":"https:\/\/i0.wp.com\/www.grieta.org.mx\/wp-content\/uploads\/2022\/02\/Tren-que-pasa-por-la-comunidad-de-la-Patrona-en-Amatla%CC%81n-de-los-Reyes.jpg?resize=350%2C200","width":350,"height":200,"srcset":"https:\/\/i0.wp.com\/www.grieta.org.mx\/wp-content\/uploads\/2022\/02\/Tren-que-pasa-por-la-comunidad-de-la-Patrona-en-Amatla%CC%81n-de-los-Reyes.jpg?resize=350%2C200 1x, https:\/\/i0.wp.com\/www.grieta.org.mx\/wp-content\/uploads\/2022\/02\/Tren-que-pasa-por-la-comunidad-de-la-Patrona-en-Amatla%CC%81n-de-los-Reyes.jpg?resize=525%2C300 1.5x, https:\/\/i0.wp.com\/www.grieta.org.mx\/wp-content\/uploads\/2022\/02\/Tren-que-pasa-por-la-comunidad-de-la-Patrona-en-Amatla%CC%81n-de-los-Reyes.jpg?resize=700%2C400 2x"},"classes":[]},{"id":34178,"url":"http:\/\/www.grieta.org.mx\/index.php\/2019\/05\/25\/detienen-a-polleros-en-veracruz-por-trasladar-indocumentados-en-taxis-veracruz\/","url_meta":{"origin":8624,"position":3},"title":"Detienen a polleros en Veracruz por trasladar indocumentados en taxis (Veracruz)","author":"grieta","date":"25 mayo, 2019","format":false,"excerpt":"Redacci\u00f3n \/ El Sol de M\u00e9xico Fueron detenidos en Cosoleacaque y ser\u00e1n enviados a la estaci\u00f3n migratoria Cosoleacaque, Ver.- Dos presuntos polleros fueron detenidos cuando trasladaban a 10 indocumentados, entre ellos tres menores de edad, en dos taxis en este municipio. Los hechos ocurrieron durante un recorrido preventivo de la\u2026","rel":"","context":"En &quot;CINTILLO&quot;","block_context":{"text":"CINTILLO","link":"http:\/\/www.grieta.org.mx\/index.php\/category\/cintillo\/"},"img":{"alt_text":"","src":"https:\/\/i0.wp.com\/www.grieta.org.mx\/wp-content\/uploads\/2019\/06\/polleros.jpg?resize=350%2C200","width":350,"height":200,"srcset":"https:\/\/i0.wp.com\/www.grieta.org.mx\/wp-content\/uploads\/2019\/06\/polleros.jpg?resize=350%2C200 1x, https:\/\/i0.wp.com\/www.grieta.org.mx\/wp-content\/uploads\/2019\/06\/polleros.jpg?resize=525%2C300 1.5x, https:\/\/i0.wp.com\/www.grieta.org.mx\/wp-content\/uploads\/2019\/06\/polleros.jpg?resize=700%2C400 2x"},"classes":[]},{"id":33140,"url":"http:\/\/www.grieta.org.mx\/index.php\/2019\/05\/02\/van-cinco-mil-300-migrantes-asegurados-en-veracruz-pf\/","url_meta":{"origin":8624,"position":4},"title":"Van cinco mil 300 migrantes asegurados en Veracruz: PF","author":"grieta","date":"2 mayo, 2019","format":false,"excerpt":"Danytza Flores \/ Diario de Xalapa Boca del R\u00edo, Ver.-La Polic\u00eda Federal inform\u00f3 que en el \u00faltimo mes ha rescatado y deportado a 5 mil 300 indocumentados en el estado de Veracruz. Los aseguramientos se han dado en la zona sur, principalmente en Las Choapas, Coatzacoalcos y Minatitl\u00e1n, report\u00f3 el\u2026","rel":"","context":"En &quot;CINTILLO&quot;","block_context":{"text":"CINTILLO","link":"http:\/\/www.grieta.org.mx\/index.php\/category\/cintillo\/"},"img":{"alt_text":"","src":"https:\/\/i0.wp.com\/www.grieta.org.mx\/wp-content\/uploads\/2019\/05\/PF.jpg?resize=350%2C200","width":350,"height":200,"srcset":"https:\/\/i0.wp.com\/www.grieta.org.mx\/wp-content\/uploads\/2019\/05\/PF.jpg?resize=350%2C200 1x, https:\/\/i0.wp.com\/www.grieta.org.mx\/wp-content\/uploads\/2019\/05\/PF.jpg?resize=525%2C300 1.5x, https:\/\/i0.wp.com\/www.grieta.org.mx\/wp-content\/uploads\/2019\/05\/PF.jpg?resize=700%2C400 2x"},"classes":[]},{"id":39844,"url":"http:\/\/www.grieta.org.mx\/index.php\/2019\/09\/11\/la-paloma-vehiculo-que-salvo-vidas-migrantes-veracruz\/","url_meta":{"origin":8624,"position":5},"title":"\u201cLa paloma\u201d: veh\u00edculo que salv\u00f3 vidas migrantes (Veracruz)","author":"grieta","date":"11 septiembre, 2019","format":false,"excerpt":"Arantxa Arcos \/ Voz Alterna Sim\u00f3n sent\u00eda que su cuerpo ard\u00eda por dentro mientras buscaba llegar a Estados Unidos, buscando el \u201csue\u00f1o americano\u201d. El fr\u00edo que emanaban los fierros de una batea blanca fueron de las \u00faltimas caricias que recibi\u00f3. Sin tener contacto con su familia, el joven centroamericano, de\u2026","rel":"","context":"En &quot;Caravana de poblaciones migrantes en Veracruz&quot;","block_context":{"text":"Caravana de poblaciones migrantes en Veracruz","link":"http:\/\/www.grieta.org.mx\/index.php\/category\/noticias-nacionales\/veracruz\/caravana-de-poblaciones-migrantes-en-veracruz\/"},"img":{"alt_text":"","src":"https:\/\/i0.wp.com\/www.grieta.org.mx\/wp-content\/uploads\/2019\/10\/la-paloma.jpg?resize=350%2C200","width":350,"height":200,"srcset":"https:\/\/i0.wp.com\/www.grieta.org.mx\/wp-content\/uploads\/2019\/10\/la-paloma.jpg?resize=350%2C200 1x, https:\/\/i0.wp.com\/www.grieta.org.mx\/wp-content\/uploads\/2019\/10\/la-paloma.jpg?resize=525%2C300 1.5x, https:\/\/i0.wp.com\/www.grieta.org.mx\/wp-content\/uploads\/2019\/10\/la-paloma.jpg?resize=700%2C400 2x"},"classes":[]}],"_links":{"self":[{"href":"http:\/\/www.grieta.org.mx\/index.php\/wp-json\/wp\/v2\/posts\/8624","targetHints":{"allow":["GET"]}}],"collection":[{"href":"http:\/\/www.grieta.org.mx\/index.php\/wp-json\/wp\/v2\/posts"}],"about":[{"href":"http:\/\/www.grieta.org.mx\/index.php\/wp-json\/wp\/v2\/types\/post"}],"author":[{"embeddable":true,"href":"http:\/\/www.grieta.org.mx\/index.php\/wp-json\/wp\/v2\/users\/1"}],"replies":[{"embeddable":true,"href":"http:\/\/www.grieta.org.mx\/index.php\/wp-json\/wp\/v2\/comments?post=8624"}],"version-history":[{"count":1,"href":"http:\/\/www.grieta.org.mx\/index.php\/wp-json\/wp\/v2\/posts\/8624\/revisions"}],"predecessor-version":[{"id":16701,"href":"http:\/\/www.grieta.org.mx\/index.php\/wp-json\/wp\/v2\/posts\/8624\/revisions\/16701"}],"wp:featuredmedia":[{"embeddable":true,"href":"http:\/\/www.grieta.org.mx\/index.php\/wp-json\/wp\/v2\/media\/21928"}],"wp:attachment":[{"href":"http:\/\/www.grieta.org.mx\/index.php\/wp-json\/wp\/v2\/media?parent=8624"}],"wp:term":[{"taxonomy":"category","embeddable":true,"href":"http:\/\/www.grieta.org.mx\/index.php\/wp-json\/wp\/v2\/categories?post=8624"},{"taxonomy":"post_tag","embeddable":true,"href":"http:\/\/www.grieta.org.mx\/index.php\/wp-json\/wp\/v2\/tags?post=8624"}],"curies":[{"name":"wp","href":"https:\/\/api.w.org\/{rel}","templated":true}]}}