{"id":8593,"date":"2016-01-17T21:10:11","date_gmt":"2016-01-17T21:10:11","guid":{"rendered":"http:\/\/50.22.11.12\/~grietaor\/?p=8593"},"modified":"2018-07-07T23:49:35","modified_gmt":"2018-07-08T04:49:35","slug":"clausuran-trabajos-de-carretera-que-afecta-bosques-de-tetela-del-volcan","status":"publish","type":"post","link":"http:\/\/www.grieta.org.mx\/index.php\/2016\/01\/17\/clausuran-trabajos-de-carretera-que-afecta-bosques-de-tetela-del-volcan\/","title":{"rendered":"Clausuran trabajos de carretera que afecta bosques de Tetela del Volc\u00e1n"},"content":{"rendered":"<p>Mario Vega<br \/>\nLa Uni\u00f3n de Morelos<\/p>\n<p>Comuneros se organizan para realizar patrullajes en la zona<br \/>\nComo consecuencia de las denuncias hechas por comuneros del municipio de Tetela del Volc\u00e1n, acerca de la tala de \u00e1rboles en los bosques de esta demarcaci\u00f3n, y su advertencia de iniciar movilizaciones para frenar el ecocidio por su cuenta, autoridades de la Procuradur\u00eda Federal de Protecci\u00f3n al Ambiente (Profepa) clausuraron los trabajos de la carretera Ecatzingo-Tochimilco, la cual, aseguran los inconformes, no cuenta con permisos para pasar por su territorio.<br \/>\nEl pasado mi\u00e9rcoles los inconformes -encabezados por los comisariados de Bienes Comunales y Ejidales- reclamaron a las autoridades de la Secretar\u00eda de Medio Ambiente y Recursos Naturales (Semarnat), de la Procuradur\u00eda Federal de Protecci\u00f3n al Ambiente (Profepa), de la Direcci\u00f3n General de Ordenamiento Territorial de la Secretar\u00eda de Desarrollo Sustentable, de Obras P\u00fablicas del gobierno del estado y a la presidenta municipal Ana Bertha Haro S\u00e1nchez, el que no se les haya notificado de dicha obra.<br \/>\nAh\u00ed las autoridades aseguraron desconocer el proyecto impulsado por los gobiernos del Estado de M\u00e9xico y Puebla, para la construcci\u00f3n de una carretera interestatal que comunique a ambas entidades en las inmediaciones del Parque Nacional Izta-Popo.<br \/>\nLuego de una acalorada asamblea, los comuneros exigieron a los funcionarios de las dependencias federales realizar una verificaci\u00f3n en la zona devastada, en donde inmovilizaron la maquinaria y colocaron lonas con la leyenda de clausurado.<br \/>\nEl recorrido por la zona fue encabezado por Alejandro Res\u00e9ndez Zavala, coordinador de la Subdelegaci\u00f3n de Recursos Naturales de la Profepa, acompa\u00f1ado por elementos del Mando \u00danico, quienes a petici\u00f3n de los comuneros verificaron la construcci\u00f3n de una zanja, para evitar que entren veh\u00edculos para la extracci\u00f3n de materiales para construcci\u00f3n.<br \/>\nMientras tanto, se mantienen las mesas de di\u00e1logo para dar continuidad a las investigaciones en torno a quienes dieron los permisos para la construcci\u00f3n de esa carretera, sin dar aviso al municipio de Tetela del Volc\u00e1n.<br \/>\nMientras tanto los comisariados ejidales y comunales y voluntarios se organizan en rondines de vigilancia para evitar que los trabajos de la carretera se reinicien.<\/p>\n<p><a class=\"autohyperlink\" title=\"http:\/\/www.launion.com.mx\/morelos\/cuautla\/noticias\/83807-clausuran-trabajos-de-carretera-que-afecta-bosques-de-tetela-del-volcan.html\" href=\"http:\/\/www.launion.com.mx\/morelos\/cuautla\/noticias\/83807-clausuran-trabajos-de-carretera-que-afecta-bosques-de-tetela-del-volcan.html\" target=\"_blank\">www.launion.com.mx\/morelos\/cuautla\/noticias\/83807-clausuran-trabajos-de-carretera-que-afecta-bosques-de-tetela-del-volcan.html<\/a><\/p>\n","protected":false},"excerpt":{"rendered":"<p>Mario Vega La Uni\u00f3n de Morelos Comuneros se organizan para realizar patrullajes en la zona Como consecuencia de las denuncias hechas por comuneros del municipio de Tetela del Volc\u00e1n, acerca &hellip; <a href=\"http:\/\/www.grieta.org.mx\/index.php\/2016\/01\/17\/clausuran-trabajos-de-carretera-que-afecta-bosques-de-tetela-del-volcan\/\" class=\"more-link\">Leer m\u00e1s<\/a><\/p>\n","protected":false},"author":2,"featured_media":21928,"comment_status":"closed","ping_status":"open","sticky":false,"template":"","format":"standard","meta":{"ngg_post_thumbnail":0,"_jetpack_newsletter_access":"","_jetpack_dont_email_post_to_subs":false,"_jetpack_newsletter_tier_id":0,"_jetpack_memberships_contains_paywalled_content":false,"_jetpack_memberships_contains_paid_content":false,"footnotes":""},"categories":[80,22,482,2,1171],"tags":[510,511],"class_list":{"0":"post-8593","1":"post","2":"type-post","3":"status-publish","4":"format-standard","5":"has-post-thumbnail","6":"hentry","7":"category-cintillo","8":"category-morelos","10":"category-noticias-nacionales","11":"category-rechazo-al-proyecto-integral-morelos-pim-en-morelos","12":"tag-proyecto-integral-morelos","13":"tag-tetela-del-volcan","14":"entry"},"jetpack_featured_media_url":"http:\/\/www.grieta.org.mx\/wp-content\/uploads\/2018\/03\/14524434_1106112876131411_958039263622046936_o.jpg","jetpack_sharing_enabled":true,"jetpack_shortlink":"https:\/\/wp.me\/p7ZJR4-2eB","jetpack_likes_enabled":false,"jetpack-related-posts":[{"id":8594,"url":"http:\/\/www.grieta.org.mx\/index.php\/2016\/09\/04\/organizacion-contra-proyecto-integral-morelos\/","url_meta":{"origin":8593,"position":0},"title":"Rechazo al Proyecto Integral Morelos (PIM) en Morelos","author":"grieta","date":"4 septiembre, 2016","format":false,"excerpt":"04\/09\/16. Estancado, el conflicto por el acueducto en San Pedro Apatlaco La Uni\u00f3n de Morelos 01\/09\/16. Cierran filas ejidatarios para impedir infiltraci\u00f3n de agitadores La Uni\u00f3n de Morelos 31\/08\/16. Ofrece el FAM rueda de prensa; Frente de Pueblos refiere que hay 20 detenidos por hechos ocurridos en Apatlaco La Uni\u00f3n\u2026","rel":"","context":"En &quot;Morelos&quot;","block_context":{"text":"Morelos","link":"http:\/\/www.grieta.org.mx\/index.php\/category\/noticias-nacionales\/morelos\/"},"img":{"alt_text":"","src":"https:\/\/i0.wp.com\/www.grieta.org.mx\/wp-content\/uploads\/2018\/03\/14524434_1106112876131411_958039263622046936_o.jpg?resize=350%2C200","width":350,"height":200,"srcset":"https:\/\/i0.wp.com\/www.grieta.org.mx\/wp-content\/uploads\/2018\/03\/14524434_1106112876131411_958039263622046936_o.jpg?resize=350%2C200 1x, https:\/\/i0.wp.com\/www.grieta.org.mx\/wp-content\/uploads\/2018\/03\/14524434_1106112876131411_958039263622046936_o.jpg?resize=525%2C300 1.5x, https:\/\/i0.wp.com\/www.grieta.org.mx\/wp-content\/uploads\/2018\/03\/14524434_1106112876131411_958039263622046936_o.jpg?resize=700%2C400 2x"},"classes":[]},{"id":32015,"url":"http:\/\/www.grieta.org.mx\/index.php\/2019\/04\/09\/juez-exige-al-gobierno-subsanar-irregularidades-en-la-construccion-del-gasoducto-en-morelos\/","url_meta":{"origin":8593,"position":1},"title":"Juez exige al gobierno subsanar irregularidades en la construcci\u00f3n del gasoducto en Morelos","author":"grieta","date":"9 abril, 2019","format":false,"excerpt":"POR JOS\u00c9 RA\u00daL LINARES Y JAIME LUIS BRITO \/ Proceso CIUDAD DE M\u00c9XICO (apro).- Ante el aumento de la actividad del volc\u00e1n Popocat\u00e9petl, un juez federal con sede en Puebla, otorg\u00f3 un amparo de plano a favor de dos comunidades cercanas al cr\u00e1ter, a fin de que las autoridades subsanen\u2026","rel":"","context":"En &quot;10. Huexca&quot;","block_context":{"text":"10. Huexca","link":"http:\/\/www.grieta.org.mx\/index.php\/category\/espejos-de-la-resistencia\/10-huexca\/"},"img":{"alt_text":"","src":"https:\/\/i0.wp.com\/www.grieta.org.mx\/wp-content\/uploads\/2019\/04\/gg51.jpg?resize=350%2C200","width":350,"height":200,"srcset":"https:\/\/i0.wp.com\/www.grieta.org.mx\/wp-content\/uploads\/2019\/04\/gg51.jpg?resize=350%2C200 1x, https:\/\/i0.wp.com\/www.grieta.org.mx\/wp-content\/uploads\/2019\/04\/gg51.jpg?resize=525%2C300 1.5x, https:\/\/i0.wp.com\/www.grieta.org.mx\/wp-content\/uploads\/2019\/04\/gg51.jpg?resize=700%2C400 2x, https:\/\/i0.wp.com\/www.grieta.org.mx\/wp-content\/uploads\/2019\/04\/gg51.jpg?resize=1050%2C600 3x"},"classes":[]},{"id":8668,"url":"http:\/\/www.grieta.org.mx\/index.php\/2015\/10\/09\/rechazan-productores-el-proyecto-integral-morelos\/","url_meta":{"origin":8593,"position":2},"title":"Rechazan productores el Proyecto Integral Morelos","author":"grieta","date":"9 octubre, 2015","format":false,"excerpt":"Proceso AYALA, Mor. (apro).- El Proyecto Integral Morelos (PIM) recibi\u00f3 un nuevo rev\u00e9s de parte de los l\u00edderes campesinos de este municipio, tras el acuerdo tomado en asamblea para no permitir que el agua del r\u00edo Cuautla alimente la termoel\u00e9ctrica de ciclo combinado que se construy\u00f3 a unos 10 kil\u00f3metros,\u2026","rel":"","context":"En &quot;CINTILLO&quot;","block_context":{"text":"CINTILLO","link":"http:\/\/www.grieta.org.mx\/index.php\/category\/cintillo\/"},"img":{"alt_text":"","src":"https:\/\/i0.wp.com\/www.grieta.org.mx\/wp-content\/uploads\/2018\/03\/14524434_1106112876131411_958039263622046936_o.jpg?resize=350%2C200","width":350,"height":200,"srcset":"https:\/\/i0.wp.com\/www.grieta.org.mx\/wp-content\/uploads\/2018\/03\/14524434_1106112876131411_958039263622046936_o.jpg?resize=350%2C200 1x, https:\/\/i0.wp.com\/www.grieta.org.mx\/wp-content\/uploads\/2018\/03\/14524434_1106112876131411_958039263622046936_o.jpg?resize=525%2C300 1.5x, https:\/\/i0.wp.com\/www.grieta.org.mx\/wp-content\/uploads\/2018\/03\/14524434_1106112876131411_958039263622046936_o.jpg?resize=700%2C400 2x"},"classes":[]},{"id":19803,"url":"http:\/\/www.grieta.org.mx\/index.php\/2016\/08\/22\/rechazo-al-proyecto-interal-morelos-en-puebla\/","url_meta":{"origin":8593,"position":3},"title":"Rechazo al Proyecto Interal Morelos en Puebla","author":"grieta","date":"22 agosto, 2016","format":false,"excerpt":"22\/08\/16. Campesinos prueban riesgos del gasoducto Morelos a Juzgado Octavo (Puebla) La Jornada de Oriente 18\/07\/16. Ind\u00edgenas ven en el proyecto energ\u00e9tico cercano al volc\u00e1n Popocat\u00e9petl un riesgo para la poblaci\u00f3n Eju TV 08\/07\/16. Gasoducto Morelos violenta Ordenamiento Ecol\u00f3gico del Izta\u2013Popo: Tovar (Puebla) La Jornada de Oriente 23\/10\/14. Logran campesinos\u2026","rel":"","context":"En &quot;NOTICIAS NACIONALES&quot;","block_context":{"text":"NOTICIAS NACIONALES","link":"http:\/\/www.grieta.org.mx\/index.php\/category\/noticias-nacionales\/"},"img":{"alt_text":"","src":"https:\/\/i0.wp.com\/www.grieta.org.mx\/wp-content\/uploads\/2018\/03\/14524434_1106112876131411_958039263622046936_o.jpg?resize=350%2C200","width":350,"height":200,"srcset":"https:\/\/i0.wp.com\/www.grieta.org.mx\/wp-content\/uploads\/2018\/03\/14524434_1106112876131411_958039263622046936_o.jpg?resize=350%2C200 1x, https:\/\/i0.wp.com\/www.grieta.org.mx\/wp-content\/uploads\/2018\/03\/14524434_1106112876131411_958039263622046936_o.jpg?resize=525%2C300 1.5x, https:\/\/i0.wp.com\/www.grieta.org.mx\/wp-content\/uploads\/2018\/03\/14524434_1106112876131411_958039263622046936_o.jpg?resize=700%2C400 2x"},"classes":[]},{"id":29755,"url":"http:\/\/www.grieta.org.mx\/index.php\/2019\/02\/25\/la-lucha-no-termina-aqui-activistas-sobre-termoelectrica-en-morelos\/","url_meta":{"origin":8593,"position":4},"title":"La lucha no termina aqu\u00ed: activistas sobre termoel\u00e9ctrica en Morelos","author":"grieta","date":"25 febrero, 2019","format":false,"excerpt":"Felipe Rodea, Ver\u00f3nica Bacaz \/ El Financiero Tras conocer el resultado de la consulta favorable a la construcci\u00f3n de la termoel\u00e9ctrica en Morelos, el Frente de Pueblos en Defensa de la Tierra y Agua Morelos, Puebla, Tlaxcala, advirti\u00f3 que la batalla por cancelar el proyecto apenas comienza. \"La lucha no\u2026","rel":"","context":"En &quot;10. Huexca&quot;","block_context":{"text":"10. Huexca","link":"http:\/\/www.grieta.org.mx\/index.php\/category\/espejos-de-la-resistencia\/10-huexca\/"},"img":{"alt_text":"","src":"https:\/\/i0.wp.com\/www.grieta.org.mx\/wp-content\/uploads\/2019\/02\/752d2c9ecf1550851348_standard_desktop_medium_retina.jpeg?resize=350%2C200","width":350,"height":200,"srcset":"https:\/\/i0.wp.com\/www.grieta.org.mx\/wp-content\/uploads\/2019\/02\/752d2c9ecf1550851348_standard_desktop_medium_retina.jpeg?resize=350%2C200 1x, https:\/\/i0.wp.com\/www.grieta.org.mx\/wp-content\/uploads\/2019\/02\/752d2c9ecf1550851348_standard_desktop_medium_retina.jpeg?resize=525%2C300 1.5x, https:\/\/i0.wp.com\/www.grieta.org.mx\/wp-content\/uploads\/2019\/02\/752d2c9ecf1550851348_standard_desktop_medium_retina.jpeg?resize=700%2C400 2x, https:\/\/i0.wp.com\/www.grieta.org.mx\/wp-content\/uploads\/2019\/02\/752d2c9ecf1550851348_standard_desktop_medium_retina.jpeg?resize=1050%2C600 3x"},"classes":[]},{"id":31703,"url":"http:\/\/www.grieta.org.mx\/index.php\/2019\/03\/28\/lo-que-sabemos-del-gasoducto-a-las-faldas-del-popocatepetl\/","url_meta":{"origin":8593,"position":5},"title":"Lo que sabemos del gasoducto a las faldas del Popocat\u00e9petl","author":"grieta","date":"28 marzo, 2019","format":false,"excerpt":"Carolina Garc\u00eda \/ El Universal El Proyecto Integral Morelos (PIM) consiste en la construcci\u00f3n de dos termoel\u00e9ctricas de ciclo combinado de 622 megawatts en la comunidad de Huexca, un gasoducto de 160 km de longitud y 30 pulgadas de di\u00e1metro (con capacidad para transportar diariamente 9 mil millones de litros\u2026","rel":"","context":"En &quot;10. Huexca&quot;","block_context":{"text":"10. Huexca","link":"http:\/\/www.grieta.org.mx\/index.php\/category\/espejos-de-la-resistencia\/10-huexca\/"},"img":{"alt_text":"","src":"https:\/\/i0.wp.com\/www.grieta.org.mx\/wp-content\/uploads\/2019\/04\/direct-4.jpg?resize=350%2C200","width":350,"height":200,"srcset":"https:\/\/i0.wp.com\/www.grieta.org.mx\/wp-content\/uploads\/2019\/04\/direct-4.jpg?resize=350%2C200 1x, https:\/\/i0.wp.com\/www.grieta.org.mx\/wp-content\/uploads\/2019\/04\/direct-4.jpg?resize=525%2C300 1.5x"},"classes":[]}],"_links":{"self":[{"href":"http:\/\/www.grieta.org.mx\/index.php\/wp-json\/wp\/v2\/posts\/8593","targetHints":{"allow":["GET"]}}],"collection":[{"href":"http:\/\/www.grieta.org.mx\/index.php\/wp-json\/wp\/v2\/posts"}],"about":[{"href":"http:\/\/www.grieta.org.mx\/index.php\/wp-json\/wp\/v2\/types\/post"}],"author":[{"embeddable":true,"href":"http:\/\/www.grieta.org.mx\/index.php\/wp-json\/wp\/v2\/users\/2"}],"replies":[{"embeddable":true,"href":"http:\/\/www.grieta.org.mx\/index.php\/wp-json\/wp\/v2\/comments?post=8593"}],"version-history":[{"count":1,"href":"http:\/\/www.grieta.org.mx\/index.php\/wp-json\/wp\/v2\/posts\/8593\/revisions"}],"predecessor-version":[{"id":8616,"href":"http:\/\/www.grieta.org.mx\/index.php\/wp-json\/wp\/v2\/posts\/8593\/revisions\/8616"}],"wp:featuredmedia":[{"embeddable":true,"href":"http:\/\/www.grieta.org.mx\/index.php\/wp-json\/wp\/v2\/media\/21928"}],"wp:attachment":[{"href":"http:\/\/www.grieta.org.mx\/index.php\/wp-json\/wp\/v2\/media?parent=8593"}],"wp:term":[{"taxonomy":"category","embeddable":true,"href":"http:\/\/www.grieta.org.mx\/index.php\/wp-json\/wp\/v2\/categories?post=8593"},{"taxonomy":"post_tag","embeddable":true,"href":"http:\/\/www.grieta.org.mx\/index.php\/wp-json\/wp\/v2\/tags?post=8593"}],"curies":[{"name":"wp","href":"https:\/\/api.w.org\/{rel}","templated":true}]}}