{"id":8573,"date":"2015-01-20T21:01:29","date_gmt":"2015-01-20T21:01:29","guid":{"rendered":"http:\/\/50.22.11.12\/~grietaor\/?p=8573"},"modified":"2016-03-30T21:02:50","modified_gmt":"2016-03-30T21:02:50","slug":"celebracion-a-un-ano-del-campamento-centinelas-del-rio-antigua-veracruz","status":"publish","type":"post","link":"http:\/\/www.grieta.org.mx\/index.php\/2015\/01\/20\/celebracion-a-un-ano-del-campamento-centinelas-del-rio-antigua-veracruz\/","title":{"rendered":"Celebraci\u00f3n a un a\u00f1o del campamento Centinelas del R\u00edo Antigua, Veracruz"},"content":{"rendered":"<p>Jalcolmulco, Veracruz.-  Los Pueblos Unidos por la Defensa de La Cuenca del Rio Antigua, convocamos a miembros de distintas organizaciones estatales, nacionales e internacionales,  personalidades pol\u00edticas con calidad moral y \u00e9tica, as\u00ed como a  todas aquellas  personas y pueblos que a lo largo de este a\u00f1o  y m\u00e1s nos han acompa\u00f1ado en el proceso de defensa del r\u00edo La Antigua a celebrar juntos las acciones de resistencia que hemos venido realizando contra el denominado Proyecto de Prop\u00f3sitos M\u00faltiples Xalapa, impulsado por la empresa brasile\u00f1a Odebrecht y el Gobierno del Estado de Veracruz a trav\u00e9s de  una alianza p\u00fablico-privada.<br \/>\nEs a un a\u00f1o de la toma pacifica del predio Tamarindo que manifestamos:<\/p>\n<p>Antecedentes<br \/>\nDesde hace m\u00e1s de cuatro a\u00f1os distintos grupos y pueblos adyacentes a la cuenca del r\u00edo Antigua se han visto amenazados debido a la posible construcci\u00f3n de una presa cuyas caracter\u00edsticas son de una cortina de 100 metros de altura por 700 metros de ancho inundando aproximadamente 400 hect\u00e1reas de terrenos f\u00e9rtiles, afectando a  casi 30 poblaciones de cinco municipios, adem\u00e1s este proyecto implica de manera directa la privatizaci\u00f3n de los servicios municipales de agua para la Ciudad de Xalapa, como lo se\u00f1ala el convenio que firmo de Comisi\u00f3n de Agua del Estado de Veracruz con la empresa Odebrecht en marzo de 2013.<br \/>\nDenunciamos que el Gobierno del Estado de Veracruz ha promovido el proyecto  y ocultado informaci\u00f3n, principalmente a la poblaci\u00f3n afectada tanto de la cuenca de la Antigua como de la ciudad de Xalapa. Ante estos hechos ciudadanos organizados e indignados, hemos hecho diversas acciones para evitar el establecimiento de este proyecto.<br \/>\nQue parte de la estrategia de implementaci\u00f3n ha sido la fragmentaci\u00f3n del proyecto, por ejemplo; el desplazamiento y reubicaci\u00f3n de las poblaciones de Barranca Grande a Barranca Nueva (casi 5mil personas) en el municipio de Ixhuac\u00e1n de los Reyes, este proyecto no tiene que ver con un \u201cdesastre natural\u201d en 2008, sino como parte de la estrategia de dejar los territorios libres de poblaciones para la instalaci\u00f3n de proyectos y con ello evitar los costos sociales y denuncias de las  violaciones a los derechos humanos, en este caso el desastre solo atrajo el negocio que implican las ciudades emergentes o mejor conocidas como ciudades rurales.<br \/>\nIgual de preocupante es la falta de informaci\u00f3n acerca de los distintos proyectos de mini hidroel\u00e9ctricas en la parte alta de la Cuenca de la Antigua, por ejemplo el de Isleta I e Isleta II en los municipios de Xico y Teocelo.<\/p>\n<p>Acciones y logros<br \/>\nLos ciudadanos de la Cuenca del R\u00edo La Antigua a trav\u00e9s de los Comit\u00e9 de Pueblos Unidos de la Cuenca Antigua por R\u00edos Libres (PUCARL) nos hemos dado a la tarea de investigar las caracter\u00edsticas del proyecto y las formas en que amenaza a los pueblos y sus ecosistemas. De esta manera hemos realizado casi cien  asambleas informativas a lo largo de toda la cuenca desde Barranca Grande hasta el municipio de Antigua desde el 2010 a la fecha.<br \/>\nHemos hecho alianzas con distintas comunidades y organizaciones a distintos niveles que van de lo regional hasta lo internacional.<br \/>\nNuestras acciones directas se han impulsado desde el consenso de la base:   Dos marchas en la capital del Estado 2011 y 2014, as\u00ed como las tomas de carreteras estatales y federales en 2014. Estas acciones han obligado a sentar al gabinete del Estado de Veracruz  y a altos funcionarios Federales  en enero y febrero de 2014, para que reconozcan que han un problema social si se sigue con la pol\u00edtica de privatizaci\u00f3n de agua y los r\u00edos.<br \/>\nParticipaci\u00f3n y co-organizaci\u00f3n de foros sociales y acad\u00e9micos donde se han expuesto las amenazas y riesgos a los se enfrenta la poblaci\u00f3n debido a los proyectos de hidroel\u00e9ctricas y\/o presas, basados en una pol\u00edtica de privatizaci\u00f3n y mercantilizaci\u00f3n del agua para el estado de Veracruz y el pa\u00eds. En dichos foros se han generado propuestas que apuntan que los problemas de abastecimiento de agua para la Ciudad de Xalapa, mismos que no se resolver\u00e1n con la construcci\u00f3n de una presa como apuntan sus impulsores sino resolviendo el problema de gesti\u00f3n y abasto de agua  as\u00ed como reparando o cambiando la red e infraestructura de agua, cancelando la deuda de la planta de tratamiento de agua, etc\u00e9tera,  tal como se vio en el  Coloquio de Gesti\u00f3n de agua para Todos, Xalapa, mayo 2014, y en el  Foro ciudadano: riesgos impactos sociales y ambientales por presas en Veracruz, 25 de febrero en el Congreso del Estado de Veracruz.<br \/>\nAsistencia a eventos nacionales: como el Festival mundial de las resistencias, convocado por el EZLN, Foro de  los Pueblos en Tuxtepec, Oaxaca.<br \/>\nSe ha llevado un proceso legal de amparo contra la modificaci\u00f3n del levantamiento de la Veda en el R\u00edo La Antigua, cuya modificaci\u00f3n esta siendo impulsada desde la CONAGUA. De lograrse la modificaci\u00f3n de la Veda, el destino del r\u00edo la Antigua, seria fatal como lo sucedido en el r\u00edo san Pedro, Nayarit,, donde se abri\u00f3 paso a la presa las Cruces.<br \/>\nSe impidieron la obras sobre el cauce del R\u00edo Pescados de cuyos permisos carec\u00eda la empresa brasile\u00f1a en Enero de 2014.<br \/>\nSe han llevado a cabo decenas de eventos culturales art\u00edsticos y espirituales que han dado vida al campamento, al r\u00edo y a los pueblos de la cuenca.<br \/>\nSe han recibido a delegaciones nacionales e internaciones, como miembros del Movimiento Mexicano de  Afectados por Presas y en Defensa de los R\u00edos, (MAPDER), Coordinadora Nacional Agua para todos agua para la vida, Movimiento R\u00edos Vivos Colombia, Movimiento de Afectados por Presas de Brasil  (MAB), Organizaci\u00f3n Ind\u00edgena de Antioqu\u00eda, Caravana Clim\u00e1tica y Colectivo La Colmena.  Red Latinoam\u00e9rica de Afectados por presas (REDLAR).  As\u00ed como a representantes de la Iglesia cat\u00f3lica como el Obispo de Xalapa Hip\u00f3lito Reyes y al Presb\u00edtero Julian Ver\u00f3nica etc. A los medios de comunicaci\u00f3n independientes como radio Teocelo, radio UV, Hijos de la Tierra, etc que han ayudado a la difusi\u00f3n,  as\u00ed como a los miembros de LAVIDA, acad\u00e9micos de la UNAM y UV, as\u00ed como a personalidades: Ing. Franklin Rend\u00f3n, Diputado Fidel Robles,  Dr. Juan Mu\u00f1oz, as\u00ed como al CEMDA-Golfo, as\u00ed como a los estudiantes y artistas veracruzanos  que de manera solidaria nos han apoyado.<br \/>\nHemos mantenido la unidad de los pueblos de la cuenca a trav\u00e9s de guardias que d\u00eda y noche se han sostenido gracias al trabajo voluntario y de convicci\u00f3n de Ejidatarios, grupos de Jefes de guardia, Cocineras y cientos de voluntarios que diariamente se han entregado con amor, convicci\u00f3n y respeto al r\u00edo, y al pueblo veracruzano.<br \/>\nA TODOS Y CADA UNO DE USTEDES LES DECIMOS MUCHISIMAS GRACIAS, YA QUE SIN ESTE APOYO SOCIAL MORAL Y AMOROSO LA RESISTENCIA SERIA INSOSTENIBLE.<br \/>\nSin embargo nuestra lucha se mantiene pese a las amenazas y ausencias latentes:<br \/>\n1. Las m\u00e1s de 25 demandas judiciales a las que estuvieron sujetos ejidatarios y participantes del movimiento, durante los meses de enero a julio. Estos hechos forman parte del hostigamiento a las poblaci\u00f3n y a los activistas del agua,  orquestado por quienes impulsan el proyecto tanto miembros de la empresa funcionarios gubernamentales al servicio de la empresa. Es por ello que exigimos que se pare este tipo de hostigamiento.<br \/>\n2. La injerencia de operadores pol\u00edticos ligados al PRI y al delegado estatal  de la Procuradur\u00eda Agraria Cirilo Rinc\u00f3n que se niega a convocar a la Asamblea Ejidal de Jalcomulco y cuyos intereses se han inclinado abiertamente a favor de la empresa, del mismo modo operativo se encuentran  los visitadores agrarios que pretenden socavar la unidad de los ejidatarios y de los ejidos de Tlaltetela, Apazapan, Tuzamapan a partir de intimidaciones, intrigas, divisi\u00f3n para que los ejidatarios vendan sus tierras, desestabilizando la paz del pueblos.<br \/>\n3. La FALTA de respuesta del Gobernador Javier Duarte de  Ochoa, donde se le exige la cancelaci\u00f3n definitiva del Proyecto De Prop\u00f3sitos M\u00faltiples Xalapa, que desde el 14 de marzo de 2014 se le pido v\u00eda oficio. As\u00ed como de todos los proyectos que se pretenden hacer en la Cuenca de La Antigua.<br \/>\n4. Denunciamos la posici\u00f3n de la PROFEPA a trav\u00e9s de su Delegado Eduardo Aubry de Castro quien pese a saber de las violaciones de la Ley que hizo la empresa Odebrecht, ejecuto una multa rid\u00edcula de  menos de $200 mil pesos. Del mismo modo la tibieza  de Ismael Morales de  CONAGUA, demuestra la falta de calidad \u00e9tica y la ineficacia para mantener sus puestos.<br \/>\nLa esperanza y las acciones futuras<br \/>\nInvitamos a los diputados estatales a los presidentes Municipales de Apazapan, Tlaltetela, Coatepec, Ixhuacan de los Reyes, Teocelo. A seguir apoyando este proceso de defensa de los r\u00edos y a no ver a los movimientos leg\u00edtimos surgidos desde la base y sin fines partidarios como una nueva escalada para la clientela electoral, sino como parte de reconocimiento de los pueblos a manifestarse y recrearse permanente  desde la exigibilidad  de sus derecho territoriales.<br \/>\nHoy y siempre seguiremos por las acciones de protecci\u00f3n y cuidado integral del r\u00edo y la cuenca de la Antigua. Por lo tanto exigimos la cancelaci\u00f3n de cualquier proyecto de mini hidroel\u00e9ctricas que se quiera hacer.  E instamos a que la gente luchadora de la cuenca a seguir en el  cuidado su territorio a no ceder sus derechos ni su dignidad a cambio de una despensa o por la compra de su voto o favores de partidos pol\u00edticos.<br \/>\nLa batalla legal contin\u00faa  contra el clientelismo y el caciquismo priista, la dignidad de los pueblos.<br \/>\nHoy es un d\u00eda de fiesta para los pueblos veracruzanos en defensa del agua, porque reconocemos que hemos ganado batallas importantes que queremos socializarlas con conocimiento y alegr\u00eda.<br \/>\nNuestra esperanza se sostiene en ver a nuestro r\u00edo libre hoy y siempre.<br \/>\n\u00a1\u00a1R\u00edos para la vida no para la muerte!!<br \/>\n\u00a1\u00a1R\u00edos Libres, pueblos libres!!!<br \/>\n\u00a1\u00a1Agua, vida y alegr\u00eda no son mercanc\u00eda!!<br \/>\n\u00a1\u00a1Rio la Antigua libre!!<\/p>\n<p>Atentamente<br \/>\nPueblos Unidos de la Cuenca Antigua.<br \/>\nPor los r\u00edos libres<\/p>\n<p>www.agua.org.mx\/index.php\/noticias\/not-nacionales\/33812-celebracion-a-un-ano-del-campamento-centinelas-del-rio-antigua-veracruz<\/p>\n","protected":false},"excerpt":{"rendered":"<p>Jalcolmulco, Veracruz.- Los Pueblos Unidos por la Defensa de La Cuenca del Rio Antigua, convocamos a miembros de distintas organizaciones estatales, nacionales e internacionales, personalidades pol\u00edticas con calidad moral y &hellip; <a href=\"http:\/\/www.grieta.org.mx\/index.php\/2015\/01\/20\/celebracion-a-un-ano-del-campamento-centinelas-del-rio-antigua-veracruz\/\" class=\"more-link\">Leer m\u00e1s<\/a><\/p>\n","protected":false},"author":1,"featured_media":21928,"comment_status":"closed","ping_status":"open","sticky":false,"template":"","format":"standard","meta":{"ngg_post_thumbnail":0,"_jetpack_newsletter_access":"","_jetpack_dont_email_post_to_subs":false,"_jetpack_newsletter_tier_id":0,"_jetpack_memberships_contains_paywalled_content":false,"_jetpack_memberships_contains_paid_content":false,"footnotes":""},"categories":[80,257],"tags":[503,502,507],"class_list":["post-8573","post","type-post","status-publish","format-standard","has-post-thumbnail","hentry","category-cintillo","category-veracruz","tag-odebrecht","tag-proyecto-propositos-multiples-xalapa","tag-rio-antigua","entry"],"jetpack_featured_media_url":"http:\/\/www.grieta.org.mx\/wp-content\/uploads\/2018\/03\/14524434_1106112876131411_958039263622046936_o.jpg","jetpack_sharing_enabled":true,"jetpack_shortlink":"https:\/\/wp.me\/p7ZJR4-2eh","jetpack_likes_enabled":false,"jetpack-related-posts":[{"id":8541,"url":"http:\/\/www.grieta.org.mx\/index.php\/2015\/03\/27\/proyecto-de-propositos-multiples-xalapa\/","url_meta":{"origin":8573,"position":0},"title":"Proyecto de Prop\u00f3sitos M\u00faltiples Xalapa","author":"Admin","date":"27 marzo, 2015","format":false,"excerpt":"27\/03\/15. Son 37 grupos de resistencia contra presas en Veracruz; en Matlacobatl impiden llegada de maquinaria Plumas Libres 17\/03\/15. En Teocelo la serpiente se defiende. Evento informativo y cultural contra las presas Zapateando 16\/03\/15. Ordena estado desalojos a modo para desarrollar proyecto hidrol\u00f3gico de Odebrecht Plumas Libres 14\/03\/15. Pretenden construir\u2026","rel":"","context":"En &quot;Proyecto de Prop\u00f3sitos M\u00faltiples Xalapa&quot;","block_context":{"text":"Proyecto de Prop\u00f3sitos M\u00faltiples Xalapa","link":"http:\/\/www.grieta.org.mx\/index.php\/category\/megaproyectos\/proyecto-de-propositos-multiples-xalapa\/"},"img":{"alt_text":"","src":"https:\/\/i0.wp.com\/www.grieta.org.mx\/wp-content\/uploads\/2018\/03\/14524434_1106112876131411_958039263622046936_o.jpg?resize=350%2C200","width":350,"height":200,"srcset":"https:\/\/i0.wp.com\/www.grieta.org.mx\/wp-content\/uploads\/2018\/03\/14524434_1106112876131411_958039263622046936_o.jpg?resize=350%2C200 1x, https:\/\/i0.wp.com\/www.grieta.org.mx\/wp-content\/uploads\/2018\/03\/14524434_1106112876131411_958039263622046936_o.jpg?resize=525%2C300 1.5x, https:\/\/i0.wp.com\/www.grieta.org.mx\/wp-content\/uploads\/2018\/03\/14524434_1106112876131411_958039263622046936_o.jpg?resize=700%2C400 2x"},"classes":[]},{"id":8567,"url":"http:\/\/www.grieta.org.mx\/index.php\/2015\/03\/14\/ejidatarios-de-jalcomulco-continuaran-en-campamento-contra-las-hidroelectricas\/","url_meta":{"origin":8573,"position":1},"title":"Ejidatarios de Jalcomulco continuar\u00e1n en campamento contra las hidroel\u00e9ctricas","author":"Admin","date":"14 marzo, 2015","format":false,"excerpt":"Xalapa, Ver. Se cumpli\u00f3 ya un a\u00f1o de la guardia que mantienen habitantes de la cuenca del R\u00edo Los Pescados, mismos que permanecer\u00e1n vigilando que ninguno de los proyectos hidroel\u00e9ctricos que pretenden instalarse ah\u00ed, cause da\u00f1os ambientales y sociales. En ese sentido, Guillermo Rodr\u00edguez Curiel, integrante de La Asamblea Veracruzana\u2026","rel":"","context":"En &quot;CINTILLO&quot;","block_context":{"text":"CINTILLO","link":"http:\/\/www.grieta.org.mx\/index.php\/category\/cintillo\/"},"img":{"alt_text":"","src":"https:\/\/i0.wp.com\/www.grieta.org.mx\/wp-content\/uploads\/2018\/03\/14524434_1106112876131411_958039263622046936_o.jpg?resize=350%2C200","width":350,"height":200,"srcset":"https:\/\/i0.wp.com\/www.grieta.org.mx\/wp-content\/uploads\/2018\/03\/14524434_1106112876131411_958039263622046936_o.jpg?resize=350%2C200 1x, https:\/\/i0.wp.com\/www.grieta.org.mx\/wp-content\/uploads\/2018\/03\/14524434_1106112876131411_958039263622046936_o.jpg?resize=525%2C300 1.5x, https:\/\/i0.wp.com\/www.grieta.org.mx\/wp-content\/uploads\/2018\/03\/14524434_1106112876131411_958039263622046936_o.jpg?resize=700%2C400 2x"},"classes":[]},{"id":8556,"url":"http:\/\/www.grieta.org.mx\/index.php\/2015\/03\/16\/ordena-estado-desalojos-a-modo-para-desarrollar-proyecto-hidrologico-de-odebrecht\/","url_meta":{"origin":8573,"position":2},"title":"Ordena estado desalojos a modo para desarrollar proyecto hidrol\u00f3gico de Odebrecht","author":"Admin","date":"16 marzo, 2015","format":false,"excerpt":"Xalapa Ver.- \/Jos\u00e9 Lozada.- Gobierno del Estado insiste en desalojar a los pocos habitantes que quedan en la comunidad de Barranca Grande, municipio de Ixhuac\u00e1n de Los Reyes, para trasladarlos a Barranca Nueva, con el objetivo de continuar los trabajos para llevar a cabo el proyecto hidroel\u00e9ctrico \u2018Prop\u00f3sitos M\u00faltiples Xalapa\u2019.\u2026","rel":"","context":"En &quot;CINTILLO&quot;","block_context":{"text":"CINTILLO","link":"http:\/\/www.grieta.org.mx\/index.php\/category\/cintillo\/"},"img":{"alt_text":"","src":"https:\/\/i0.wp.com\/www.grieta.org.mx\/wp-content\/uploads\/2018\/03\/14524434_1106112876131411_958039263622046936_o.jpg?resize=350%2C200","width":350,"height":200,"srcset":"https:\/\/i0.wp.com\/www.grieta.org.mx\/wp-content\/uploads\/2018\/03\/14524434_1106112876131411_958039263622046936_o.jpg?resize=350%2C200 1x, https:\/\/i0.wp.com\/www.grieta.org.mx\/wp-content\/uploads\/2018\/03\/14524434_1106112876131411_958039263622046936_o.jpg?resize=525%2C300 1.5x, https:\/\/i0.wp.com\/www.grieta.org.mx\/wp-content\/uploads\/2018\/03\/14524434_1106112876131411_958039263622046936_o.jpg?resize=700%2C400 2x"},"classes":[]},{"id":8579,"url":"http:\/\/www.grieta.org.mx\/index.php\/2014\/08\/05\/odebrecht-una-amenaza-que-corre-por-el-rio\/","url_meta":{"origin":8573,"position":3},"title":"Odebrecht: una amenaza que corre por el r\u00edo","author":"Admin","date":"5 agosto, 2014","format":false,"excerpt":"El gigante brasile\u00f1o Odebrecht quiere construir una presa y una central el\u00e9ctrica en la capital de Veracruz, pero los pobladores ven en ello el fin de sus cultivos y del ecoturismo en la zona. La moneda est\u00e1 en el aire y las tensiones se acumulan. El viernes 14 de febrero\u2026","rel":"","context":"En &quot;CINTILLO&quot;","block_context":{"text":"CINTILLO","link":"http:\/\/www.grieta.org.mx\/index.php\/category\/cintillo\/"},"img":{"alt_text":"","src":"https:\/\/i0.wp.com\/www.grieta.org.mx\/wp-content\/uploads\/2018\/03\/14524434_1106112876131411_958039263622046936_o.jpg?resize=350%2C200","width":350,"height":200,"srcset":"https:\/\/i0.wp.com\/www.grieta.org.mx\/wp-content\/uploads\/2018\/03\/14524434_1106112876131411_958039263622046936_o.jpg?resize=350%2C200 1x, https:\/\/i0.wp.com\/www.grieta.org.mx\/wp-content\/uploads\/2018\/03\/14524434_1106112876131411_958039263622046936_o.jpg?resize=525%2C300 1.5x, https:\/\/i0.wp.com\/www.grieta.org.mx\/wp-content\/uploads\/2018\/03\/14524434_1106112876131411_958039263622046936_o.jpg?resize=700%2C400 2x"},"classes":[]},{"id":8542,"url":"http:\/\/www.grieta.org.mx\/index.php\/2015\/03\/27\/son-37-grupos-de-resistencia-contra-presas-en-veracruz-en-matlacobatl-impiden-llegada-de-maquinaria\/","url_meta":{"origin":8573,"position":4},"title":"Son 37 grupos de resistencia contra presas en Veracruz; en Matlacobatl impiden llegada de maquinaria","author":"Admin","date":"27 marzo, 2015","format":false,"excerpt":"Son 37 grupos de resistencia contra presas en Veracruz; en Matlacobatl impiden llegada de maquinaria Xalapa, Ver.-Para la defensa del agua en Veracruz, surgieron 37 grupos de resistencia civil con la finalidad de oponerse a los 145 proyectos de construcci\u00f3n de presas hidroel\u00e9ctricas en la entidad. Los datos fueron dados\u2026","rel":"","context":"En &quot;CINTILLO&quot;","block_context":{"text":"CINTILLO","link":"http:\/\/www.grieta.org.mx\/index.php\/category\/cintillo\/"},"img":{"alt_text":"","src":"https:\/\/i0.wp.com\/www.grieta.org.mx\/wp-content\/uploads\/2018\/03\/14524434_1106112876131411_958039263622046936_o.jpg?resize=350%2C200","width":350,"height":200,"srcset":"https:\/\/i0.wp.com\/www.grieta.org.mx\/wp-content\/uploads\/2018\/03\/14524434_1106112876131411_958039263622046936_o.jpg?resize=350%2C200 1x, https:\/\/i0.wp.com\/www.grieta.org.mx\/wp-content\/uploads\/2018\/03\/14524434_1106112876131411_958039263622046936_o.jpg?resize=525%2C300 1.5x, https:\/\/i0.wp.com\/www.grieta.org.mx\/wp-content\/uploads\/2018\/03\/14524434_1106112876131411_958039263622046936_o.jpg?resize=700%2C400 2x"},"classes":[]},{"id":45694,"url":"http:\/\/www.grieta.org.mx\/index.php\/2020\/02\/20\/colectivos-veracruzanos-exigen-justicia-por-asesinato-de-activista\/","url_meta":{"origin":8573,"position":5},"title":"Colectivos veracruzanos exigen justicia por asesinato de Activista","author":"Admin","date":"20 febrero, 2020","format":false,"excerpt":"Carlos Manuel Pel\u00e1ez \/ El Dem\u00f3crata Xalapa.- Integrantes de diversas organizaciones defensoras de la ecolog\u00eda en el estado de Veracruz dieron a conocer su adhesi\u00f3n a la jornada de defensa del Territorio y la Madre Tierra denominada \u201cSamir Somos Todas y Todos\u201d para exigir justicia a un a\u00f1o del asesinato\u2026","rel":"","context":"En &quot;CINTILLO&quot;","block_context":{"text":"CINTILLO","link":"http:\/\/www.grieta.org.mx\/index.php\/category\/cintillo\/"},"img":{"alt_text":"","src":"https:\/\/i0.wp.com\/www.grieta.org.mx\/wp-content\/uploads\/2020\/03\/IMG_20200220_101420-780x470.jpg?resize=350%2C200","width":350,"height":200,"srcset":"https:\/\/i0.wp.com\/www.grieta.org.mx\/wp-content\/uploads\/2020\/03\/IMG_20200220_101420-780x470.jpg?resize=350%2C200 1x, https:\/\/i0.wp.com\/www.grieta.org.mx\/wp-content\/uploads\/2020\/03\/IMG_20200220_101420-780x470.jpg?resize=525%2C300 1.5x, https:\/\/i0.wp.com\/www.grieta.org.mx\/wp-content\/uploads\/2020\/03\/IMG_20200220_101420-780x470.jpg?resize=700%2C400 2x"},"classes":[]}],"_links":{"self":[{"href":"http:\/\/www.grieta.org.mx\/index.php\/wp-json\/wp\/v2\/posts\/8573","targetHints":{"allow":["GET"]}}],"collection":[{"href":"http:\/\/www.grieta.org.mx\/index.php\/wp-json\/wp\/v2\/posts"}],"about":[{"href":"http:\/\/www.grieta.org.mx\/index.php\/wp-json\/wp\/v2\/types\/post"}],"author":[{"embeddable":true,"href":"http:\/\/www.grieta.org.mx\/index.php\/wp-json\/wp\/v2\/users\/1"}],"replies":[{"embeddable":true,"href":"http:\/\/www.grieta.org.mx\/index.php\/wp-json\/wp\/v2\/comments?post=8573"}],"version-history":[{"count":1,"href":"http:\/\/www.grieta.org.mx\/index.php\/wp-json\/wp\/v2\/posts\/8573\/revisions"}],"predecessor-version":[{"id":8577,"href":"http:\/\/www.grieta.org.mx\/index.php\/wp-json\/wp\/v2\/posts\/8573\/revisions\/8577"}],"wp:featuredmedia":[{"embeddable":true,"href":"http:\/\/www.grieta.org.mx\/index.php\/wp-json\/wp\/v2\/media\/21928"}],"wp:attachment":[{"href":"http:\/\/www.grieta.org.mx\/index.php\/wp-json\/wp\/v2\/media?parent=8573"}],"wp:term":[{"taxonomy":"category","embeddable":true,"href":"http:\/\/www.grieta.org.mx\/index.php\/wp-json\/wp\/v2\/categories?post=8573"},{"taxonomy":"post_tag","embeddable":true,"href":"http:\/\/www.grieta.org.mx\/index.php\/wp-json\/wp\/v2\/tags?post=8573"}],"curies":[{"name":"wp","href":"https:\/\/api.w.org\/{rel}","templated":true}]}}