{"id":8567,"date":"2015-03-14T20:59:51","date_gmt":"2015-03-14T20:59:51","guid":{"rendered":"http:\/\/50.22.11.12\/~grietaor\/?p=8567"},"modified":"2016-03-30T21:00:59","modified_gmt":"2016-03-30T21:00:59","slug":"ejidatarios-de-jalcomulco-continuaran-en-campamento-contra-las-hidroelectricas","status":"publish","type":"post","link":"http:\/\/www.grieta.org.mx\/index.php\/2015\/03\/14\/ejidatarios-de-jalcomulco-continuaran-en-campamento-contra-las-hidroelectricas\/","title":{"rendered":"Ejidatarios de Jalcomulco continuar\u00e1n en campamento contra las hidroel\u00e9ctricas"},"content":{"rendered":"<p>Xalapa, Ver. Se cumpli\u00f3 ya un a\u00f1o de la guardia que mantienen habitantes de la cuenca del R\u00edo Los Pescados, mismos que permanecer\u00e1n vigilando que ninguno de los proyectos hidroel\u00e9ctricos que pretenden instalarse ah\u00ed, cause da\u00f1os ambientales y sociales.<\/p>\n<p>En ese sentido, Guillermo Rodr\u00edguez Curiel, integrante de La Asamblea Veracruzana de Iniciativas en Defensa Ambiental (Lavida) dijo que los habitantes no dejar\u00e1n de hacer guardia \u201chasta que no se vayan los otros trece proyectos que est\u00e1n amenazando la cuenca\u201d.<\/p>\n<p>\u201cLos habitantes han decidido quedarse ah\u00ed en campamento permanente porque aunque se logr\u00f3 expulsar a Odebrech, hay muchos proyectos de presas hidroel\u00e9ctricas en ese r\u00edo. Entonces no se van a quitar de ah\u00ed hasta que no se vayan los otros trece proyectos que est\u00e1n amenazando la cuenca\u201d, destac\u00f3.<\/p>\n<p>El integrante de Lavida record\u00f3 que en ese r\u00edo se pretende construir la presa hidroel\u00e9ctrica del proyecto denominado Prop\u00f3sitos M\u00faltiples Xalapa, con el que se beneficiar\u00edan empresas privadas e instituciones de gobierno \u2013con la energ\u00eda-, a costa de severos e irreversibles da\u00f1os al medio ambiente y a las formas de vida de las poblaciones aleda\u00f1as.<\/p>\n<p>La empresa beneficiada ser\u00eda la trasnacional de origen brasile\u00f1o Odebrech, por lo que desde el 20 de enero se instalaron habitantes de la regi\u00f3n agrupados en los Pueblos Unidos por la Cuenca del R\u00edo, para exigir la salida de la maquinaria de esa empresa.Y es que la empresa ya estaba haciendo obras sobre el r\u00edo, no en las m\u00e1rgenes, sino en el r\u00edo, expuso Rodr\u00edguez Curiel.<\/p>\n<p>\u201cLa movilizaci\u00f3n fue tan intensa que la poblaci\u00f3n oblig\u00f3 a que Odebrech sacara su maquinaria, y la empresa firm\u00f3 un convenio con los habitantes, en el que se comprometen a no regresar a la cuenca\u201d.<\/p>\n<p>Negocio sobre el r\u00edo:<\/p>\n<p>El proyecto hidroel\u00e9ctrico denominado Prop\u00f3sitos M\u00faltiples Xalapa, era en realidad un convenio entre una empresa brasile\u00f1a y el gobierno veracruzano para \u201cvenderle\u201d el agua del r\u00edo La Antigua a Xalapa, mientras que las dependencias se quedar\u00edan con esa energ\u00eda, expuso en entrevista Guillermo Rodr\u00edguez Curiel, integrante de la Asamblea Veracruzana de Iniciativas en Defensa Ambiental (Lavida), al ahondar en el tema de la defensa del r\u00edo.<\/p>\n<p>\u201cSe descubri\u00f3 oportunamente que esta gran presa hidroel\u00e9ctrica que seg\u00fan iba a jalar agua para Xalapa, era un acuerdo empresarial entre gobierno del estado y la empresa Odebrech. Nosotros logramos tener en nuestras manos el convenio que se firm\u00f3 entre gobierno y Odebrech donde se le regalaba pr\u00e1cticamente el r\u00edo a la empresa de origen brasile\u00f1o, para venderle el agua a Xalapa, pero la energ\u00eda la iba a comprar gobierno del estado para distribuirle a todas sus dependencias\u201d, precis\u00f3.<\/p>\n<p>En otras palabras, el acuerdo entre el gobierno de Veracruz y la empresa era para que los brasile\u00f1os extrajeran el agua del r\u00edo La Antigua para venderle a Xalapa la propia agua del estado, habiendo ganancias de por medio para la administraci\u00f3n en turno, y la energ\u00eda para sus dependencias.<\/p>\n<p>\u201cIba a haber un negocio redondo hecho con recursos p\u00fablicos entregados a una empresa como Odebrech, quien por cierto est\u00e1 a cargo de un proyecto petrolero en el sur de Veracruz. Tambi\u00e9n descubrimos que se viol\u00f3 la veda del r\u00edo, lo cual ya hemos expuesto\u201d.<\/p>\n<p>Rodr\u00edguez Curiel refiri\u00f3 que desde hace seis a\u00f1os, un documento de la CFE que lograron tener en sus manos los ambientalistas, daba cuenta de los proyectos (aproximadamente 14) de presas hidroel\u00e9ctricas pretendidos en el r\u00edo La Antigua. El m\u00e1s grande de estos proyectos, a la altura de Tamarindo, ser\u00eda el construido por la trasnacional de origen brasile\u00f1o Odebrech.<\/p>\n<p>Pero esto no es todo, expuso, \u201ctambi\u00e9n descubrimos que se hab\u00eda destinado un recurso desde la C\u00e1mara de Diputados para que esta empresa pudiera operar\u201d.<\/p>\n<p>Conocer estos detalles, explic\u00f3 el integrante de Lavida, permiti\u00f3 organizar una resistencia civil a lo largo de la cuenca del r\u00edo La Antigua, la cual se mantiene en pie y vigilante para que ninguna empresa ni autoridad gubernamental pretenda adue\u00f1arse del r\u00edo convirti\u00e9ndolo en un negocio jugoso, para unos cuentos, por encima de la sociedad y de la riqueza ecosist\u00e9mica.<\/p>\n<blockquote class=\"wp-embedded-content\" data-secret=\"mSCIkEa88S\"><p><a href=\"https:\/\/plumaslibres.com.mx\/2015\/02\/14\/ejidatarios-de-jalcomulco-continuaran-en-campamento-contra-las-hidroelectricas\/\">Ejidatarios de Jalcomulco continuar\u00e1n en campamento contra las hidroel\u00e9ctricas<\/a><\/p><\/blockquote>\n<p><iframe loading=\"lazy\" class=\"wp-embedded-content\" sandbox=\"allow-scripts\" security=\"restricted\" style=\"position: absolute; clip: rect(1px, 1px, 1px, 1px);\" title=\"\u00abEjidatarios de Jalcomulco continuar\u00e1n en campamento contra las hidroel\u00e9ctricas\u00bb \u2014 Plumas Libres\" src=\"https:\/\/plumaslibres.com.mx\/2015\/02\/14\/ejidatarios-de-jalcomulco-continuaran-en-campamento-contra-las-hidroelectricas\/embed\/#?secret=mSCIkEa88S\" data-secret=\"mSCIkEa88S\" width=\"600\" height=\"338\" frameborder=\"0\" marginwidth=\"0\" marginheight=\"0\" scrolling=\"no\"><\/iframe><\/p>\n","protected":false},"excerpt":{"rendered":"<p>Xalapa, Ver. Se cumpli\u00f3 ya un a\u00f1o de la guardia que mantienen habitantes de la cuenca del R\u00edo Los Pescados, mismos que permanecer\u00e1n vigilando que ninguno de los proyectos hidroel\u00e9ctricos &hellip; <a href=\"http:\/\/www.grieta.org.mx\/index.php\/2015\/03\/14\/ejidatarios-de-jalcomulco-continuaran-en-campamento-contra-las-hidroelectricas\/\" class=\"more-link\">Leer m\u00e1s<\/a><\/p>\n","protected":false},"author":1,"featured_media":21928,"comment_status":"closed","ping_status":"open","sticky":false,"template":"","format":"standard","meta":{"ngg_post_thumbnail":0,"_jetpack_newsletter_access":"","_jetpack_dont_email_post_to_subs":false,"_jetpack_newsletter_tier_id":0,"_jetpack_memberships_contains_paywalled_content":false,"_jetpack_memberships_contains_paid_content":false,"footnotes":""},"categories":[80,257],"tags":[506,503,502],"class_list":["post-8567","post","type-post","status-publish","format-standard","has-post-thumbnail","hentry","category-cintillo","category-veracruz","tag-jalcomulco","tag-odebrecht","tag-proyecto-propositos-multiples-xalapa","entry"],"jetpack_featured_media_url":"http:\/\/www.grieta.org.mx\/wp-content\/uploads\/2018\/03\/14524434_1106112876131411_958039263622046936_o.jpg","jetpack_sharing_enabled":true,"jetpack_shortlink":"https:\/\/wp.me\/p7ZJR4-2eb","jetpack_likes_enabled":false,"jetpack-related-posts":[{"id":8541,"url":"http:\/\/www.grieta.org.mx\/index.php\/2015\/03\/27\/proyecto-de-propositos-multiples-xalapa\/","url_meta":{"origin":8567,"position":0},"title":"Proyecto de Prop\u00f3sitos M\u00faltiples Xalapa","author":"Admin","date":"27 marzo, 2015","format":false,"excerpt":"27\/03\/15. Son 37 grupos de resistencia contra presas en Veracruz; en Matlacobatl impiden llegada de maquinaria Plumas Libres 17\/03\/15. En Teocelo la serpiente se defiende. Evento informativo y cultural contra las presas Zapateando 16\/03\/15. Ordena estado desalojos a modo para desarrollar proyecto hidrol\u00f3gico de Odebrecht Plumas Libres 14\/03\/15. Pretenden construir\u2026","rel":"","context":"En &quot;Proyecto de Prop\u00f3sitos M\u00faltiples Xalapa&quot;","block_context":{"text":"Proyecto de Prop\u00f3sitos M\u00faltiples Xalapa","link":"http:\/\/www.grieta.org.mx\/index.php\/category\/megaproyectos\/proyecto-de-propositos-multiples-xalapa\/"},"img":{"alt_text":"","src":"https:\/\/i0.wp.com\/www.grieta.org.mx\/wp-content\/uploads\/2018\/03\/14524434_1106112876131411_958039263622046936_o.jpg?resize=350%2C200","width":350,"height":200,"srcset":"https:\/\/i0.wp.com\/www.grieta.org.mx\/wp-content\/uploads\/2018\/03\/14524434_1106112876131411_958039263622046936_o.jpg?resize=350%2C200 1x, https:\/\/i0.wp.com\/www.grieta.org.mx\/wp-content\/uploads\/2018\/03\/14524434_1106112876131411_958039263622046936_o.jpg?resize=525%2C300 1.5x, https:\/\/i0.wp.com\/www.grieta.org.mx\/wp-content\/uploads\/2018\/03\/14524434_1106112876131411_958039263622046936_o.jpg?resize=700%2C400 2x"},"classes":[]},{"id":8573,"url":"http:\/\/www.grieta.org.mx\/index.php\/2015\/01\/20\/celebracion-a-un-ano-del-campamento-centinelas-del-rio-antigua-veracruz\/","url_meta":{"origin":8567,"position":1},"title":"Celebraci\u00f3n a un a\u00f1o del campamento Centinelas del R\u00edo Antigua, Veracruz","author":"Admin","date":"20 enero, 2015","format":false,"excerpt":"Jalcolmulco, Veracruz.- Los Pueblos Unidos por la Defensa de La Cuenca del Rio Antigua, convocamos a miembros de distintas organizaciones estatales, nacionales e internacionales, personalidades pol\u00edticas con calidad moral y \u00e9tica, as\u00ed como a todas aquellas personas y pueblos que a lo largo de este a\u00f1o y m\u00e1s nos han\u2026","rel":"","context":"En &quot;CINTILLO&quot;","block_context":{"text":"CINTILLO","link":"http:\/\/www.grieta.org.mx\/index.php\/category\/cintillo\/"},"img":{"alt_text":"","src":"https:\/\/i0.wp.com\/www.grieta.org.mx\/wp-content\/uploads\/2018\/03\/14524434_1106112876131411_958039263622046936_o.jpg?resize=350%2C200","width":350,"height":200,"srcset":"https:\/\/i0.wp.com\/www.grieta.org.mx\/wp-content\/uploads\/2018\/03\/14524434_1106112876131411_958039263622046936_o.jpg?resize=350%2C200 1x, https:\/\/i0.wp.com\/www.grieta.org.mx\/wp-content\/uploads\/2018\/03\/14524434_1106112876131411_958039263622046936_o.jpg?resize=525%2C300 1.5x, https:\/\/i0.wp.com\/www.grieta.org.mx\/wp-content\/uploads\/2018\/03\/14524434_1106112876131411_958039263622046936_o.jpg?resize=700%2C400 2x"},"classes":[]},{"id":8551,"url":"http:\/\/www.grieta.org.mx\/index.php\/2015\/03\/17\/en-teocelo-la-serpiente-se-defiende-evento-informativo-y-cultural-contra-las-presas\/","url_meta":{"origin":8567,"position":2},"title":"En Teocelo la serpiente se defiende. Evento informativo y cultural contra las presas","author":"Admin","date":"17 marzo, 2015","format":false,"excerpt":"El estado de Veracruz, como muchos otros estados de lo que hasta ahora conocemos como M\u00e9xico, se encuentra viviendo momentos que parecen tener un destino fatal. Las hidroel\u00e9ctricas, los gasoductos y las minas son tan solo algunos de los proyectos de muerte destinados a esta parte del territorio. Afortunadamente se\u2026","rel":"","context":"En &quot;CINTILLO&quot;","block_context":{"text":"CINTILLO","link":"http:\/\/www.grieta.org.mx\/index.php\/category\/cintillo\/"},"img":{"alt_text":"","src":"https:\/\/i0.wp.com\/www.grieta.org.mx\/wp-content\/uploads\/2018\/03\/14524434_1106112876131411_958039263622046936_o.jpg?resize=350%2C200","width":350,"height":200,"srcset":"https:\/\/i0.wp.com\/www.grieta.org.mx\/wp-content\/uploads\/2018\/03\/14524434_1106112876131411_958039263622046936_o.jpg?resize=350%2C200 1x, https:\/\/i0.wp.com\/www.grieta.org.mx\/wp-content\/uploads\/2018\/03\/14524434_1106112876131411_958039263622046936_o.jpg?resize=525%2C300 1.5x, https:\/\/i0.wp.com\/www.grieta.org.mx\/wp-content\/uploads\/2018\/03\/14524434_1106112876131411_958039263622046936_o.jpg?resize=700%2C400 2x"},"classes":[]},{"id":8579,"url":"http:\/\/www.grieta.org.mx\/index.php\/2014\/08\/05\/odebrecht-una-amenaza-que-corre-por-el-rio\/","url_meta":{"origin":8567,"position":3},"title":"Odebrecht: una amenaza que corre por el r\u00edo","author":"Admin","date":"5 agosto, 2014","format":false,"excerpt":"El gigante brasile\u00f1o Odebrecht quiere construir una presa y una central el\u00e9ctrica en la capital de Veracruz, pero los pobladores ven en ello el fin de sus cultivos y del ecoturismo en la zona. La moneda est\u00e1 en el aire y las tensiones se acumulan. El viernes 14 de febrero\u2026","rel":"","context":"En &quot;CINTILLO&quot;","block_context":{"text":"CINTILLO","link":"http:\/\/www.grieta.org.mx\/index.php\/category\/cintillo\/"},"img":{"alt_text":"","src":"https:\/\/i0.wp.com\/www.grieta.org.mx\/wp-content\/uploads\/2018\/03\/14524434_1106112876131411_958039263622046936_o.jpg?resize=350%2C200","width":350,"height":200,"srcset":"https:\/\/i0.wp.com\/www.grieta.org.mx\/wp-content\/uploads\/2018\/03\/14524434_1106112876131411_958039263622046936_o.jpg?resize=350%2C200 1x, https:\/\/i0.wp.com\/www.grieta.org.mx\/wp-content\/uploads\/2018\/03\/14524434_1106112876131411_958039263622046936_o.jpg?resize=525%2C300 1.5x, https:\/\/i0.wp.com\/www.grieta.org.mx\/wp-content\/uploads\/2018\/03\/14524434_1106112876131411_958039263622046936_o.jpg?resize=700%2C400 2x"},"classes":[]},{"id":8352,"url":"http:\/\/www.grieta.org.mx\/index.php\/2015\/03\/28\/en-veracruz-se-podrian-construir-145-hidroelectricas-lavida\/","url_meta":{"origin":8567,"position":4},"title":"En Veracruz se podr\u00edan construir 145 hidroel\u00e9ctricas: Lavida","author":"Admin","date":"28 marzo, 2015","format":false,"excerpt":"Los datos del Inventario Nacional de Energ\u00edas Renovables revelan que en Veracruz se podr\u00edan construir hasta 145 hidroel\u00e9ctricas en las cuencas hidrol\u00f3gicas, inform\u00f3 Emilio Rodr\u00edguez de la Asamblea Veracruzana de Iniciativas y Defensa Ambiental (Lavida). Seg\u00fan esta informaci\u00f3n oficial a largo plazo se contemplar\u00edan 45 hidroel\u00e9ctricas en la cuenca del\u2026","rel":"","context":"En &quot;CINTILLO&quot;","block_context":{"text":"CINTILLO","link":"http:\/\/www.grieta.org.mx\/index.php\/category\/cintillo\/"},"img":{"alt_text":"","src":"https:\/\/i0.wp.com\/www.grieta.org.mx\/wp-content\/uploads\/2018\/03\/14524434_1106112876131411_958039263622046936_o.jpg?resize=350%2C200","width":350,"height":200,"srcset":"https:\/\/i0.wp.com\/www.grieta.org.mx\/wp-content\/uploads\/2018\/03\/14524434_1106112876131411_958039263622046936_o.jpg?resize=350%2C200 1x, https:\/\/i0.wp.com\/www.grieta.org.mx\/wp-content\/uploads\/2018\/03\/14524434_1106112876131411_958039263622046936_o.jpg?resize=525%2C300 1.5x, https:\/\/i0.wp.com\/www.grieta.org.mx\/wp-content\/uploads\/2018\/03\/14524434_1106112876131411_958039263622046936_o.jpg?resize=700%2C400 2x"},"classes":[]},{"id":56651,"url":"http:\/\/www.grieta.org.mx\/index.php\/2021\/01\/19\/la-4t-no-muestra-interes-en-proteger-rios-de-veracruz-reprochan-activistas\/","url_meta":{"origin":8567,"position":5},"title":"La 4T no muestra inter\u00e9s en proteger r\u00edos de Veracruz, reprochan activistas","author":"grieta","date":"19 enero, 2021","format":false,"excerpt":"Noreli Morales \/ Al calor pol\u00edtico Integrantes de \"Pueblos Unidos de la Cuenca de La Antigua-Jalcomulco\" advirtieron que en el pa\u00eds a\u00fan existen r\u00edos amenazados por un decreto que emiti\u00f3 el expresidente Enrique Pe\u00f1a Nieto para desprotegerlos. \"El expresidente liber\u00f3 300 cuencas para ser concesionadas. En la parte de Jalcomulco\u2026","rel":"","context":"En &quot;CINTILLO&quot;","block_context":{"text":"CINTILLO","link":"http:\/\/www.grieta.org.mx\/index.php\/category\/cintillo\/"},"img":{"alt_text":"","src":"https:\/\/i0.wp.com\/www.grieta.org.mx\/wp-content\/uploads\/2021\/02\/Screenshot_2021-02-02-La-4T-no-muestra-interes-en-proteger-rios-de-Veracruz-reprochan-activistas.png?resize=350%2C200","width":350,"height":200,"srcset":"https:\/\/i0.wp.com\/www.grieta.org.mx\/wp-content\/uploads\/2021\/02\/Screenshot_2021-02-02-La-4T-no-muestra-interes-en-proteger-rios-de-Veracruz-reprochan-activistas.png?resize=350%2C200 1x, https:\/\/i0.wp.com\/www.grieta.org.mx\/wp-content\/uploads\/2021\/02\/Screenshot_2021-02-02-La-4T-no-muestra-interes-en-proteger-rios-de-Veracruz-reprochan-activistas.png?resize=525%2C300 1.5x, https:\/\/i0.wp.com\/www.grieta.org.mx\/wp-content\/uploads\/2021\/02\/Screenshot_2021-02-02-La-4T-no-muestra-interes-en-proteger-rios-de-Veracruz-reprochan-activistas.png?resize=700%2C400 2x"},"classes":[]}],"_links":{"self":[{"href":"http:\/\/www.grieta.org.mx\/index.php\/wp-json\/wp\/v2\/posts\/8567","targetHints":{"allow":["GET"]}}],"collection":[{"href":"http:\/\/www.grieta.org.mx\/index.php\/wp-json\/wp\/v2\/posts"}],"about":[{"href":"http:\/\/www.grieta.org.mx\/index.php\/wp-json\/wp\/v2\/types\/post"}],"author":[{"embeddable":true,"href":"http:\/\/www.grieta.org.mx\/index.php\/wp-json\/wp\/v2\/users\/1"}],"replies":[{"embeddable":true,"href":"http:\/\/www.grieta.org.mx\/index.php\/wp-json\/wp\/v2\/comments?post=8567"}],"version-history":[{"count":1,"href":"http:\/\/www.grieta.org.mx\/index.php\/wp-json\/wp\/v2\/posts\/8567\/revisions"}],"predecessor-version":[{"id":8571,"href":"http:\/\/www.grieta.org.mx\/index.php\/wp-json\/wp\/v2\/posts\/8567\/revisions\/8571"}],"wp:featuredmedia":[{"embeddable":true,"href":"http:\/\/www.grieta.org.mx\/index.php\/wp-json\/wp\/v2\/media\/21928"}],"wp:attachment":[{"href":"http:\/\/www.grieta.org.mx\/index.php\/wp-json\/wp\/v2\/media?parent=8567"}],"wp:term":[{"taxonomy":"category","embeddable":true,"href":"http:\/\/www.grieta.org.mx\/index.php\/wp-json\/wp\/v2\/categories?post=8567"},{"taxonomy":"post_tag","embeddable":true,"href":"http:\/\/www.grieta.org.mx\/index.php\/wp-json\/wp\/v2\/tags?post=8567"}],"curies":[{"name":"wp","href":"https:\/\/api.w.org\/{rel}","templated":true}]}}