{"id":8563,"date":"2015-03-14T20:58:01","date_gmt":"2015-03-14T20:58:01","guid":{"rendered":"http:\/\/50.22.11.12\/~grietaor\/?p=8563"},"modified":"2016-03-30T20:59:38","modified_gmt":"2016-03-30T20:59:38","slug":"pretenden-construir-hidroelectrica-en-zona-ramsar-denuncian-activistas-de-teocelo","status":"publish","type":"post","link":"http:\/\/www.grieta.org.mx\/index.php\/2015\/03\/14\/pretenden-construir-hidroelectrica-en-zona-ramsar-denuncian-activistas-de-teocelo\/","title":{"rendered":"Pretenden construir hidroel\u00e9ctrica en zona Ramsar, denuncian activistas de Teocelo"},"content":{"rendered":"<p>Activistas de Teocelo denunciaron que existe el proyecto de construir una presa hidroel\u00e9ctrica en la barranca de Matlacobatl, a pesar de que la zona es considerada un sitio ramsar, lo que le garantiza un estatus de protecci\u00f3n por su valor como humedal.<\/p>\n<p>Se\u00f1alaron que a pesar de estar autorizado el proyecto desde el 2012, a la fecha ni la Secretar\u00eda de Medio Ambiente y Recursos Naturales, ni la Comisi\u00f3n Nacional del Agua o el Ayuntamiento de Teocelo han dado informaci\u00f3n certera, pese a las exigencias de la poblaci\u00f3n.<\/p>\n<p>Beatriz Mora Pale y Luz P\u00e9rez, ambas de la Asamblea Matlac\u00f3batl, reconocieron que preocupa intenci\u00f3n de hacer una presa en el r\u00edo que pasa, aunque insistieron que la informaci\u00f3n que tienen es muy limitada de parte de las autoridades.<\/p>\n<p>Entre las consecuencias que temen se encuentra la contaminaci\u00f3n, la muerte de especies de plantas y animales, la sequ\u00eda de la regi\u00f3n que va desde Teocelo y hasta Coatepec, afectando a 15 municipios en total, que se encuentran en la cuenca.<\/p>\n<p>La falta de informaci\u00f3n adem\u00e1s estar\u00eda generando conflictos sociales, pues una parte de la poblaci\u00f3n, ante el desconocimiento, podr\u00eda estar dispuesta a vender o a dar su anuencia para la llegada de empresas, mientras otras familias vecinas se nieguen, lo que provocar\u00eda incluso disputas.<\/p>\n<p>Ante esto hicieron dos exigencias puntuales, la primera es que fluya la informaci\u00f3n sobre este proyecto y la segunda es que se frenen aquellos planes que pongan en peligro la vida de la regi\u00f3n, tanto la de seres humanos, como de otros animales y plantas.<\/p>\n<p>Brisa G\u00f3mez\/Avc<\/p>\n<p>formato7.com\/2015\/03\/14\/pretenden-construir-hidroelectrica-en-zona-ramsar-denuncian-activistas-de-teocelo\/<\/p>\n","protected":false},"excerpt":{"rendered":"<p>Activistas de Teocelo denunciaron que existe el proyecto de construir una presa hidroel\u00e9ctrica en la barranca de Matlacobatl, a pesar de que la zona es considerada un sitio ramsar, lo &hellip; <a href=\"http:\/\/www.grieta.org.mx\/index.php\/2015\/03\/14\/pretenden-construir-hidroelectrica-en-zona-ramsar-denuncian-activistas-de-teocelo\/\" class=\"more-link\">Leer m\u00e1s<\/a><\/p>\n","protected":false},"author":1,"featured_media":21928,"comment_status":"closed","ping_status":"open","sticky":false,"template":"","format":"standard","meta":{"ngg_post_thumbnail":0,"_jetpack_newsletter_access":"","_jetpack_dont_email_post_to_subs":false,"_jetpack_newsletter_tier_id":0,"_jetpack_memberships_contains_paywalled_content":false,"_jetpack_memberships_contains_paid_content":false,"footnotes":""},"categories":[80],"tags":[504,503,502,505],"class_list":["post-8563","post","type-post","status-publish","format-standard","has-post-thumbnail","hentry","category-cintillo","tag-matlacobatl","tag-odebrecht","tag-proyecto-propositos-multiples-xalapa","tag-teocelo","entry"],"jetpack_featured_media_url":"http:\/\/www.grieta.org.mx\/wp-content\/uploads\/2018\/03\/14524434_1106112876131411_958039263622046936_o.jpg","jetpack_sharing_enabled":true,"jetpack_shortlink":"https:\/\/wp.me\/p7ZJR4-2e7","jetpack_likes_enabled":false,"jetpack-related-posts":[{"id":8541,"url":"http:\/\/www.grieta.org.mx\/index.php\/2015\/03\/27\/proyecto-de-propositos-multiples-xalapa\/","url_meta":{"origin":8563,"position":0},"title":"Proyecto de Prop\u00f3sitos M\u00faltiples Xalapa","author":"Admin","date":"27 marzo, 2015","format":false,"excerpt":"27\/03\/15. Son 37 grupos de resistencia contra presas en Veracruz; en Matlacobatl impiden llegada de maquinaria Plumas Libres 17\/03\/15. En Teocelo la serpiente se defiende. Evento informativo y cultural contra las presas Zapateando 16\/03\/15. Ordena estado desalojos a modo para desarrollar proyecto hidrol\u00f3gico de Odebrecht Plumas Libres 14\/03\/15. Pretenden construir\u2026","rel":"","context":"En &quot;Proyecto de Prop\u00f3sitos M\u00faltiples Xalapa&quot;","block_context":{"text":"Proyecto de Prop\u00f3sitos M\u00faltiples Xalapa","link":"http:\/\/www.grieta.org.mx\/index.php\/category\/megaproyectos\/proyecto-de-propositos-multiples-xalapa\/"},"img":{"alt_text":"","src":"https:\/\/i0.wp.com\/www.grieta.org.mx\/wp-content\/uploads\/2018\/03\/14524434_1106112876131411_958039263622046936_o.jpg?resize=350%2C200","width":350,"height":200,"srcset":"https:\/\/i0.wp.com\/www.grieta.org.mx\/wp-content\/uploads\/2018\/03\/14524434_1106112876131411_958039263622046936_o.jpg?resize=350%2C200 1x, https:\/\/i0.wp.com\/www.grieta.org.mx\/wp-content\/uploads\/2018\/03\/14524434_1106112876131411_958039263622046936_o.jpg?resize=525%2C300 1.5x, https:\/\/i0.wp.com\/www.grieta.org.mx\/wp-content\/uploads\/2018\/03\/14524434_1106112876131411_958039263622046936_o.jpg?resize=700%2C400 2x"},"classes":[]},{"id":8551,"url":"http:\/\/www.grieta.org.mx\/index.php\/2015\/03\/17\/en-teocelo-la-serpiente-se-defiende-evento-informativo-y-cultural-contra-las-presas\/","url_meta":{"origin":8563,"position":1},"title":"En Teocelo la serpiente se defiende. Evento informativo y cultural contra las presas","author":"Admin","date":"17 marzo, 2015","format":false,"excerpt":"El estado de Veracruz, como muchos otros estados de lo que hasta ahora conocemos como M\u00e9xico, se encuentra viviendo momentos que parecen tener un destino fatal. Las hidroel\u00e9ctricas, los gasoductos y las minas son tan solo algunos de los proyectos de muerte destinados a esta parte del territorio. Afortunadamente se\u2026","rel":"","context":"En &quot;CINTILLO&quot;","block_context":{"text":"CINTILLO","link":"http:\/\/www.grieta.org.mx\/index.php\/category\/cintillo\/"},"img":{"alt_text":"","src":"https:\/\/i0.wp.com\/www.grieta.org.mx\/wp-content\/uploads\/2018\/03\/14524434_1106112876131411_958039263622046936_o.jpg?resize=350%2C200","width":350,"height":200,"srcset":"https:\/\/i0.wp.com\/www.grieta.org.mx\/wp-content\/uploads\/2018\/03\/14524434_1106112876131411_958039263622046936_o.jpg?resize=350%2C200 1x, https:\/\/i0.wp.com\/www.grieta.org.mx\/wp-content\/uploads\/2018\/03\/14524434_1106112876131411_958039263622046936_o.jpg?resize=525%2C300 1.5x, https:\/\/i0.wp.com\/www.grieta.org.mx\/wp-content\/uploads\/2018\/03\/14524434_1106112876131411_958039263622046936_o.jpg?resize=700%2C400 2x"},"classes":[]},{"id":8542,"url":"http:\/\/www.grieta.org.mx\/index.php\/2015\/03\/27\/son-37-grupos-de-resistencia-contra-presas-en-veracruz-en-matlacobatl-impiden-llegada-de-maquinaria\/","url_meta":{"origin":8563,"position":2},"title":"Son 37 grupos de resistencia contra presas en Veracruz; en Matlacobatl impiden llegada de maquinaria","author":"Admin","date":"27 marzo, 2015","format":false,"excerpt":"Son 37 grupos de resistencia contra presas en Veracruz; en Matlacobatl impiden llegada de maquinaria Xalapa, Ver.-Para la defensa del agua en Veracruz, surgieron 37 grupos de resistencia civil con la finalidad de oponerse a los 145 proyectos de construcci\u00f3n de presas hidroel\u00e9ctricas en la entidad. Los datos fueron dados\u2026","rel":"","context":"En &quot;CINTILLO&quot;","block_context":{"text":"CINTILLO","link":"http:\/\/www.grieta.org.mx\/index.php\/category\/cintillo\/"},"img":{"alt_text":"","src":"https:\/\/i0.wp.com\/www.grieta.org.mx\/wp-content\/uploads\/2018\/03\/14524434_1106112876131411_958039263622046936_o.jpg?resize=350%2C200","width":350,"height":200,"srcset":"https:\/\/i0.wp.com\/www.grieta.org.mx\/wp-content\/uploads\/2018\/03\/14524434_1106112876131411_958039263622046936_o.jpg?resize=350%2C200 1x, https:\/\/i0.wp.com\/www.grieta.org.mx\/wp-content\/uploads\/2018\/03\/14524434_1106112876131411_958039263622046936_o.jpg?resize=525%2C300 1.5x, https:\/\/i0.wp.com\/www.grieta.org.mx\/wp-content\/uploads\/2018\/03\/14524434_1106112876131411_958039263622046936_o.jpg?resize=700%2C400 2x"},"classes":[]},{"id":8359,"url":"http:\/\/www.grieta.org.mx\/index.php\/2015\/03\/15\/protestan-contra-la-privatizacion-del-agua-en-veracruz-y-mexico\/","url_meta":{"origin":8563,"position":3},"title":"Protestan contra la privatizaci\u00f3n del agua en Veracruz y M\u00e9xico","author":"Admin","date":"15 marzo, 2015","format":false,"excerpt":"Xalapa, Ver.- En el marco del D\u00eda Internacional contra las Presas, sociedad civil y activistas de Teocelo se manifestaron en la Plaza Lerdo de Xalapa para pronunciarse contra los proyectos hidroel\u00e9ctricos contemplados en el estado de Veracruz, as\u00ed como la ley de aguas propuesta por el gobierno federal. Y es\u2026","rel":"","context":"En &quot;CINTILLO&quot;","block_context":{"text":"CINTILLO","link":"http:\/\/www.grieta.org.mx\/index.php\/category\/cintillo\/"},"img":{"alt_text":"","src":"https:\/\/i0.wp.com\/www.grieta.org.mx\/wp-content\/uploads\/2018\/03\/14524434_1106112876131411_958039263622046936_o.jpg?resize=350%2C200","width":350,"height":200,"srcset":"https:\/\/i0.wp.com\/www.grieta.org.mx\/wp-content\/uploads\/2018\/03\/14524434_1106112876131411_958039263622046936_o.jpg?resize=350%2C200 1x, https:\/\/i0.wp.com\/www.grieta.org.mx\/wp-content\/uploads\/2018\/03\/14524434_1106112876131411_958039263622046936_o.jpg?resize=525%2C300 1.5x, https:\/\/i0.wp.com\/www.grieta.org.mx\/wp-content\/uploads\/2018\/03\/14524434_1106112876131411_958039263622046936_o.jpg?resize=700%2C400 2x"},"classes":[]},{"id":36650,"url":"http:\/\/www.grieta.org.mx\/index.php\/2019\/07\/14\/exponen-dano-causado-en-rio-los-horcones-tras-obras-de-hidroelectrica-jalisco\/","url_meta":{"origin":8563,"position":4},"title":"Exponen da\u00f1o causado en r\u00edo Los Horcones tras obras de hidroel\u00e9ctrica (Jalisco)","author":"grieta","date":"14 julio, 2019","format":false,"excerpt":"Jos\u00e9 Reyes Burgos \/ Vallarta Opina Activistas y opositores a la construcci\u00f3n de la mini hidroel\u00e9ctrica en el r\u00edo Los Horcones, han expuesto una serie de fotograf\u00edas en las que se puede apreciar el impacto a ecosistema que, de momento, las obras han generado, hasta su \u00faltimo d\u00eda de actividades\u2026","rel":"","context":"En &quot;CINTILLO&quot;","block_context":{"text":"CINTILLO","link":"http:\/\/www.grieta.org.mx\/index.php\/category\/cintillo\/"},"img":{"alt_text":"","src":"https:\/\/i0.wp.com\/www.grieta.org.mx\/wp-content\/uploads\/2019\/07\/66392480_1120674364798437_8108525932723044352_n-e1563102474675.jpg?resize=350%2C200","width":350,"height":200,"srcset":"https:\/\/i0.wp.com\/www.grieta.org.mx\/wp-content\/uploads\/2019\/07\/66392480_1120674364798437_8108525932723044352_n-e1563102474675.jpg?resize=350%2C200 1x, https:\/\/i0.wp.com\/www.grieta.org.mx\/wp-content\/uploads\/2019\/07\/66392480_1120674364798437_8108525932723044352_n-e1563102474675.jpg?resize=525%2C300 1.5x, https:\/\/i0.wp.com\/www.grieta.org.mx\/wp-content\/uploads\/2019\/07\/66392480_1120674364798437_8108525932723044352_n-e1563102474675.jpg?resize=700%2C400 2x"},"classes":[]},{"id":20986,"url":"http:\/\/www.grieta.org.mx\/index.php\/2016\/08\/28\/semarnat-niega-permiso-ambiental-a-hidroelectrica-para-walmart-en-puebla\/","url_meta":{"origin":8563,"position":5},"title":"Semarnat niega permiso ambiental a hidroel\u00e9ctrica para WalMart en Puebla","author":"grieta","date":"28 agosto, 2016","format":false,"excerpt":"La presa es parte del proyecto que Deselec-Comxhidro quiere hacer en los municipios de Ahuacatl\u00e1n, San Felipe Tepatl\u00e1n y Tlapacoya, Puebla, donde la poblaci\u00f3n totonaku se opone a su construcci\u00f3n, misma que se encuentra suspendida por orden del Juez Primero de Distrito. Semarnat rechaz\u00f3 el Manifiesto de Impacto Ambiental de\u2026","rel":"","context":"En &quot;CINTILLO&quot;","block_context":{"text":"CINTILLO","link":"http:\/\/www.grieta.org.mx\/index.php\/category\/cintillo\/"},"img":{"alt_text":"","src":"https:\/\/i0.wp.com\/www.grieta.org.mx\/wp-content\/uploads\/2018\/03\/14524434_1106112876131411_958039263622046936_o.jpg?resize=350%2C200","width":350,"height":200,"srcset":"https:\/\/i0.wp.com\/www.grieta.org.mx\/wp-content\/uploads\/2018\/03\/14524434_1106112876131411_958039263622046936_o.jpg?resize=350%2C200 1x, https:\/\/i0.wp.com\/www.grieta.org.mx\/wp-content\/uploads\/2018\/03\/14524434_1106112876131411_958039263622046936_o.jpg?resize=525%2C300 1.5x, https:\/\/i0.wp.com\/www.grieta.org.mx\/wp-content\/uploads\/2018\/03\/14524434_1106112876131411_958039263622046936_o.jpg?resize=700%2C400 2x"},"classes":[]}],"_links":{"self":[{"href":"http:\/\/www.grieta.org.mx\/index.php\/wp-json\/wp\/v2\/posts\/8563","targetHints":{"allow":["GET"]}}],"collection":[{"href":"http:\/\/www.grieta.org.mx\/index.php\/wp-json\/wp\/v2\/posts"}],"about":[{"href":"http:\/\/www.grieta.org.mx\/index.php\/wp-json\/wp\/v2\/types\/post"}],"author":[{"embeddable":true,"href":"http:\/\/www.grieta.org.mx\/index.php\/wp-json\/wp\/v2\/users\/1"}],"replies":[{"embeddable":true,"href":"http:\/\/www.grieta.org.mx\/index.php\/wp-json\/wp\/v2\/comments?post=8563"}],"version-history":[{"count":1,"href":"http:\/\/www.grieta.org.mx\/index.php\/wp-json\/wp\/v2\/posts\/8563\/revisions"}],"predecessor-version":[{"id":8566,"href":"http:\/\/www.grieta.org.mx\/index.php\/wp-json\/wp\/v2\/posts\/8563\/revisions\/8566"}],"wp:featuredmedia":[{"embeddable":true,"href":"http:\/\/www.grieta.org.mx\/index.php\/wp-json\/wp\/v2\/media\/21928"}],"wp:attachment":[{"href":"http:\/\/www.grieta.org.mx\/index.php\/wp-json\/wp\/v2\/media?parent=8563"}],"wp:term":[{"taxonomy":"category","embeddable":true,"href":"http:\/\/www.grieta.org.mx\/index.php\/wp-json\/wp\/v2\/categories?post=8563"},{"taxonomy":"post_tag","embeddable":true,"href":"http:\/\/www.grieta.org.mx\/index.php\/wp-json\/wp\/v2\/tags?post=8563"}],"curies":[{"name":"wp","href":"https:\/\/api.w.org\/{rel}","templated":true}]}}