{"id":8556,"date":"2015-03-16T20:56:33","date_gmt":"2015-03-16T20:56:33","guid":{"rendered":"http:\/\/50.22.11.12\/~grietaor\/?p=8556"},"modified":"2016-03-30T20:57:49","modified_gmt":"2016-03-30T20:57:49","slug":"ordena-estado-desalojos-a-modo-para-desarrollar-proyecto-hidrologico-de-odebrecht","status":"publish","type":"post","link":"http:\/\/www.grieta.org.mx\/index.php\/2015\/03\/16\/ordena-estado-desalojos-a-modo-para-desarrollar-proyecto-hidrologico-de-odebrecht\/","title":{"rendered":"Ordena estado desalojos a modo para desarrollar proyecto hidrol\u00f3gico de Odebrecht"},"content":{"rendered":"<p>Xalapa Ver.- \/Jos\u00e9 Lozada.- Gobierno del Estado insiste en desalojar a los pocos habitantes que quedan en la comunidad de Barranca Grande, municipio de Ixhuac\u00e1n de Los Reyes, para trasladarlos a Barranca Nueva, con el objetivo de continuar los trabajos para llevar a cabo el proyecto hidroel\u00e9ctrico \u2018Prop\u00f3sitos M\u00faltiples Xalapa\u2019.<\/p>\n<p>Sin embargo, el argumento para terminar de reubicar a m\u00e1s de 500 familias, es que Barranca Grande es una zona de riesgo, pues en el a\u00f1o 2010, con el hurac\u00e1n \u2018Karl\u2019, ocurri\u00f3 un derrumbe que fue raz\u00f3n suficiente para trasladar a sus habitantes a una nueva comunidad, llamada Barranca Nueva.<\/p>\n<p>Sin embargo, el activista e integrante de Pueblos Unidos de la Cuenca Antigua por los R\u00edos Libres, Jos\u00e9 Mil\u00e1n, explic\u00f3 que el trasfondo de todo esto, es continuar con la creaci\u00f3n de seis cortinas que implica el proyecto hidroel\u00e9ctrico a cargo de la empresa brasile\u00f1a Odebrecht.<\/p>\n<p>\u201cEl trasfondo es el tema de las presas, porque justamente por ah\u00ed quieren hacer una cortina, pues obviamente todo barranca grande estar\u00eda inundado, ese es el verdadero trasfondo de todo esto.<\/p>\n<p>Incluso, otra forma de obligar a los habitantes para que abandonen Barranca Grande, es desapareciendo a esa comunidad del padr\u00f3n electoral, pues se\u00f1al\u00f3 que ya no existe, ahora s\u00f3lo est\u00e1 Barranca Nueva, lo cual entorpece los tr\u00e1mites legales de los pobladores.<\/p>\n<p>\u201cLos movieron de all\u00e1 (Barranca Grande) con el pretexto de que estaban en una zona de riesgo, porque en el 2010, con el hurac\u00e1n \u2018Karl\u2019, se les vino un derrumbe no tan grave. La gente ha vivido ah\u00ed por much\u00edsimos a\u00f1os y el pretexto de sacarlos de ah\u00ed fue precisamente eso.<\/p>\n<p>No existe Barranca Grande en el padr\u00f3n electoral, ahora existe Barranca Nueva, los est\u00e1n obligando a que se queden en Barranca Nueva\u201d.<\/p>\n<p>Jos\u00e9 Mil\u00e1n explic\u00f3 que este tema no ha sido tan mencionado como el conflicto en Jalcomulco, porque el \u201cproyecto grande\u201d se pretende llevar a cabo en el r\u00edo de Los Pescados, sin embargo, explic\u00f3 que son seis las presas que implica Prop\u00f3sitos M\u00faltiples Xalapa, y la de Barranca Grande es una de ellas.<\/p>\n<p>\u201cEl proyecto es del mismo de Prop\u00f3sitos M\u00faltiples Xalapa. El grande, el que hemos estado defendiendo m\u00e1s, es a la altura del predio Tamarindo, pero atr\u00e1s de esa van a haber seis presas m\u00e1s, entonces la de Barranca Grande ser\u00eda la primera de arriba hacia abajo\u201d, detall\u00f3.<\/p>\n<p>Aunado a esto, agreg\u00f3 que las casas que gobierno del estado construy\u00f3 para las casi 500 familias reubicadas, son una \u201cgroser\u00eda\u201d, pues est\u00e1n hechas de cart\u00f3n, l\u00e1mina y pl\u00e1stico, e incluso, ya se est\u00e1n minando.<\/p>\n<p>Adem\u00e1s, dijo que Barranca Nueva, -ubicada a 20 minutos de Barranca Grande- se encuentra en mayor zona de riesgo, pues recientemente sucedi\u00f3 un derrumbe que acab\u00f3 con la vida de dos personas, adem\u00e1s del paso de un arroyo de aguas negras que genera un grave foco de infecci\u00f3n.<\/p>\n<p>plumaslibres.com.mx\/2014\/03\/16\/ordena-estado-desalojos-modo-para-desarrollar-proyecto-hidrologico-de-odebrecht\/<\/p>\n","protected":false},"excerpt":{"rendered":"<p>Xalapa Ver.- \/Jos\u00e9 Lozada.- Gobierno del Estado insiste en desalojar a los pocos habitantes que quedan en la comunidad de Barranca Grande, municipio de Ixhuac\u00e1n de Los Reyes, para trasladarlos &hellip; <a href=\"http:\/\/www.grieta.org.mx\/index.php\/2015\/03\/16\/ordena-estado-desalojos-a-modo-para-desarrollar-proyecto-hidrologico-de-odebrecht\/\" class=\"more-link\">Leer m\u00e1s<\/a><\/p>\n","protected":false},"author":1,"featured_media":21928,"comment_status":"closed","ping_status":"open","sticky":false,"template":"","format":"standard","meta":{"ngg_post_thumbnail":0,"_jetpack_newsletter_access":"","_jetpack_dont_email_post_to_subs":false,"_jetpack_newsletter_tier_id":0,"_jetpack_memberships_contains_paywalled_content":false,"_jetpack_memberships_contains_paid_content":false,"footnotes":""},"categories":[80,257],"tags":[503,502],"class_list":["post-8556","post","type-post","status-publish","format-standard","has-post-thumbnail","hentry","category-cintillo","category-veracruz","tag-odebrecht","tag-proyecto-propositos-multiples-xalapa","entry"],"jetpack_featured_media_url":"http:\/\/www.grieta.org.mx\/wp-content\/uploads\/2018\/03\/14524434_1106112876131411_958039263622046936_o.jpg","jetpack_sharing_enabled":true,"jetpack_shortlink":"https:\/\/wp.me\/p7ZJR4-2e0","jetpack_likes_enabled":false,"jetpack-related-posts":[{"id":8541,"url":"http:\/\/www.grieta.org.mx\/index.php\/2015\/03\/27\/proyecto-de-propositos-multiples-xalapa\/","url_meta":{"origin":8556,"position":0},"title":"Proyecto de Prop\u00f3sitos M\u00faltiples Xalapa","author":"Admin","date":"27 marzo, 2015","format":false,"excerpt":"27\/03\/15. Son 37 grupos de resistencia contra presas en Veracruz; en Matlacobatl impiden llegada de maquinaria Plumas Libres 17\/03\/15. En Teocelo la serpiente se defiende. Evento informativo y cultural contra las presas Zapateando 16\/03\/15. Ordena estado desalojos a modo para desarrollar proyecto hidrol\u00f3gico de Odebrecht Plumas Libres 14\/03\/15. Pretenden construir\u2026","rel":"","context":"En &quot;Proyecto de Prop\u00f3sitos M\u00faltiples Xalapa&quot;","block_context":{"text":"Proyecto de Prop\u00f3sitos M\u00faltiples Xalapa","link":"http:\/\/www.grieta.org.mx\/index.php\/category\/megaproyectos\/proyecto-de-propositos-multiples-xalapa\/"},"img":{"alt_text":"","src":"https:\/\/i0.wp.com\/www.grieta.org.mx\/wp-content\/uploads\/2018\/03\/14524434_1106112876131411_958039263622046936_o.jpg?resize=350%2C200","width":350,"height":200,"srcset":"https:\/\/i0.wp.com\/www.grieta.org.mx\/wp-content\/uploads\/2018\/03\/14524434_1106112876131411_958039263622046936_o.jpg?resize=350%2C200 1x, https:\/\/i0.wp.com\/www.grieta.org.mx\/wp-content\/uploads\/2018\/03\/14524434_1106112876131411_958039263622046936_o.jpg?resize=525%2C300 1.5x, https:\/\/i0.wp.com\/www.grieta.org.mx\/wp-content\/uploads\/2018\/03\/14524434_1106112876131411_958039263622046936_o.jpg?resize=700%2C400 2x"},"classes":[]},{"id":8573,"url":"http:\/\/www.grieta.org.mx\/index.php\/2015\/01\/20\/celebracion-a-un-ano-del-campamento-centinelas-del-rio-antigua-veracruz\/","url_meta":{"origin":8556,"position":1},"title":"Celebraci\u00f3n a un a\u00f1o del campamento Centinelas del R\u00edo Antigua, Veracruz","author":"Admin","date":"20 enero, 2015","format":false,"excerpt":"Jalcolmulco, Veracruz.- Los Pueblos Unidos por la Defensa de La Cuenca del Rio Antigua, convocamos a miembros de distintas organizaciones estatales, nacionales e internacionales, personalidades pol\u00edticas con calidad moral y \u00e9tica, as\u00ed como a todas aquellas personas y pueblos que a lo largo de este a\u00f1o y m\u00e1s nos han\u2026","rel":"","context":"En &quot;CINTILLO&quot;","block_context":{"text":"CINTILLO","link":"http:\/\/www.grieta.org.mx\/index.php\/category\/cintillo\/"},"img":{"alt_text":"","src":"https:\/\/i0.wp.com\/www.grieta.org.mx\/wp-content\/uploads\/2018\/03\/14524434_1106112876131411_958039263622046936_o.jpg?resize=350%2C200","width":350,"height":200,"srcset":"https:\/\/i0.wp.com\/www.grieta.org.mx\/wp-content\/uploads\/2018\/03\/14524434_1106112876131411_958039263622046936_o.jpg?resize=350%2C200 1x, https:\/\/i0.wp.com\/www.grieta.org.mx\/wp-content\/uploads\/2018\/03\/14524434_1106112876131411_958039263622046936_o.jpg?resize=525%2C300 1.5x, https:\/\/i0.wp.com\/www.grieta.org.mx\/wp-content\/uploads\/2018\/03\/14524434_1106112876131411_958039263622046936_o.jpg?resize=700%2C400 2x"},"classes":[]},{"id":8563,"url":"http:\/\/www.grieta.org.mx\/index.php\/2015\/03\/14\/pretenden-construir-hidroelectrica-en-zona-ramsar-denuncian-activistas-de-teocelo\/","url_meta":{"origin":8556,"position":2},"title":"Pretenden construir hidroel\u00e9ctrica en zona Ramsar, denuncian activistas de Teocelo","author":"Admin","date":"14 marzo, 2015","format":false,"excerpt":"Activistas de Teocelo denunciaron que existe el proyecto de construir una presa hidroel\u00e9ctrica en la barranca de Matlacobatl, a pesar de que la zona es considerada un sitio ramsar, lo que le garantiza un estatus de protecci\u00f3n por su valor como humedal. Se\u00f1alaron que a pesar de estar autorizado el\u2026","rel":"","context":"En &quot;CINTILLO&quot;","block_context":{"text":"CINTILLO","link":"http:\/\/www.grieta.org.mx\/index.php\/category\/cintillo\/"},"img":{"alt_text":"","src":"https:\/\/i0.wp.com\/www.grieta.org.mx\/wp-content\/uploads\/2018\/03\/14524434_1106112876131411_958039263622046936_o.jpg?resize=350%2C200","width":350,"height":200,"srcset":"https:\/\/i0.wp.com\/www.grieta.org.mx\/wp-content\/uploads\/2018\/03\/14524434_1106112876131411_958039263622046936_o.jpg?resize=350%2C200 1x, https:\/\/i0.wp.com\/www.grieta.org.mx\/wp-content\/uploads\/2018\/03\/14524434_1106112876131411_958039263622046936_o.jpg?resize=525%2C300 1.5x, https:\/\/i0.wp.com\/www.grieta.org.mx\/wp-content\/uploads\/2018\/03\/14524434_1106112876131411_958039263622046936_o.jpg?resize=700%2C400 2x"},"classes":[]},{"id":8551,"url":"http:\/\/www.grieta.org.mx\/index.php\/2015\/03\/17\/en-teocelo-la-serpiente-se-defiende-evento-informativo-y-cultural-contra-las-presas\/","url_meta":{"origin":8556,"position":3},"title":"En Teocelo la serpiente se defiende. Evento informativo y cultural contra las presas","author":"Admin","date":"17 marzo, 2015","format":false,"excerpt":"El estado de Veracruz, como muchos otros estados de lo que hasta ahora conocemos como M\u00e9xico, se encuentra viviendo momentos que parecen tener un destino fatal. Las hidroel\u00e9ctricas, los gasoductos y las minas son tan solo algunos de los proyectos de muerte destinados a esta parte del territorio. Afortunadamente se\u2026","rel":"","context":"En &quot;CINTILLO&quot;","block_context":{"text":"CINTILLO","link":"http:\/\/www.grieta.org.mx\/index.php\/category\/cintillo\/"},"img":{"alt_text":"","src":"https:\/\/i0.wp.com\/www.grieta.org.mx\/wp-content\/uploads\/2018\/03\/14524434_1106112876131411_958039263622046936_o.jpg?resize=350%2C200","width":350,"height":200,"srcset":"https:\/\/i0.wp.com\/www.grieta.org.mx\/wp-content\/uploads\/2018\/03\/14524434_1106112876131411_958039263622046936_o.jpg?resize=350%2C200 1x, https:\/\/i0.wp.com\/www.grieta.org.mx\/wp-content\/uploads\/2018\/03\/14524434_1106112876131411_958039263622046936_o.jpg?resize=525%2C300 1.5x, https:\/\/i0.wp.com\/www.grieta.org.mx\/wp-content\/uploads\/2018\/03\/14524434_1106112876131411_958039263622046936_o.jpg?resize=700%2C400 2x"},"classes":[]},{"id":8567,"url":"http:\/\/www.grieta.org.mx\/index.php\/2015\/03\/14\/ejidatarios-de-jalcomulco-continuaran-en-campamento-contra-las-hidroelectricas\/","url_meta":{"origin":8556,"position":4},"title":"Ejidatarios de Jalcomulco continuar\u00e1n en campamento contra las hidroel\u00e9ctricas","author":"Admin","date":"14 marzo, 2015","format":false,"excerpt":"Xalapa, Ver. Se cumpli\u00f3 ya un a\u00f1o de la guardia que mantienen habitantes de la cuenca del R\u00edo Los Pescados, mismos que permanecer\u00e1n vigilando que ninguno de los proyectos hidroel\u00e9ctricos que pretenden instalarse ah\u00ed, cause da\u00f1os ambientales y sociales. En ese sentido, Guillermo Rodr\u00edguez Curiel, integrante de La Asamblea Veracruzana\u2026","rel":"","context":"En &quot;CINTILLO&quot;","block_context":{"text":"CINTILLO","link":"http:\/\/www.grieta.org.mx\/index.php\/category\/cintillo\/"},"img":{"alt_text":"","src":"https:\/\/i0.wp.com\/www.grieta.org.mx\/wp-content\/uploads\/2018\/03\/14524434_1106112876131411_958039263622046936_o.jpg?resize=350%2C200","width":350,"height":200,"srcset":"https:\/\/i0.wp.com\/www.grieta.org.mx\/wp-content\/uploads\/2018\/03\/14524434_1106112876131411_958039263622046936_o.jpg?resize=350%2C200 1x, https:\/\/i0.wp.com\/www.grieta.org.mx\/wp-content\/uploads\/2018\/03\/14524434_1106112876131411_958039263622046936_o.jpg?resize=525%2C300 1.5x, https:\/\/i0.wp.com\/www.grieta.org.mx\/wp-content\/uploads\/2018\/03\/14524434_1106112876131411_958039263622046936_o.jpg?resize=700%2C400 2x"},"classes":[]},{"id":20791,"url":"http:\/\/www.grieta.org.mx\/index.php\/2016\/09\/01\/el-abc-del-proyecto-iconia\/","url_meta":{"origin":8556,"position":5},"title":"El ABC del Proyecto Iconia","author":"grieta","date":"1 septiembre, 2016","format":false,"excerpt":"Omar Garc\u00eda.- Esta es una gu\u00eda para entender el proyecto Iconia. El pasado 16 de agosto se aprob\u00f3 un nuevo convenio que revive este proyecto que anteriormente se llamaba Puerta Guadalajara. Con 18 de 21 votos a favor, los regidores de Guadalajara decidieron entregar una de las mayores reservas territoriales\u2026","rel":"","context":"En &quot;CINTILLO&quot;","block_context":{"text":"CINTILLO","link":"http:\/\/www.grieta.org.mx\/index.php\/category\/cintillo\/"},"img":{"alt_text":"","src":"https:\/\/i0.wp.com\/www.grieta.org.mx\/wp-content\/uploads\/2018\/03\/14524434_1106112876131411_958039263622046936_o.jpg?resize=350%2C200","width":350,"height":200,"srcset":"https:\/\/i0.wp.com\/www.grieta.org.mx\/wp-content\/uploads\/2018\/03\/14524434_1106112876131411_958039263622046936_o.jpg?resize=350%2C200 1x, https:\/\/i0.wp.com\/www.grieta.org.mx\/wp-content\/uploads\/2018\/03\/14524434_1106112876131411_958039263622046936_o.jpg?resize=525%2C300 1.5x, https:\/\/i0.wp.com\/www.grieta.org.mx\/wp-content\/uploads\/2018\/03\/14524434_1106112876131411_958039263622046936_o.jpg?resize=700%2C400 2x"},"classes":[]}],"_links":{"self":[{"href":"http:\/\/www.grieta.org.mx\/index.php\/wp-json\/wp\/v2\/posts\/8556","targetHints":{"allow":["GET"]}}],"collection":[{"href":"http:\/\/www.grieta.org.mx\/index.php\/wp-json\/wp\/v2\/posts"}],"about":[{"href":"http:\/\/www.grieta.org.mx\/index.php\/wp-json\/wp\/v2\/types\/post"}],"author":[{"embeddable":true,"href":"http:\/\/www.grieta.org.mx\/index.php\/wp-json\/wp\/v2\/users\/1"}],"replies":[{"embeddable":true,"href":"http:\/\/www.grieta.org.mx\/index.php\/wp-json\/wp\/v2\/comments?post=8556"}],"version-history":[{"count":1,"href":"http:\/\/www.grieta.org.mx\/index.php\/wp-json\/wp\/v2\/posts\/8556\/revisions"}],"predecessor-version":[{"id":8562,"href":"http:\/\/www.grieta.org.mx\/index.php\/wp-json\/wp\/v2\/posts\/8556\/revisions\/8562"}],"wp:featuredmedia":[{"embeddable":true,"href":"http:\/\/www.grieta.org.mx\/index.php\/wp-json\/wp\/v2\/media\/21928"}],"wp:attachment":[{"href":"http:\/\/www.grieta.org.mx\/index.php\/wp-json\/wp\/v2\/media?parent=8556"}],"wp:term":[{"taxonomy":"category","embeddable":true,"href":"http:\/\/www.grieta.org.mx\/index.php\/wp-json\/wp\/v2\/categories?post=8556"},{"taxonomy":"post_tag","embeddable":true,"href":"http:\/\/www.grieta.org.mx\/index.php\/wp-json\/wp\/v2\/tags?post=8556"}],"curies":[{"name":"wp","href":"https:\/\/api.w.org\/{rel}","templated":true}]}}