{"id":8552,"date":"2015-08-05T20:54:34","date_gmt":"2015-08-05T20:54:34","guid":{"rendered":"http:\/\/50.22.11.12\/~grietaor\/?p=8552"},"modified":"2018-09-27T00:21:54","modified_gmt":"2018-09-27T05:21:54","slug":"se-manifiestan-reporteros-contra-gobernador-de-morelos","status":"publish","type":"post","link":"http:\/\/www.grieta.org.mx\/index.php\/2015\/08\/05\/se-manifiestan-reporteros-contra-gobernador-de-morelos\/","title":{"rendered":"Se manifiestan reporteros contra Gobernador de Morelos"},"content":{"rendered":"<p>Seis punto cero<\/p>\n<p>Dulce Maya<\/p>\n<p>Cuernavaca, Mor.\u2014Camar\u00f3grafos, fot\u00f3grafos, corresponsales nacionales y reporteros de Morelos, se manifestaron la ma\u00f1ana de este mi\u00e9rcoles, en repudio al gobernador Graco Ram\u00edrez, quien acus\u00f3 a los reporteros de la entidad de no aplaudir sus logros, por no estar en la n\u00f3mina del gobierno estatal.<\/p>\n<p>Con pancartas en las manos y al grito de \u00a1Prensa Libre No Aplaude!, los representantes de los medios de comunicaci\u00f3n se manifestaron primero e las puertas de la llamada \u201cCasa Morelos\u201d sede del Poder Ejecutivo Local y despu\u00e9s en la C\u00e1mara de Diputados para dejar en evidencia.<\/p>\n<p>A nombre del gremio y frente a la sede del Ejecutivo Estatal, Jes\u00fas Dorantes, record\u00f3 los asesinatos con violencia de los colegas de Veracruz, Ruben Espinosa y del Tabasco, Adrian Martinez Lopez, vinculados en cada caso, con el ejercicio de su profesi\u00f3n.<\/p>\n<p>\u201cMorelos levanta la voz y \u00a1exigir ni uno m\u00e1s! Nosotros de Morelos, nosotros le decimos, gobernador nosotros no aplaudimos como focas, no lo hacemos cuando vemos al Presidente Pe\u00f1a Nieto como lo hace usted, somos prensa libre y la prensa libre no aplaude sus errores y todo lo que est\u00e1 afectando a nuestro estado, si al gobernador no quiere que se sepa, que empiece a gobernar bien, porque la prensa aes libre\u201d.<\/p>\n<p>Exigi\u00f3 tambi\u00e9n respeto a los medios en Morelos, donde se han cerrado algunos medios de comunicaci\u00f3n y se ha despedido al personal gracias a las cr\u00edticas en contra del gobierno del perredista. \u201cEn Morelos se ha reprimido a los compa\u00f1eros, no existe la libertad de expresi\u00f3n\u2026 exigimos que el Gobernador nos respete\u201d, asever\u00f3.<\/p>\n<p>Los comunicadores se trasladaron tambi\u00e9n al Congreso Local, para exponer a los integrantes de la Comisi\u00f3n Permanente su postura de rechazo en contra de los mensajes del mandatario estatal en Morelos.<\/p>\n<p>Fue este martes, cuando, sin dar nombres ni apellidos, el mandatario estatal se lanz\u00f3 contra los representantes de los medios de comunicaci\u00f3n en general.<\/p>\n<p>En un tuit, el mandatario arremeti\u00f3 en contra de los medios morelenses: \u201cLas plumas a modo solo basta que est\u00e9n en la n\u00f3mina para que aplaudan como focas. Cuando no hay nomina fabrican todos los d\u00edas calumnias\u201d.<\/p>\n<p>Una hora m\u00e1s tarde, Graco Ram\u00edrez emiti\u00f3 un segundo mensaje con el que intent\u00f3 suavizar el comentario anterior: \u201cAqu\u00ed en Morelos se respeta la libertad de expresi\u00f3n No se persigue a ning\u00fan periodista No se utiliza dinero p\u00fablico para comprar halagos\u201d, refiere.<\/p>\n<p><a class=\"autohyperlink\" title=\"http:\/\/seispuntocero.com.mx\/se-manifiestan-reporteros-contra-gobernador-de-morelos\/\" href=\"http:\/\/seispuntocero.com.mx\/se-manifiestan-reporteros-contra-gobernador-de-morelos\/\" target=\"_blank\" rel=\"noopener\">seispuntocero.com.mx\/se-manifiestan-reporteros-contra-gobernador-de-morelos\/<\/a><\/p>\n","protected":false},"excerpt":{"rendered":"<p>Seis punto cero Dulce Maya Cuernavaca, Mor.\u2014Camar\u00f3grafos, fot\u00f3grafos, corresponsales nacionales y reporteros de Morelos, se manifestaron la ma\u00f1ana de este mi\u00e9rcoles, en repudio al gobernador Graco Ram\u00edrez, quien acus\u00f3 a &hellip; <a href=\"http:\/\/www.grieta.org.mx\/index.php\/2015\/08\/05\/se-manifiestan-reporteros-contra-gobernador-de-morelos\/\" class=\"more-link\">Leer m\u00e1s<\/a><\/p>\n","protected":false},"author":2,"featured_media":21928,"comment_status":"closed","ping_status":"open","sticky":false,"template":"","format":"standard","meta":{"ngg_post_thumbnail":0,"_jetpack_newsletter_access":"","_jetpack_dont_email_post_to_subs":false,"_jetpack_newsletter_tier_id":0,"_jetpack_memberships_contains_paywalled_content":false,"_jetpack_memberships_contains_paid_content":false,"footnotes":""},"categories":[1773,80,22,482,2],"tags":[120],"class_list":{"0":"post-8552","1":"post","2":"type-post","3":"status-publish","4":"format-standard","5":"has-post-thumbnail","6":"hentry","7":"category-agresiones-a-periodistas-en-morelos","8":"category-cintillo","9":"category-morelos","11":"category-noticias-nacionales","12":"tag-violencia-contra-periodistas","13":"entry"},"jetpack_featured_media_url":"http:\/\/www.grieta.org.mx\/wp-content\/uploads\/2018\/03\/14524434_1106112876131411_958039263622046936_o.jpg","jetpack_sharing_enabled":true,"jetpack_shortlink":"https:\/\/wp.me\/p7ZJR4-2dW","jetpack_likes_enabled":false,"jetpack-related-posts":[{"id":8537,"url":"http:\/\/www.grieta.org.mx\/index.php\/2016\/02\/11\/agresiones-a-periodistas-en-morelos\/","url_meta":{"origin":8552,"position":0},"title":"Agresiones a periodistas en Morelos","author":"grieta","date":"11 febrero, 2016","format":false,"excerpt":"11\/02\/16. Morelos no es la excepci\u00f3n: la labor informativa en riesgo Morelos Tres punto cero 19\/01\/16. Periodistas de Morelos denuncian y dejan el Mecanismo de Protecci\u00f3n del Estado Morelos Tres punto cero 05\/08\/15. Se manifiestan reporteros contra Gobernador de Morelos Seis punto cero","rel":"","context":"En &quot;Morelos&quot;","block_context":{"text":"Morelos","link":"http:\/\/www.grieta.org.mx\/index.php\/category\/noticias-nacionales\/morelos\/"},"img":{"alt_text":"","src":"https:\/\/i0.wp.com\/www.grieta.org.mx\/wp-content\/uploads\/2018\/03\/14524434_1106112876131411_958039263622046936_o.jpg?resize=350%2C200","width":350,"height":200,"srcset":"https:\/\/i0.wp.com\/www.grieta.org.mx\/wp-content\/uploads\/2018\/03\/14524434_1106112876131411_958039263622046936_o.jpg?resize=350%2C200 1x, https:\/\/i0.wp.com\/www.grieta.org.mx\/wp-content\/uploads\/2018\/03\/14524434_1106112876131411_958039263622046936_o.jpg?resize=525%2C300 1.5x, https:\/\/i0.wp.com\/www.grieta.org.mx\/wp-content\/uploads\/2018\/03\/14524434_1106112876131411_958039263622046936_o.jpg?resize=700%2C400 2x"},"classes":[]},{"id":8546,"url":"http:\/\/www.grieta.org.mx\/index.php\/2016\/01\/19\/inicioinicio-noticias-nacionales-periodistas-de-morelos-denuncian-y-dejan-el-mecanismo-de-proteccion-del-estado\/","url_meta":{"origin":8552,"position":1},"title":"Periodistas de Morelos denuncian y dejan el Mecanismo de Protecci\u00f3n del Estado","author":"grieta","date":"19 enero, 2016","format":false,"excerpt":"Cesar Isaac Morelos Tres punto ceroIntegrantes del Mecanismo de Protecci\u00f3n denuncian faltas del gobierno y anuncian la no cooperaci\u00f3n con el mismo. Se\u00f1alan principalmente al CESP y la Fiscal\u00eda Estatal, encabezadas por Alberto Capella y Javier P\u00e9rez Dur\u00f3n, respectivamente. (19 enero de 2016 MORELOSTRESPUNTOCERO).- El d\u00eda de hoy a las\u2026","rel":"","context":"En &quot;Agresiones a periodistas en Morelos&quot;","block_context":{"text":"Agresiones a periodistas en Morelos","link":"http:\/\/www.grieta.org.mx\/index.php\/category\/noticias-nacionales\/morelos\/agresiones-a-periodistas-en-morelos\/"},"img":{"alt_text":"","src":"https:\/\/i0.wp.com\/www.grieta.org.mx\/wp-content\/uploads\/2018\/03\/14524434_1106112876131411_958039263622046936_o.jpg?resize=350%2C200","width":350,"height":200,"srcset":"https:\/\/i0.wp.com\/www.grieta.org.mx\/wp-content\/uploads\/2018\/03\/14524434_1106112876131411_958039263622046936_o.jpg?resize=350%2C200 1x, https:\/\/i0.wp.com\/www.grieta.org.mx\/wp-content\/uploads\/2018\/03\/14524434_1106112876131411_958039263622046936_o.jpg?resize=525%2C300 1.5x, https:\/\/i0.wp.com\/www.grieta.org.mx\/wp-content\/uploads\/2018\/03\/14524434_1106112876131411_958039263622046936_o.jpg?resize=700%2C400 2x"},"classes":[]},{"id":33444,"url":"http:\/\/www.grieta.org.mx\/index.php\/2019\/05\/14\/periodistas-que-cubrieron-el-ataque-armado-en-cuernavaca-han-recibido-amenazas-articulo-19\/","url_meta":{"origin":8552,"position":2},"title":"Periodistas que cubrieron el ataque armado en Cuernavaca han recibido amenazas: Art\u00edculo 19","author":"grieta","date":"14 mayo, 2019","format":false,"excerpt":"Redacci\u00f3n\/ SIN EMBARGO A trav\u00e9s de un comunicado, la organizaci\u00f3n, en conjunto con CIMAC, el Comit\u00e9 para la Protecci\u00f3n de Periodistas, Periodistas de a Pie y Reporteros Sin Fronteras, se\u00f1alaron que el grupo de periodistas presentes en la Plaza de Armas de Cuernavaca ha recibido amenazas, por lo cual \u201cse\u2026","rel":"","context":"En &quot;Agresiones a periodistas en Morelos&quot;","block_context":{"text":"Agresiones a periodistas en Morelos","link":"http:\/\/www.grieta.org.mx\/index.php\/category\/noticias-nacionales\/morelos\/agresiones-a-periodistas-en-morelos\/"},"img":{"alt_text":"","src":"https:\/\/i0.wp.com\/www.grieta.org.mx\/wp-content\/uploads\/2019\/05\/cuernavaca.jpg?resize=350%2C200","width":350,"height":200,"srcset":"https:\/\/i0.wp.com\/www.grieta.org.mx\/wp-content\/uploads\/2019\/05\/cuernavaca.jpg?resize=350%2C200 1x, https:\/\/i0.wp.com\/www.grieta.org.mx\/wp-content\/uploads\/2019\/05\/cuernavaca.jpg?resize=525%2C300 1.5x, https:\/\/i0.wp.com\/www.grieta.org.mx\/wp-content\/uploads\/2019\/05\/cuernavaca.jpg?resize=700%2C400 2x, https:\/\/i0.wp.com\/www.grieta.org.mx\/wp-content\/uploads\/2019\/05\/cuernavaca.jpg?resize=1050%2C600 3x"},"classes":[]},{"id":42951,"url":"http:\/\/www.grieta.org.mx\/index.php\/2019\/12\/17\/amenazan-de-muerte-a-periodista-senalan-a-autoridades-de-jojutla-morelos\/","url_meta":{"origin":8552,"position":3},"title":"Amenazan de muerte a periodista; se\u00f1alan a autoridades de Jojutla (Morelos)","author":"grieta","date":"17 diciembre, 2019","format":false,"excerpt":"Estrella Pedroza \/ La Silla Rota La periodista Dulce Rayo fue amenazada de muerte en la zona sur de Morelos , luego de que Joseph Vega Guti\u00e9rrez, director de Servicios P\u00fablicos del municipio de Jojutla, emprendi\u00f3 una campa\u00f1a de hostigamiento y desprestigio en su contra, todo bajo la protecci\u00f3n del\u2026","rel":"","context":"En &quot;Agresiones a periodistas en Morelos&quot;","block_context":{"text":"Agresiones a periodistas en Morelos","link":"http:\/\/www.grieta.org.mx\/index.php\/category\/noticias-nacionales\/morelos\/agresiones-a-periodistas-en-morelos\/"},"img":{"alt_text":"","src":"https:\/\/i0.wp.com\/www.grieta.org.mx\/wp-content\/uploads\/2020\/01\/periodistaamenazada-focus-0.11-0.12-983-557.jpg?resize=350%2C200","width":350,"height":200,"srcset":"https:\/\/i0.wp.com\/www.grieta.org.mx\/wp-content\/uploads\/2020\/01\/periodistaamenazada-focus-0.11-0.12-983-557.jpg?resize=350%2C200 1x, https:\/\/i0.wp.com\/www.grieta.org.mx\/wp-content\/uploads\/2020\/01\/periodistaamenazada-focus-0.11-0.12-983-557.jpg?resize=525%2C300 1.5x, https:\/\/i0.wp.com\/www.grieta.org.mx\/wp-content\/uploads\/2020\/01\/periodistaamenazada-focus-0.11-0.12-983-557.jpg?resize=700%2C400 2x"},"classes":[]},{"id":37627,"url":"http:\/\/www.grieta.org.mx\/index.php\/2019\/07\/31\/condenan-periodistas-desplazados-asesinato-de-comunicador-en-morelos\/","url_meta":{"origin":8552,"position":4},"title":"Condenan periodistas desplazados asesinato de comunicador en Morelos","author":"grieta","date":"31 julio, 2019","format":false,"excerpt":"Redacci\u00f3n \/ El Sol de M\u00e9xico En la administraci\u00f3n del presidente Andr\u00e9s Manuel L\u00f3pez Obrador han sido asesinados 11 periodistas en M\u00e9xico CUERNAVACA. La tarde de este martes fue descubierto el cad\u00e1ver de Rogelio Barrag\u00e1n, director del medio de comunicaci\u00f3n digital Guerrero al Instante, en la cajuela de un autom\u00f3vil\u2026","rel":"","context":"En &quot;Agresiones a periodistas en Morelos&quot;","block_context":{"text":"Agresiones a periodistas en Morelos","link":"http:\/\/www.grieta.org.mx\/index.php\/category\/noticias-nacionales\/morelos\/agresiones-a-periodistas-en-morelos\/"},"img":{"alt_text":"","src":"https:\/\/i0.wp.com\/www.grieta.org.mx\/wp-content\/uploads\/2019\/08\/Cortes%C3%ADa-Edgar-Yesca-periodista.jpg?resize=350%2C200","width":350,"height":200,"srcset":"https:\/\/i0.wp.com\/www.grieta.org.mx\/wp-content\/uploads\/2019\/08\/Cortes%C3%ADa-Edgar-Yesca-periodista.jpg?resize=350%2C200 1x, https:\/\/i0.wp.com\/www.grieta.org.mx\/wp-content\/uploads\/2019\/08\/Cortes%C3%ADa-Edgar-Yesca-periodista.jpg?resize=525%2C300 1.5x, https:\/\/i0.wp.com\/www.grieta.org.mx\/wp-content\/uploads\/2019\/08\/Cortes%C3%ADa-Edgar-Yesca-periodista.jpg?resize=700%2C400 2x"},"classes":[]},{"id":29275,"url":"http:\/\/www.grieta.org.mx\/index.php\/2019\/02\/17\/mujeres-exigen-seguridad-al-gobierno-de-cuauhtemoc-blanco-morelos\/","url_meta":{"origin":8552,"position":5},"title":"Mujeres exigen seguridad al gobierno de Cuauht\u00e9moc Blanco, (Morelos)","author":"grieta","date":"17 febrero, 2019","format":false,"excerpt":"Jan Montes \/ Acustik Noticias Diversos contingentes en oposici\u00f3n a la violencia contra la mujer se han congregado alrededor de la rep\u00fablica, el d\u00eda de hoy Morelos, estado a cargo del gobernador Cuauht\u00e9moc Blanco Bravo, se manifest\u00f3 bajo el llamado colectivo \u2018Vivas Nos Queremos\u2019, a causa de la d\u00e9bil protecci\u00f3n\u2026","rel":"","context":"En &quot;CINTILLO&quot;","block_context":{"text":"CINTILLO","link":"http:\/\/www.grieta.org.mx\/index.php\/category\/cintillo\/"},"img":{"alt_text":"","src":"https:\/\/i0.wp.com\/www.grieta.org.mx\/wp-content\/uploads\/2019\/02\/contingente-mujeres-llegara-zocalo-cuernavaca_1_31_1164_724-750x430.jpeg?resize=350%2C200","width":350,"height":200,"srcset":"https:\/\/i0.wp.com\/www.grieta.org.mx\/wp-content\/uploads\/2019\/02\/contingente-mujeres-llegara-zocalo-cuernavaca_1_31_1164_724-750x430.jpeg?resize=350%2C200 1x, https:\/\/i0.wp.com\/www.grieta.org.mx\/wp-content\/uploads\/2019\/02\/contingente-mujeres-llegara-zocalo-cuernavaca_1_31_1164_724-750x430.jpeg?resize=525%2C300 1.5x, https:\/\/i0.wp.com\/www.grieta.org.mx\/wp-content\/uploads\/2019\/02\/contingente-mujeres-llegara-zocalo-cuernavaca_1_31_1164_724-750x430.jpeg?resize=700%2C400 2x"},"classes":[]}],"_links":{"self":[{"href":"http:\/\/www.grieta.org.mx\/index.php\/wp-json\/wp\/v2\/posts\/8552","targetHints":{"allow":["GET"]}}],"collection":[{"href":"http:\/\/www.grieta.org.mx\/index.php\/wp-json\/wp\/v2\/posts"}],"about":[{"href":"http:\/\/www.grieta.org.mx\/index.php\/wp-json\/wp\/v2\/types\/post"}],"author":[{"embeddable":true,"href":"http:\/\/www.grieta.org.mx\/index.php\/wp-json\/wp\/v2\/users\/2"}],"replies":[{"embeddable":true,"href":"http:\/\/www.grieta.org.mx\/index.php\/wp-json\/wp\/v2\/comments?post=8552"}],"version-history":[{"count":1,"href":"http:\/\/www.grieta.org.mx\/index.php\/wp-json\/wp\/v2\/posts\/8552\/revisions"}],"predecessor-version":[{"id":26797,"href":"http:\/\/www.grieta.org.mx\/index.php\/wp-json\/wp\/v2\/posts\/8552\/revisions\/26797"}],"wp:featuredmedia":[{"embeddable":true,"href":"http:\/\/www.grieta.org.mx\/index.php\/wp-json\/wp\/v2\/media\/21928"}],"wp:attachment":[{"href":"http:\/\/www.grieta.org.mx\/index.php\/wp-json\/wp\/v2\/media?parent=8552"}],"wp:term":[{"taxonomy":"category","embeddable":true,"href":"http:\/\/www.grieta.org.mx\/index.php\/wp-json\/wp\/v2\/categories?post=8552"},{"taxonomy":"post_tag","embeddable":true,"href":"http:\/\/www.grieta.org.mx\/index.php\/wp-json\/wp\/v2\/tags?post=8552"}],"curies":[{"name":"wp","href":"https:\/\/api.w.org\/{rel}","templated":true}]}}