{"id":8551,"date":"2015-03-17T20:54:11","date_gmt":"2015-03-17T20:54:11","guid":{"rendered":"http:\/\/50.22.11.12\/~grietaor\/?p=8551"},"modified":"2016-03-30T20:55:09","modified_gmt":"2016-03-30T20:55:09","slug":"en-teocelo-la-serpiente-se-defiende-evento-informativo-y-cultural-contra-las-presas","status":"publish","type":"post","link":"http:\/\/www.grieta.org.mx\/index.php\/2015\/03\/17\/en-teocelo-la-serpiente-se-defiende-evento-informativo-y-cultural-contra-las-presas\/","title":{"rendered":"En Teocelo la serpiente se defiende. Evento informativo y cultural contra las presas"},"content":{"rendered":"<p>El estado de Veracruz, como muchos otros estados de lo que hasta ahora conocemos como M\u00e9xico, se encuentra viviendo momentos que parecen tener un destino fatal. Las hidroel\u00e9ctricas, los gasoductos y las minas son tan solo algunos de los proyectos de muerte destinados a esta parte del territorio. Afortunadamente se ve un brote de rebeld\u00eda en muchas de las comunidades afectadas. Un ejemplo de ello es la comunidad de Teocelo ubicada a unos 40 minutos de la ciudad de Xalapa, en donde se est\u00e1 gestando un movimiento de resistencia por parte de la poblaci\u00f3n ya que la Empresa \u201cConstanza\u201d tiene pensado realizar una serie de minipresas (presas de alrededor de 20 metros de altura) y varios trasvaces en la regi\u00f3n, afectando severamente la parte de la cuenca del R\u00edo Matlacobatl ocasionando da\u00f1os irreparables la zona la cual es rica en biodiversidad.<\/p>\n<p>El d\u00eda domingo 15 de marzo, con motivo del D\u00eda Internacional contras las presas y por los R\u00edos Libres, la Asamblea Matlacobatl Teocelo (AMA Teocelo), organizaci\u00f3n comprometida con gestar la resistencia necesaria para que el proyecto de presas y trasvaces no se realice en la zona, llev\u00f3 a cabo un evento informativo y cultural como parte de la campa\u00f1a de acciones emprendidas para difundir la problem\u00e1tica en el municipio ya que la comunidad se encuentra en total desinformaci\u00f3n sobre los proyectos de muerte que azotar\u00e1n la regi\u00f3n a pesar de que dicho proyecto haya sido aprobado ya desde el a\u00f1o 2013.<\/p>\n<p>Con eventos variados que incluyeron desde lectura de poemas inspirados en la belleza de la Barranca Matlacobatl, hasta rap libertario pasando por obras de teatro y sones combativos interpretados por jaraneros del municipio e invitados de Xalapa, Teocelo se cubri\u00f3 de fiesta celebrando la vida, la digna rabia de un pueblo con su frente en alto, y abriendo la brecha a un largo camino de resistencia.<\/p>\n<p>La participaci\u00f3n de estudiantes de diversas facultades, activistas y ambientalistas, representantes de los Defensores de la Cuenca del R\u00edo La Antigua y del Campamento Tamarindo de Jalcomulco, as\u00ed como la presencia de compa\u00f1eros en resistencia de Amatl\u00e1n de los Reyes y gente en resistencia proveniente del estado de Chiapas, hicieron notar la solidaridad de las diversas luchas con el pueblo teocelano.<\/p>\n<p>Bien es sabido que Teocelo tiene una larga tradici\u00f3n de organizaci\u00f3n comunitaria, y ahora que las tierras del Dios Ocelote se ven amenazadas, no es de sorprenderse que la poblaci\u00f3n est\u00e9 dispuesta a luchar con u\u00f1as y dientes. La Barranca Serpiente Azul o Matlacotal, con su nombre en n\u00e1huatl, es un s\u00edmbolo de identidad para la comunidad, pues sus hayas centenarias, los cafetales, las mariposas \u201c88\u201d, los ocelotes escondidos en los filos de los voladeros, son parte importante del imaginario colectivo de la comunidad.<\/p>\n<p>Con dicho evento Teocelo grito a los cuatro vientos \u00a1LA SERPIENTE NO SE VENDE, LA SERPIENTE SE DEFIENDE!.<\/p>\n<p><a href=\"http:\/\/zapateando.wordpress.com\/2015\/03\/17\/en-teocelo-la-serpiente-se-defiende-evento-informativo-y-cultural-contra-las-presas\/\" target=\"_blank\">http:\/\/zapateando.wordpress.com\/2015\/03\/17\/en-teocelo-la-serpiente-se-defiende-evento-informativo-y-cultural-contra-las-presas\/<\/a><\/p>\n","protected":false},"excerpt":{"rendered":"<p>El estado de Veracruz, como muchos otros estados de lo que hasta ahora conocemos como M\u00e9xico, se encuentra viviendo momentos que parecen tener un destino fatal. Las hidroel\u00e9ctricas, los gasoductos &hellip; <a href=\"http:\/\/www.grieta.org.mx\/index.php\/2015\/03\/17\/en-teocelo-la-serpiente-se-defiende-evento-informativo-y-cultural-contra-las-presas\/\" class=\"more-link\">Leer m\u00e1s<\/a><\/p>\n","protected":false},"author":1,"featured_media":21928,"comment_status":"closed","ping_status":"open","sticky":false,"template":"","format":"standard","meta":{"ngg_post_thumbnail":0,"_jetpack_newsletter_access":"","_jetpack_dont_email_post_to_subs":false,"_jetpack_newsletter_tier_id":0,"_jetpack_memberships_contains_paywalled_content":false,"_jetpack_memberships_contains_paid_content":false,"footnotes":""},"categories":[80,257],"tags":[502,505],"class_list":["post-8551","post","type-post","status-publish","format-standard","has-post-thumbnail","hentry","category-cintillo","category-veracruz","tag-proyecto-propositos-multiples-xalapa","tag-teocelo","entry"],"jetpack_featured_media_url":"http:\/\/www.grieta.org.mx\/wp-content\/uploads\/2018\/03\/14524434_1106112876131411_958039263622046936_o.jpg","jetpack_sharing_enabled":true,"jetpack_shortlink":"https:\/\/wp.me\/p7ZJR4-2dV","jetpack_likes_enabled":false,"jetpack-related-posts":[{"id":8541,"url":"http:\/\/www.grieta.org.mx\/index.php\/2015\/03\/27\/proyecto-de-propositos-multiples-xalapa\/","url_meta":{"origin":8551,"position":0},"title":"Proyecto de Prop\u00f3sitos M\u00faltiples Xalapa","author":"Admin","date":"27 marzo, 2015","format":false,"excerpt":"27\/03\/15. Son 37 grupos de resistencia contra presas en Veracruz; en Matlacobatl impiden llegada de maquinaria Plumas Libres 17\/03\/15. En Teocelo la serpiente se defiende. Evento informativo y cultural contra las presas Zapateando 16\/03\/15. Ordena estado desalojos a modo para desarrollar proyecto hidrol\u00f3gico de Odebrecht Plumas Libres 14\/03\/15. Pretenden construir\u2026","rel":"","context":"En &quot;Proyecto de Prop\u00f3sitos M\u00faltiples Xalapa&quot;","block_context":{"text":"Proyecto de Prop\u00f3sitos M\u00faltiples Xalapa","link":"http:\/\/www.grieta.org.mx\/index.php\/category\/megaproyectos\/proyecto-de-propositos-multiples-xalapa\/"},"img":{"alt_text":"","src":"https:\/\/i0.wp.com\/www.grieta.org.mx\/wp-content\/uploads\/2018\/03\/14524434_1106112876131411_958039263622046936_o.jpg?resize=350%2C200","width":350,"height":200,"srcset":"https:\/\/i0.wp.com\/www.grieta.org.mx\/wp-content\/uploads\/2018\/03\/14524434_1106112876131411_958039263622046936_o.jpg?resize=350%2C200 1x, https:\/\/i0.wp.com\/www.grieta.org.mx\/wp-content\/uploads\/2018\/03\/14524434_1106112876131411_958039263622046936_o.jpg?resize=525%2C300 1.5x, https:\/\/i0.wp.com\/www.grieta.org.mx\/wp-content\/uploads\/2018\/03\/14524434_1106112876131411_958039263622046936_o.jpg?resize=700%2C400 2x"},"classes":[]},{"id":8563,"url":"http:\/\/www.grieta.org.mx\/index.php\/2015\/03\/14\/pretenden-construir-hidroelectrica-en-zona-ramsar-denuncian-activistas-de-teocelo\/","url_meta":{"origin":8551,"position":1},"title":"Pretenden construir hidroel\u00e9ctrica en zona Ramsar, denuncian activistas de Teocelo","author":"Admin","date":"14 marzo, 2015","format":false,"excerpt":"Activistas de Teocelo denunciaron que existe el proyecto de construir una presa hidroel\u00e9ctrica en la barranca de Matlacobatl, a pesar de que la zona es considerada un sitio ramsar, lo que le garantiza un estatus de protecci\u00f3n por su valor como humedal. Se\u00f1alaron que a pesar de estar autorizado el\u2026","rel":"","context":"En &quot;CINTILLO&quot;","block_context":{"text":"CINTILLO","link":"http:\/\/www.grieta.org.mx\/index.php\/category\/cintillo\/"},"img":{"alt_text":"","src":"https:\/\/i0.wp.com\/www.grieta.org.mx\/wp-content\/uploads\/2018\/03\/14524434_1106112876131411_958039263622046936_o.jpg?resize=350%2C200","width":350,"height":200,"srcset":"https:\/\/i0.wp.com\/www.grieta.org.mx\/wp-content\/uploads\/2018\/03\/14524434_1106112876131411_958039263622046936_o.jpg?resize=350%2C200 1x, https:\/\/i0.wp.com\/www.grieta.org.mx\/wp-content\/uploads\/2018\/03\/14524434_1106112876131411_958039263622046936_o.jpg?resize=525%2C300 1.5x, https:\/\/i0.wp.com\/www.grieta.org.mx\/wp-content\/uploads\/2018\/03\/14524434_1106112876131411_958039263622046936_o.jpg?resize=700%2C400 2x"},"classes":[]},{"id":8542,"url":"http:\/\/www.grieta.org.mx\/index.php\/2015\/03\/27\/son-37-grupos-de-resistencia-contra-presas-en-veracruz-en-matlacobatl-impiden-llegada-de-maquinaria\/","url_meta":{"origin":8551,"position":2},"title":"Son 37 grupos de resistencia contra presas en Veracruz; en Matlacobatl impiden llegada de maquinaria","author":"Admin","date":"27 marzo, 2015","format":false,"excerpt":"Son 37 grupos de resistencia contra presas en Veracruz; en Matlacobatl impiden llegada de maquinaria Xalapa, Ver.-Para la defensa del agua en Veracruz, surgieron 37 grupos de resistencia civil con la finalidad de oponerse a los 145 proyectos de construcci\u00f3n de presas hidroel\u00e9ctricas en la entidad. Los datos fueron dados\u2026","rel":"","context":"En &quot;CINTILLO&quot;","block_context":{"text":"CINTILLO","link":"http:\/\/www.grieta.org.mx\/index.php\/category\/cintillo\/"},"img":{"alt_text":"","src":"https:\/\/i0.wp.com\/www.grieta.org.mx\/wp-content\/uploads\/2018\/03\/14524434_1106112876131411_958039263622046936_o.jpg?resize=350%2C200","width":350,"height":200,"srcset":"https:\/\/i0.wp.com\/www.grieta.org.mx\/wp-content\/uploads\/2018\/03\/14524434_1106112876131411_958039263622046936_o.jpg?resize=350%2C200 1x, https:\/\/i0.wp.com\/www.grieta.org.mx\/wp-content\/uploads\/2018\/03\/14524434_1106112876131411_958039263622046936_o.jpg?resize=525%2C300 1.5x, https:\/\/i0.wp.com\/www.grieta.org.mx\/wp-content\/uploads\/2018\/03\/14524434_1106112876131411_958039263622046936_o.jpg?resize=700%2C400 2x"},"classes":[]},{"id":8359,"url":"http:\/\/www.grieta.org.mx\/index.php\/2015\/03\/15\/protestan-contra-la-privatizacion-del-agua-en-veracruz-y-mexico\/","url_meta":{"origin":8551,"position":3},"title":"Protestan contra la privatizaci\u00f3n del agua en Veracruz y M\u00e9xico","author":"Admin","date":"15 marzo, 2015","format":false,"excerpt":"Xalapa, Ver.- En el marco del D\u00eda Internacional contra las Presas, sociedad civil y activistas de Teocelo se manifestaron en la Plaza Lerdo de Xalapa para pronunciarse contra los proyectos hidroel\u00e9ctricos contemplados en el estado de Veracruz, as\u00ed como la ley de aguas propuesta por el gobierno federal. Y es\u2026","rel":"","context":"En &quot;CINTILLO&quot;","block_context":{"text":"CINTILLO","link":"http:\/\/www.grieta.org.mx\/index.php\/category\/cintillo\/"},"img":{"alt_text":"","src":"https:\/\/i0.wp.com\/www.grieta.org.mx\/wp-content\/uploads\/2018\/03\/14524434_1106112876131411_958039263622046936_o.jpg?resize=350%2C200","width":350,"height":200,"srcset":"https:\/\/i0.wp.com\/www.grieta.org.mx\/wp-content\/uploads\/2018\/03\/14524434_1106112876131411_958039263622046936_o.jpg?resize=350%2C200 1x, https:\/\/i0.wp.com\/www.grieta.org.mx\/wp-content\/uploads\/2018\/03\/14524434_1106112876131411_958039263622046936_o.jpg?resize=525%2C300 1.5x, https:\/\/i0.wp.com\/www.grieta.org.mx\/wp-content\/uploads\/2018\/03\/14524434_1106112876131411_958039263622046936_o.jpg?resize=700%2C400 2x"},"classes":[]},{"id":8573,"url":"http:\/\/www.grieta.org.mx\/index.php\/2015\/01\/20\/celebracion-a-un-ano-del-campamento-centinelas-del-rio-antigua-veracruz\/","url_meta":{"origin":8551,"position":4},"title":"Celebraci\u00f3n a un a\u00f1o del campamento Centinelas del R\u00edo Antigua, Veracruz","author":"Admin","date":"20 enero, 2015","format":false,"excerpt":"Jalcolmulco, Veracruz.- Los Pueblos Unidos por la Defensa de La Cuenca del Rio Antigua, convocamos a miembros de distintas organizaciones estatales, nacionales e internacionales, personalidades pol\u00edticas con calidad moral y \u00e9tica, as\u00ed como a todas aquellas personas y pueblos que a lo largo de este a\u00f1o y m\u00e1s nos han\u2026","rel":"","context":"En &quot;CINTILLO&quot;","block_context":{"text":"CINTILLO","link":"http:\/\/www.grieta.org.mx\/index.php\/category\/cintillo\/"},"img":{"alt_text":"","src":"https:\/\/i0.wp.com\/www.grieta.org.mx\/wp-content\/uploads\/2018\/03\/14524434_1106112876131411_958039263622046936_o.jpg?resize=350%2C200","width":350,"height":200,"srcset":"https:\/\/i0.wp.com\/www.grieta.org.mx\/wp-content\/uploads\/2018\/03\/14524434_1106112876131411_958039263622046936_o.jpg?resize=350%2C200 1x, https:\/\/i0.wp.com\/www.grieta.org.mx\/wp-content\/uploads\/2018\/03\/14524434_1106112876131411_958039263622046936_o.jpg?resize=525%2C300 1.5x, https:\/\/i0.wp.com\/www.grieta.org.mx\/wp-content\/uploads\/2018\/03\/14524434_1106112876131411_958039263622046936_o.jpg?resize=700%2C400 2x"},"classes":[]},{"id":45706,"url":"http:\/\/www.grieta.org.mx\/index.php\/2020\/02\/20\/latentes-111-megaproyectos-de-muerte-en-veracruz\/","url_meta":{"origin":8551,"position":5},"title":"Latentes, 111 megaproyectos de \u201cmuerte\u201d en Veracruz","author":"Admin","date":"20 febrero, 2020","format":false,"excerpt":"Juan David Castilla Arcos \/ El Heraldo de Mart\u00ednez Al menos 111 megaproyectos de \u201cmuerte\u201d contin\u00faan latentes en el estado de Veracruz, revel\u00f3 un activista, quien omiti\u00f3 su nombre por temor a represalias. Detall\u00f3 que persiste la amenaza ecol\u00f3gica por la intenci\u00f3n de construir presas hidroel\u00e9ctricas en las cuencas de\u2026","rel":"","context":"En &quot;CINTILLO&quot;","block_context":{"text":"CINTILLO","link":"http:\/\/www.grieta.org.mx\/index.php\/category\/cintillo\/"},"img":{"alt_text":"","src":"https:\/\/i0.wp.com\/www.grieta.org.mx\/wp-content\/uploads\/2020\/03\/FRXA137.jpg?resize=350%2C200","width":350,"height":200,"srcset":"https:\/\/i0.wp.com\/www.grieta.org.mx\/wp-content\/uploads\/2020\/03\/FRXA137.jpg?resize=350%2C200 1x, https:\/\/i0.wp.com\/www.grieta.org.mx\/wp-content\/uploads\/2020\/03\/FRXA137.jpg?resize=525%2C300 1.5x"},"classes":[]}],"_links":{"self":[{"href":"http:\/\/www.grieta.org.mx\/index.php\/wp-json\/wp\/v2\/posts\/8551","targetHints":{"allow":["GET"]}}],"collection":[{"href":"http:\/\/www.grieta.org.mx\/index.php\/wp-json\/wp\/v2\/posts"}],"about":[{"href":"http:\/\/www.grieta.org.mx\/index.php\/wp-json\/wp\/v2\/types\/post"}],"author":[{"embeddable":true,"href":"http:\/\/www.grieta.org.mx\/index.php\/wp-json\/wp\/v2\/users\/1"}],"replies":[{"embeddable":true,"href":"http:\/\/www.grieta.org.mx\/index.php\/wp-json\/wp\/v2\/comments?post=8551"}],"version-history":[{"count":1,"href":"http:\/\/www.grieta.org.mx\/index.php\/wp-json\/wp\/v2\/posts\/8551\/revisions"}],"predecessor-version":[{"id":8554,"href":"http:\/\/www.grieta.org.mx\/index.php\/wp-json\/wp\/v2\/posts\/8551\/revisions\/8554"}],"wp:featuredmedia":[{"embeddable":true,"href":"http:\/\/www.grieta.org.mx\/index.php\/wp-json\/wp\/v2\/media\/21928"}],"wp:attachment":[{"href":"http:\/\/www.grieta.org.mx\/index.php\/wp-json\/wp\/v2\/media?parent=8551"}],"wp:term":[{"taxonomy":"category","embeddable":true,"href":"http:\/\/www.grieta.org.mx\/index.php\/wp-json\/wp\/v2\/categories?post=8551"},{"taxonomy":"post_tag","embeddable":true,"href":"http:\/\/www.grieta.org.mx\/index.php\/wp-json\/wp\/v2\/tags?post=8551"}],"curies":[{"name":"wp","href":"https:\/\/api.w.org\/{rel}","templated":true}]}}