{"id":8546,"date":"2016-01-19T20:52:13","date_gmt":"2016-01-19T20:52:13","guid":{"rendered":"http:\/\/50.22.11.12\/~grietaor\/?p=8546"},"modified":"2018-09-27T00:21:12","modified_gmt":"2018-09-27T05:21:12","slug":"inicioinicio-noticias-nacionales-periodistas-de-morelos-denuncian-y-dejan-el-mecanismo-de-proteccion-del-estado","status":"publish","type":"post","link":"http:\/\/www.grieta.org.mx\/index.php\/2016\/01\/19\/inicioinicio-noticias-nacionales-periodistas-de-morelos-denuncian-y-dejan-el-mecanismo-de-proteccion-del-estado\/","title":{"rendered":"Periodistas de Morelos denuncian y dejan el Mecanismo de Protecci\u00f3n del Estado"},"content":{"rendered":"<section class=\"entry-content clearfix\">Cesar Isaac<br \/>\nMorelos Tres punto ceroIntegrantes del Mecanismo de Protecci\u00f3n denuncian faltas del gobierno y anuncian la no cooperaci\u00f3n con el mismo.<\/p>\n<p>Se\u00f1alan principalmente al CESP y la Fiscal\u00eda Estatal, encabezadas por Alberto Capella y Javier P\u00e9rez Dur\u00f3n, respectivamente.<\/p>\n<p>(19 enero de 2016 MORELOSTRESPUNTOCERO).- El d\u00eda de hoy a las 10 de la ma\u00f1ana Integrantes del Foro de Periodistas y del Comit\u00e9 del Mecanismo de Protecci\u00f3n para Periodistas en el Estado de Morelos ofrecieron una rueda de prensa para informar a la ciudadan\u00eda que sus miembros: Antonio Rivera Valdivia, Estrella Pedroza, Claudia Marino Garc\u00eda Zapata y Jes\u00fas Castillo Garc\u00eda han decidido suspender su participaci\u00f3n en las sesiones ordinarias efectuadas por el Poder Ejecutivo del estado de Morelos.<\/p>\n<p>Consideran que no hay condiciones pr\u00e1cticas, formales y de fondo por parte de las instancias involucradas que garanticen la operaci\u00f3n y el funcionamiento adecuado del Mecanismo. Al respecto Jes\u00fas Castillo se\u00f1al\u00f3 que \u201cpor parte del gobierno hay una simulaci\u00f3n, hay un doble discurso, por un lado se presentan a las sesiones del \u201cMecanismo de protecci\u00f3n para periodistas\u201d, pero no se cumple con los acuerdos que se tienen cuando se trata de proteger a compa\u00f1eros que han sido amenazados\u201d.<br \/>\nDenunciaron la actitud negligente y pr\u00e1cticas simuladoras que el gobierno del estado ha mantenido durante m\u00e1s de un a\u00f1o. Tiempo en el que constataron la evasi\u00f3n de su responsabilidad para proteger la integridad de quienes ejercen el periodismo. Se\u00f1alaron que las autoridades han incumplido y han alterado acuerdos y medidas previamente acordadas actuando unilateralmente.<\/p>\n<p>Las autoridades no han logrado conformar el reglamento interno de este Mecanismo, originando diversas omisiones, entre las que destacan las siguientes:<\/p>\n<p>-Las autoridades han extraviado expedientes tanto en la Fiscal\u00eda Estatal como los integrados en el propio Mecanismo.<\/p>\n<p>-Las autoridades han registrado audio de las sesiones, y el material se ha extraviado.<\/p>\n<p>-Las autoridades toman fotograf\u00edas de las sesiones sin el consentimiento de los asistentes.<\/p>\n<p>-La Comisi\u00f3n Estatal de Seguridad P\u00fablica (CESP) ha incumplido con las medidas de protecci\u00f3n acordadas en las activaciones.<\/p>\n<p>-La Fiscal\u00eda Estatal no ha dado el trato ni el acompa\u00f1amiento que se ha recomendado.<\/p>\n<p>Se dio a conocer que a finales de septiembre del 2015 alertaron al secretario de gobierno, Mat\u00edas Quiroz Medina, sobre estas faltas e incumplimientos, y que hubo promesas y nuevos compromisos que con el pasar del tiempo se fueron diluyendo. Al llegar la sesi\u00f3n de diciembre, ninguno de los titulares o representantes acudieron. Por lo que decidieron convocar a una sesi\u00f3n extraordinaria, para antes de que concluyera el a\u00f1o, sin embargo tampoco se llev\u00f3 acabo.<\/p>\n<p>As\u00ed mismo, exigen al Estado Mexicano y en particular al presidente de la Rep\u00fablica, Enrique Pe\u00f1a Nieto, garanticen la integridad de los periodistas de Morelos, una entidad convulsionada por la inseguridad y la violencia. Evidencia de esto son los hechos recientemente suscitados, como el homicidio de la alcaldesa Gisela Mota y cientos de personas muertas y desaparecidas. Tambi\u00e9n se hizo alusi\u00f3n a la presencia activa del crimen organizado y hasta visos de narco gobiernos en la entidad, como lo inform\u00f3 el mandatario estatal.<\/p>\n<p>Como punto culminante los miembros exhortaron a la unidad del gremio para establecer mecanismos de autoprotecci\u00f3n; hacer uso de las leyes que por si mismas establecen una procuraci\u00f3n de seguridad y justicia, en particular valer los art\u00edculos 6\u00b0 y 7\u00b0 de la Constituci\u00f3n. As\u00ed como recurrir a las instituciones existentes defensoras de los derechos humanos para salvaguardar la integridad de los periodistas.<br \/>\nPor su parte, la Universidad Aut\u00f3noma del Estado de Morelos (UAEM), en voz de Xochiquetzal Salzar Garc\u00eda del Centro de Extensi\u00f3n y Difusi\u00f3n de las Culturas perteneciente a dicha Universidad, remarc\u00f3 la gravedad de las denuncias que realizaron las personas periodistas y que tienen que ver con la condici\u00f3n vulnerable en la que se encuentra la profesi\u00f3n period\u00edstica en el estado de Morelos.<\/p>\n<p>\u201cComo universidad nos unimos con la \u00fanica intenci\u00f3n de fortalecer la Red de Periodistas y acompa\u00f1arlos en el proceso, as\u00ed como en el posicionamiento a nivel local, nacional e internacional, de la situaci\u00f3n que viven los periodistas y en el contexto de Morelos, pero es del conocimiento de todos, que la situaci\u00f3n de inseguridad es muy grave ante la opacidad y omisi\u00f3n de la autoridad estatal\u201d, dijo Salazar Garc\u00eda.<\/p>\n<p>En entrevista con Morelos 3.0 Jesus Castillo dijo que por parte del gobierno hay un doble discurso, ya que asisten a las reuniones pero no cumplen los acuerdos \u201cno hay un real protecci\u00f3n a los periodistas, lo unico que nos queda es buscar nosotros mismos la seguridad\u201d.Adicionalmente dijo que es de preverse que se incrementen los riesgos y los ataques a las personas periodistas en Morelos, dada la violencia que se vive y el hecho del reconocimiento del propio gobierno federal de que existen \u201cnarco alcaldes\u201d.<\/p>\n<p>\u201cCon eso de que el gobernador aqu\u00ed en Morelos dice que quien no est\u00e1 con el Mando \u00fanico est\u00e1 en su contra, pues estamos perdidos\u201d, dijo Castillo, quien por \u00faltimo confirm\u00f3 al medio que el d\u00eda de ma\u00f1ana se realizar\u00e1 esta misma conferencia para la prensa y sociedad nacional en la Ciudad de M\u00e9xico.<br \/>\n<a class=\"autohyperlink\" title=\"http:\/\/morelos30.com\/2061-2\/\" href=\"http:\/\/morelos30.com\/2061-2\/\" target=\"_blank\" rel=\"noopener\">morelos30.com\/2061-2\/<\/a><\/p>\n<\/section>\n<footer class=\"article-footer\">\n<p class=\"cb-tags\">\n<\/footer>\n","protected":false},"excerpt":{"rendered":"<p>Cesar Isaac Morelos Tres punto ceroIntegrantes del Mecanismo de Protecci\u00f3n denuncian faltas del gobierno y anuncian la no cooperaci\u00f3n con el mismo. Se\u00f1alan principalmente al CESP y la Fiscal\u00eda Estatal, &hellip; <a href=\"http:\/\/www.grieta.org.mx\/index.php\/2016\/01\/19\/inicioinicio-noticias-nacionales-periodistas-de-morelos-denuncian-y-dejan-el-mecanismo-de-proteccion-del-estado\/\" class=\"more-link\">Leer m\u00e1s<\/a><\/p>\n","protected":false},"author":2,"featured_media":21928,"comment_status":"closed","ping_status":"open","sticky":false,"template":"","format":"standard","meta":{"ngg_post_thumbnail":0,"_jetpack_newsletter_access":"","_jetpack_dont_email_post_to_subs":false,"_jetpack_newsletter_tier_id":0,"_jetpack_memberships_contains_paywalled_content":false,"_jetpack_memberships_contains_paid_content":false,"footnotes":""},"categories":[1773,80,22,482,2],"tags":[120],"class_list":{"0":"post-8546","1":"post","2":"type-post","3":"status-publish","4":"format-standard","5":"has-post-thumbnail","6":"hentry","7":"category-agresiones-a-periodistas-en-morelos","8":"category-cintillo","9":"category-morelos","11":"category-noticias-nacionales","12":"tag-violencia-contra-periodistas","13":"entry"},"jetpack_featured_media_url":"http:\/\/www.grieta.org.mx\/wp-content\/uploads\/2018\/03\/14524434_1106112876131411_958039263622046936_o.jpg","jetpack_sharing_enabled":true,"jetpack_shortlink":"https:\/\/wp.me\/p7ZJR4-2dQ","jetpack_likes_enabled":false,"jetpack-related-posts":[{"id":8537,"url":"http:\/\/www.grieta.org.mx\/index.php\/2016\/02\/11\/agresiones-a-periodistas-en-morelos\/","url_meta":{"origin":8546,"position":0},"title":"Agresiones a periodistas en Morelos","author":"grieta","date":"11 febrero, 2016","format":false,"excerpt":"11\/02\/16. Morelos no es la excepci\u00f3n: la labor informativa en riesgo Morelos Tres punto cero 19\/01\/16. Periodistas de Morelos denuncian y dejan el Mecanismo de Protecci\u00f3n del Estado Morelos Tres punto cero 05\/08\/15. Se manifiestan reporteros contra Gobernador de Morelos Seis punto cero","rel":"","context":"En &quot;Morelos&quot;","block_context":{"text":"Morelos","link":"http:\/\/www.grieta.org.mx\/index.php\/category\/noticias-nacionales\/morelos\/"},"img":{"alt_text":"","src":"https:\/\/i0.wp.com\/www.grieta.org.mx\/wp-content\/uploads\/2018\/03\/14524434_1106112876131411_958039263622046936_o.jpg?resize=350%2C200","width":350,"height":200,"srcset":"https:\/\/i0.wp.com\/www.grieta.org.mx\/wp-content\/uploads\/2018\/03\/14524434_1106112876131411_958039263622046936_o.jpg?resize=350%2C200 1x, https:\/\/i0.wp.com\/www.grieta.org.mx\/wp-content\/uploads\/2018\/03\/14524434_1106112876131411_958039263622046936_o.jpg?resize=525%2C300 1.5x, https:\/\/i0.wp.com\/www.grieta.org.mx\/wp-content\/uploads\/2018\/03\/14524434_1106112876131411_958039263622046936_o.jpg?resize=700%2C400 2x"},"classes":[]},{"id":8538,"url":"http:\/\/www.grieta.org.mx\/index.php\/2016\/02\/11\/morelos-no-es-la-excepcion-la-labor-informativa-en-riesgo\/","url_meta":{"origin":8546,"position":1},"title":"Morelos no es la excepci\u00f3n: la labor informativa en riesgo","author":"grieta","date":"11 febrero, 2016","format":false,"excerpt":"Morelos Tres punto cero El asesinato de Anabel Flores y de 16 periodistas m\u00e1s en Veracruz, muestra el panorama de la terrible realidad que vive el periodismo en nuestro pa\u00eds. En Morelos, es necesario evidenciar las practicas de abuso de aquellos que ostentan el poder, as\u00ed como mostrar la realidad\u2026","rel":"","context":"En &quot;Agresiones a periodistas en Morelos&quot;","block_context":{"text":"Agresiones a periodistas en Morelos","link":"http:\/\/www.grieta.org.mx\/index.php\/category\/noticias-nacionales\/morelos\/agresiones-a-periodistas-en-morelos\/"},"img":{"alt_text":"","src":"https:\/\/i0.wp.com\/www.grieta.org.mx\/wp-content\/uploads\/2018\/03\/14524434_1106112876131411_958039263622046936_o.jpg?resize=350%2C200","width":350,"height":200,"srcset":"https:\/\/i0.wp.com\/www.grieta.org.mx\/wp-content\/uploads\/2018\/03\/14524434_1106112876131411_958039263622046936_o.jpg?resize=350%2C200 1x, https:\/\/i0.wp.com\/www.grieta.org.mx\/wp-content\/uploads\/2018\/03\/14524434_1106112876131411_958039263622046936_o.jpg?resize=525%2C300 1.5x, https:\/\/i0.wp.com\/www.grieta.org.mx\/wp-content\/uploads\/2018\/03\/14524434_1106112876131411_958039263622046936_o.jpg?resize=700%2C400 2x"},"classes":[]},{"id":40933,"url":"http:\/\/www.grieta.org.mx\/index.php\/2019\/10\/10\/amenazan-de-muerte-a-tres-opositores-al-proyecto-integral-morelos-puebla\/","url_meta":{"origin":8546,"position":2},"title":"Amenazan de muerte a tres opositores al Proyecto Integral Morelos (Puebla)","author":"grieta","date":"10 octubre, 2019","format":false,"excerpt":"Indra Cirigo \/ Contral\u00ednea El Colectivo Nacional Alerta Temprana de Periodistas y Activistas (Conapa) denunci\u00f3 que el gobierno \u2013en sus tres niveles\u2013 est\u00e1 violando los derechos humanos de los defensores de la tierra que se oponen a la construcci\u00f3n del corredor industrial en los estados de Tlaxcala, Puebla y Morelos\u2026","rel":"","context":"En &quot;CINTILLO&quot;","block_context":{"text":"CINTILLO","link":"http:\/\/www.grieta.org.mx\/index.php\/category\/cintillo\/"},"img":{"alt_text":"","src":"https:\/\/i0.wp.com\/www.grieta.org.mx\/wp-content\/uploads\/2019\/11\/co.jpg?resize=350%2C200","width":350,"height":200,"srcset":"https:\/\/i0.wp.com\/www.grieta.org.mx\/wp-content\/uploads\/2019\/11\/co.jpg?resize=350%2C200 1x, https:\/\/i0.wp.com\/www.grieta.org.mx\/wp-content\/uploads\/2019\/11\/co.jpg?resize=525%2C300 1.5x"},"classes":[]},{"id":34286,"url":"http:\/\/www.grieta.org.mx\/index.php\/2019\/05\/20\/video-a-tres-meses-de-su-asesinato-exigen-justicia-para-samir-flores-morelos\/","url_meta":{"origin":8546,"position":3},"title":"VIDEO: A tres meses de su asesinato, exigen justicia para Samir Flores (Morelos)","author":"grieta","date":"20 mayo, 2019","format":false,"excerpt":"H\u00e9ctor Gonz\u00e1lez \/ La silla rota A tres mes del asesinato de Samir Flores, activista opositor al Proyecto Integral Morelos (PIM) del que forma parte la Central Termoel\u00e9ctrica de Ciclo Combinado de Huexca, sus compa\u00f1eros protestaron este medio d\u00eda afuera de la Fiscal\u00eda General del Estado para exigir celeridad en\u2026","rel":"","context":"En &quot;11. Amilcingo&quot;","block_context":{"text":"11. Amilcingo","link":"http:\/\/www.grieta.org.mx\/index.php\/category\/espejos-de-la-resistencia\/11-amilcingo\/"},"img":{"alt_text":"","src":"https:\/\/i0.wp.com\/www.grieta.org.mx\/wp-content\/uploads\/2019\/06\/morelosmarchatrabajadores3-focus-0-0-617-443.jpg?resize=350%2C200","width":350,"height":200,"srcset":"https:\/\/i0.wp.com\/www.grieta.org.mx\/wp-content\/uploads\/2019\/06\/morelosmarchatrabajadores3-focus-0-0-617-443.jpg?resize=350%2C200 1x, https:\/\/i0.wp.com\/www.grieta.org.mx\/wp-content\/uploads\/2019\/06\/morelosmarchatrabajadores3-focus-0-0-617-443.jpg?resize=525%2C300 1.5x"},"classes":[]},{"id":42951,"url":"http:\/\/www.grieta.org.mx\/index.php\/2019\/12\/17\/amenazan-de-muerte-a-periodista-senalan-a-autoridades-de-jojutla-morelos\/","url_meta":{"origin":8546,"position":4},"title":"Amenazan de muerte a periodista; se\u00f1alan a autoridades de Jojutla (Morelos)","author":"grieta","date":"17 diciembre, 2019","format":false,"excerpt":"Estrella Pedroza \/ La Silla Rota La periodista Dulce Rayo fue amenazada de muerte en la zona sur de Morelos , luego de que Joseph Vega Guti\u00e9rrez, director de Servicios P\u00fablicos del municipio de Jojutla, emprendi\u00f3 una campa\u00f1a de hostigamiento y desprestigio en su contra, todo bajo la protecci\u00f3n del\u2026","rel":"","context":"En &quot;Agresiones a periodistas en Morelos&quot;","block_context":{"text":"Agresiones a periodistas en Morelos","link":"http:\/\/www.grieta.org.mx\/index.php\/category\/noticias-nacionales\/morelos\/agresiones-a-periodistas-en-morelos\/"},"img":{"alt_text":"","src":"https:\/\/i0.wp.com\/www.grieta.org.mx\/wp-content\/uploads\/2020\/01\/periodistaamenazada-focus-0.11-0.12-983-557.jpg?resize=350%2C200","width":350,"height":200,"srcset":"https:\/\/i0.wp.com\/www.grieta.org.mx\/wp-content\/uploads\/2020\/01\/periodistaamenazada-focus-0.11-0.12-983-557.jpg?resize=350%2C200 1x, https:\/\/i0.wp.com\/www.grieta.org.mx\/wp-content\/uploads\/2020\/01\/periodistaamenazada-focus-0.11-0.12-983-557.jpg?resize=525%2C300 1.5x, https:\/\/i0.wp.com\/www.grieta.org.mx\/wp-content\/uploads\/2020\/01\/periodistaamenazada-focus-0.11-0.12-983-557.jpg?resize=700%2C400 2x"},"classes":[]},{"id":34283,"url":"http:\/\/www.grieta.org.mx\/index.php\/2019\/05\/20\/a-3-meses-de-asesinato-de-samir-acusan-fallas-de-fiscalia-y-segob-morelos\/","url_meta":{"origin":8546,"position":5},"title":"A 3 meses de asesinato de Samir, acusan fallas de Fiscal\u00eda y Segob (Morelos)","author":"grieta","date":"20 mayo, 2019","format":false,"excerpt":"A tres meses del asesinato en Morelos de Samir Flores Soberanes, opositor al P\u00cdM y a la termoel\u00e9ctrica de la Huexca, colegas activistas acusaron que la Fiscal\u00eda estatal est\u00e1 retrasada en la captura de responsables y que el mecanismo de la Segob nos los protege. Lo anterior, este lunes a\u2026","rel":"","context":"En &quot;10. Huexca&quot;","block_context":{"text":"10. Huexca","link":"http:\/\/www.grieta.org.mx\/index.php\/category\/espejos-de-la-resistencia\/10-huexca\/"},"img":{"alt_text":"","src":"https:\/\/i0.wp.com\/www.grieta.org.mx\/wp-content\/uploads\/2019\/06\/activista-Samir-Flores-Soberanes-PIM-1.jpg?resize=350%2C200","width":350,"height":200,"srcset":"https:\/\/i0.wp.com\/www.grieta.org.mx\/wp-content\/uploads\/2019\/06\/activista-Samir-Flores-Soberanes-PIM-1.jpg?resize=350%2C200 1x, https:\/\/i0.wp.com\/www.grieta.org.mx\/wp-content\/uploads\/2019\/06\/activista-Samir-Flores-Soberanes-PIM-1.jpg?resize=525%2C300 1.5x"},"classes":[]}],"_links":{"self":[{"href":"http:\/\/www.grieta.org.mx\/index.php\/wp-json\/wp\/v2\/posts\/8546","targetHints":{"allow":["GET"]}}],"collection":[{"href":"http:\/\/www.grieta.org.mx\/index.php\/wp-json\/wp\/v2\/posts"}],"about":[{"href":"http:\/\/www.grieta.org.mx\/index.php\/wp-json\/wp\/v2\/types\/post"}],"author":[{"embeddable":true,"href":"http:\/\/www.grieta.org.mx\/index.php\/wp-json\/wp\/v2\/users\/2"}],"replies":[{"embeddable":true,"href":"http:\/\/www.grieta.org.mx\/index.php\/wp-json\/wp\/v2\/comments?post=8546"}],"version-history":[{"count":1,"href":"http:\/\/www.grieta.org.mx\/index.php\/wp-json\/wp\/v2\/posts\/8546\/revisions"}],"predecessor-version":[{"id":26796,"href":"http:\/\/www.grieta.org.mx\/index.php\/wp-json\/wp\/v2\/posts\/8546\/revisions\/26796"}],"wp:featuredmedia":[{"embeddable":true,"href":"http:\/\/www.grieta.org.mx\/index.php\/wp-json\/wp\/v2\/media\/21928"}],"wp:attachment":[{"href":"http:\/\/www.grieta.org.mx\/index.php\/wp-json\/wp\/v2\/media?parent=8546"}],"wp:term":[{"taxonomy":"category","embeddable":true,"href":"http:\/\/www.grieta.org.mx\/index.php\/wp-json\/wp\/v2\/categories?post=8546"},{"taxonomy":"post_tag","embeddable":true,"href":"http:\/\/www.grieta.org.mx\/index.php\/wp-json\/wp\/v2\/tags?post=8546"}],"curies":[{"name":"wp","href":"https:\/\/api.w.org\/{rel}","templated":true}]}}