{"id":8542,"date":"2015-03-27T20:50:23","date_gmt":"2015-03-27T20:50:23","guid":{"rendered":"http:\/\/50.22.11.12\/~grietaor\/?p=8542"},"modified":"2016-03-30T20:53:47","modified_gmt":"2016-03-30T20:53:47","slug":"son-37-grupos-de-resistencia-contra-presas-en-veracruz-en-matlacobatl-impiden-llegada-de-maquinaria","status":"publish","type":"post","link":"http:\/\/www.grieta.org.mx\/index.php\/2015\/03\/27\/son-37-grupos-de-resistencia-contra-presas-en-veracruz-en-matlacobatl-impiden-llegada-de-maquinaria\/","title":{"rendered":"Son 37 grupos de resistencia contra presas en Veracruz; en Matlacobatl impiden llegada de maquinaria"},"content":{"rendered":"<blockquote><p>Son 37 grupos de resistencia contra presas en Veracruz; en Matlacobatl impiden llegada de maquinaria<\/p><\/blockquote>\n<p>Xalapa, Ver.-Para la defensa del agua en Veracruz, surgieron 37 grupos de resistencia civil con la finalidad de oponerse a los 145 proyectos de construcci\u00f3n de presas hidroel\u00e9ctricas en la entidad.<\/p>\n<p>Los datos fueron dados a conocer por el integrante de la Asamblea Veracruzana de Iniciativas y Defensa Ambiental (Lavida), Guillermo Rodr\u00edguez Curiel, quien declar\u00f3 que hasta el 2014 se hablaba de 115 planes de trabajo para la utilizaci\u00f3n del agua por empresas extranjeras.<\/p>\n<p>Dio a conocer que en enero de este 2015 un nuevo grupo de resistencia surgi\u00f3 en la comunidad de Matlacobatl, municipio de Teocelo, zona donde los lugare\u00f1os impidieron la llegada de maquinaria con la que intentaban construir una presa.<\/p>\n<p>Rodr\u00edguez Curiel coment\u00f3 que los campamentos con mayor fuerza y que llevan m\u00e1s de un a\u00f1o en funcionamiento se ubican en Tamarindos justo en las inmediaciones de Jalcomulco y Coatepec; tambi\u00e9n de los r\u00edos Filobobos y La Antigua, as\u00ed como en los municipios de Altotonga, Jalacingo y Tlapacoyan.<\/p>\n<p>A decir del activista, los estados de Veracruz y Puebla son las entidades con mayor amenaza por los intentos en la realizaci\u00f3n de megaproyectos hidroel\u00e9ctricos, lament\u00f3 Rodr\u00edguez Curiel.<\/p>\n<p>Tambi\u00e9n expuso que el estado de Veracruz produce el 30 por ciento del agua dulce en el pa\u00eds, cantidad que podr\u00eda disminuir si se permiten las construcciones de presas.<\/p>\n<p>Por \u00faltimo dio a conocer que los las empresas trasnacionales y Gobierno del Estado contin\u00faa con las intimidaciones en contra de los campesinos, ejidatarios y agrupaciones para que cedan sus tierras y autoricen la construcci\u00f3n de presas hidroel\u00e9ctricas.<\/p>\n<p><a href=\"http:\/\/plumaslibres.com.mx\/2015\/03\/27\/son-37-grupos-de-resistencia-contra-presas-en-veracruz-en-matlacobatl-corren-a-la-maquinaria\/\" target=\"_blank\">http:\/\/plumaslibres.com.mx\/2015\/03\/27\/son-37-grupos-de-resistencia-contra-presas-en-veracruz-en-matlacobatl-corren-a-la-maquinaria\/<\/a><\/p>\n","protected":false},"excerpt":{"rendered":"<p>Son 37 grupos de resistencia contra presas en Veracruz; en Matlacobatl impiden llegada de maquinaria Xalapa, Ver.-Para la defensa del agua en Veracruz, surgieron 37 grupos de resistencia civil con &hellip; <a href=\"http:\/\/www.grieta.org.mx\/index.php\/2015\/03\/27\/son-37-grupos-de-resistencia-contra-presas-en-veracruz-en-matlacobatl-impiden-llegada-de-maquinaria\/\" class=\"more-link\">Leer m\u00e1s<\/a><\/p>\n","protected":false},"author":1,"featured_media":21928,"comment_status":"closed","ping_status":"open","sticky":false,"template":"","format":"standard","meta":{"ngg_post_thumbnail":0,"_jetpack_newsletter_access":"","_jetpack_dont_email_post_to_subs":false,"_jetpack_newsletter_tier_id":0,"_jetpack_memberships_contains_paywalled_content":false,"_jetpack_memberships_contains_paid_content":false,"footnotes":""},"categories":[80,257],"tags":[504,503,502],"class_list":["post-8542","post","type-post","status-publish","format-standard","has-post-thumbnail","hentry","category-cintillo","category-veracruz","tag-matlacobatl","tag-odebrecht","tag-proyecto-propositos-multiples-xalapa","entry"],"jetpack_featured_media_url":"http:\/\/www.grieta.org.mx\/wp-content\/uploads\/2018\/03\/14524434_1106112876131411_958039263622046936_o.jpg","jetpack_sharing_enabled":true,"jetpack_shortlink":"https:\/\/wp.me\/p7ZJR4-2dM","jetpack_likes_enabled":false,"jetpack-related-posts":[{"id":8541,"url":"http:\/\/www.grieta.org.mx\/index.php\/2015\/03\/27\/proyecto-de-propositos-multiples-xalapa\/","url_meta":{"origin":8542,"position":0},"title":"Proyecto de Prop\u00f3sitos M\u00faltiples Xalapa","author":"Admin","date":"27 marzo, 2015","format":false,"excerpt":"27\/03\/15. Son 37 grupos de resistencia contra presas en Veracruz; en Matlacobatl impiden llegada de maquinaria Plumas Libres 17\/03\/15. En Teocelo la serpiente se defiende. Evento informativo y cultural contra las presas Zapateando 16\/03\/15. Ordena estado desalojos a modo para desarrollar proyecto hidrol\u00f3gico de Odebrecht Plumas Libres 14\/03\/15. Pretenden construir\u2026","rel":"","context":"En &quot;Proyecto de Prop\u00f3sitos M\u00faltiples Xalapa&quot;","block_context":{"text":"Proyecto de Prop\u00f3sitos M\u00faltiples Xalapa","link":"http:\/\/www.grieta.org.mx\/index.php\/category\/megaproyectos\/proyecto-de-propositos-multiples-xalapa\/"},"img":{"alt_text":"","src":"https:\/\/i0.wp.com\/www.grieta.org.mx\/wp-content\/uploads\/2018\/03\/14524434_1106112876131411_958039263622046936_o.jpg?resize=350%2C200","width":350,"height":200,"srcset":"https:\/\/i0.wp.com\/www.grieta.org.mx\/wp-content\/uploads\/2018\/03\/14524434_1106112876131411_958039263622046936_o.jpg?resize=350%2C200 1x, https:\/\/i0.wp.com\/www.grieta.org.mx\/wp-content\/uploads\/2018\/03\/14524434_1106112876131411_958039263622046936_o.jpg?resize=525%2C300 1.5x, https:\/\/i0.wp.com\/www.grieta.org.mx\/wp-content\/uploads\/2018\/03\/14524434_1106112876131411_958039263622046936_o.jpg?resize=700%2C400 2x"},"classes":[]},{"id":8551,"url":"http:\/\/www.grieta.org.mx\/index.php\/2015\/03\/17\/en-teocelo-la-serpiente-se-defiende-evento-informativo-y-cultural-contra-las-presas\/","url_meta":{"origin":8542,"position":1},"title":"En Teocelo la serpiente se defiende. Evento informativo y cultural contra las presas","author":"Admin","date":"17 marzo, 2015","format":false,"excerpt":"El estado de Veracruz, como muchos otros estados de lo que hasta ahora conocemos como M\u00e9xico, se encuentra viviendo momentos que parecen tener un destino fatal. Las hidroel\u00e9ctricas, los gasoductos y las minas son tan solo algunos de los proyectos de muerte destinados a esta parte del territorio. Afortunadamente se\u2026","rel":"","context":"En &quot;CINTILLO&quot;","block_context":{"text":"CINTILLO","link":"http:\/\/www.grieta.org.mx\/index.php\/category\/cintillo\/"},"img":{"alt_text":"","src":"https:\/\/i0.wp.com\/www.grieta.org.mx\/wp-content\/uploads\/2018\/03\/14524434_1106112876131411_958039263622046936_o.jpg?resize=350%2C200","width":350,"height":200,"srcset":"https:\/\/i0.wp.com\/www.grieta.org.mx\/wp-content\/uploads\/2018\/03\/14524434_1106112876131411_958039263622046936_o.jpg?resize=350%2C200 1x, https:\/\/i0.wp.com\/www.grieta.org.mx\/wp-content\/uploads\/2018\/03\/14524434_1106112876131411_958039263622046936_o.jpg?resize=525%2C300 1.5x, https:\/\/i0.wp.com\/www.grieta.org.mx\/wp-content\/uploads\/2018\/03\/14524434_1106112876131411_958039263622046936_o.jpg?resize=700%2C400 2x"},"classes":[]},{"id":8563,"url":"http:\/\/www.grieta.org.mx\/index.php\/2015\/03\/14\/pretenden-construir-hidroelectrica-en-zona-ramsar-denuncian-activistas-de-teocelo\/","url_meta":{"origin":8542,"position":2},"title":"Pretenden construir hidroel\u00e9ctrica en zona Ramsar, denuncian activistas de Teocelo","author":"Admin","date":"14 marzo, 2015","format":false,"excerpt":"Activistas de Teocelo denunciaron que existe el proyecto de construir una presa hidroel\u00e9ctrica en la barranca de Matlacobatl, a pesar de que la zona es considerada un sitio ramsar, lo que le garantiza un estatus de protecci\u00f3n por su valor como humedal. Se\u00f1alaron que a pesar de estar autorizado el\u2026","rel":"","context":"En &quot;CINTILLO&quot;","block_context":{"text":"CINTILLO","link":"http:\/\/www.grieta.org.mx\/index.php\/category\/cintillo\/"},"img":{"alt_text":"","src":"https:\/\/i0.wp.com\/www.grieta.org.mx\/wp-content\/uploads\/2018\/03\/14524434_1106112876131411_958039263622046936_o.jpg?resize=350%2C200","width":350,"height":200,"srcset":"https:\/\/i0.wp.com\/www.grieta.org.mx\/wp-content\/uploads\/2018\/03\/14524434_1106112876131411_958039263622046936_o.jpg?resize=350%2C200 1x, https:\/\/i0.wp.com\/www.grieta.org.mx\/wp-content\/uploads\/2018\/03\/14524434_1106112876131411_958039263622046936_o.jpg?resize=525%2C300 1.5x, https:\/\/i0.wp.com\/www.grieta.org.mx\/wp-content\/uploads\/2018\/03\/14524434_1106112876131411_958039263622046936_o.jpg?resize=700%2C400 2x"},"classes":[]},{"id":45694,"url":"http:\/\/www.grieta.org.mx\/index.php\/2020\/02\/20\/colectivos-veracruzanos-exigen-justicia-por-asesinato-de-activista\/","url_meta":{"origin":8542,"position":3},"title":"Colectivos veracruzanos exigen justicia por asesinato de Activista","author":"Admin","date":"20 febrero, 2020","format":false,"excerpt":"Carlos Manuel Pel\u00e1ez \/ El Dem\u00f3crata Xalapa.- Integrantes de diversas organizaciones defensoras de la ecolog\u00eda en el estado de Veracruz dieron a conocer su adhesi\u00f3n a la jornada de defensa del Territorio y la Madre Tierra denominada \u201cSamir Somos Todas y Todos\u201d para exigir justicia a un a\u00f1o del asesinato\u2026","rel":"","context":"En &quot;CINTILLO&quot;","block_context":{"text":"CINTILLO","link":"http:\/\/www.grieta.org.mx\/index.php\/category\/cintillo\/"},"img":{"alt_text":"","src":"https:\/\/i0.wp.com\/www.grieta.org.mx\/wp-content\/uploads\/2020\/03\/IMG_20200220_101420-780x470.jpg?resize=350%2C200","width":350,"height":200,"srcset":"https:\/\/i0.wp.com\/www.grieta.org.mx\/wp-content\/uploads\/2020\/03\/IMG_20200220_101420-780x470.jpg?resize=350%2C200 1x, https:\/\/i0.wp.com\/www.grieta.org.mx\/wp-content\/uploads\/2020\/03\/IMG_20200220_101420-780x470.jpg?resize=525%2C300 1.5x, https:\/\/i0.wp.com\/www.grieta.org.mx\/wp-content\/uploads\/2020\/03\/IMG_20200220_101420-780x470.jpg?resize=700%2C400 2x"},"classes":[]},{"id":8359,"url":"http:\/\/www.grieta.org.mx\/index.php\/2015\/03\/15\/protestan-contra-la-privatizacion-del-agua-en-veracruz-y-mexico\/","url_meta":{"origin":8542,"position":4},"title":"Protestan contra la privatizaci\u00f3n del agua en Veracruz y M\u00e9xico","author":"Admin","date":"15 marzo, 2015","format":false,"excerpt":"Xalapa, Ver.- En el marco del D\u00eda Internacional contra las Presas, sociedad civil y activistas de Teocelo se manifestaron en la Plaza Lerdo de Xalapa para pronunciarse contra los proyectos hidroel\u00e9ctricos contemplados en el estado de Veracruz, as\u00ed como la ley de aguas propuesta por el gobierno federal. Y es\u2026","rel":"","context":"En &quot;CINTILLO&quot;","block_context":{"text":"CINTILLO","link":"http:\/\/www.grieta.org.mx\/index.php\/category\/cintillo\/"},"img":{"alt_text":"","src":"https:\/\/i0.wp.com\/www.grieta.org.mx\/wp-content\/uploads\/2018\/03\/14524434_1106112876131411_958039263622046936_o.jpg?resize=350%2C200","width":350,"height":200,"srcset":"https:\/\/i0.wp.com\/www.grieta.org.mx\/wp-content\/uploads\/2018\/03\/14524434_1106112876131411_958039263622046936_o.jpg?resize=350%2C200 1x, https:\/\/i0.wp.com\/www.grieta.org.mx\/wp-content\/uploads\/2018\/03\/14524434_1106112876131411_958039263622046936_o.jpg?resize=525%2C300 1.5x, https:\/\/i0.wp.com\/www.grieta.org.mx\/wp-content\/uploads\/2018\/03\/14524434_1106112876131411_958039263622046936_o.jpg?resize=700%2C400 2x"},"classes":[]},{"id":45706,"url":"http:\/\/www.grieta.org.mx\/index.php\/2020\/02\/20\/latentes-111-megaproyectos-de-muerte-en-veracruz\/","url_meta":{"origin":8542,"position":5},"title":"Latentes, 111 megaproyectos de \u201cmuerte\u201d en Veracruz","author":"Admin","date":"20 febrero, 2020","format":false,"excerpt":"Juan David Castilla Arcos \/ El Heraldo de Mart\u00ednez Al menos 111 megaproyectos de \u201cmuerte\u201d contin\u00faan latentes en el estado de Veracruz, revel\u00f3 un activista, quien omiti\u00f3 su nombre por temor a represalias. Detall\u00f3 que persiste la amenaza ecol\u00f3gica por la intenci\u00f3n de construir presas hidroel\u00e9ctricas en las cuencas de\u2026","rel":"","context":"En &quot;CINTILLO&quot;","block_context":{"text":"CINTILLO","link":"http:\/\/www.grieta.org.mx\/index.php\/category\/cintillo\/"},"img":{"alt_text":"","src":"https:\/\/i0.wp.com\/www.grieta.org.mx\/wp-content\/uploads\/2020\/03\/FRXA137.jpg?resize=350%2C200","width":350,"height":200,"srcset":"https:\/\/i0.wp.com\/www.grieta.org.mx\/wp-content\/uploads\/2020\/03\/FRXA137.jpg?resize=350%2C200 1x, https:\/\/i0.wp.com\/www.grieta.org.mx\/wp-content\/uploads\/2020\/03\/FRXA137.jpg?resize=525%2C300 1.5x"},"classes":[]}],"_links":{"self":[{"href":"http:\/\/www.grieta.org.mx\/index.php\/wp-json\/wp\/v2\/posts\/8542","targetHints":{"allow":["GET"]}}],"collection":[{"href":"http:\/\/www.grieta.org.mx\/index.php\/wp-json\/wp\/v2\/posts"}],"about":[{"href":"http:\/\/www.grieta.org.mx\/index.php\/wp-json\/wp\/v2\/types\/post"}],"author":[{"embeddable":true,"href":"http:\/\/www.grieta.org.mx\/index.php\/wp-json\/wp\/v2\/users\/1"}],"replies":[{"embeddable":true,"href":"http:\/\/www.grieta.org.mx\/index.php\/wp-json\/wp\/v2\/comments?post=8542"}],"version-history":[{"count":1,"href":"http:\/\/www.grieta.org.mx\/index.php\/wp-json\/wp\/v2\/posts\/8542\/revisions"}],"predecessor-version":[{"id":8547,"href":"http:\/\/www.grieta.org.mx\/index.php\/wp-json\/wp\/v2\/posts\/8542\/revisions\/8547"}],"wp:featuredmedia":[{"embeddable":true,"href":"http:\/\/www.grieta.org.mx\/index.php\/wp-json\/wp\/v2\/media\/21928"}],"wp:attachment":[{"href":"http:\/\/www.grieta.org.mx\/index.php\/wp-json\/wp\/v2\/media?parent=8542"}],"wp:term":[{"taxonomy":"category","embeddable":true,"href":"http:\/\/www.grieta.org.mx\/index.php\/wp-json\/wp\/v2\/categories?post=8542"},{"taxonomy":"post_tag","embeddable":true,"href":"http:\/\/www.grieta.org.mx\/index.php\/wp-json\/wp\/v2\/tags?post=8542"}],"curies":[{"name":"wp","href":"https:\/\/api.w.org\/{rel}","templated":true}]}}