{"id":8538,"date":"2016-02-11T20:48:31","date_gmt":"2016-02-11T20:48:31","guid":{"rendered":"http:\/\/50.22.11.12\/~grietaor\/?p=8538"},"modified":"2018-09-27T00:20:29","modified_gmt":"2018-09-27T05:20:29","slug":"morelos-no-es-la-excepcion-la-labor-informativa-en-riesgo","status":"publish","type":"post","link":"http:\/\/www.grieta.org.mx\/index.php\/2016\/02\/11\/morelos-no-es-la-excepcion-la-labor-informativa-en-riesgo\/","title":{"rendered":"Morelos no es la excepci\u00f3n: la labor informativa en riesgo"},"content":{"rendered":"<p>Morelos Tres punto cero<\/p>\n<p><em>El asesinato de Anabel Flores y de 16 periodistas m\u00e1s en Veracruz, muestra el panorama de la terrible realidad que vive el periodismo en nuestro pa\u00eds. En Morelos, es necesario evidenciar las practicas de abuso de aquellos que ostentan el poder, as\u00ed como mostrar la realidad que vive el periodismo en nuestro estado.<\/em><\/p>\n<p><em>96% de las desapariciones de periodistas tiene como antecedente temas de corrupci\u00f3n.<\/em><\/p>\n<p>(11 de febrero de 2016).-\u00a0La organizaci\u00f3n civil Articulo 19 documenta al d\u00eda de hoy cuatro denuncias en nuestro estado contra servidores p\u00fablicos y partidos pol\u00edticos.<\/p>\n<p>Luc\u00eda Vergara, oficial del \u00e1rea de comunicaci\u00f3n social y contenidos digitales, advirti\u00f3 que de los casos donde los trabajadores de los medios de comunicaci\u00f3n que fueron reportados como asesinados o desaparecidos, previamente sufrieron amenazas por alguna autoridad o grupo delictivo. Sin duda, una situaci\u00f3n que debe encender los focos de alerta.<\/p>\n<p>En octubre de 2015, Ren\u00e9 P\u00e9rez, camar\u00f3grafo del sitio de noticias \u201cQuien Resulte Responsable\u201d gir\u00f3 una denuncia en contra del diputado pri\u00edsta Aristeo Rodr\u00edguez Barrera por amenazarlo con una arma de fuego. Los hechos se dieron despu\u00e9s de que el camar\u00f3grafo documentara el momento en el que el diputado Aristeo Rodr\u00edguez le ped\u00eda el arma de cargo a su escolta para amedrentar a su compa\u00f1ero legislador Francisco Navarrete Conde, esto como parte de un juego entre ambos diputados. Minutos despu\u00e9s Rodr\u00edguez se acerc\u00f3 al camar\u00f3grafo y lo amenaz\u00f3 a punta de pistola, con la finalidad de que las im\u00e1genes no se hicieran p\u00fablicas.<\/p>\n<p>En el mes siguiente a los hechos ocurridos contra R\u00e9ne P\u00e9rez, la Universidad Aut\u00f3noma del Estado de Morelos \u00a0(UAEM), durante el cierre del ciclo \u201cDi\u00e1logos pol\u00edticos por la seguridad ciudadana\u201d,\u00a0manifest\u00f3 su apoyo a la red de periodistas\u00a0del estado. \u00a0En dicho ciclo se abordaron y compartieron las experiencias de los periodistas, en torno a la violencia que es perceptible la labor informativa. \u00a0La universidad indic\u00f3 que la red servir\u00e1\u00a0para que \u2014a medida que se vaya articulando y creciendo\u2014 los derechos de las personas periodistas encuentren protecci\u00f3n, promoci\u00f3n y garant\u00edas de reparaci\u00f3n y no repetici\u00f3n, cuando existan da\u00f1os contra sus miembros, adem\u00e1s buscar\u00e1 la prevenci\u00f3n de los mismos<a href=\"http:\/\/morelos30.com\/anuncian-red-para-proteccion-de-periodistas-y-libertad-de-prensa\/\">.<\/a>\u00a0La UAEM llam\u00f3 a la necesidad de que dentro de la red existan protocolos de seguridad y de reacci\u00f3n, que conjunto al apoyo de la instituci\u00f3n, logren conjugar acciones urgentes de prevenci\u00f3n.<\/p>\n<p>En Morelos \u201csupuestamente\u201d existe un Mecanismo de protecci\u00f3n para periodistas, que integraban representantes del gremio. Ademas dicho mecanismo estaba compuesto por integrantes del poder ejecutivo y judicial del estado. A mediados de enero de 2016, los periodistas que integraban y representaban al gremio decidieron suspender su participaci\u00f3n en el Mecanismo, pues consideraban que no exist\u00edan las condiciones pr\u00e1cticas, formales y de fondo por parte de las instancias involucradas que garanticen la operaci\u00f3n y el funcionamiento adecuado del Mecanismo. Al respecto, Jes\u00fas Castillo\u00a0se\u00f1al\u00f3 que \u201cpor parte del gobierno hay una simulaci\u00f3n, hay un doble discurso, por un lado se presentan a las sesiones del \u201cMecanismo de protecci\u00f3n para periodistas\u201d, pero no se cumple con los acuerdos que se tienen cuando se trata de proteger a compa\u00f1eros que han sido amenazados\u201d.<\/p>\n<p>Los ahora ex representantes informaron que de 2012 a la fecha, 23 compa\u00f1eros activaron el Mecanismo, 10 de los cuales sucedieron en 2015 y 16 casos siguen activos y en riesgo. Durante la conferencia de presa, hicieron de dominio p\u00fablico las faltas que los representantes del gobierno incurrieron: se tomaron v\u00eddeos de los asistentes sin una previa autorizaci\u00f3n y posteriormente desaparecieron dicho material. Siguiendo el mismo m\u00e9todo, sustrajeron las listas de asistencia y documentos oficiales de las sesiones.<\/p>\n<p>Sin un Mecanismo de protecci\u00f3n que funcione de manera precisa y congruente, la seguridad de los periodistas queda totalmente susceptible. Es primordial, la organizaci\u00f3n y la protecci\u00f3n de quienes realizan tan honrosa profesi\u00f3n.<\/p>\n<p>Nota editorial:<\/p>\n<p>El lunes 08 de febrero fue secuestrada de su hogar, en Veracruz, la periodista Anabel Flores por un grupo armado presuntamente uniformado. Al d\u00eda siguiente su cuerpo fue encontrado sin vida en el estado de Puebla. Anabel Flores forma parte de los 17 comunicadores silenciados adjudicados al gobierno del pri\u00edsta Javier Duarte.<\/p>\n<p>Morelos no esta exento, todo parece indicar que estamos en la antesala de la total agresi\u00f3n y privaci\u00f3n contra los periodistas. El Estado, encargado de proteger y garantizar los derechos m\u00e1s indispensables de cada uno de los ciudadanos, maneja -como se refer\u00eda Castillo- un doble discurso, una doble personalidad. No es capaz de garantizar el bienestar de quienes ejercen la labor informativa, porque es \u00e9l mismo quien ataca y censurar a los trabajadores de los medios que buscan (y luchan) por hacer valer el derecho a la libre expresi\u00f3n y de prensa.<\/p>\n<p>La presuntuosa impunidad en la que vivimos actualmente, debe llegar a su fin, no podemos continuar con un gobierno encabezado por Enrique Pe\u00f1a Nieto, que permita y mantenga impunes a aquellos quienes ostentan de atropellar nuestros derechos. A qui\u00e9n recurriremos para buscar nuestra protecci\u00f3n, si aquellos que deber\u00edan de brindarla son los mismos que accionan sus armas en contra de la libertad.<\/p>\n<p><a class=\"autohyperlink\" title=\"http:\/\/morelos30.com\/morelos-no-es-la-excepcion-la-labor-informativa-en-riesgo\/\" href=\"http:\/\/morelos30.com\/morelos-no-es-la-excepcion-la-labor-informativa-en-riesgo\/\" target=\"_blank\" rel=\"noopener\">morelos30.com\/morelos-no-es-la-excepcion-la-labor-informativa-en-riesgo\/<\/a><\/p>\n","protected":false},"excerpt":{"rendered":"<p>Morelos Tres punto cero El asesinato de Anabel Flores y de 16 periodistas m\u00e1s en Veracruz, muestra el panorama de la terrible realidad que vive el periodismo en nuestro pa\u00eds. &hellip; <a href=\"http:\/\/www.grieta.org.mx\/index.php\/2016\/02\/11\/morelos-no-es-la-excepcion-la-labor-informativa-en-riesgo\/\" class=\"more-link\">Leer m\u00e1s<\/a><\/p>\n","protected":false},"author":2,"featured_media":21928,"comment_status":"closed","ping_status":"open","sticky":false,"template":"","format":"standard","meta":{"ngg_post_thumbnail":0,"_jetpack_newsletter_access":"","_jetpack_dont_email_post_to_subs":false,"_jetpack_newsletter_tier_id":0,"_jetpack_memberships_contains_paywalled_content":false,"_jetpack_memberships_contains_paid_content":false,"footnotes":""},"categories":[1773,80,22,482,2],"tags":[120],"class_list":{"0":"post-8538","1":"post","2":"type-post","3":"status-publish","4":"format-standard","5":"has-post-thumbnail","6":"hentry","7":"category-agresiones-a-periodistas-en-morelos","8":"category-cintillo","9":"category-morelos","11":"category-noticias-nacionales","12":"tag-violencia-contra-periodistas","13":"entry"},"jetpack_featured_media_url":"http:\/\/www.grieta.org.mx\/wp-content\/uploads\/2018\/03\/14524434_1106112876131411_958039263622046936_o.jpg","jetpack_sharing_enabled":true,"jetpack_shortlink":"https:\/\/wp.me\/p7ZJR4-2dI","jetpack_likes_enabled":false,"jetpack-related-posts":[{"id":8537,"url":"http:\/\/www.grieta.org.mx\/index.php\/2016\/02\/11\/agresiones-a-periodistas-en-morelos\/","url_meta":{"origin":8538,"position":0},"title":"Agresiones a periodistas en Morelos","author":"grieta","date":"11 febrero, 2016","format":false,"excerpt":"11\/02\/16. Morelos no es la excepci\u00f3n: la labor informativa en riesgo Morelos Tres punto cero 19\/01\/16. Periodistas de Morelos denuncian y dejan el Mecanismo de Protecci\u00f3n del Estado Morelos Tres punto cero 05\/08\/15. Se manifiestan reporteros contra Gobernador de Morelos Seis punto cero","rel":"","context":"En &quot;Morelos&quot;","block_context":{"text":"Morelos","link":"http:\/\/www.grieta.org.mx\/index.php\/category\/noticias-nacionales\/morelos\/"},"img":{"alt_text":"","src":"https:\/\/i0.wp.com\/www.grieta.org.mx\/wp-content\/uploads\/2018\/03\/14524434_1106112876131411_958039263622046936_o.jpg?resize=350%2C200","width":350,"height":200,"srcset":"https:\/\/i0.wp.com\/www.grieta.org.mx\/wp-content\/uploads\/2018\/03\/14524434_1106112876131411_958039263622046936_o.jpg?resize=350%2C200 1x, https:\/\/i0.wp.com\/www.grieta.org.mx\/wp-content\/uploads\/2018\/03\/14524434_1106112876131411_958039263622046936_o.jpg?resize=525%2C300 1.5x, https:\/\/i0.wp.com\/www.grieta.org.mx\/wp-content\/uploads\/2018\/03\/14524434_1106112876131411_958039263622046936_o.jpg?resize=700%2C400 2x"},"classes":[]},{"id":37627,"url":"http:\/\/www.grieta.org.mx\/index.php\/2019\/07\/31\/condenan-periodistas-desplazados-asesinato-de-comunicador-en-morelos\/","url_meta":{"origin":8538,"position":1},"title":"Condenan periodistas desplazados asesinato de comunicador en Morelos","author":"grieta","date":"31 julio, 2019","format":false,"excerpt":"Redacci\u00f3n \/ El Sol de M\u00e9xico En la administraci\u00f3n del presidente Andr\u00e9s Manuel L\u00f3pez Obrador han sido asesinados 11 periodistas en M\u00e9xico CUERNAVACA. La tarde de este martes fue descubierto el cad\u00e1ver de Rogelio Barrag\u00e1n, director del medio de comunicaci\u00f3n digital Guerrero al Instante, en la cajuela de un autom\u00f3vil\u2026","rel":"","context":"En &quot;Agresiones a periodistas en Morelos&quot;","block_context":{"text":"Agresiones a periodistas en Morelos","link":"http:\/\/www.grieta.org.mx\/index.php\/category\/noticias-nacionales\/morelos\/agresiones-a-periodistas-en-morelos\/"},"img":{"alt_text":"","src":"https:\/\/i0.wp.com\/www.grieta.org.mx\/wp-content\/uploads\/2019\/08\/Cortes%C3%ADa-Edgar-Yesca-periodista.jpg?resize=350%2C200","width":350,"height":200,"srcset":"https:\/\/i0.wp.com\/www.grieta.org.mx\/wp-content\/uploads\/2019\/08\/Cortes%C3%ADa-Edgar-Yesca-periodista.jpg?resize=350%2C200 1x, https:\/\/i0.wp.com\/www.grieta.org.mx\/wp-content\/uploads\/2019\/08\/Cortes%C3%ADa-Edgar-Yesca-periodista.jpg?resize=525%2C300 1.5x, https:\/\/i0.wp.com\/www.grieta.org.mx\/wp-content\/uploads\/2019\/08\/Cortes%C3%ADa-Edgar-Yesca-periodista.jpg?resize=700%2C400 2x"},"classes":[]},{"id":8546,"url":"http:\/\/www.grieta.org.mx\/index.php\/2016\/01\/19\/inicioinicio-noticias-nacionales-periodistas-de-morelos-denuncian-y-dejan-el-mecanismo-de-proteccion-del-estado\/","url_meta":{"origin":8538,"position":2},"title":"Periodistas de Morelos denuncian y dejan el Mecanismo de Protecci\u00f3n del Estado","author":"grieta","date":"19 enero, 2016","format":false,"excerpt":"Cesar Isaac Morelos Tres punto ceroIntegrantes del Mecanismo de Protecci\u00f3n denuncian faltas del gobierno y anuncian la no cooperaci\u00f3n con el mismo. Se\u00f1alan principalmente al CESP y la Fiscal\u00eda Estatal, encabezadas por Alberto Capella y Javier P\u00e9rez Dur\u00f3n, respectivamente. (19 enero de 2016 MORELOSTRESPUNTOCERO).- El d\u00eda de hoy a las\u2026","rel":"","context":"En &quot;Agresiones a periodistas en Morelos&quot;","block_context":{"text":"Agresiones a periodistas en Morelos","link":"http:\/\/www.grieta.org.mx\/index.php\/category\/noticias-nacionales\/morelos\/agresiones-a-periodistas-en-morelos\/"},"img":{"alt_text":"","src":"https:\/\/i0.wp.com\/www.grieta.org.mx\/wp-content\/uploads\/2018\/03\/14524434_1106112876131411_958039263622046936_o.jpg?resize=350%2C200","width":350,"height":200,"srcset":"https:\/\/i0.wp.com\/www.grieta.org.mx\/wp-content\/uploads\/2018\/03\/14524434_1106112876131411_958039263622046936_o.jpg?resize=350%2C200 1x, https:\/\/i0.wp.com\/www.grieta.org.mx\/wp-content\/uploads\/2018\/03\/14524434_1106112876131411_958039263622046936_o.jpg?resize=525%2C300 1.5x, https:\/\/i0.wp.com\/www.grieta.org.mx\/wp-content\/uploads\/2018\/03\/14524434_1106112876131411_958039263622046936_o.jpg?resize=700%2C400 2x"},"classes":[]},{"id":42951,"url":"http:\/\/www.grieta.org.mx\/index.php\/2019\/12\/17\/amenazan-de-muerte-a-periodista-senalan-a-autoridades-de-jojutla-morelos\/","url_meta":{"origin":8538,"position":3},"title":"Amenazan de muerte a periodista; se\u00f1alan a autoridades de Jojutla (Morelos)","author":"grieta","date":"17 diciembre, 2019","format":false,"excerpt":"Estrella Pedroza \/ La Silla Rota La periodista Dulce Rayo fue amenazada de muerte en la zona sur de Morelos , luego de que Joseph Vega Guti\u00e9rrez, director de Servicios P\u00fablicos del municipio de Jojutla, emprendi\u00f3 una campa\u00f1a de hostigamiento y desprestigio en su contra, todo bajo la protecci\u00f3n del\u2026","rel":"","context":"En &quot;Agresiones a periodistas en Morelos&quot;","block_context":{"text":"Agresiones a periodistas en Morelos","link":"http:\/\/www.grieta.org.mx\/index.php\/category\/noticias-nacionales\/morelos\/agresiones-a-periodistas-en-morelos\/"},"img":{"alt_text":"","src":"https:\/\/i0.wp.com\/www.grieta.org.mx\/wp-content\/uploads\/2020\/01\/periodistaamenazada-focus-0.11-0.12-983-557.jpg?resize=350%2C200","width":350,"height":200,"srcset":"https:\/\/i0.wp.com\/www.grieta.org.mx\/wp-content\/uploads\/2020\/01\/periodistaamenazada-focus-0.11-0.12-983-557.jpg?resize=350%2C200 1x, https:\/\/i0.wp.com\/www.grieta.org.mx\/wp-content\/uploads\/2020\/01\/periodistaamenazada-focus-0.11-0.12-983-557.jpg?resize=525%2C300 1.5x, https:\/\/i0.wp.com\/www.grieta.org.mx\/wp-content\/uploads\/2020\/01\/periodistaamenazada-focus-0.11-0.12-983-557.jpg?resize=700%2C400 2x"},"classes":[]},{"id":56137,"url":"http:\/\/www.grieta.org.mx\/index.php\/2021\/01\/04\/17-periodistas-asesinados-en-dos-anos-del-gobierno-de-4t\/","url_meta":{"origin":8538,"position":4},"title":"17 periodistas asesinados en dos a\u00f1os del gobierno de  4T","author":"grieta","date":"4 enero, 2021","format":false,"excerpt":"Redacci\u00f3n\/ Sol Yucat\u00e1n Ciudad de M\u00e9xico. \u2013 Durante los primeros dos a\u00f1os del gobierno de la 4T, la situaci\u00f3n del periodismo en nuestro pa\u00eds se agrav\u00f3 casi al doble, en comparaci\u00f3n con gobiernos anteriores. Cada 4 de enero se reconoce la labor de las y los periodistas mexicanos, quienes hacen\u2026","rel":"","context":"En &quot;Agresiones a periodistas en Morelos&quot;","block_context":{"text":"Agresiones a periodistas en Morelos","link":"http:\/\/www.grieta.org.mx\/index.php\/category\/noticias-nacionales\/morelos\/agresiones-a-periodistas-en-morelos\/"},"img":{"alt_text":"","src":"https:\/\/i0.wp.com\/www.grieta.org.mx\/wp-content\/uploads\/2021\/01\/WhatsApp-Image-2021-01-04-at-10.51.40.jpg?resize=350%2C200","width":350,"height":200,"srcset":"https:\/\/i0.wp.com\/www.grieta.org.mx\/wp-content\/uploads\/2021\/01\/WhatsApp-Image-2021-01-04-at-10.51.40.jpg?resize=350%2C200 1x, https:\/\/i0.wp.com\/www.grieta.org.mx\/wp-content\/uploads\/2021\/01\/WhatsApp-Image-2021-01-04-at-10.51.40.jpg?resize=525%2C300 1.5x, https:\/\/i0.wp.com\/www.grieta.org.mx\/wp-content\/uploads\/2021\/01\/WhatsApp-Image-2021-01-04-at-10.51.40.jpg?resize=700%2C400 2x"},"classes":[]},{"id":8552,"url":"http:\/\/www.grieta.org.mx\/index.php\/2015\/08\/05\/se-manifiestan-reporteros-contra-gobernador-de-morelos\/","url_meta":{"origin":8538,"position":5},"title":"Se manifiestan reporteros contra Gobernador de Morelos","author":"grieta","date":"5 agosto, 2015","format":false,"excerpt":"Seis punto cero Dulce Maya Cuernavaca, Mor.\u2014Camar\u00f3grafos, fot\u00f3grafos, corresponsales nacionales y reporteros de Morelos, se manifestaron la ma\u00f1ana de este mi\u00e9rcoles, en repudio al gobernador Graco Ram\u00edrez, quien acus\u00f3 a los reporteros de la entidad de no aplaudir sus logros, por no estar en la n\u00f3mina del gobierno estatal. Con\u2026","rel":"","context":"En &quot;Agresiones a periodistas en Morelos&quot;","block_context":{"text":"Agresiones a periodistas en Morelos","link":"http:\/\/www.grieta.org.mx\/index.php\/category\/noticias-nacionales\/morelos\/agresiones-a-periodistas-en-morelos\/"},"img":{"alt_text":"","src":"https:\/\/i0.wp.com\/www.grieta.org.mx\/wp-content\/uploads\/2018\/03\/14524434_1106112876131411_958039263622046936_o.jpg?resize=350%2C200","width":350,"height":200,"srcset":"https:\/\/i0.wp.com\/www.grieta.org.mx\/wp-content\/uploads\/2018\/03\/14524434_1106112876131411_958039263622046936_o.jpg?resize=350%2C200 1x, https:\/\/i0.wp.com\/www.grieta.org.mx\/wp-content\/uploads\/2018\/03\/14524434_1106112876131411_958039263622046936_o.jpg?resize=525%2C300 1.5x, https:\/\/i0.wp.com\/www.grieta.org.mx\/wp-content\/uploads\/2018\/03\/14524434_1106112876131411_958039263622046936_o.jpg?resize=700%2C400 2x"},"classes":[]}],"_links":{"self":[{"href":"http:\/\/www.grieta.org.mx\/index.php\/wp-json\/wp\/v2\/posts\/8538","targetHints":{"allow":["GET"]}}],"collection":[{"href":"http:\/\/www.grieta.org.mx\/index.php\/wp-json\/wp\/v2\/posts"}],"about":[{"href":"http:\/\/www.grieta.org.mx\/index.php\/wp-json\/wp\/v2\/types\/post"}],"author":[{"embeddable":true,"href":"http:\/\/www.grieta.org.mx\/index.php\/wp-json\/wp\/v2\/users\/2"}],"replies":[{"embeddable":true,"href":"http:\/\/www.grieta.org.mx\/index.php\/wp-json\/wp\/v2\/comments?post=8538"}],"version-history":[{"count":1,"href":"http:\/\/www.grieta.org.mx\/index.php\/wp-json\/wp\/v2\/posts\/8538\/revisions"}],"predecessor-version":[{"id":26795,"href":"http:\/\/www.grieta.org.mx\/index.php\/wp-json\/wp\/v2\/posts\/8538\/revisions\/26795"}],"wp:featuredmedia":[{"embeddable":true,"href":"http:\/\/www.grieta.org.mx\/index.php\/wp-json\/wp\/v2\/media\/21928"}],"wp:attachment":[{"href":"http:\/\/www.grieta.org.mx\/index.php\/wp-json\/wp\/v2\/media?parent=8538"}],"wp:term":[{"taxonomy":"category","embeddable":true,"href":"http:\/\/www.grieta.org.mx\/index.php\/wp-json\/wp\/v2\/categories?post=8538"},{"taxonomy":"post_tag","embeddable":true,"href":"http:\/\/www.grieta.org.mx\/index.php\/wp-json\/wp\/v2\/tags?post=8538"}],"curies":[{"name":"wp","href":"https:\/\/api.w.org\/{rel}","templated":true}]}}