{"id":8502,"date":"2015-02-16T20:32:16","date_gmt":"2015-02-16T20:32:16","guid":{"rendered":"http:\/\/50.22.11.12\/~grietaor\/?p=8502"},"modified":"2016-03-30T20:33:23","modified_gmt":"2016-03-30T20:33:23","slug":"incendian-camioneta-de-fotografo-de-la-jornada-zacatecas","status":"publish","type":"post","link":"http:\/\/www.grieta.org.mx\/index.php\/2015\/02\/16\/incendian-camioneta-de-fotografo-de-la-jornada-zacatecas\/","title":{"rendered":"Incendian camioneta de fot\u00f3grafo de La Jornada Zacatecas"},"content":{"rendered":"<p>16 febrero, 2015<\/p>\n<p>La Jornada Zacatecas<\/p>\n<p>Zacatecas. Zac. La madrugada de este domingo 15 de febrero sujetos no identificados prendieron fuego a la camioneta Jeep Rangler del reportero gr\u00e1fico Ernesto Moreno Valtierra, fot\u00f3grafo del peri\u00f3dico La Jornada \u2013 Zacatecas, quien en el pasado sexenio (2004-2010), fue el fot\u00f3grafo oficial de la entonces gobernadora Amalia Garc\u00eda Medina.<\/p>\n<p>El Jeep Rangler fue incendiado y qued\u00f3 completamente calcinado donde estaba estacionado: la explanada del templo de Santo Domingo, una zona con vigilancia constante de polic\u00edas estatales, municipales e incluso ministeriales, porque a s\u00f3lo una cuadra se encuentra el palacio de gobierno de Zacatecas, y a escasos doscientos metros vive la familia del gobernador Miguel Alonso Reyes.<\/p>\n<p>El fotoperiodista lo dej\u00f3 estacionado en ese sitio la noche del s\u00e1bado, aproximadamente a las 21 horas, luego de que el veh\u00edculo sufri\u00f3 una aver\u00eda mec\u00e1nica en el sistema de direcci\u00f3n. En la maniobra golpe\u00f3 accidentalmente a otro veh\u00edculo y le estrell\u00f3 una \u201ccalavera\u201d trasera. Como pudo lo estacion\u00f3 junto con otros veh\u00edculos, lo cerr\u00f3 y se fue a dormir a su casa. La ma\u00f1ana del domingo, cuando fue por su Jeep, lo encontr\u00f3 completamente calcinado.<\/p>\n<p>Vecinos del lugar le informaron que personal de bomberos y protecci\u00f3n civil acudieron a apagar el carro, pero cuando \u00e9ste ya hab\u00eda sido consumido casi completamente por el fuego. Nadie le llam\u00f3 por tel\u00e9fono ni avis\u00f3 a su peri\u00f3dico, que se ubica a tres cuadras del lugar.<\/p>\n<p>Ernesto Moreno Valtierra tiene una importante trayectoria como fotoperiodista en la agencia Cuartoscuro, adem\u00e1s de haber trabajado en diversos peri\u00f3dicos de Zacatecas y la Ciudad de M\u00e9xico, y ya interpuso una denuncia formal por los hechos ante la procuradur\u00eda general de justicia del estado. Este lunes al conocerse el hecho recibi\u00f3 m\u00faltiples muestras de solidaridad de otros reporteros.<\/p>\n<p>Raymundo C\u00e1rdenas Vargas, director de La Jornada Zacatecas, refiri\u00f3 en entrevista que su fot\u00f3grafo se encuentra preocupado, pues asegura no haber recibido ning\u00fan tipo de amenaza previa, de ning\u00fan tipo, para haber sufrido este ataque en su patrimonio.<\/p>\n<p>C\u00e1rdenas Vargas se\u00f1al\u00f3 adem\u00e1s que ya tuvo comunicaci\u00f3n con Arturo Nahle Garc\u00eda, procurador general de justicia de Zacatecas, quien le asegur\u00f3 que la tarde de este mismo lunes esperaba tener ya la copia de las distintas c\u00e1maras de seguridad (por lo menos tres), que se encuentran en el per\u00edmetro del centro hist\u00f3rico donde ocurrieron los hechos, para dar con los responsables del ataque.<\/p>\n<p>\u201cSin embargo nosotros s\u00ed lo vemos como un acto intimidatorio, ya sea por asuntos del peri\u00f3dico o asuntos personales de Ernesto Moreno, estamos preocupados y le estamos dando todo nuestro respaldo\u201d, dijo el director de La Jornada Zacatecas, quien sin embargo mostr\u00f3 confianza en que las autoridades locales den con el paradero de quienes perpetraron el incendio del veh\u00edculo.<\/p>\n<p>Moreno Valtierra es considerado por otros reporteros que lo conocen y han tratado como un periodista \u201ctranquilo; no se mete en problemas\u201d. Sin embargo apenas el pasado 12 de febrero, en su portal de Facebook, Ernesto Moreno Valtierra public\u00f3 una foto donde aparecen dos militares uniformados, quienes est\u00e1n distra\u00eddos revisando sus tel\u00e9fonos celulares, mientras estar\u00eda realizando labores de vigilancia en el centro de la ciudad de Zacatecas, a s\u00f3lo media cuadra del lugar donde fue incendiado su Jeep.<\/p>\n<p><a href=\"http:\/\/www.jornada.unam.mx\/ultimas\/2015\/02\/16\/incendian-camioneta-de-fotografo-de-la-jornada-zacatecas-5197.html\" target=\"_blank\"> www.jornada.unam.mx\/ultimas\/2015\/02\/16\/incendian-camioneta-de-fotografo-de-la-jornada-zacatecas-5197.html<\/a><\/p>\n","protected":false},"excerpt":{"rendered":"<p>16 febrero, 2015 La Jornada Zacatecas Zacatecas. Zac. La madrugada de este domingo 15 de febrero sujetos no identificados prendieron fuego a la camioneta Jeep Rangler del reportero gr\u00e1fico Ernesto &hellip; <a href=\"http:\/\/www.grieta.org.mx\/index.php\/2015\/02\/16\/incendian-camioneta-de-fotografo-de-la-jornada-zacatecas\/\" class=\"more-link\">Leer m\u00e1s<\/a><\/p>\n","protected":false},"author":2,"featured_media":21928,"comment_status":"closed","ping_status":"open","sticky":false,"template":"","format":"standard","meta":{"ngg_post_thumbnail":0,"_jetpack_newsletter_access":"","_jetpack_dont_email_post_to_subs":false,"_jetpack_newsletter_tier_id":0,"_jetpack_memberships_contains_paywalled_content":false,"_jetpack_memberships_contains_paid_content":false,"footnotes":""},"categories":[80],"tags":[120],"class_list":["post-8502","post","type-post","status-publish","format-standard","has-post-thumbnail","hentry","category-cintillo","tag-violencia-contra-periodistas","entry"],"jetpack_featured_media_url":"http:\/\/www.grieta.org.mx\/wp-content\/uploads\/2018\/03\/14524434_1106112876131411_958039263622046936_o.jpg","jetpack_sharing_enabled":true,"jetpack_shortlink":"https:\/\/wp.me\/p7ZJR4-2d8","jetpack_likes_enabled":false,"jetpack-related-posts":[{"id":8500,"url":"http:\/\/www.grieta.org.mx\/index.php\/2015\/02\/17\/funcionario-de-zacatecas-amenazo-a-fotografo-hace-meses-no-descarta-otro-movil\/","url_meta":{"origin":8502,"position":0},"title":"Funcionario de Zacatecas amenaz\u00f3 a fot\u00f3grafo hace meses; no descarta otro m\u00f3vil","author":"grieta","date":"17 febrero, 2015","format":false,"excerpt":"17 febrero, 2015 La Jornada Zacatecas, Zac. Ernesto Moreno Valtierra, reportero gr\u00e1fico del peri\u00f3dico La Jornada Zacatecas, ampli\u00f3 su denuncia ministerial por el incidente del domingo donde su camioneta Jeep Wrangler fue incendiada; revel\u00f3 que hace aproximadamente tres meses fue amenazado de muerte por el doctor C\u00e9sar Medina Jara, subdirector\u2026","rel":"","context":"En &quot;CINTILLO&quot;","block_context":{"text":"CINTILLO","link":"http:\/\/www.grieta.org.mx\/index.php\/category\/cintillo\/"},"img":{"alt_text":"","src":"https:\/\/i0.wp.com\/www.grieta.org.mx\/wp-content\/uploads\/2018\/03\/14524434_1106112876131411_958039263622046936_o.jpg?resize=350%2C200","width":350,"height":200,"srcset":"https:\/\/i0.wp.com\/www.grieta.org.mx\/wp-content\/uploads\/2018\/03\/14524434_1106112876131411_958039263622046936_o.jpg?resize=350%2C200 1x, https:\/\/i0.wp.com\/www.grieta.org.mx\/wp-content\/uploads\/2018\/03\/14524434_1106112876131411_958039263622046936_o.jpg?resize=525%2C300 1.5x, https:\/\/i0.wp.com\/www.grieta.org.mx\/wp-content\/uploads\/2018\/03\/14524434_1106112876131411_958039263622046936_o.jpg?resize=700%2C400 2x"},"classes":[]},{"id":8509,"url":"http:\/\/www.grieta.org.mx\/index.php\/2016\/03\/27\/violencia-contra-periodistas-en-zacatecas\/","url_meta":{"origin":8502,"position":1},"title":"Violencia contra period\u00edstas en Zacatecas","author":"grieta","date":"27 marzo, 2016","format":false,"excerpt":"27\/03\/15. Denuncia corresponsal de La Jornada en Zacatecas intento de intimidaci\u00f3n La Jornada 17\/02\/15. Funcionario de Zacatecas amenaz\u00f3 a fot\u00f3grafo hace meses; no descarta otro m\u00f3vil La Jornada 16\/02\/15. Incendian camioneta de fot\u00f3grafo de La Jornada Zacatecas La Jornada Zacatecas","rel":"","context":"En &quot;Violencia contra periodistas&quot;","block_context":{"text":"Violencia contra periodistas","link":"http:\/\/www.grieta.org.mx\/index.php\/category\/temas-nacionales\/violencia-contra-periodistas\/"},"img":{"alt_text":"","src":"https:\/\/i0.wp.com\/www.grieta.org.mx\/wp-content\/uploads\/2018\/03\/14524434_1106112876131411_958039263622046936_o.jpg?resize=350%2C200","width":350,"height":200,"srcset":"https:\/\/i0.wp.com\/www.grieta.org.mx\/wp-content\/uploads\/2018\/03\/14524434_1106112876131411_958039263622046936_o.jpg?resize=350%2C200 1x, https:\/\/i0.wp.com\/www.grieta.org.mx\/wp-content\/uploads\/2018\/03\/14524434_1106112876131411_958039263622046936_o.jpg?resize=525%2C300 1.5x, https:\/\/i0.wp.com\/www.grieta.org.mx\/wp-content\/uploads\/2018\/03\/14524434_1106112876131411_958039263622046936_o.jpg?resize=700%2C400 2x"},"classes":[]},{"id":8506,"url":"http:\/\/www.grieta.org.mx\/index.php\/2016\/03\/27\/denuncia-corresponsal-de-la-jornada-en-zacatecas-intento-de-intimidacion\/","url_meta":{"origin":8502,"position":2},"title":"Denuncia corresponsal de La Jornada en Zacatecas intento de intimidaci\u00f3n","author":"grieta","date":"27 marzo, 2016","format":false,"excerpt":"Por la redacci\u00f3n dom, 27 mar 2016 Alfredo Valadez Rodr\u00edguez, corresponsal de La Jornada en Zacatecas, denunci\u00f3 que desconocidos rompieron la madrugada de ayer, utilizando una piedra, el medall\u00f3n de su camioneta, justo en la parte donde estaba pegado el logotipo de esta casa editorial. El veh\u00edculo, una Ford Ecosport,\u2026","rel":"","context":"En &quot;CINTILLO&quot;","block_context":{"text":"CINTILLO","link":"http:\/\/www.grieta.org.mx\/index.php\/category\/cintillo\/"},"img":{"alt_text":"","src":"https:\/\/i0.wp.com\/www.grieta.org.mx\/wp-content\/uploads\/2018\/03\/14524434_1106112876131411_958039263622046936_o.jpg?resize=350%2C200","width":350,"height":200,"srcset":"https:\/\/i0.wp.com\/www.grieta.org.mx\/wp-content\/uploads\/2018\/03\/14524434_1106112876131411_958039263622046936_o.jpg?resize=350%2C200 1x, https:\/\/i0.wp.com\/www.grieta.org.mx\/wp-content\/uploads\/2018\/03\/14524434_1106112876131411_958039263622046936_o.jpg?resize=525%2C300 1.5x, https:\/\/i0.wp.com\/www.grieta.org.mx\/wp-content\/uploads\/2018\/03\/14524434_1106112876131411_958039263622046936_o.jpg?resize=700%2C400 2x"},"classes":[]},{"id":1410,"url":"http:\/\/www.grieta.org.mx\/index.php\/2016\/03\/27\/movilizaciones-por-ayotzinapa-en-zacatecas\/","url_meta":{"origin":8502,"position":3},"title":"Movilizaciones por Ayotzinapa en Zacatecas","author":"grieta","date":"27 marzo, 2016","format":false,"excerpt":"27\/03\/16. Exigen esclarecimiento del caso Ayotzinapa NTR Zacatecas 26\/01\/16. Marcha MDMZ en conmemoraci\u00f3n de caso Ayotzinapa NTR Zacatecas 26\/09\/15. Marchan por Ayotzinapa (Zacatecas) NTR Zacatecas 24\/09\/15. Acuerdan alumnos de diferentes instituciones cinco acciones en reclamo de justicia por caso el Ayotzinapa La Jornada Zacatecas","rel":"","context":"En &quot;CINTILLO&quot;","block_context":{"text":"CINTILLO","link":"http:\/\/www.grieta.org.mx\/index.php\/category\/cintillo\/"},"img":{"alt_text":"","src":"https:\/\/i0.wp.com\/www.grieta.org.mx\/wp-content\/uploads\/2018\/03\/14524434_1106112876131411_958039263622046936_o.jpg?resize=350%2C200","width":350,"height":200,"srcset":"https:\/\/i0.wp.com\/www.grieta.org.mx\/wp-content\/uploads\/2018\/03\/14524434_1106112876131411_958039263622046936_o.jpg?resize=350%2C200 1x, https:\/\/i0.wp.com\/www.grieta.org.mx\/wp-content\/uploads\/2018\/03\/14524434_1106112876131411_958039263622046936_o.jpg?resize=525%2C300 1.5x, https:\/\/i0.wp.com\/www.grieta.org.mx\/wp-content\/uploads\/2018\/03\/14524434_1106112876131411_958039263622046936_o.jpg?resize=700%2C400 2x"},"classes":[]},{"id":1397,"url":"http:\/\/www.grieta.org.mx\/index.php\/2015\/01\/31\/dejan-zacatecas-200-mineras-en-dos-anos-miles-pierden-empleo\/","url_meta":{"origin":8502,"position":4},"title":"Dejan Zacatecas 200 mineras en dos a\u00f1os; miles pierden empleo","author":"grieta","date":"31 enero, 2015","format":false,"excerpt":"La Jornada \/ Zacatecas, Zac. 31\/01\/2015 Alrededor de 200 empresas mineras asentadas en Zacatecas han abandonado trabajos de proyecci\u00f3n, exploraci\u00f3n y labores extractivas durante los dos a\u00f1os recientes por causas atribuibles a la ca\u00edda en los precios internacionales de los metales preciosos y por los impuestos que el Congreso de\u2026","rel":"","context":"En &quot;CINTILLO&quot;","block_context":{"text":"CINTILLO","link":"http:\/\/www.grieta.org.mx\/index.php\/category\/cintillo\/"},"img":{"alt_text":"","src":"https:\/\/i0.wp.com\/www.grieta.org.mx\/wp-content\/uploads\/2018\/03\/14524434_1106112876131411_958039263622046936_o.jpg?resize=350%2C200","width":350,"height":200,"srcset":"https:\/\/i0.wp.com\/www.grieta.org.mx\/wp-content\/uploads\/2018\/03\/14524434_1106112876131411_958039263622046936_o.jpg?resize=350%2C200 1x, https:\/\/i0.wp.com\/www.grieta.org.mx\/wp-content\/uploads\/2018\/03\/14524434_1106112876131411_958039263622046936_o.jpg?resize=525%2C300 1.5x, https:\/\/i0.wp.com\/www.grieta.org.mx\/wp-content\/uploads\/2018\/03\/14524434_1106112876131411_958039263622046936_o.jpg?resize=700%2C400 2x"},"classes":[]},{"id":64294,"url":"http:\/\/www.grieta.org.mx\/index.php\/2022\/02\/19\/marchan-en-zacatecas-exigiendo-justicia-para-jovenes-universitarios-asesinados\/","url_meta":{"origin":8502,"position":5},"title":"Marchan en Zacatecas exigiendo justicia para j\u00f3venes universitarios asesinados","author":"grieta","date":"19 febrero, 2022","format":false,"excerpt":"Hace una semana fueron privados ilegalmente de la libertad; los hallaron muertos Con informaci\u00f3n de Rosaura Rinc\u00f3n \u2502 El Sol de Zacatecas, 19 de febrero de 2022 Un centenar de personas (la mayor\u00eda j\u00f3venes) marcharon la ma\u00f1ana de este s\u00e1bado en la capital zacatecana para exigir justicia en el caso\u2026","rel":"","context":"En &quot;Abuso policiaco y tortura en Zacatecas&quot;","block_context":{"text":"Abuso policiaco y tortura en Zacatecas","link":"http:\/\/www.grieta.org.mx\/index.php\/category\/noticias-nacionales\/zacatecas\/abuso-policiaco-y-tortura-en-zacatecas\/"},"img":{"alt_text":"","src":"https:\/\/i0.wp.com\/www.grieta.org.mx\/wp-content\/uploads\/2022\/05\/Protesta-en-honor-de-jo%CC%81venes-asesinados.png?resize=350%2C200","width":350,"height":200,"srcset":"https:\/\/i0.wp.com\/www.grieta.org.mx\/wp-content\/uploads\/2022\/05\/Protesta-en-honor-de-jo%CC%81venes-asesinados.png?resize=350%2C200 1x, https:\/\/i0.wp.com\/www.grieta.org.mx\/wp-content\/uploads\/2022\/05\/Protesta-en-honor-de-jo%CC%81venes-asesinados.png?resize=525%2C300 1.5x, https:\/\/i0.wp.com\/www.grieta.org.mx\/wp-content\/uploads\/2022\/05\/Protesta-en-honor-de-jo%CC%81venes-asesinados.png?resize=700%2C400 2x"},"classes":[]}],"_links":{"self":[{"href":"http:\/\/www.grieta.org.mx\/index.php\/wp-json\/wp\/v2\/posts\/8502","targetHints":{"allow":["GET"]}}],"collection":[{"href":"http:\/\/www.grieta.org.mx\/index.php\/wp-json\/wp\/v2\/posts"}],"about":[{"href":"http:\/\/www.grieta.org.mx\/index.php\/wp-json\/wp\/v2\/types\/post"}],"author":[{"embeddable":true,"href":"http:\/\/www.grieta.org.mx\/index.php\/wp-json\/wp\/v2\/users\/2"}],"replies":[{"embeddable":true,"href":"http:\/\/www.grieta.org.mx\/index.php\/wp-json\/wp\/v2\/comments?post=8502"}],"version-history":[{"count":1,"href":"http:\/\/www.grieta.org.mx\/index.php\/wp-json\/wp\/v2\/posts\/8502\/revisions"}],"predecessor-version":[{"id":8504,"href":"http:\/\/www.grieta.org.mx\/index.php\/wp-json\/wp\/v2\/posts\/8502\/revisions\/8504"}],"wp:featuredmedia":[{"embeddable":true,"href":"http:\/\/www.grieta.org.mx\/index.php\/wp-json\/wp\/v2\/media\/21928"}],"wp:attachment":[{"href":"http:\/\/www.grieta.org.mx\/index.php\/wp-json\/wp\/v2\/media?parent=8502"}],"wp:term":[{"taxonomy":"category","embeddable":true,"href":"http:\/\/www.grieta.org.mx\/index.php\/wp-json\/wp\/v2\/categories?post=8502"},{"taxonomy":"post_tag","embeddable":true,"href":"http:\/\/www.grieta.org.mx\/index.php\/wp-json\/wp\/v2\/tags?post=8502"}],"curies":[{"name":"wp","href":"https:\/\/api.w.org\/{rel}","templated":true}]}}