{"id":8441,"date":"2016-02-09T20:08:43","date_gmt":"2016-02-09T20:08:43","guid":{"rendered":"http:\/\/50.22.11.12\/~grietaor\/?p=8441"},"modified":"2018-09-27T00:27:34","modified_gmt":"2018-09-27T05:27:34","slug":"consejo-universitario-de-uaem-exige-a-graco-ramirez-cumpla-las-demandas","status":"publish","type":"post","link":"http:\/\/www.grieta.org.mx\/index.php\/2016\/02\/09\/consejo-universitario-de-uaem-exige-a-graco-ramirez-cumpla-las-demandas\/","title":{"rendered":"Consejo Universitario de UAEM exige a Graco Ram\u00edrez cumpla las demandas"},"content":{"rendered":"<p>La Jornada<\/p>\n<p>El Consejo Universitario se reuni\u00f3 esta ma\u00f1ana en la explanada del Z\u00f3calo de la ciudad y se declar\u00f3 en sesi\u00f3n permanente, en espera de que el gobierno de Graco Ram\u00edrez cumpla con la entrega de recursos econ\u00f3micos que le corresponden a la casa de estudios, y que el Congreso local integre cuanto antes la Comisi\u00f3n de Participaci\u00f3n Ciudadana para que el gobernador cumpla su promesa de someterse a un proceso de revocaci\u00f3n de mandato.<\/p>\n<p>La junta del consejo universitario inici\u00f3 a las 8:30 y concluy\u00f3 minutos antes de las diez de la ma\u00f1ana.<\/p>\n<p>Durante el consejo universitario, le mandataron al rector de la Universidad Aut\u00f3noma del Estado de Morelos (UAEM), Alejandro Vera Jim\u00e9nez, que exija el cumplimiento de las 13 demandas universitarias y que la Ley de Participaci\u00f3n Ciudadana opere para que el gobernador, Graco Ram\u00edrez, sea sometido a consulta ciudadana y la mayor\u00eda de los morelenses decidan si sigue en el cargo o no.<\/p>\n<p>Otros universitarios llamaron a radicalizar m\u00e1s su movimiento social para lograr todas las demandas y un nuevo pacto social en Morelos.<\/p>\n<p>La reuni\u00f3n de los universitarios de la UAEM estaba convocada para las 10 de la ma\u00f1ana, pero de \u00faltima hora, se cambi\u00f3 a las 11:30 de la ma\u00f1ana a petici\u00f3n del gobierno del estado.<\/p>\n<p>En entrevista, el rector dijo que va por las 13 demandas y el Consejo de Participaci\u00f3n Ciudadana, de lo contrario advirti\u00f3 que los consejeros fijar\u00e1n otra ruta de lucha social.<\/p>\n<p>Hasta el Z\u00f3calo llegaron varias organizaciones sociales y pueblos de Morelos que son asesorados por la UAEM para apoyar a la m\u00e1xima casa de estudios en esta primera mesa de di\u00e1logo.<\/p>\n<p><a class=\"autohyperlink\" title=\"http:\/\/www.jornada.unam.mx\/ultimas\/2016\/02\/09\/se-reunen-universitarios-de-uaem-en-espera-de-graco-8069.html\" href=\"http:\/\/www.jornada.unam.mx\/ultimas\/2016\/02\/09\/se-reunen-universitarios-de-uaem-en-espera-de-graco-8069.html\" target=\"_blank\" rel=\"noopener\">www.jornada.unam.mx\/ultimas\/2016\/02\/09\/se-reunen-universitarios-de-uaem-en-espera-de-graco-8069.html<\/a><\/p>\n<p>&nbsp;<\/p>\n","protected":false},"excerpt":{"rendered":"<p>La Jornada El Consejo Universitario se reuni\u00f3 esta ma\u00f1ana en la explanada del Z\u00f3calo de la ciudad y se declar\u00f3 en sesi\u00f3n permanente, en espera de que el gobierno de &hellip; <a href=\"http:\/\/www.grieta.org.mx\/index.php\/2016\/02\/09\/consejo-universitario-de-uaem-exige-a-graco-ramirez-cumpla-las-demandas\/\" class=\"more-link\">Leer m\u00e1s<\/a><\/p>\n","protected":false},"author":2,"featured_media":21928,"comment_status":"closed","ping_status":"open","sticky":false,"template":"","format":"standard","meta":{"ngg_post_thumbnail":0,"_jetpack_newsletter_access":"","_jetpack_dont_email_post_to_subs":false,"_jetpack_newsletter_tier_id":0,"_jetpack_memberships_contains_paywalled_content":false,"_jetpack_memberships_contains_paid_content":false,"footnotes":""},"categories":[80,22,482,1774,2],"tags":[494],"class_list":{"0":"post-8441","1":"post","2":"type-post","3":"status-publish","4":"format-standard","5":"has-post-thumbnail","6":"hentry","7":"category-cintillo","8":"category-morelos","10":"category-movilizaciones-de-la-uaem","11":"category-noticias-nacionales","12":"tag-universidad-autonoma-del-estado-de-morelos","13":"entry"},"jetpack_featured_media_url":"http:\/\/www.grieta.org.mx\/wp-content\/uploads\/2018\/03\/14524434_1106112876131411_958039263622046936_o.jpg","jetpack_sharing_enabled":true,"jetpack_shortlink":"https:\/\/wp.me\/p7ZJR4-2c9","jetpack_likes_enabled":false,"jetpack-related-posts":[{"id":8421,"url":"http:\/\/www.grieta.org.mx\/index.php\/2016\/02\/14\/movilizaciones-de-la-uaem\/","url_meta":{"origin":8441,"position":0},"title":"Movilizaciones de la UAEM","author":"grieta","date":"14 febrero, 2016","format":false,"excerpt":"09\/02\/16. Se suma la APPM al plant\u00f3n de la UAEM Morelos Diario 09\/02\/16. Consejo Universitario de UAEM exige a Graco Ram\u00edrez cumpla las demandas La Jornada 04\/02\/16. \u00bfCu\u00e1les son las exigencias de la Uaem? Aqu\u00ed los 13 puntos Morelos Diario 08\/07\/15. Estudiantes de la UAEM pasan la noche en el\u2026","rel":"","context":"En &quot;Morelos&quot;","block_context":{"text":"Morelos","link":"http:\/\/www.grieta.org.mx\/index.php\/category\/noticias-nacionales\/morelos\/"},"img":{"alt_text":"","src":"https:\/\/i0.wp.com\/www.grieta.org.mx\/wp-content\/uploads\/2018\/03\/14524434_1106112876131411_958039263622046936_o.jpg?resize=350%2C200","width":350,"height":200,"srcset":"https:\/\/i0.wp.com\/www.grieta.org.mx\/wp-content\/uploads\/2018\/03\/14524434_1106112876131411_958039263622046936_o.jpg?resize=350%2C200 1x, https:\/\/i0.wp.com\/www.grieta.org.mx\/wp-content\/uploads\/2018\/03\/14524434_1106112876131411_958039263622046936_o.jpg?resize=525%2C300 1.5x, https:\/\/i0.wp.com\/www.grieta.org.mx\/wp-content\/uploads\/2018\/03\/14524434_1106112876131411_958039263622046936_o.jpg?resize=700%2C400 2x"},"classes":[]},{"id":8530,"url":"http:\/\/www.grieta.org.mx\/index.php\/2015\/05\/22\/restituyen-el-pago-a-los-jubilados-en-la-uaem\/","url_meta":{"origin":8441,"position":1},"title":"Restituyen el pago a los jubilados en la UAEM","author":"grieta","date":"22 mayo, 2015","format":false,"excerpt":"La Jornada Morelos Jaime Luis Brito CUERNAVACA. El Consejo Universitario de la Universidad Aut\u00f3noma del Estado de Morelos (UAEM), decidi\u00f3 hacer caso omiso del mandato de la Junta de Gobierno para suspender las prestaciones y pagos a los maestros jubilados, dado que no forma parte de sus atribuciones legales, por\u2026","rel":"","context":"En &quot;CINTILLO&quot;","block_context":{"text":"CINTILLO","link":"http:\/\/www.grieta.org.mx\/index.php\/category\/cintillo\/"},"img":{"alt_text":"","src":"https:\/\/i0.wp.com\/www.grieta.org.mx\/wp-content\/uploads\/2018\/03\/14524434_1106112876131411_958039263622046936_o.jpg?resize=350%2C200","width":350,"height":200,"srcset":"https:\/\/i0.wp.com\/www.grieta.org.mx\/wp-content\/uploads\/2018\/03\/14524434_1106112876131411_958039263622046936_o.jpg?resize=350%2C200 1x, https:\/\/i0.wp.com\/www.grieta.org.mx\/wp-content\/uploads\/2018\/03\/14524434_1106112876131411_958039263622046936_o.jpg?resize=525%2C300 1.5x, https:\/\/i0.wp.com\/www.grieta.org.mx\/wp-content\/uploads\/2018\/03\/14524434_1106112876131411_958039263622046936_o.jpg?resize=700%2C400 2x"},"classes":[]},{"id":8418,"url":"http:\/\/www.grieta.org.mx\/index.php\/2016\/02\/09\/se-suma-la-appm-al-planton-de-la-uaem\/","url_meta":{"origin":8441,"position":2},"title":"Se suma la APPM al plant\u00f3n de la UAEM","author":"grieta","date":"9 febrero, 2016","format":false,"excerpt":"Morelos Diario Pronunciamiento de la Asamblea Permanente de los Pueblos de Morelos en apoyo a la Universidad Aut\u00f3noma del Estado de Morelos A LA COMUNIDAD UNIVERSITARIA, A LOS MEDIOS DE COMUNICACI\u00d3N, A LOS PUEBLOS DE MORELOS, A LA SOCIEDAD EN GENERAL, Las comunidades que integramos la Asamblea Permanente de los\u2026","rel":"","context":"En &quot;CINTILLO&quot;","block_context":{"text":"CINTILLO","link":"http:\/\/www.grieta.org.mx\/index.php\/category\/cintillo\/"},"img":{"alt_text":"","src":"https:\/\/i0.wp.com\/www.grieta.org.mx\/wp-content\/uploads\/2018\/03\/14524434_1106112876131411_958039263622046936_o.jpg?resize=350%2C200","width":350,"height":200,"srcset":"https:\/\/i0.wp.com\/www.grieta.org.mx\/wp-content\/uploads\/2018\/03\/14524434_1106112876131411_958039263622046936_o.jpg?resize=350%2C200 1x, https:\/\/i0.wp.com\/www.grieta.org.mx\/wp-content\/uploads\/2018\/03\/14524434_1106112876131411_958039263622046936_o.jpg?resize=525%2C300 1.5x, https:\/\/i0.wp.com\/www.grieta.org.mx\/wp-content\/uploads\/2018\/03\/14524434_1106112876131411_958039263622046936_o.jpg?resize=700%2C400 2x"},"classes":[]},{"id":31063,"url":"http:\/\/www.grieta.org.mx\/index.php\/2019\/03\/22\/victimas-de-violencia-abandonadas-por-la-universidad-de-morelos\/","url_meta":{"origin":8441,"position":3},"title":"V\u00edctimas de violencia, abandonadas por la Universidad de Morelos","author":"grieta","date":"22 marzo, 2019","format":false,"excerpt":"H\u00e9ctor Gonz\u00e1lez \/ La Silla Rota Bajo la rector\u00eda de Gustavo Urquiza Beltr\u00e1n, la Universidad Aut\u00f3noma del Estado de Morelos (UAEM) dej\u00f3 de lado el apoyo y solidaridad con las v\u00edctimas de la violencia, acusaron integrantes de colectivos y familiares de desaparecidos. Durante la pasada administraci\u00f3n, bajo la rector\u00eda del\u2026","rel":"","context":"En &quot;CINTILLO&quot;","block_context":{"text":"CINTILLO","link":"http:\/\/www.grieta.org.mx\/index.php\/category\/cintillo\/"},"img":{"alt_text":"","src":"https:\/\/i0.wp.com\/www.grieta.org.mx\/wp-content\/uploads\/2019\/03\/Screenshot_2019-03-23-V%C3%ADctimas-de-violencia-abandonadas-por-la-Universidad-de-Morelos.png?resize=350%2C200","width":350,"height":200,"srcset":"https:\/\/i0.wp.com\/www.grieta.org.mx\/wp-content\/uploads\/2019\/03\/Screenshot_2019-03-23-V%C3%ADctimas-de-violencia-abandonadas-por-la-Universidad-de-Morelos.png?resize=350%2C200 1x, https:\/\/i0.wp.com\/www.grieta.org.mx\/wp-content\/uploads\/2019\/03\/Screenshot_2019-03-23-V%C3%ADctimas-de-violencia-abandonadas-por-la-Universidad-de-Morelos.png?resize=525%2C300 1.5x, https:\/\/i0.wp.com\/www.grieta.org.mx\/wp-content\/uploads\/2019\/03\/Screenshot_2019-03-23-V%C3%ADctimas-de-violencia-abandonadas-por-la-Universidad-de-Morelos.png?resize=700%2C400 2x"},"classes":[]},{"id":8480,"url":"http:\/\/www.grieta.org.mx\/index.php\/2015\/05\/21\/trabajadores-de-la-universidad-autonoma-de-morelos-inician-paro\/","url_meta":{"origin":8441,"position":4},"title":"Trabajadores de la Universidad Aut\u00f3noma de Morelos inician paro","author":"grieta","date":"21 mayo, 2015","format":false,"excerpt":"El Financiero \u00a0 Edmundo Salgado\/Corresponsal CUERNAVACA. M\u00e1s de 40 mil estudiantes universitarios se quedaron sin clases a partir de la ma\u00f1ana de este jueves, debido al paro laboral impulsado los dos sindicatos que existen en la Universidad Aut\u00f3noma del Estado de Morelos (UAEM). El paro, apoyado por el Sindicato de\u2026","rel":"","context":"En &quot;CINTILLO&quot;","block_context":{"text":"CINTILLO","link":"http:\/\/www.grieta.org.mx\/index.php\/category\/cintillo\/"},"img":{"alt_text":"","src":"https:\/\/i0.wp.com\/www.grieta.org.mx\/wp-content\/uploads\/2018\/03\/14524434_1106112876131411_958039263622046936_o.jpg?resize=350%2C200","width":350,"height":200,"srcset":"https:\/\/i0.wp.com\/www.grieta.org.mx\/wp-content\/uploads\/2018\/03\/14524434_1106112876131411_958039263622046936_o.jpg?resize=350%2C200 1x, https:\/\/i0.wp.com\/www.grieta.org.mx\/wp-content\/uploads\/2018\/03\/14524434_1106112876131411_958039263622046936_o.jpg?resize=525%2C300 1.5x, https:\/\/i0.wp.com\/www.grieta.org.mx\/wp-content\/uploads\/2018\/03\/14524434_1106112876131411_958039263622046936_o.jpg?resize=700%2C400 2x"},"classes":[]},{"id":26769,"url":"http:\/\/www.grieta.org.mx\/index.php\/2018\/09\/24\/la-uaem-cumple-cinco-dias-en-huelga-por-insolvencia-economica\/","url_meta":{"origin":8441,"position":5},"title":"La UAEM cumple cinco d\u00edas en huelga por insolvencia econ\u00f3mica","author":"grieta","date":"24 septiembre, 2018","format":false,"excerpt":"Jaime Luis Brito \/ Proceso El sindicato de la universidad exige que se blinde el pago de salarios hasta diciembre. CUERNAVACA, Mor. (apro).- La Universidad Aut\u00f3noma del Estado de Morelos (UAEM) cumpli\u00f3 cinco d\u00edas en huelga debido a la insolvencia econ\u00f3mica, que ha impedido el pago de la segunda catorcena\u2026","rel":"","context":"En &quot;CINTILLO&quot;","block_context":{"text":"CINTILLO","link":"http:\/\/www.grieta.org.mx\/index.php\/category\/cintillo\/"},"img":{"alt_text":"","src":"https:\/\/i0.wp.com\/www.grieta.org.mx\/wp-content\/uploads\/2018\/09\/uaem-huelga.jpg?resize=350%2C200","width":350,"height":200,"srcset":"https:\/\/i0.wp.com\/www.grieta.org.mx\/wp-content\/uploads\/2018\/09\/uaem-huelga.jpg?resize=350%2C200 1x, https:\/\/i0.wp.com\/www.grieta.org.mx\/wp-content\/uploads\/2018\/09\/uaem-huelga.jpg?resize=525%2C300 1.5x, https:\/\/i0.wp.com\/www.grieta.org.mx\/wp-content\/uploads\/2018\/09\/uaem-huelga.jpg?resize=700%2C400 2x, https:\/\/i0.wp.com\/www.grieta.org.mx\/wp-content\/uploads\/2018\/09\/uaem-huelga.jpg?resize=1050%2C600 3x"},"classes":[]}],"_links":{"self":[{"href":"http:\/\/www.grieta.org.mx\/index.php\/wp-json\/wp\/v2\/posts\/8441","targetHints":{"allow":["GET"]}}],"collection":[{"href":"http:\/\/www.grieta.org.mx\/index.php\/wp-json\/wp\/v2\/posts"}],"about":[{"href":"http:\/\/www.grieta.org.mx\/index.php\/wp-json\/wp\/v2\/types\/post"}],"author":[{"embeddable":true,"href":"http:\/\/www.grieta.org.mx\/index.php\/wp-json\/wp\/v2\/users\/2"}],"replies":[{"embeddable":true,"href":"http:\/\/www.grieta.org.mx\/index.php\/wp-json\/wp\/v2\/comments?post=8441"}],"version-history":[{"count":1,"href":"http:\/\/www.grieta.org.mx\/index.php\/wp-json\/wp\/v2\/posts\/8441\/revisions"}],"predecessor-version":[{"id":26802,"href":"http:\/\/www.grieta.org.mx\/index.php\/wp-json\/wp\/v2\/posts\/8441\/revisions\/26802"}],"wp:featuredmedia":[{"embeddable":true,"href":"http:\/\/www.grieta.org.mx\/index.php\/wp-json\/wp\/v2\/media\/21928"}],"wp:attachment":[{"href":"http:\/\/www.grieta.org.mx\/index.php\/wp-json\/wp\/v2\/media?parent=8441"}],"wp:term":[{"taxonomy":"category","embeddable":true,"href":"http:\/\/www.grieta.org.mx\/index.php\/wp-json\/wp\/v2\/categories?post=8441"},{"taxonomy":"post_tag","embeddable":true,"href":"http:\/\/www.grieta.org.mx\/index.php\/wp-json\/wp\/v2\/tags?post=8441"}],"curies":[{"name":"wp","href":"https:\/\/api.w.org\/{rel}","templated":true}]}}