{"id":8412,"date":"2015-03-20T20:01:25","date_gmt":"2015-03-20T20:01:25","guid":{"rendered":"http:\/\/50.22.11.12\/~grietaor\/?p=8412"},"modified":"2016-03-30T20:02:19","modified_gmt":"2016-03-30T20:02:19","slug":"en-primera-etapa-transferira-issstezac-50-empleados-a-gobierno-del-estado-renteria","status":"publish","type":"post","link":"http:\/\/www.grieta.org.mx\/index.php\/2015\/03\/20\/en-primera-etapa-transferira-issstezac-50-empleados-a-gobierno-del-estado-renteria\/","title":{"rendered":"En primera etapa, transferir\u00e1 Issstezac 50 empleados a Gobierno del Estado: Renter\u00eda"},"content":{"rendered":"<p>20 marzo, 2015<\/p>\n<p>La Jornada Zacatecas<\/p>\n<p>RENATA AVILA Zacatecas.- Le Roy Barrag\u00e1n Ocampo, titular de la Secretar\u00eda de Administraci\u00f3n (Sad), inform\u00f3 que, aunque el gobierno estatal recontratar\u00e1 a gran parte de los trabajadores que ser\u00e1n removidos del Instituto de Seguridad y Servicios Sociales de los Trabajadores del Estado de Zacatecas (Issstezac), \u00e9stos no recibir\u00e1n los mismos sueldos y salarios, sino una percepci\u00f3n m\u00e1s baja.<br \/>\nle-roy<\/p>\n<p>\u201cRecordemos que el instituto tiene trabajadores con una n\u00f3mina muy alta, muy diferente a la que perciben los trabajadores del gobierno del estado y esto tenemos que ajustarlo\u201d, explic\u00f3.<\/p>\n<p>Por lo pronto, dijo, el Poder Ejecutivo estatal tomar\u00e1 al personal cuyas percepciones sean similares a las que obtienen los trabajadores de la administraci\u00f3n estatal.<\/p>\n<p>\u201cUn jefe de departamento en gobierno del estado gana 13 o 14 mil pesos y un director 20; hay directores all\u00e1 en el Issstezac que ganan 40 mil, pero es muy diferente su sueldo\u201d, mencion\u00f3.<\/p>\n<p>De entrada, aclar\u00f3, ser\u00e1n s\u00f3lo 50 de los 328 empleados del Issstezac quienes pasar\u00e1n a la n\u00f3mina gubernamental, los cuales ser\u00e1n canalizados, principalmente, a la Procuradur\u00eda General de Justicia del Estado de Zacatecas (PGJEZ), a la Secretar\u00eda de Seguridad P\u00fablica (SSP) y al Instituto de la Defensor\u00eda P\u00fablica.<\/p>\n<p>Sin embargo, indic\u00f3 que la Sad a\u00fan est\u00e1 a la espera del reporte de los perfiles e ingresos que perciben estos trabajadores.<\/p>\n<p>\u201cDe ah\u00ed requerimos una reuni\u00f3n con el secretario de Finanzas a fin de hacer una ampliaci\u00f3n presupuestal al cap\u00edtulo mil y poder dar cabida a todos estos trabajadores\u201d, abund\u00f3.<\/p>\n<p>A su vez, V\u00edctor Manuel Renter\u00eda L\u00f3pez, director general del Issstezac, inform\u00f3 que se trabaja en los reglamentos para ejecutar la reforma una vez que \u00e9sta sea publicada.<\/p>\n<p>Dijo adem\u00e1s que no hay ning\u00fan tipo de lista negra en circulaci\u00f3n en el organismo que encabeza, como lo manifestaban integrantes de sindicatos disidentes.<\/p>\n<p>No ser\u00e1n despedidos, enfatiz\u00f3, quienes cumplan con su trabajo debidamente; \u201cno somos responsables de los que no van a trabajar o no hacen su trabajo\u201d.<\/p>\n<p><a href=\"http:\/\/ljz.mx\/2015\/03\/20\/en-primera-etapa-transferira-issstezac-50-empleados-a-gobierno-del-estado-renteria\/?doing_wp_cron=1427149879.0965209007263183593750\" target=\"_blank\">ljz.mx\/2015\/03\/20\/en-primera-etapa-transferira-issstezac-50-empleados-a-gobierno-del-estado-renteria\/?doing_wp_cron=1427149879.0965209007263183593750<\/a><\/p>\n","protected":false},"excerpt":{"rendered":"<p>20 marzo, 2015 La Jornada Zacatecas RENATA AVILA Zacatecas.- Le Roy Barrag\u00e1n Ocampo, titular de la Secretar\u00eda de Administraci\u00f3n (Sad), inform\u00f3 que, aunque el gobierno estatal recontratar\u00e1 a gran parte &hellip; <a href=\"http:\/\/www.grieta.org.mx\/index.php\/2015\/03\/20\/en-primera-etapa-transferira-issstezac-50-empleados-a-gobierno-del-estado-renteria\/\" class=\"more-link\">Leer m\u00e1s<\/a><\/p>\n","protected":false},"author":2,"featured_media":21928,"comment_status":"closed","ping_status":"open","sticky":false,"template":"","format":"standard","meta":{"ngg_post_thumbnail":0,"_jetpack_newsletter_access":"","_jetpack_dont_email_post_to_subs":false,"_jetpack_newsletter_tier_id":0,"_jetpack_memberships_contains_paywalled_content":false,"_jetpack_memberships_contains_paid_content":false,"footnotes":""},"categories":[80],"tags":[113,105,492,147],"class_list":["post-8412","post","type-post","status-publish","format-standard","has-post-thumbnail","hentry","category-cintillo","tag-conflictos-laborales","tag-derechos-laborales","tag-issste","tag-trabajo","entry"],"jetpack_featured_media_url":"http:\/\/www.grieta.org.mx\/wp-content\/uploads\/2018\/03\/14524434_1106112876131411_958039263622046936_o.jpg","jetpack_sharing_enabled":true,"jetpack_shortlink":"https:\/\/wp.me\/p7ZJR4-2bG","jetpack_likes_enabled":false,"jetpack-related-posts":[{"id":8420,"url":"http:\/\/www.grieta.org.mx\/index.php\/2015\/03\/19\/trabajadores-reubicados-del-issstezac-recibiran-menos-ingresos-le-roy\/","url_meta":{"origin":8412,"position":0},"title":"Trabajadores reubicados del Issstezac recibir\u00e1n menos ingresos: Le Roy","author":"grieta","date":"19 marzo, 2015","format":false,"excerpt":"19 marzo, 2015 NTR Period\u00edsmo Critico Jueves, 19 de marzo de 2015 a las 10:08pm RENATA AVILA | NTRZACATECAS.COM Zacatecas.- Le Roy Barrag\u00e1n Ocampo, titular de la Secretar\u00eda de Administraci\u00f3n (Sad), inform\u00f3 que, aunque el gobierno estatal recontratar\u00e1 a gran parte de los trabajadores que ser\u00e1n removidos del Instituto de\u2026","rel":"","context":"En &quot;CINTILLO&quot;","block_context":{"text":"CINTILLO","link":"http:\/\/www.grieta.org.mx\/index.php\/category\/cintillo\/"},"img":{"alt_text":"","src":"https:\/\/i0.wp.com\/www.grieta.org.mx\/wp-content\/uploads\/2018\/03\/14524434_1106112876131411_958039263622046936_o.jpg?resize=350%2C200","width":350,"height":200,"srcset":"https:\/\/i0.wp.com\/www.grieta.org.mx\/wp-content\/uploads\/2018\/03\/14524434_1106112876131411_958039263622046936_o.jpg?resize=350%2C200 1x, https:\/\/i0.wp.com\/www.grieta.org.mx\/wp-content\/uploads\/2018\/03\/14524434_1106112876131411_958039263622046936_o.jpg?resize=525%2C300 1.5x, https:\/\/i0.wp.com\/www.grieta.org.mx\/wp-content\/uploads\/2018\/03\/14524434_1106112876131411_958039263622046936_o.jpg?resize=700%2C400 2x"},"classes":[]},{"id":8436,"url":"http:\/\/www.grieta.org.mx\/index.php\/2015\/03\/09\/gobierno-incapaz-de-absorber-a-personal-de-issstezac\/","url_meta":{"origin":8412,"position":1},"title":"Gobierno, incapaz de absorber a personal de Issstezac","author":"grieta","date":"9 marzo, 2015","format":false,"excerpt":"09 marzo, 2015 NTR Period\u00edsmo Critico Lunes, 9 de marzo de 2015 a las 10:00pm RENATA AVILALunes, 9 de marzo de 2015 a las 10:00pm RENATA AVILA Zacatecas.- Le Roy Barrag\u00e1n Ocampo, secretario de Administraci\u00f3n del gobierno del estado, afirm\u00f3 que el Poder Ejecutivo no podr\u00e1 absorber a m\u00e1s de\u2026","rel":"","context":"En &quot;CINTILLO&quot;","block_context":{"text":"CINTILLO","link":"http:\/\/www.grieta.org.mx\/index.php\/category\/cintillo\/"},"img":{"alt_text":"","src":"https:\/\/i0.wp.com\/www.grieta.org.mx\/wp-content\/uploads\/2018\/03\/14524434_1106112876131411_958039263622046936_o.jpg?resize=350%2C200","width":350,"height":200,"srcset":"https:\/\/i0.wp.com\/www.grieta.org.mx\/wp-content\/uploads\/2018\/03\/14524434_1106112876131411_958039263622046936_o.jpg?resize=350%2C200 1x, https:\/\/i0.wp.com\/www.grieta.org.mx\/wp-content\/uploads\/2018\/03\/14524434_1106112876131411_958039263622046936_o.jpg?resize=525%2C300 1.5x, https:\/\/i0.wp.com\/www.grieta.org.mx\/wp-content\/uploads\/2018\/03\/14524434_1106112876131411_958039263622046936_o.jpg?resize=700%2C400 2x"},"classes":[]},{"id":60460,"url":"http:\/\/www.grieta.org.mx\/index.php\/2021\/07\/15\/frenan-protestas-reforma-issstezac-zacatecas\/","url_meta":{"origin":8412,"position":2},"title":"Frenan protestas reforma Issstezac (Zacatecas)","author":"grieta","date":"15 julio, 2021","format":false,"excerpt":"LANDY VALLE Y FRANZELY REYNA\/NTRZACATECAS.COM 15 de julio de 2021. Zacatecas, Zacatecas.-Tras horas de protestas en la capital del estado, sindicalizados acordaron con los diputados locales que recibieran sus propuestas y ampliaran la discusi\u00f3n de la reforma al Instituto de Seguridad y Servicios Sociales de los Trabajadores del Estado de\u2026","rel":"","context":"En &quot;CINTILLO&quot;","block_context":{"text":"CINTILLO","link":"http:\/\/www.grieta.org.mx\/index.php\/category\/cintillo\/"},"img":{"alt_text":"","src":"https:\/\/i0.wp.com\/www.grieta.org.mx\/wp-content\/uploads\/2021\/07\/sindicatos-2.jpg?resize=350%2C200","width":350,"height":200,"srcset":"https:\/\/i0.wp.com\/www.grieta.org.mx\/wp-content\/uploads\/2021\/07\/sindicatos-2.jpg?resize=350%2C200 1x, https:\/\/i0.wp.com\/www.grieta.org.mx\/wp-content\/uploads\/2021\/07\/sindicatos-2.jpg?resize=525%2C300 1.5x, https:\/\/i0.wp.com\/www.grieta.org.mx\/wp-content\/uploads\/2021\/07\/sindicatos-2.jpg?resize=700%2C400 2x, https:\/\/i0.wp.com\/www.grieta.org.mx\/wp-content\/uploads\/2021\/07\/sindicatos-2.jpg?resize=1050%2C600 3x, https:\/\/i0.wp.com\/www.grieta.org.mx\/wp-content\/uploads\/2021\/07\/sindicatos-2.jpg?resize=1400%2C800 4x"},"classes":[]},{"id":8482,"url":"http:\/\/www.grieta.org.mx\/index.php\/2015\/03\/26\/reforma-a-la-ley-del-issstezac\/","url_meta":{"origin":8412,"position":3},"title":"Reforma a la ley del  ISSSTEZAC","author":"grieta","date":"26 marzo, 2015","format":false,"excerpt":"26\/03\/15. Una decena de maestros heridos, saldo de enfrentamiento de ayer por nueva Ley del Issstezac: disidencia de SNTE 58 La Jornada Zacatecas 25\/03\/15. Imparten charla sobre c\u00f3mo ampararse ante ley Issstezac NTR Period\u00edsmo Critico 25\/03\/15. Publican reforma Ley Issstezac en Peri\u00f3dico Oficial NTR Period\u00edsmo Critico 23\/03\/15. Este mi\u00e9rcoles, trabajadores\u2026","rel":"","context":"En &quot;Zacatecas&quot;","block_context":{"text":"Zacatecas","link":"http:\/\/www.grieta.org.mx\/index.php\/category\/noticias-nacionales\/zacatecas\/"},"img":{"alt_text":"","src":"https:\/\/i0.wp.com\/www.grieta.org.mx\/wp-content\/uploads\/2018\/03\/14524434_1106112876131411_958039263622046936_o.jpg?resize=350%2C200","width":350,"height":200,"srcset":"https:\/\/i0.wp.com\/www.grieta.org.mx\/wp-content\/uploads\/2018\/03\/14524434_1106112876131411_958039263622046936_o.jpg?resize=350%2C200 1x, https:\/\/i0.wp.com\/www.grieta.org.mx\/wp-content\/uploads\/2018\/03\/14524434_1106112876131411_958039263622046936_o.jpg?resize=525%2C300 1.5x, https:\/\/i0.wp.com\/www.grieta.org.mx\/wp-content\/uploads\/2018\/03\/14524434_1106112876131411_958039263622046936_o.jpg?resize=700%2C400 2x"},"classes":[]},{"id":60448,"url":"http:\/\/www.grieta.org.mx\/index.php\/2021\/07\/01\/se-suma-sitez-a-protestas-contra-reforma-a-la-ley-de-issstezac-zacatecas\/","url_meta":{"origin":8412,"position":4},"title":"Se suma SITEZ a protestas contra reforma a la Ley de Issstezac (Zacatecas)","author":"grieta","date":"1 julio, 2021","format":false,"excerpt":"KAREN CALDER\u00d3N \/ NTRZACATECAS.COM, 01 de julio de 2021 ZACATECAS. El Sindicato Independiente de Trabajadores del Estado de Zacatecas (SITEZ) se manifest\u00f3 a las afueras del Congreso del Estado y en Plaza de Armas en contra de la reforma a la Ley de Issstezac y de las percepciones extraordinarias del\u2026","rel":"","context":"En &quot;CINTILLO&quot;","block_context":{"text":"CINTILLO","link":"http:\/\/www.grieta.org.mx\/index.php\/category\/cintillo\/"},"img":{"alt_text":"","src":"https:\/\/i0.wp.com\/www.grieta.org.mx\/wp-content\/uploads\/2021\/07\/sitez-4-650x380-1.jpeg?resize=350%2C200","width":350,"height":200,"srcset":"https:\/\/i0.wp.com\/www.grieta.org.mx\/wp-content\/uploads\/2021\/07\/sitez-4-650x380-1.jpeg?resize=350%2C200 1x, https:\/\/i0.wp.com\/www.grieta.org.mx\/wp-content\/uploads\/2021\/07\/sitez-4-650x380-1.jpeg?resize=525%2C300 1.5x"},"classes":[]},{"id":8393,"url":"http:\/\/www.grieta.org.mx\/index.php\/2015\/03\/25\/publican-reforma-ley-issstezac-en-periodico-oficial\/","url_meta":{"origin":8412,"position":5},"title":"Publican reforma Ley Issstezac en Peri\u00f3dico Oficial","author":"grieta","date":"25 marzo, 2015","format":false,"excerpt":"Mi\u00e9rcoles, 25 de marzo de 2015 STAFF \/ NTRZACATECAS.COM NTR Period\u00edsmo Critico Zacatecas.- Mediante un comunicado de prensa enviado por gobierno del estado se inform\u00f3 que este 21 de marzo se public\u00f3 la reforma a la ley del Instituto de Seguridad y Servicios Sociales de los Trabajadores del Estado de\u2026","rel":"","context":"En &quot;CINTILLO&quot;","block_context":{"text":"CINTILLO","link":"http:\/\/www.grieta.org.mx\/index.php\/category\/cintillo\/"},"img":{"alt_text":"","src":"https:\/\/i0.wp.com\/www.grieta.org.mx\/wp-content\/uploads\/2018\/03\/14524434_1106112876131411_958039263622046936_o.jpg?resize=350%2C200","width":350,"height":200,"srcset":"https:\/\/i0.wp.com\/www.grieta.org.mx\/wp-content\/uploads\/2018\/03\/14524434_1106112876131411_958039263622046936_o.jpg?resize=350%2C200 1x, https:\/\/i0.wp.com\/www.grieta.org.mx\/wp-content\/uploads\/2018\/03\/14524434_1106112876131411_958039263622046936_o.jpg?resize=525%2C300 1.5x, https:\/\/i0.wp.com\/www.grieta.org.mx\/wp-content\/uploads\/2018\/03\/14524434_1106112876131411_958039263622046936_o.jpg?resize=700%2C400 2x"},"classes":[]}],"_links":{"self":[{"href":"http:\/\/www.grieta.org.mx\/index.php\/wp-json\/wp\/v2\/posts\/8412","targetHints":{"allow":["GET"]}}],"collection":[{"href":"http:\/\/www.grieta.org.mx\/index.php\/wp-json\/wp\/v2\/posts"}],"about":[{"href":"http:\/\/www.grieta.org.mx\/index.php\/wp-json\/wp\/v2\/types\/post"}],"author":[{"embeddable":true,"href":"http:\/\/www.grieta.org.mx\/index.php\/wp-json\/wp\/v2\/users\/2"}],"replies":[{"embeddable":true,"href":"http:\/\/www.grieta.org.mx\/index.php\/wp-json\/wp\/v2\/comments?post=8412"}],"version-history":[{"count":1,"href":"http:\/\/www.grieta.org.mx\/index.php\/wp-json\/wp\/v2\/posts\/8412\/revisions"}],"predecessor-version":[{"id":8416,"href":"http:\/\/www.grieta.org.mx\/index.php\/wp-json\/wp\/v2\/posts\/8412\/revisions\/8416"}],"wp:featuredmedia":[{"embeddable":true,"href":"http:\/\/www.grieta.org.mx\/index.php\/wp-json\/wp\/v2\/media\/21928"}],"wp:attachment":[{"href":"http:\/\/www.grieta.org.mx\/index.php\/wp-json\/wp\/v2\/media?parent=8412"}],"wp:term":[{"taxonomy":"category","embeddable":true,"href":"http:\/\/www.grieta.org.mx\/index.php\/wp-json\/wp\/v2\/categories?post=8412"},{"taxonomy":"post_tag","embeddable":true,"href":"http:\/\/www.grieta.org.mx\/index.php\/wp-json\/wp\/v2\/tags?post=8412"}],"curies":[{"name":"wp","href":"https:\/\/api.w.org\/{rel}","templated":true}]}}