{"id":8333,"date":"2015-04-24T19:37:00","date_gmt":"2015-04-24T19:37:00","guid":{"rendered":"http:\/\/50.22.11.12\/~grietaor\/?p=8333"},"modified":"2016-03-30T19:37:49","modified_gmt":"2016-03-30T19:37:49","slug":"ordena-tribunal-suspender-hidroelectricas-en-construccion-en-jalacingo","status":"publish","type":"post","link":"http:\/\/www.grieta.org.mx\/index.php\/2015\/04\/24\/ordena-tribunal-suspender-hidroelectricas-en-construccion-en-jalacingo\/","title":{"rendered":"Ordena tribunal suspender hidroel\u00e9ctricas en construcci\u00f3n en Jalacingo"},"content":{"rendered":"<p>Xalapa, Ver. Ayer jueves el Segundo Tribunal Colegiado en Materia Administrativa del S\u00e9ptimo Circuito con sede en Boca del R\u00edo orden\u00f3 la suspensi\u00f3n provisional para la construcci\u00f3n y operaci\u00f3n de res minihidroel\u00e9ctricas la PH1, PH3 y Ocampo-Cuetzalin, dentro de los m\u00e1rgenes del r\u00eco Bobos en el municipio veracruzano de Jalacingo.<\/p>\n<p>Dentro del juicio de amparo indirecto 1697\/2014 promovido por pobladores de Jalacingo, dicho tribunal instruy\u00f3 al juez d\u00e9cimo s\u00e9ptimo de Distrito en Xalapa que dicte la suspensi\u00f3n de los proyectos de la compa\u00f1ia Hidroel\u00e9ctrica Impulsa Generaci\u00f3n Responsable (IGR).<\/p>\n<p>De acuerdo a la justicia federal, \u201cla suspensi\u00f3n evitar\u00e1 que se afecte el entorno ecol\u00f3gico de las comunidades ind\u00edgenas, en espec\u00edfico el derecho humano al agua, impidi\u00e9ndose un da\u00f1o irreversible en los manantiales situados en dichos sectores desprotegidos de la vida nacional\u201d.Con esta sentencia se abre la posibilidad de frenar los 112 proyectos de presas en Veracruz.<\/p>\n<p>El Segundo Tribunal Colegiado en Materia Administrativa del S\u00e9ptimo Circuito inform\u00f3 que dentro del juicio de amparo 1697\/2014 y basado en el principio in dubio pro natura, estim\u00f3 fundada la queja interpuesta contra la negativa de suspensi\u00f3n solicitada por integrantes de comunidades ind\u00edgenas del estado de Veracruz y l\u00edmites con Puebla, en relaci\u00f3n con la construcci\u00f3n y operaci\u00f3n de tres minicentrales hidroel\u00e9ctricas en el municipio de Jalacingo.<\/p>\n<p>Por tanto qued\u00f3 sin efecto la resoluci\u00f3n de un juez de Distrito en la que hab\u00eda negado la suspensi\u00f3n, considerando sustancialmente que no se advert\u00eda la afectaci\u00f3n o menoscabo ecol\u00f3gico en la poblaci\u00f3n donde habitaban, puesto que dichos proyectos de construcci\u00f3n y operaci\u00f3n de minicentrales de hidroel\u00e9ctricas hab\u00edan sido valorados mediante el procedimiento administrativo correspondiente.<\/p>\n<p>El comunicado del Consejo de la Judicatura Federal (CJF) se\u00f1ala que el principio in dubio pro natura (principio de prevenci\u00f3n en favor de los recursos naturales) adoptado por los magistrados, establece que si existe peligro o amenaza de da\u00f1os graves o inminentes sobre elementos de biodiversidad, la ausencia de certeza cient\u00edfica, no es obst\u00e1culo para dictar medidas que conserven el medio ambiente.<\/p>\n<p>Con esta resoluci\u00f3n el Tribunal Colegiado hizo valer el principio de que \u201ctoda persona tiene derecho de acceso, disposici\u00f3n y saneamiento de agua para consumo personal y dom\u00e9stico en forma suficiente, salubre, aceptable y asequible\u201d, y que el Estado es el responsable de garantizar este derecho, protegido en la Constituci\u00f3n y establecido por los criterios de la Suprema Corte de Justicia de la Naci\u00f3n (SCJN). ( Con informaci\u00f3n de Norma Trujillo).<\/p>\n<p><a href=\"http:\/\/zapateando.wordpress.com\/2015\/04\/24\/ordena-tribunal-suspender-hidroelectricas-en-construccion-en-jalacingo\/#more-66406\" target=\"_blank\">http:\/\/zapateando.wordpress.com\/2015\/04\/24\/ordena-tribunal-suspender-hidroelectricas-en-construccion-en-jalacingo\/#more-66406<\/a><\/p>\n","protected":false},"excerpt":{"rendered":"<p>Xalapa, Ver. Ayer jueves el Segundo Tribunal Colegiado en Materia Administrativa del S\u00e9ptimo Circuito con sede en Boca del R\u00edo orden\u00f3 la suspensi\u00f3n provisional para la construcci\u00f3n y operaci\u00f3n de &hellip; <a href=\"http:\/\/www.grieta.org.mx\/index.php\/2015\/04\/24\/ordena-tribunal-suspender-hidroelectricas-en-construccion-en-jalacingo\/\" class=\"more-link\">Leer m\u00e1s<\/a><\/p>\n","protected":false},"author":1,"featured_media":21928,"comment_status":"closed","ping_status":"open","sticky":false,"template":"","format":"standard","meta":{"ngg_post_thumbnail":0,"_jetpack_newsletter_access":"","_jetpack_dont_email_post_to_subs":false,"_jetpack_newsletter_tier_id":0,"_jetpack_memberships_contains_paywalled_content":false,"_jetpack_memberships_contains_paid_content":false,"footnotes":""},"categories":[80,257],"tags":[490],"class_list":["post-8333","post","type-post","status-publish","format-standard","has-post-thumbnail","hentry","category-cintillo","category-veracruz","tag-hidroelectrica-el-naranjal","entry"],"jetpack_featured_media_url":"http:\/\/www.grieta.org.mx\/wp-content\/uploads\/2018\/03\/14524434_1106112876131411_958039263622046936_o.jpg","jetpack_sharing_enabled":true,"jetpack_shortlink":"https:\/\/wp.me\/p7ZJR4-2ap","jetpack_likes_enabled":false,"jetpack-related-posts":[{"id":8352,"url":"http:\/\/www.grieta.org.mx\/index.php\/2015\/03\/28\/en-veracruz-se-podrian-construir-145-hidroelectricas-lavida\/","url_meta":{"origin":8333,"position":0},"title":"En Veracruz se podr\u00edan construir 145 hidroel\u00e9ctricas: Lavida","author":"Admin","date":"28 marzo, 2015","format":false,"excerpt":"Los datos del Inventario Nacional de Energ\u00edas Renovables revelan que en Veracruz se podr\u00edan construir hasta 145 hidroel\u00e9ctricas en las cuencas hidrol\u00f3gicas, inform\u00f3 Emilio Rodr\u00edguez de la Asamblea Veracruzana de Iniciativas y Defensa Ambiental (Lavida). Seg\u00fan esta informaci\u00f3n oficial a largo plazo se contemplar\u00edan 45 hidroel\u00e9ctricas en la cuenca del\u2026","rel":"","context":"En &quot;CINTILLO&quot;","block_context":{"text":"CINTILLO","link":"http:\/\/www.grieta.org.mx\/index.php\/category\/cintillo\/"},"img":{"alt_text":"","src":"https:\/\/i0.wp.com\/www.grieta.org.mx\/wp-content\/uploads\/2018\/03\/14524434_1106112876131411_958039263622046936_o.jpg?resize=350%2C200","width":350,"height":200,"srcset":"https:\/\/i0.wp.com\/www.grieta.org.mx\/wp-content\/uploads\/2018\/03\/14524434_1106112876131411_958039263622046936_o.jpg?resize=350%2C200 1x, https:\/\/i0.wp.com\/www.grieta.org.mx\/wp-content\/uploads\/2018\/03\/14524434_1106112876131411_958039263622046936_o.jpg?resize=525%2C300 1.5x, https:\/\/i0.wp.com\/www.grieta.org.mx\/wp-content\/uploads\/2018\/03\/14524434_1106112876131411_958039263622046936_o.jpg?resize=700%2C400 2x"},"classes":[]},{"id":29766,"url":"http:\/\/www.grieta.org.mx\/index.php\/2019\/02\/18\/indigenas-ganan-amparo-contra-la-hidroelectrica-de-zoquitlan-puebla-temen-consulta-amanada\/","url_meta":{"origin":8333,"position":1},"title":"Ind\u00edgenas ganan amparo contra la hidroel\u00e9ctrica de Zoquitl\u00e1n, Puebla; temen consulta ama\u00f1ada","author":"grieta","date":"18 febrero, 2019","format":false,"excerpt":"Por Claudia Mart\u00ednez S\u00e1nchez \/Sin Embargo Ind\u00edgenas que representan a 50 comunidades en Zoquitl\u00e1n, Puebla, ganaron una suspensi\u00f3n provisional contra el proyecto hidroel\u00e9ctrico en Huitzilatl. Pero, de acuerdo con la p\u00e1gina sise.cjf.gob.mx, no se ha dictado sentencia, lo que significa que a\u00fan no hay una cancelaci\u00f3n ni suspensi\u00f3n definitiva del\u2026","rel":"","context":"En &quot;26. Sierra Puebla&quot;","block_context":{"text":"26. Sierra Puebla","link":"http:\/\/www.grieta.org.mx\/index.php\/category\/espejos-de-la-resistencia\/26-sierra-puebla\/"},"img":{"alt_text":"","src":"https:\/\/i0.wp.com\/www.grieta.org.mx\/wp-content\/uploads\/2019\/02\/rio2.jpg?resize=350%2C200","width":350,"height":200,"srcset":"https:\/\/i0.wp.com\/www.grieta.org.mx\/wp-content\/uploads\/2019\/02\/rio2.jpg?resize=350%2C200 1x, https:\/\/i0.wp.com\/www.grieta.org.mx\/wp-content\/uploads\/2019\/02\/rio2.jpg?resize=525%2C300 1.5x, https:\/\/i0.wp.com\/www.grieta.org.mx\/wp-content\/uploads\/2019\/02\/rio2.jpg?resize=700%2C400 2x"},"classes":[]},{"id":8542,"url":"http:\/\/www.grieta.org.mx\/index.php\/2015\/03\/27\/son-37-grupos-de-resistencia-contra-presas-en-veracruz-en-matlacobatl-impiden-llegada-de-maquinaria\/","url_meta":{"origin":8333,"position":2},"title":"Son 37 grupos de resistencia contra presas en Veracruz; en Matlacobatl impiden llegada de maquinaria","author":"Admin","date":"27 marzo, 2015","format":false,"excerpt":"Son 37 grupos de resistencia contra presas en Veracruz; en Matlacobatl impiden llegada de maquinaria Xalapa, Ver.-Para la defensa del agua en Veracruz, surgieron 37 grupos de resistencia civil con la finalidad de oponerse a los 145 proyectos de construcci\u00f3n de presas hidroel\u00e9ctricas en la entidad. Los datos fueron dados\u2026","rel":"","context":"En &quot;CINTILLO&quot;","block_context":{"text":"CINTILLO","link":"http:\/\/www.grieta.org.mx\/index.php\/category\/cintillo\/"},"img":{"alt_text":"","src":"https:\/\/i0.wp.com\/www.grieta.org.mx\/wp-content\/uploads\/2018\/03\/14524434_1106112876131411_958039263622046936_o.jpg?resize=350%2C200","width":350,"height":200,"srcset":"https:\/\/i0.wp.com\/www.grieta.org.mx\/wp-content\/uploads\/2018\/03\/14524434_1106112876131411_958039263622046936_o.jpg?resize=350%2C200 1x, https:\/\/i0.wp.com\/www.grieta.org.mx\/wp-content\/uploads\/2018\/03\/14524434_1106112876131411_958039263622046936_o.jpg?resize=525%2C300 1.5x, https:\/\/i0.wp.com\/www.grieta.org.mx\/wp-content\/uploads\/2018\/03\/14524434_1106112876131411_958039263622046936_o.jpg?resize=700%2C400 2x"},"classes":[]},{"id":49679,"url":"http:\/\/www.grieta.org.mx\/index.php\/2020\/05\/21\/colectivo-se-opone-a-la-construccion-de-hidroelectrica-en-boca-de-tomatlan-jalisco\/","url_meta":{"origin":8333,"position":3},"title":"Colectivo se opone a la construcci\u00f3n de hidroel\u00e9ctrica en Boca de Tomatl\u00e1n (Jalisco)","author":"grieta","date":"21 mayo, 2020","format":false,"excerpt":"Foto: Se\u00f1al Informativa Puerto Vallarta Luego de que la empresa Energ\u00eda Verde Mayer SA de CV entregara despensas en Boca de Tomatl\u00e1n, el colectivo En Defensa del R\u00edo Los Horcones hicieron un llamado a la localidad a no dejarse comprar Equipo Editorial \/ UDGTV Puerto Vallarta, Jalisco. Luego de que\u2026","rel":"","context":"En &quot;CINTILLO&quot;","block_context":{"text":"CINTILLO","link":"http:\/\/www.grieta.org.mx\/index.php\/category\/cintillo\/"},"img":{"alt_text":"","src":"https:\/\/i0.wp.com\/www.grieta.org.mx\/wp-content\/uploads\/2020\/05\/termoel%C3%A9ctrica-Boca-Tomatl%C3%A1n-SI-PV-696x522.jpg?resize=350%2C200","width":350,"height":200,"srcset":"https:\/\/i0.wp.com\/www.grieta.org.mx\/wp-content\/uploads\/2020\/05\/termoel%C3%A9ctrica-Boca-Tomatl%C3%A1n-SI-PV-696x522.jpg?resize=350%2C200 1x, https:\/\/i0.wp.com\/www.grieta.org.mx\/wp-content\/uploads\/2020\/05\/termoel%C3%A9ctrica-Boca-Tomatl%C3%A1n-SI-PV-696x522.jpg?resize=525%2C300 1.5x"},"classes":[]},{"id":19820,"url":"http:\/\/www.grieta.org.mx\/index.php\/2016\/08\/15\/ambientalistas-denuncian-consecuencias-de-la-construccion-de-planta-hidroelectrica-en-colima\/","url_meta":{"origin":8333,"position":4},"title":"Ambientalistas denuncian consecuencias de la construcci\u00f3n de planta hidroel\u00e9ctrica en Colima","author":"grieta","date":"15 agosto, 2016","format":false,"excerpt":"15\/08\/16. Hidroel\u00e9ctrica dejar\u00eda sin agua a 500 mil habitantes de Colima, alerta ONGLa Jornada","rel":"","context":"En &quot;CINTILLO&quot;","block_context":{"text":"CINTILLO","link":"http:\/\/www.grieta.org.mx\/index.php\/category\/cintillo\/"},"img":{"alt_text":"","src":"https:\/\/i0.wp.com\/www.grieta.org.mx\/wp-content\/uploads\/2018\/03\/14524434_1106112876131411_958039263622046936_o.jpg?resize=350%2C200","width":350,"height":200,"srcset":"https:\/\/i0.wp.com\/www.grieta.org.mx\/wp-content\/uploads\/2018\/03\/14524434_1106112876131411_958039263622046936_o.jpg?resize=350%2C200 1x, https:\/\/i0.wp.com\/www.grieta.org.mx\/wp-content\/uploads\/2018\/03\/14524434_1106112876131411_958039263622046936_o.jpg?resize=525%2C300 1.5x, https:\/\/i0.wp.com\/www.grieta.org.mx\/wp-content\/uploads\/2018\/03\/14524434_1106112876131411_958039263622046936_o.jpg?resize=700%2C400 2x"},"classes":[]},{"id":8355,"url":"http:\/\/www.grieta.org.mx\/index.php\/2015\/03\/26\/ilegal-la-construccion-de-la-hidroelectrica-el-naranjal-lavida\/","url_meta":{"origin":8333,"position":5},"title":"Ilegal, la construcci\u00f3n de la hidroel\u00e9ctrica El Naranjal: Lavida","author":"Admin","date":"26 marzo, 2015","format":false,"excerpt":"A pesar de tener una Manifestaci\u00f3n de Impacto Ambiental (MIA) vencida y estar ubicada en una zona natural protegida, la hidroel\u00e9ctrica El Naranjal sigue en proceso de construcci\u00f3n, ante la omisi\u00f3n de autoridades ambientales y estatales, denunci\u00f3 la activista Beatriz Torres Beristain, integrante de Lavida. Advirti\u00f3 que ejidatarios y activistas\u2026","rel":"","context":"En &quot;CINTILLO&quot;","block_context":{"text":"CINTILLO","link":"http:\/\/www.grieta.org.mx\/index.php\/category\/cintillo\/"},"img":{"alt_text":"","src":"https:\/\/i0.wp.com\/www.grieta.org.mx\/wp-content\/uploads\/2018\/03\/14524434_1106112876131411_958039263622046936_o.jpg?resize=350%2C200","width":350,"height":200,"srcset":"https:\/\/i0.wp.com\/www.grieta.org.mx\/wp-content\/uploads\/2018\/03\/14524434_1106112876131411_958039263622046936_o.jpg?resize=350%2C200 1x, https:\/\/i0.wp.com\/www.grieta.org.mx\/wp-content\/uploads\/2018\/03\/14524434_1106112876131411_958039263622046936_o.jpg?resize=525%2C300 1.5x, https:\/\/i0.wp.com\/www.grieta.org.mx\/wp-content\/uploads\/2018\/03\/14524434_1106112876131411_958039263622046936_o.jpg?resize=700%2C400 2x"},"classes":[]}],"_links":{"self":[{"href":"http:\/\/www.grieta.org.mx\/index.php\/wp-json\/wp\/v2\/posts\/8333","targetHints":{"allow":["GET"]}}],"collection":[{"href":"http:\/\/www.grieta.org.mx\/index.php\/wp-json\/wp\/v2\/posts"}],"about":[{"href":"http:\/\/www.grieta.org.mx\/index.php\/wp-json\/wp\/v2\/types\/post"}],"author":[{"embeddable":true,"href":"http:\/\/www.grieta.org.mx\/index.php\/wp-json\/wp\/v2\/users\/1"}],"replies":[{"embeddable":true,"href":"http:\/\/www.grieta.org.mx\/index.php\/wp-json\/wp\/v2\/comments?post=8333"}],"version-history":[{"count":1,"href":"http:\/\/www.grieta.org.mx\/index.php\/wp-json\/wp\/v2\/posts\/8333\/revisions"}],"predecessor-version":[{"id":8336,"href":"http:\/\/www.grieta.org.mx\/index.php\/wp-json\/wp\/v2\/posts\/8333\/revisions\/8336"}],"wp:featuredmedia":[{"embeddable":true,"href":"http:\/\/www.grieta.org.mx\/index.php\/wp-json\/wp\/v2\/media\/21928"}],"wp:attachment":[{"href":"http:\/\/www.grieta.org.mx\/index.php\/wp-json\/wp\/v2\/media?parent=8333"}],"wp:term":[{"taxonomy":"category","embeddable":true,"href":"http:\/\/www.grieta.org.mx\/index.php\/wp-json\/wp\/v2\/categories?post=8333"},{"taxonomy":"post_tag","embeddable":true,"href":"http:\/\/www.grieta.org.mx\/index.php\/wp-json\/wp\/v2\/tags?post=8333"}],"curies":[{"name":"wp","href":"https:\/\/api.w.org\/{rel}","templated":true}]}}