{"id":8290,"date":"2015-03-10T18:59:15","date_gmt":"2015-03-10T18:59:15","guid":{"rendered":"http:\/\/50.22.11.12\/~grietaor\/?p=8290"},"modified":"2016-03-30T19:00:49","modified_gmt":"2016-03-30T19:00:49","slug":"profepa-confirma-nuevo-derrame-de-minera-en-cananea-sonora","status":"publish","type":"post","link":"http:\/\/www.grieta.org.mx\/index.php\/2015\/03\/10\/profepa-confirma-nuevo-derrame-de-minera-en-cananea-sonora\/","title":{"rendered":"Profepa confirma nuevo derrame de minera en Cananea, Sonora"},"content":{"rendered":"<p>La Jornada<br \/>\nPor Jos\u00e9 Antonio Rom\u00e1n<\/p>\n<p>M\u00e9xico, DF. En un nuevo cap\u00edtulo de derrames t\u00f3xicos en el pa\u00eds, se confirm\u00f3 que la empresa \u201cMinera Mar\u00eda\u201d, en Cananea, Sonora, derram\u00f3 180 metros c\u00fabicos de soluci\u00f3n gastada de cobre, como resultado de una falla en el sistema de bombeo.<\/p>\n<p>El vertimiento, ocurrido el pasado s\u00e1bado, afect\u00f3 a un arroyo conocido como \u201cEl Tordillo\u201d, debido a que lleg\u00f3 a los cauces pluviales, seg\u00fan inform\u00f3 la Procuradur\u00eda Federal de Protecci\u00f3n al Ambiente (Profepa).<\/p>\n<p>De acuerdo a la versi\u00f3n de la Profepa, la emergencia fue controlada en su totalidad por la empresa minera que ejecut\u00f3 medidas de control inmediatas, entre las cuales cit\u00f3 la reducci\u00f3n del flujo en la pila de soluci\u00f3n gastada, destapar la obstrucci\u00f3n del vertedor, lo que solucion\u00f3 el origen del derrame, posteriormente, se dedic\u00f3 a la recuperaci\u00f3n de material contaminado (aluvi\u00f3n y suelo).<\/p>\n<p>Sin embargo, la empresa inform\u00f3 que al momento del derrame no se pudo dar inicio a las actividades de neutralizaci\u00f3n de la soluci\u00f3n derramada en el cauce del arroyo contaminado, ya que los propietarios de los predios impidieron el paso del personal de la minera.<\/p>\n<p>El incidente se debi\u00f3 a una falla que provoc\u00f3 la obstrucci\u00f3n del vertedor que va de una pila de soluci\u00f3n gastada, a la denominada pila de emergencia. Los estudios preliminares a cargo de especialistas de la Subprocuradur\u00eda de Inspecci\u00f3n Industrial y la Delegaci\u00f3n Federal de la Profepa en el estado de Sonora, se\u00f1alan que el vertimiento al interior de la mina lleg\u00f3 hasta uno de los canales de desv\u00edo de aguas pluviales, lo que provoc\u00f3 que finalmente desembocara al cauce tributario conocido como \u201cEl Tordillo\u201d, del cual afect\u00f3 una longitud de 1.6 kil\u00f3metros.<\/p>\n<p>La Profepa inform\u00f3 que llevar\u00e1 a cabo una visita de inspecci\u00f3n m\u00e1s para garantizar el cumplimiento normativo y legal de la empresa minera, adem\u00e1s de determinar si existe una mayor afectaci\u00f3n ambiental y en caso de encontrarse alguna irregularidad u omisi\u00f3n, determinar\u00e1 las sanciones correspondientes.<\/p>\n<p>\u201cConforme lo marca la legislaci\u00f3n ambiental, la minera dio aviso inmediato de la emergencia a la Profepa por medio del Centro de Orientaci\u00f3n para la Atenci\u00f3n de Emergencias Ambientales (Coatea), el cual es un centro de apoyo y de servicio para la poblaci\u00f3n, las autoridades y la industria en general, en materia de atenci\u00f3n y respuesta a emergencias ambientales, asociadas con el manejo de sustancias qu\u00edmicas\u201d, inform\u00f3 en un comunicado.<\/p>\n<p><a href=\"http:\/\/www.jornada.unam.mx\/ultimas\/2015\/03\/10\/profepa-confirma-nuevo-derrame-de-minera-en-cananea-sonora-9826.html\" target=\"_blank\">http:\/\/www.jornada.unam.mx\/ultimas\/2015\/03\/10\/profepa-confirma-nuevo-derrame-de-minera-en-cananea-sonora-9826.html<\/a><\/p>\n","protected":false},"excerpt":{"rendered":"<p>La Jornada Por Jos\u00e9 Antonio Rom\u00e1n M\u00e9xico, DF. En un nuevo cap\u00edtulo de derrames t\u00f3xicos en el pa\u00eds, se confirm\u00f3 que la empresa \u201cMinera Mar\u00eda\u201d, en Cananea, Sonora, derram\u00f3 180 &hellip; <a href=\"http:\/\/www.grieta.org.mx\/index.php\/2015\/03\/10\/profepa-confirma-nuevo-derrame-de-minera-en-cananea-sonora\/\" class=\"more-link\">Leer m\u00e1s<\/a><\/p>\n","protected":false},"author":2,"featured_media":21928,"comment_status":"closed","ping_status":"open","sticky":false,"template":"","format":"standard","meta":{"ngg_post_thumbnail":0,"_jetpack_newsletter_access":"","_jetpack_dont_email_post_to_subs":false,"_jetpack_newsletter_tier_id":0,"_jetpack_memberships_contains_paywalled_content":false,"_jetpack_memberships_contains_paid_content":false,"footnotes":""},"categories":[80,456],"tags":[394],"class_list":["post-8290","post","type-post","status-publish","format-standard","has-post-thumbnail","hentry","category-cintillo","category-sonora","tag-contaminacion-por-mineria","entry"],"jetpack_featured_media_url":"http:\/\/www.grieta.org.mx\/wp-content\/uploads\/2018\/03\/14524434_1106112876131411_958039263622046936_o.jpg","jetpack_sharing_enabled":true,"jetpack_shortlink":"https:\/\/wp.me\/p7ZJR4-29I","jetpack_likes_enabled":false,"jetpack-related-posts":[{"id":8271,"url":"http:\/\/www.grieta.org.mx\/index.php\/2015\/03\/17\/minera-maria-no-presenta-aun-estudio-de-caracterizacion-del-derrame-profepa\/","url_meta":{"origin":8290,"position":0},"title":"Minera Mar\u00eda no presenta a\u00fan estudio de caracterizaci\u00f3n del derrame: Profepa","author":"grieta","date":"17 marzo, 2015","format":false,"excerpt":"De la Redacci\u00f3n Peri\u00f3dico La Jornada Martes 17 de marzo de 2015, p. 34 La Procuradur\u00eda Federal de Protecci\u00f3n al Ambiente (Profepa) inform\u00f3 que la Minera Mar\u00eda, ubicada en Cananea, Sonora, hasta el fin de semana no hab\u00eda presentado la elaboraci\u00f3n de un estudio de caracterizaci\u00f3n del derrame de 180\u2026","rel":"","context":"En &quot;CINTILLO&quot;","block_context":{"text":"CINTILLO","link":"http:\/\/www.grieta.org.mx\/index.php\/category\/cintillo\/"},"img":{"alt_text":"","src":"https:\/\/i0.wp.com\/www.grieta.org.mx\/wp-content\/uploads\/2018\/03\/14524434_1106112876131411_958039263622046936_o.jpg?resize=350%2C200","width":350,"height":200,"srcset":"https:\/\/i0.wp.com\/www.grieta.org.mx\/wp-content\/uploads\/2018\/03\/14524434_1106112876131411_958039263622046936_o.jpg?resize=350%2C200 1x, https:\/\/i0.wp.com\/www.grieta.org.mx\/wp-content\/uploads\/2018\/03\/14524434_1106112876131411_958039263622046936_o.jpg?resize=525%2C300 1.5x, https:\/\/i0.wp.com\/www.grieta.org.mx\/wp-content\/uploads\/2018\/03\/14524434_1106112876131411_958039263622046936_o.jpg?resize=700%2C400 2x"},"classes":[]},{"id":9067,"url":"http:\/\/www.grieta.org.mx\/index.php\/2016\/08\/22\/contaminacion-y-danos-a-la-salud-por-mineria-en-sonora\/","url_meta":{"origin":8290,"position":1},"title":"Contaminaci\u00f3n y da\u00f1os a la salud por miner\u00eda en Sonora","author":"Admin","date":"22 agosto, 2016","format":false,"excerpt":"Denuncian contaminaci\u00f3n del R\u00edo Sonora provocada por miner\u00eda 22\/08\/16. Contaminaci\u00f3n, despojo y negligencia: las acusaciones contra Grupo M\u00e9xico en Sonora Animal Pol\u00edtico 08\/08\/16. A 2 a\u00f1os del derrame contaminante en el R\u00edo Sonora, una 'mancha' que no se borra Expansi\u00f3n 01\/08\/16. A dos a\u00f1os de la contaminaci\u00f3n en R\u00edo Sonora:\u2026","rel":"","context":"En &quot;Miner\u00eda&quot;","block_context":{"text":"Miner\u00eda","link":"http:\/\/www.grieta.org.mx\/index.php\/category\/megaproyectos\/mineria\/"},"img":{"alt_text":"","src":"https:\/\/i0.wp.com\/www.grieta.org.mx\/wp-content\/uploads\/2018\/03\/14524434_1106112876131411_958039263622046936_o.jpg?resize=350%2C200","width":350,"height":200,"srcset":"https:\/\/i0.wp.com\/www.grieta.org.mx\/wp-content\/uploads\/2018\/03\/14524434_1106112876131411_958039263622046936_o.jpg?resize=350%2C200 1x, https:\/\/i0.wp.com\/www.grieta.org.mx\/wp-content\/uploads\/2018\/03\/14524434_1106112876131411_958039263622046936_o.jpg?resize=525%2C300 1.5x, https:\/\/i0.wp.com\/www.grieta.org.mx\/wp-content\/uploads\/2018\/03\/14524434_1106112876131411_958039263622046936_o.jpg?resize=700%2C400 2x"},"classes":[]},{"id":8447,"url":"http:\/\/www.grieta.org.mx\/index.php\/2015\/05\/12\/minera-derramo-70-mil-litros-de-cianuro-en-sonora-profepa\/","url_meta":{"origin":8290,"position":2},"title":"Minera derram\u00f3 70 mil litros de cianuro en Sonora: Profepa","author":"grieta","date":"12 mayo, 2015","format":false,"excerpt":"El Informador HERMOSILLO, SONORA (12\/MAY\/2015).- La Procuradur\u00eda Federal de Protecci\u00f3n al Ambiente (Profepa) determin\u00f3 que la empresa \u201cMinera Merril Crowe\u201d de Minera Penmont, S. de R.L. de C.V., Unidad La Herradura, ubicada en el municipio de Caborca, Sonora, derram\u00f3 el pasado 6 de mayo aproximadamente 70 metros c\u00fabicos de soluci\u00f3n\u2026","rel":"","context":"En &quot;CINTILLO&quot;","block_context":{"text":"CINTILLO","link":"http:\/\/www.grieta.org.mx\/index.php\/category\/cintillo\/"},"img":{"alt_text":"","src":"https:\/\/i0.wp.com\/www.grieta.org.mx\/wp-content\/uploads\/2018\/03\/14524434_1106112876131411_958039263622046936_o.jpg?resize=350%2C200","width":350,"height":200,"srcset":"https:\/\/i0.wp.com\/www.grieta.org.mx\/wp-content\/uploads\/2018\/03\/14524434_1106112876131411_958039263622046936_o.jpg?resize=350%2C200 1x, https:\/\/i0.wp.com\/www.grieta.org.mx\/wp-content\/uploads\/2018\/03\/14524434_1106112876131411_958039263622046936_o.jpg?resize=525%2C300 1.5x, https:\/\/i0.wp.com\/www.grieta.org.mx\/wp-content\/uploads\/2018\/03\/14524434_1106112876131411_958039263622046936_o.jpg?resize=700%2C400 2x"},"classes":[]},{"id":11792,"url":"http:\/\/www.grieta.org.mx\/index.php\/2016\/05\/03\/minera-derrama-400-mil-litros-de-solucion-de-cianuro-en-altar-sonora\/","url_meta":{"origin":8290,"position":3},"title":"Minera derrama 400 mil litros de soluci\u00f3n de cianuro en Altar, Sonora","author":"grieta","date":"3 mayo, 2016","format":false,"excerpt":"La fisura en un ducto de la mina El Chanate, de la empresa Santa Rita \u2013subsidiaria del grupo canadiense Aurico Gold Inc\u2013, provoc\u00f3 un derrame de 400 metros c\u00fabicos de soluci\u00f3n rica en cianuro que contamin\u00f3 una zona aleda\u00f1a en el municipio de Altar, en la zona des\u00e9rtica del norte\u2026","rel":"","context":"En &quot;CINTILLO&quot;","block_context":{"text":"CINTILLO","link":"http:\/\/www.grieta.org.mx\/index.php\/category\/cintillo\/"},"img":{"alt_text":"","src":"https:\/\/i0.wp.com\/www.grieta.org.mx\/wp-content\/uploads\/2018\/03\/14524434_1106112876131411_958039263622046936_o.jpg?resize=350%2C200","width":350,"height":200,"srcset":"https:\/\/i0.wp.com\/www.grieta.org.mx\/wp-content\/uploads\/2018\/03\/14524434_1106112876131411_958039263622046936_o.jpg?resize=350%2C200 1x, https:\/\/i0.wp.com\/www.grieta.org.mx\/wp-content\/uploads\/2018\/03\/14524434_1106112876131411_958039263622046936_o.jpg?resize=525%2C300 1.5x, https:\/\/i0.wp.com\/www.grieta.org.mx\/wp-content\/uploads\/2018\/03\/14524434_1106112876131411_958039263622046936_o.jpg?resize=700%2C400 2x"},"classes":[]},{"id":8295,"url":"http:\/\/www.grieta.org.mx\/index.php\/2015\/03\/02\/profepa-multa-con-22-mdp-a-minera-que-causo-derrame-en-sonora-y-ordena-levantar-clausura\/","url_meta":{"origin":8290,"position":4},"title":"Profepa multa con 22 mdp a minera que caus\u00f3 derrame en Sonora y ordena levantar clausura","author":"grieta","date":"2 marzo, 2015","format":false,"excerpt":"SinEmbargo Redacci\u00f3n Ciudad de M\u00e9xico, 2 de marzo (SinEmbargo).\u2013 La Procuradur\u00eda Federal de Protecci\u00f3n al Ambiente (Profepa) mult\u00f3 por un total de 22 millones 959 mil 386 pesos a la empresa minera Buenavista del Cobre, por el derrame de 40 mil metros c\u00fabicos de una soluci\u00f3n de sulfato de cobre\u2026","rel":"","context":"En &quot;CINTILLO&quot;","block_context":{"text":"CINTILLO","link":"http:\/\/www.grieta.org.mx\/index.php\/category\/cintillo\/"},"img":{"alt_text":"","src":"https:\/\/i0.wp.com\/www.grieta.org.mx\/wp-content\/uploads\/2018\/03\/14524434_1106112876131411_958039263622046936_o.jpg?resize=350%2C200","width":350,"height":200,"srcset":"https:\/\/i0.wp.com\/www.grieta.org.mx\/wp-content\/uploads\/2018\/03\/14524434_1106112876131411_958039263622046936_o.jpg?resize=350%2C200 1x, https:\/\/i0.wp.com\/www.grieta.org.mx\/wp-content\/uploads\/2018\/03\/14524434_1106112876131411_958039263622046936_o.jpg?resize=525%2C300 1.5x, https:\/\/i0.wp.com\/www.grieta.org.mx\/wp-content\/uploads\/2018\/03\/14524434_1106112876131411_958039263622046936_o.jpg?resize=700%2C400 2x"},"classes":[]},{"id":8276,"url":"http:\/\/www.grieta.org.mx\/index.php\/2015\/03\/17\/sonora-exigen-reparar-danos-por-derrame\/","url_meta":{"origin":8290,"position":5},"title":"Sonora: exigen reparar da\u00f1os por derrame","author":"grieta","date":"17 marzo, 2015","format":false,"excerpt":"Ulises Guti\u00e9rrez Ruelas y Diana Manzo Corresponsales Peri\u00f3dico La Jornada Martes 17 de marzo de 2015, p. 29 M\u00e1s de mil habitantes de los pueblos asentados en los alrededores del r\u00edo Sonora e integrantes de la secci\u00f3n 65 del Sindicato Nacional de Trabajadores Mineros, Metal\u00fargicos y Similares de la Rep\u00fablica\u2026","rel":"","context":"En &quot;CINTILLO&quot;","block_context":{"text":"CINTILLO","link":"http:\/\/www.grieta.org.mx\/index.php\/category\/cintillo\/"},"img":{"alt_text":"","src":"https:\/\/i0.wp.com\/www.grieta.org.mx\/wp-content\/uploads\/2018\/03\/14524434_1106112876131411_958039263622046936_o.jpg?resize=350%2C200","width":350,"height":200,"srcset":"https:\/\/i0.wp.com\/www.grieta.org.mx\/wp-content\/uploads\/2018\/03\/14524434_1106112876131411_958039263622046936_o.jpg?resize=350%2C200 1x, https:\/\/i0.wp.com\/www.grieta.org.mx\/wp-content\/uploads\/2018\/03\/14524434_1106112876131411_958039263622046936_o.jpg?resize=525%2C300 1.5x, https:\/\/i0.wp.com\/www.grieta.org.mx\/wp-content\/uploads\/2018\/03\/14524434_1106112876131411_958039263622046936_o.jpg?resize=700%2C400 2x"},"classes":[]}],"_links":{"self":[{"href":"http:\/\/www.grieta.org.mx\/index.php\/wp-json\/wp\/v2\/posts\/8290","targetHints":{"allow":["GET"]}}],"collection":[{"href":"http:\/\/www.grieta.org.mx\/index.php\/wp-json\/wp\/v2\/posts"}],"about":[{"href":"http:\/\/www.grieta.org.mx\/index.php\/wp-json\/wp\/v2\/types\/post"}],"author":[{"embeddable":true,"href":"http:\/\/www.grieta.org.mx\/index.php\/wp-json\/wp\/v2\/users\/2"}],"replies":[{"embeddable":true,"href":"http:\/\/www.grieta.org.mx\/index.php\/wp-json\/wp\/v2\/comments?post=8290"}],"version-history":[{"count":1,"href":"http:\/\/www.grieta.org.mx\/index.php\/wp-json\/wp\/v2\/posts\/8290\/revisions"}],"predecessor-version":[{"id":8293,"href":"http:\/\/www.grieta.org.mx\/index.php\/wp-json\/wp\/v2\/posts\/8290\/revisions\/8293"}],"wp:featuredmedia":[{"embeddable":true,"href":"http:\/\/www.grieta.org.mx\/index.php\/wp-json\/wp\/v2\/media\/21928"}],"wp:attachment":[{"href":"http:\/\/www.grieta.org.mx\/index.php\/wp-json\/wp\/v2\/media?parent=8290"}],"wp:term":[{"taxonomy":"category","embeddable":true,"href":"http:\/\/www.grieta.org.mx\/index.php\/wp-json\/wp\/v2\/categories?post=8290"},{"taxonomy":"post_tag","embeddable":true,"href":"http:\/\/www.grieta.org.mx\/index.php\/wp-json\/wp\/v2\/tags?post=8290"}],"curies":[{"name":"wp","href":"https:\/\/api.w.org\/{rel}","templated":true}]}}