{"id":8249,"date":"2015-04-09T18:37:21","date_gmt":"2015-04-09T18:37:21","guid":{"rendered":"http:\/\/50.22.11.12\/~grietaor\/?p=8249"},"modified":"2016-03-30T18:38:43","modified_gmt":"2016-03-30T18:38:43","slug":"afectados-por-derrame-marchan-por-hermosillo","status":"publish","type":"post","link":"http:\/\/www.grieta.org.mx\/index.php\/2015\/04\/09\/afectados-por-derrame-marchan-por-hermosillo\/","title":{"rendered":"Afectados por derrame marchan por Hermosillo"},"content":{"rendered":"<p>Cr\u00edtica<\/p>\n<p>Por: Redacci\u00f3n<br \/>\n2015-04-09<\/p>\n<p>HERMOSILLO, SON.- Un grupo de cerca de 60 habitantes de comunidades aleda\u00f1as al r\u00edo Sonora marcharon por calles de Hermosillo, para demandar se remedie el da\u00f1o hecho por la contaminaci\u00f3n del afluente, y se construya un hospital para atender a las cientos de personas que se\u00f1alan est\u00e1n afectadas en su salud.<\/p>\n<p>Los residentes de ejidos del municipio de Hermosillo y de Ures, luego de marchar se instalaron en plant\u00f3n frente a las instalaciones de la delegaci\u00f3n de la Secretar\u00eda de Gobernaci\u00f3n, en la colonia Valle Verde, en la capital sonorense.<br \/>\nLos inconformes demandaron adem\u00e1s al gobierno estatal ser interlocutor para solucionar el conflicto; al gobierno federal dejar de proteger a Grupo M\u00e9xico y obligarlo a resarcir el da\u00f1o; y a la empresa minera a cumplir con llevar agua a todas las comunidades que a\u00fan hoy en d\u00eda sufren por el desabasto del vital l\u00edquido, a pesar de que la contingencia por el derrame de t\u00f3xicos inici\u00f3 el pasado 6 de agosto.<\/p>\n<p>Se\u00f1alaron que lo que m\u00e1s preocupa a los habitantes de la regi\u00f3n es la salud y el actual desabasto de agua en decenas de comunidades, ya que a ra\u00edz de la contaminaci\u00f3n se dejaron de operar varios pozos, ante el riesgo de que los metales pesados ligados al derrame de t\u00f3xicos habr\u00edan llegado a los acu\u00edferos.<\/p>\n<p>Los ejidos que estamos cerca de la presa El Molinito (en los linderos del municipio de Hermosillo y Ures) estamos enfrentando muchos problemas, de salud, de abasto de agua y vemos que se hacen muchas promesas que no se cumplen\u201d, dijo Jos\u00e9 Mar\u00eda Tapia L\u00f3pez, habitante de la comunidad El Molino de Camou, en el municipio de Hermosillo.<\/p>\n<p>Dijo que utilizar el agua de los pozos en la zona es un peligro, ya que mucha gente que lo hace termina con enfermedades en la piel y gastrointestinales.<\/p>\n<p>Exigimos que nos surtan de tinacos, y se nos lleve agua suficiente en pipas, adem\u00e1s que se paguen las compensaciones econ\u00f3micas por todo el da\u00f1o que nos han hecho, y que se construya un hospital para atender todos los casos que sabemos se van a seguir presentando por mucho tiempo\u201d, dijo Tapia L\u00f3pez.<\/p>\n<p><a href=\"http:\/\/www.critica.com.mx\/vernoticias.php?artid=58557&#038;mas=1\" target=\"_blank\">http:\/\/www.critica.com.mx\/vernoticias.php?artid=58557&#038;mas=1<\/a><\/p>\n","protected":false},"excerpt":{"rendered":"<p>Cr\u00edtica Por: Redacci\u00f3n 2015-04-09 HERMOSILLO, SON.- Un grupo de cerca de 60 habitantes de comunidades aleda\u00f1as al r\u00edo Sonora marcharon por calles de Hermosillo, para demandar se remedie el da\u00f1o &hellip; <a href=\"http:\/\/www.grieta.org.mx\/index.php\/2015\/04\/09\/afectados-por-derrame-marchan-por-hermosillo\/\" class=\"more-link\">Leer m\u00e1s<\/a><\/p>\n","protected":false},"author":2,"featured_media":21928,"comment_status":"closed","ping_status":"open","sticky":false,"template":"","format":"standard","meta":{"ngg_post_thumbnail":0,"_jetpack_newsletter_access":"","_jetpack_dont_email_post_to_subs":false,"_jetpack_newsletter_tier_id":0,"_jetpack_memberships_contains_paywalled_content":false,"_jetpack_memberships_contains_paid_content":false,"footnotes":""},"categories":[80,456],"tags":[394],"class_list":["post-8249","post","type-post","status-publish","format-standard","has-post-thumbnail","hentry","category-cintillo","category-sonora","tag-contaminacion-por-mineria","entry"],"jetpack_featured_media_url":"http:\/\/www.grieta.org.mx\/wp-content\/uploads\/2018\/03\/14524434_1106112876131411_958039263622046936_o.jpg","jetpack_sharing_enabled":true,"jetpack_shortlink":"https:\/\/wp.me\/p7ZJR4-293","jetpack_likes_enabled":false,"jetpack-related-posts":[{"id":12190,"url":"http:\/\/www.grieta.org.mx\/index.php\/2016\/05\/14\/imponen-sentencias-de-hasta-29-anos-por-caso-de-guarderia-abc\/","url_meta":{"origin":8249,"position":0},"title":"Imponen sentencias de hasta 29 a\u00f1os por caso de guarder\u00eda ABC","author":"grieta","date":"14 mayo, 2016","format":false,"excerpt":"Despu\u00e9s de casi 7 a\u00f1os del incendio en la Guarder\u00eda ABC en Hermosillo, Sonora, en el que fallecieron 49 menores, a al menos 10 personas implicadas en el hecho se les dict\u00f3 sentencia condenatoria. David Sa\u00fal Vela Un Juez Federal de Sonora dict\u00f3 sentencia condenatoria en contra de al menos\u2026","rel":"","context":"En &quot;CINTILLO&quot;","block_context":{"text":"CINTILLO","link":"http:\/\/www.grieta.org.mx\/index.php\/category\/cintillo\/"},"img":{"alt_text":"","src":"https:\/\/i0.wp.com\/www.grieta.org.mx\/wp-content\/uploads\/2018\/03\/14524434_1106112876131411_958039263622046936_o.jpg?resize=350%2C200","width":350,"height":200,"srcset":"https:\/\/i0.wp.com\/www.grieta.org.mx\/wp-content\/uploads\/2018\/03\/14524434_1106112876131411_958039263622046936_o.jpg?resize=350%2C200 1x, https:\/\/i0.wp.com\/www.grieta.org.mx\/wp-content\/uploads\/2018\/03\/14524434_1106112876131411_958039263622046936_o.jpg?resize=525%2C300 1.5x, https:\/\/i0.wp.com\/www.grieta.org.mx\/wp-content\/uploads\/2018\/03\/14524434_1106112876131411_958039263622046936_o.jpg?resize=700%2C400 2x"},"classes":[]},{"id":32646,"url":"http:\/\/www.grieta.org.mx\/index.php\/2019\/04\/27\/guerreras-buscadoras-realizan-colecta-de-herramientas-en-la-plaza-emiliana-de-zubeldia-en-hermosillo\/","url_meta":{"origin":8249,"position":1},"title":"Guerreras Buscadoras realizan colecta de herramientas en la Plaza Emiliana de Zubeld\u00eda en Hermosillo","author":"grieta","date":"27 abril, 2019","format":false,"excerpt":"Astrid Arellano\/PROYECTO PUENTE La colecta de herramientas y donativos en efectivo de las Guerreras Buscadoras de Sonora contin\u00faa en la Plaza Emiliana de Zubeld\u00eda, para apoyar su labor de b\u00fasqueda de personas desaparecidas en Hermosillo. Hoy s\u00e1bado hasta las 15:00 horas, un grupo de m\u00e1s de 40 mujeres de Hermosillo\u2026","rel":"","context":"En &quot;CINTILLO&quot;","block_context":{"text":"CINTILLO","link":"http:\/\/www.grieta.org.mx\/index.php\/category\/cintillo\/"},"img":{"alt_text":"","src":"https:\/\/i0.wp.com\/www.grieta.org.mx\/wp-content\/uploads\/2019\/04\/Guerreras-herramientas.jpg?resize=350%2C200","width":350,"height":200,"srcset":"https:\/\/i0.wp.com\/www.grieta.org.mx\/wp-content\/uploads\/2019\/04\/Guerreras-herramientas.jpg?resize=350%2C200 1x, https:\/\/i0.wp.com\/www.grieta.org.mx\/wp-content\/uploads\/2019\/04\/Guerreras-herramientas.jpg?resize=525%2C300 1.5x, https:\/\/i0.wp.com\/www.grieta.org.mx\/wp-content\/uploads\/2019\/04\/Guerreras-herramientas.jpg?resize=700%2C400 2x"},"classes":[]},{"id":16703,"url":"http:\/\/www.grieta.org.mx\/index.php\/2016\/07\/12\/fue-una-manifestacion-pacifica-cnte-sonora\/","url_meta":{"origin":8249,"position":2},"title":"Fue una manifestaci\u00f3n pac\u00edfica: CNTE Sonora","author":"Admin","date":"12 julio, 2016","format":false,"excerpt":"Desconocen demanda de Cafupe\u2026 Respecto al tema, la vocera de este movimiento que particip\u00f3 en el plant\u00f3n realizado en la caseta de cobro localizada a la salida norte de Hermosillo dijo que solamente fue una manifestaci\u00f3n pac\u00edfica para externar su situaci\u00f3n de rechazo a la reforma educativa\u2026 Jes\u00fas Ortega Hermosillo,\u2026","rel":"","context":"En &quot;CINTILLO&quot;","block_context":{"text":"CINTILLO","link":"http:\/\/www.grieta.org.mx\/index.php\/category\/cintillo\/"},"img":{"alt_text":"","src":"https:\/\/i0.wp.com\/www.grieta.org.mx\/wp-content\/uploads\/2018\/03\/14524434_1106112876131411_958039263622046936_o.jpg?resize=350%2C200","width":350,"height":200,"srcset":"https:\/\/i0.wp.com\/www.grieta.org.mx\/wp-content\/uploads\/2018\/03\/14524434_1106112876131411_958039263622046936_o.jpg?resize=350%2C200 1x, https:\/\/i0.wp.com\/www.grieta.org.mx\/wp-content\/uploads\/2018\/03\/14524434_1106112876131411_958039263622046936_o.jpg?resize=525%2C300 1.5x, https:\/\/i0.wp.com\/www.grieta.org.mx\/wp-content\/uploads\/2018\/03\/14524434_1106112876131411_958039263622046936_o.jpg?resize=700%2C400 2x"},"classes":[]},{"id":23486,"url":"http:\/\/www.grieta.org.mx\/index.php\/2018\/06\/05\/padres-de-las-victimas-de-la-guarderia-abc-denuncian-represalias-de-funcionarios-por-reclamos-de-corrupcion-sonora\/","url_meta":{"origin":8249,"position":3},"title":"Padres de las v\u00edctimas de la Guarder\u00eda ABC denuncian represalias de funcionarios por reclamos de corrupci\u00f3n (Sonora)","author":"grieta","date":"5 junio, 2018","format":false,"excerpt":"Redacci\u00f3n\/ Sin Embargo Los familiares de los menores fallecidos subrayaron que ni el IMSS, ni el gobierno de Sonora, ni el municipio de Hermosillo han atendido la queja que emiti\u00f3 la Comisi\u00f3n Nacional de los Derechos Humanos (CNDH) el pasado 30 de junio de 2009. Ciudad de M\u00e9xico, 5 de\u2026","rel":"","context":"En &quot;CINTILLO&quot;","block_context":{"text":"CINTILLO","link":"http:\/\/www.grieta.org.mx\/index.php\/category\/cintillo\/"},"img":{"alt_text":"","src":"https:\/\/i0.wp.com\/www.grieta.org.mx\/wp-content\/uploads\/2018\/06\/padres-abc.jpg?resize=350%2C200","width":350,"height":200,"srcset":"https:\/\/i0.wp.com\/www.grieta.org.mx\/wp-content\/uploads\/2018\/06\/padres-abc.jpg?resize=350%2C200 1x, https:\/\/i0.wp.com\/www.grieta.org.mx\/wp-content\/uploads\/2018\/06\/padres-abc.jpg?resize=525%2C300 1.5x, https:\/\/i0.wp.com\/www.grieta.org.mx\/wp-content\/uploads\/2018\/06\/padres-abc.jpg?resize=700%2C400 2x, https:\/\/i0.wp.com\/www.grieta.org.mx\/wp-content\/uploads\/2018\/06\/padres-abc.jpg?resize=1050%2C600 3x"},"classes":[]},{"id":34112,"url":"http:\/\/www.grieta.org.mx\/index.php\/2019\/06\/01\/no-son-muertas-son-asesinadas-marchan-en-hermosillo-por-feminicidios-y-agresiones-en-sonora\/","url_meta":{"origin":8249,"position":4},"title":"&#8220;No son muertas, son asesinadas&#8221;, marchan en Hermosillo por feminicidios y agresiones en Sonora","author":"grieta","date":"1 junio, 2019","format":false,"excerpt":"Redacci\u00f3n\/ PROYECTO PUENTE \"Ni una m\u00e1s, ni una asesinada m\u00e1s\", es una delas consignas por las que levantan la voz mujeres y hombres que marchan en Hermosillo para reprobar los hechos violentos delos d\u00edas recientes. \"No son muertas, son asesinadas\", \"Quiero ser libre, no valiente\", gritan cientos de personas, en\u2026","rel":"","context":"En &quot;CINTILLO&quot;","block_context":{"text":"CINTILLO","link":"http:\/\/www.grieta.org.mx\/index.php\/category\/cintillo\/"},"img":{"alt_text":"","src":"https:\/\/i0.wp.com\/www.grieta.org.mx\/wp-content\/uploads\/2019\/06\/Alto-al-feminicidio.jpg?resize=350%2C200","width":350,"height":200,"srcset":"https:\/\/i0.wp.com\/www.grieta.org.mx\/wp-content\/uploads\/2019\/06\/Alto-al-feminicidio.jpg?resize=350%2C200 1x, https:\/\/i0.wp.com\/www.grieta.org.mx\/wp-content\/uploads\/2019\/06\/Alto-al-feminicidio.jpg?resize=525%2C300 1.5x, https:\/\/i0.wp.com\/www.grieta.org.mx\/wp-content\/uploads\/2019\/06\/Alto-al-feminicidio.jpg?resize=700%2C400 2x"},"classes":[]},{"id":52484,"url":"http:\/\/www.grieta.org.mx\/index.php\/2020\/08\/06\/rio-sonora-exigen-a-gobierno-y-grupo-mexico-6-medidas-por-la-salud-y-justicia\/","url_meta":{"origin":8249,"position":5},"title":"R\u00edo Sonora: exigen a gobierno y Grupo M\u00e9xico 6 medidas por la salud y justicia","author":"grieta","date":"6 agosto, 2020","format":false,"excerpt":"Contral\u00ednea\/Jordana Gonzalez La organizaci\u00f3n\u00a0Comit\u00e9s Cuenca R\u00edo Sonora\u00a0exigi\u00f3 al gobierno seis acciones urgentes para la remediaci\u00f3n y justicia en la contaminaci\u00f3n de 40 millones de litros de metales pesados en los\u00a0r\u00edos Bacanuchi y Sonora\u00a0en 2014. Ello, ante las promesas incumplidas de las autoridades municipales, estatales y federales respecto del\u00a0da\u00f1o ambiental ocasionado\u2026","rel":"","context":"En &quot;CINTILLO&quot;","block_context":{"text":"CINTILLO","link":"http:\/\/www.grieta.org.mx\/index.php\/category\/cintillo\/"},"img":{"alt_text":"","src":"https:\/\/i0.wp.com\/www.grieta.org.mx\/wp-content\/uploads\/2020\/08\/Jesus-Ballesteros-_Cuartoscuro.com_.mx_.jpeg?resize=350%2C200","width":350,"height":200,"srcset":"https:\/\/i0.wp.com\/www.grieta.org.mx\/wp-content\/uploads\/2020\/08\/Jesus-Ballesteros-_Cuartoscuro.com_.mx_.jpeg?resize=350%2C200 1x, https:\/\/i0.wp.com\/www.grieta.org.mx\/wp-content\/uploads\/2020\/08\/Jesus-Ballesteros-_Cuartoscuro.com_.mx_.jpeg?resize=525%2C300 1.5x"},"classes":[]}],"_links":{"self":[{"href":"http:\/\/www.grieta.org.mx\/index.php\/wp-json\/wp\/v2\/posts\/8249","targetHints":{"allow":["GET"]}}],"collection":[{"href":"http:\/\/www.grieta.org.mx\/index.php\/wp-json\/wp\/v2\/posts"}],"about":[{"href":"http:\/\/www.grieta.org.mx\/index.php\/wp-json\/wp\/v2\/types\/post"}],"author":[{"embeddable":true,"href":"http:\/\/www.grieta.org.mx\/index.php\/wp-json\/wp\/v2\/users\/2"}],"replies":[{"embeddable":true,"href":"http:\/\/www.grieta.org.mx\/index.php\/wp-json\/wp\/v2\/comments?post=8249"}],"version-history":[{"count":1,"href":"http:\/\/www.grieta.org.mx\/index.php\/wp-json\/wp\/v2\/posts\/8249\/revisions"}],"predecessor-version":[{"id":8252,"href":"http:\/\/www.grieta.org.mx\/index.php\/wp-json\/wp\/v2\/posts\/8249\/revisions\/8252"}],"wp:featuredmedia":[{"embeddable":true,"href":"http:\/\/www.grieta.org.mx\/index.php\/wp-json\/wp\/v2\/media\/21928"}],"wp:attachment":[{"href":"http:\/\/www.grieta.org.mx\/index.php\/wp-json\/wp\/v2\/media?parent=8249"}],"wp:term":[{"taxonomy":"category","embeddable":true,"href":"http:\/\/www.grieta.org.mx\/index.php\/wp-json\/wp\/v2\/categories?post=8249"},{"taxonomy":"post_tag","embeddable":true,"href":"http:\/\/www.grieta.org.mx\/index.php\/wp-json\/wp\/v2\/tags?post=8249"}],"curies":[{"name":"wp","href":"https:\/\/api.w.org\/{rel}","templated":true}]}}