{"id":8247,"date":"2015-08-25T18:36:26","date_gmt":"2015-08-25T18:36:26","guid":{"rendered":"http:\/\/50.22.11.12\/~grietaor\/?p=8247"},"modified":"2016-03-30T18:37:52","modified_gmt":"2016-03-30T18:37:52","slug":"outsourcing-contrata-a-ejidatarios-del-sur-para-fracking-y-despojarlos","status":"publish","type":"post","link":"http:\/\/www.grieta.org.mx\/index.php\/2015\/08\/25\/outsourcing-contrata-a-ejidatarios-del-sur-para-fracking-y-despojarlos\/","title":{"rendered":"Outsourcing contrata a ejidatarios del sur para fracking y despojarlos"},"content":{"rendered":"<p>Compa\u00f1\u00edas contratadas por Petr\u00f3leos Mexicanos (Pemex) ya est\u00e1n haciendo la contrataci\u00f3n de ind\u00edgenas popolucas de la sierra de Santa Marta para que colaboren en las labores de b\u00fasqueda de hidrocarburo en esa zona, mediante el procedimiento del fracking, aunque a cada ejidatario le quitar\u00e1n una hect\u00e1rea para hacer pruebas de exploraci\u00f3n profunda, usufructuando de manera \u201cilegal e irracional\u201d el agua del arroyo Soteapan y Naranjal y los r\u00edos Huazuntl\u00e1n y Tezizapan, que surten a la presa Yuribia, sostuvo el dirigente de los Pueblos Ind\u00edgenas de la Sierra de Soteapan, Fidencio Fern\u00e1ndez Carrera.<\/p>\n<p>Hay que recordar que los trabajos de Pemex son desde Jes\u00fas Carranza, Uxpanapa, Hidalgotitl\u00e1n, Minatitl\u00e1n, San Juan Evangelista, Las Choapas, Playa Vicente, Texistepec, J\u00e1ltipan, Oteapan, Cosoleacaque, Coatzacoalcos, Sayula, San Juan Evangelista, Xochiapa, Playa Vicente, Juan Rodr\u00edguez Clara, Hueyapan de Ocampo, Catemaco, Tatahuicapan, Pajapan, San Andr\u00e9s Tuxtla, Isla, Agua Dulce, Moloac\u00e1n, Ixhuatl\u00e1n del Sureste, Chinameca, Soconusco y Zaragoza.<\/p>\n<p>Pero es en los municipios que integran la sierra de Santa Marta en donde ya Pemex ofrece trabajo, para que de esta manera los campesinos o ejidatarios no protesten por la explotaci\u00f3n de los recursos naturales, porque se los ofrecen para todos, \u201centonces una familia se emociona que todos los hombres tendr\u00e1n trabajo, lo que no se ponen a pensar que esto ser\u00e1 temporal y despu\u00e9s de qu\u00e9 van a vivir\u201d, sostuvo Fern\u00e1ndez Carrera.<\/p>\n<p>El dirigente de Pueblos Ind\u00edgenas de la Sierra de Soteapan consider\u00f3 que los est\u00e1n empleando porque al final ser\u00e1n despojados de sus tierras, en caso de que encuentren petr\u00f3leo, lo que quieren es que la gente est\u00e9 de acuerdo.<\/p>\n<p>As\u00ed f\u00e1cilmente a cada ejidatario le quitar\u00e1n una hect\u00e1rea, las empresas que se har\u00e1n las pruebas de exploraci\u00f3n profunda, usufructuando de manera ilegal e irracional del agua del arroyo Soteapan, Naranjal y los r\u00edos Huazuntl\u00e1n y Tezizapan, que desembocan en la presa Yuribia.<\/p>\n<p>Adem\u00e1s, Pemex realiza trazos en ejidos que tienen acceso directo a energ\u00eda el\u00e9ctrica y agua, para que el procedimiento no se complique en tiempo y costos, sobre todo, en Ocozotepec, Buena Vista, Morelos, Las Palomas Colonia Nueva, Colonia Vieja, Florida, del municipio de Soteapan.<\/p>\n<p><a href=\"http:\/\/www.jornadaveracruz.com.mx\/outsourcing-contrata-a-ejidatarios-del-sur-para-fracking-y-despojarlos\/\" target=\"_blank\">http:\/\/www.jornadaveracruz.com.mx\/outsourcing-contrata-a-ejidatarios-del-sur-para-fracking-y-despojarlos\/<\/a><\/p>\n","protected":false},"excerpt":{"rendered":"<p>Compa\u00f1\u00edas contratadas por Petr\u00f3leos Mexicanos (Pemex) ya est\u00e1n haciendo la contrataci\u00f3n de ind\u00edgenas popolucas de la sierra de Santa Marta para que colaboren en las labores de b\u00fasqueda de hidrocarburo &hellip; <a href=\"http:\/\/www.grieta.org.mx\/index.php\/2015\/08\/25\/outsourcing-contrata-a-ejidatarios-del-sur-para-fracking-y-despojarlos\/\" class=\"more-link\">Leer m\u00e1s<\/a><\/p>\n","protected":false},"author":1,"featured_media":21928,"comment_status":"closed","ping_status":"open","sticky":false,"template":"","format":"standard","meta":{"ngg_post_thumbnail":0,"_jetpack_newsletter_access":"","_jetpack_dont_email_post_to_subs":false,"_jetpack_newsletter_tier_id":0,"_jetpack_memberships_contains_paywalled_content":false,"_jetpack_memberships_contains_paid_content":false,"footnotes":""},"categories":[80,257],"tags":[273,487],"class_list":["post-8247","post","type-post","status-publish","format-standard","has-post-thumbnail","hentry","category-cintillo","category-veracruz","tag-fracking","tag-outsourcing","entry"],"jetpack_featured_media_url":"http:\/\/www.grieta.org.mx\/wp-content\/uploads\/2018\/03\/14524434_1106112876131411_958039263622046936_o.jpg","jetpack_sharing_enabled":true,"jetpack_shortlink":"https:\/\/wp.me\/p7ZJR4-291","jetpack_likes_enabled":false,"jetpack-related-posts":[{"id":53488,"url":"http:\/\/www.grieta.org.mx\/index.php\/2020\/08\/21\/fracking-en-pemex-veracruz\/","url_meta":{"origin":8247,"position":0},"title":"Fracking en Pemex (Veracruz)","author":"grieta","date":"21 agosto, 2020","format":false,"excerpt":"Adri\u00e1n Arias \/ E Heraldo de M\u00e9xico La Secretar\u00eda de Energ\u00eda (Sener) obtuvo el visto bueno de la Comisi\u00f3n Nacional de Hidrocarburos (CNH), para entregar a Pemex tres \u00e1reas petroleras para explorar y extraer hidrocarburos en la cuenca de Tampico\u2013Misantla, Veracruz, una zona que requiere de fracking para obtener los\u2026","rel":"","context":"En &quot;CINTILLO&quot;","block_context":{"text":"CINTILLO","link":"http:\/\/www.grieta.org.mx\/index.php\/category\/cintillo\/"},"img":{"alt_text":"","src":"https:\/\/i0.wp.com\/www.grieta.org.mx\/wp-content\/uploads\/2020\/09\/Screenshot_2020-09-18-Fracking-en-Pemex.png?resize=350%2C200","width":350,"height":200,"srcset":"https:\/\/i0.wp.com\/www.grieta.org.mx\/wp-content\/uploads\/2020\/09\/Screenshot_2020-09-18-Fracking-en-Pemex.png?resize=350%2C200 1x, https:\/\/i0.wp.com\/www.grieta.org.mx\/wp-content\/uploads\/2020\/09\/Screenshot_2020-09-18-Fracking-en-Pemex.png?resize=525%2C300 1.5x, https:\/\/i0.wp.com\/www.grieta.org.mx\/wp-content\/uploads\/2020\/09\/Screenshot_2020-09-18-Fracking-en-Pemex.png?resize=700%2C400 2x, https:\/\/i0.wp.com\/www.grieta.org.mx\/wp-content\/uploads\/2020\/09\/Screenshot_2020-09-18-Fracking-en-Pemex.png?resize=1050%2C600 3x"},"classes":[]},{"id":63479,"url":"http:\/\/www.grieta.org.mx\/index.php\/2022\/02\/15\/comunidades-de-veracruz-se-niegan-a-la-perforacion-de-pozos\/","url_meta":{"origin":8247,"position":1},"title":"Comunidades de Veracruz se niegan a la perforaci\u00f3n de pozos","author":"grieta","date":"15 febrero, 2022","format":false,"excerpt":"Jeny Pascacio \/ Avispa Midia Comunidades de la Sierra de Santa Marta, del sur de Veracruz, no permitieron la entrada de los trabajadores de la Compa\u00f1\u00eda Mexicana de Exploraciones S.A.de.C.V (Comesa), que buscan realizar estudios s\u00edsmicos para la perforaci\u00f3n de pozos de Petr\u00f3leos Mexicanos. La semana pasada, los habitantes de\u2026","rel":"","context":"En &quot;CINTILLO&quot;","block_context":{"text":"CINTILLO","link":"http:\/\/www.grieta.org.mx\/index.php\/category\/cintillo\/"},"img":{"alt_text":"","src":"https:\/\/i0.wp.com\/www.grieta.org.mx\/wp-content\/uploads\/2022\/02\/Screenshot-2022-02-23-at-13-48-05-Comunidades-de-Veracruz-se-niegan-a-la-perforacion-de-pozos.png?resize=350%2C200","width":350,"height":200,"srcset":"https:\/\/i0.wp.com\/www.grieta.org.mx\/wp-content\/uploads\/2022\/02\/Screenshot-2022-02-23-at-13-48-05-Comunidades-de-Veracruz-se-niegan-a-la-perforacion-de-pozos.png?resize=350%2C200 1x, https:\/\/i0.wp.com\/www.grieta.org.mx\/wp-content\/uploads\/2022\/02\/Screenshot-2022-02-23-at-13-48-05-Comunidades-de-Veracruz-se-niegan-a-la-perforacion-de-pozos.png?resize=525%2C300 1.5x, https:\/\/i0.wp.com\/www.grieta.org.mx\/wp-content\/uploads\/2022\/02\/Screenshot-2022-02-23-at-13-48-05-Comunidades-de-Veracruz-se-niegan-a-la-perforacion-de-pozos.png?resize=700%2C400 2x, https:\/\/i0.wp.com\/www.grieta.org.mx\/wp-content\/uploads\/2022\/02\/Screenshot-2022-02-23-at-13-48-05-Comunidades-de-Veracruz-se-niegan-a-la-perforacion-de-pozos.png?resize=1050%2C600 3x, https:\/\/i0.wp.com\/www.grieta.org.mx\/wp-content\/uploads\/2022\/02\/Screenshot-2022-02-23-at-13-48-05-Comunidades-de-Veracruz-se-niegan-a-la-perforacion-de-pozos.png?resize=1400%2C800 4x"},"classes":[]},{"id":53541,"url":"http:\/\/www.grieta.org.mx\/index.php\/2020\/09\/14\/la-4t-mantendra-gasto-de-pemex-en-proyectos-de-fracking-durante-2021\/","url_meta":{"origin":8247,"position":2},"title":"La 4T mantendr\u00e1 gasto de Pemex en proyectos de fracking durante 2021","author":"Admin","date":"14 septiembre, 2020","format":false,"excerpt":"Arturo Sol\u00eds - Forbes El pr\u00f3ximo a\u00f1o, el gobierno mexicano mantendr\u00e1 el gasto de Petr\u00f3leos Mexicanos (Pemex) en proyectos que requieren fractura hidr\u00e1ulica del subsuelo, t\u00e9cnica tambi\u00e9n conocida como fracking. A pesar de que el presidente Andr\u00e9s Manuel L\u00f3pez Obrador prometi\u00f3 no usar fracking para extraer petr\u00f3leo y gas, la\u2026","rel":"","context":"En &quot;CINTILLO&quot;","block_context":{"text":"CINTILLO","link":"http:\/\/www.grieta.org.mx\/index.php\/category\/cintillo\/"},"img":{"alt_text":"","src":"https:\/\/i0.wp.com\/www.grieta.org.mx\/wp-content\/uploads\/2020\/09\/Reuters-petroleo-hidrocarburos-640x360-1.jpg?resize=350%2C200","width":350,"height":200,"srcset":"https:\/\/i0.wp.com\/www.grieta.org.mx\/wp-content\/uploads\/2020\/09\/Reuters-petroleo-hidrocarburos-640x360-1.jpg?resize=350%2C200 1x, https:\/\/i0.wp.com\/www.grieta.org.mx\/wp-content\/uploads\/2020\/09\/Reuters-petroleo-hidrocarburos-640x360-1.jpg?resize=525%2C300 1.5x"},"classes":[]},{"id":41349,"url":"http:\/\/www.grieta.org.mx\/index.php\/2019\/11\/19\/aprueban-exploracion-con-fracking-en-puebla\/","url_meta":{"origin":8247,"position":3},"title":"Aprueban exploraci\u00f3n con fracking en Puebla","author":"Admin","date":"19 noviembre, 2019","format":false,"excerpt":"Laura Ruiz \/ e-consulta Se trata del proyecto Miquetla a realizarse por la empresa Diavaz en la regi\u00f3n de Chicontepec El territorio de Puebla podr\u00eda someterse a procesos de fracking luego de que la Comisi\u00f3n Nacional de Hidrocarburos (CNH) aprob\u00f3 la semana pasada un proyecto exploratorio para la Operadora de\u2026","rel":"","context":"En &quot;CINTILLO&quot;","block_context":{"text":"CINTILLO","link":"http:\/\/www.grieta.org.mx\/index.php\/category\/cintillo\/"},"img":{"alt_text":"","src":"https:\/\/i0.wp.com\/www.grieta.org.mx\/wp-content\/uploads\/2019\/11\/fracking_1_0.jpg?resize=350%2C200","width":350,"height":200,"srcset":"https:\/\/i0.wp.com\/www.grieta.org.mx\/wp-content\/uploads\/2019\/11\/fracking_1_0.jpg?resize=350%2C200 1x, https:\/\/i0.wp.com\/www.grieta.org.mx\/wp-content\/uploads\/2019\/11\/fracking_1_0.jpg?resize=525%2C300 1.5x"},"classes":[]},{"id":28179,"url":"http:\/\/www.grieta.org.mx\/index.php\/2018\/12\/20\/pese-a-negativa-de-amlo-pemex-si-contempla-invertir-en-fracking-puebla-y-veracruz\/","url_meta":{"origin":8247,"position":4},"title":"Pese a negativa de AMLO, Pemex s\u00ed contempla invertir en fracking (Puebla y Veracruz)","author":"grieta","date":"20 diciembre, 2018","format":false,"excerpt":"Redacci\u00f3n \/ Forbes A pesar de que el presidente Andr\u00e9s Manuel L\u00f3pez Obrador (AMLO) dijo que en M\u00e9xico no se utilizar\u00e1 fractura hidr\u00e1ulica o fracking para extraer hidrocarburos, Petr\u00f3leos Mexicanos (Pemex) invertir\u00e1 7,340 millones de pesos (mdp) en proyectos que requieren esta tecnolog\u00eda. El primer proyecto de inversi\u00f3n de la\u2026","rel":"","context":"En &quot;CINTILLO&quot;","block_context":{"text":"CINTILLO","link":"http:\/\/www.grieta.org.mx\/index.php\/category\/cintillo\/"},"img":{"alt_text":"","src":"https:\/\/i0.wp.com\/www.grieta.org.mx\/wp-content\/uploads\/2019\/01\/reuters-iran-petroleo.jpg?resize=350%2C200","width":350,"height":200,"srcset":"https:\/\/i0.wp.com\/www.grieta.org.mx\/wp-content\/uploads\/2019\/01\/reuters-iran-petroleo.jpg?resize=350%2C200 1x, https:\/\/i0.wp.com\/www.grieta.org.mx\/wp-content\/uploads\/2019\/01\/reuters-iran-petroleo.jpg?resize=525%2C300 1.5x"},"classes":[]},{"id":39581,"url":"http:\/\/www.grieta.org.mx\/index.php\/2019\/09\/09\/gobierno-de-amlo-entregara-a-pemex-5200-millones-de-pesos-para-fracking\/","url_meta":{"origin":8247,"position":5},"title":"Gobierno de AMLO entregar\u00e1 a Pemex 5,200 millones de pesos para fracking","author":"grieta","date":"9 septiembre, 2019","format":false,"excerpt":"Arturo Sol\u00eds \/ Forbes El gobierno del presidente Andr\u00e9s Manuel L\u00f3pez Obrador entregar\u00e1 5,200 millones de pesos (mdp) a Petr\u00f3leos Mexicanos (Pemex) para campos petroleros con recursos no convencionales que requieren fractura hidr\u00e1ulica, t\u00e9cnica conocida como fracking. Pemex Exploraci\u00f3n y Producci\u00f3n (PEP)contempla un proyecto de inversi\u00f3n de aceite y gas\u2026","rel":"","context":"En &quot;CINTILLO&quot;","block_context":{"text":"CINTILLO","link":"http:\/\/www.grieta.org.mx\/index.php\/category\/cintillo\/"},"img":{"alt_text":"","src":"https:\/\/i0.wp.com\/www.grieta.org.mx\/wp-content\/uploads\/2019\/09\/Screenshot_2019-09-26-Pocket-Gobierno-de-AMLO-entregar%C3%A1-a-Pemex-5200-millones-de-pesos-para-fracking.png?resize=350%2C200","width":350,"height":200,"srcset":"https:\/\/i0.wp.com\/www.grieta.org.mx\/wp-content\/uploads\/2019\/09\/Screenshot_2019-09-26-Pocket-Gobierno-de-AMLO-entregar%C3%A1-a-Pemex-5200-millones-de-pesos-para-fracking.png?resize=350%2C200 1x, https:\/\/i0.wp.com\/www.grieta.org.mx\/wp-content\/uploads\/2019\/09\/Screenshot_2019-09-26-Pocket-Gobierno-de-AMLO-entregar%C3%A1-a-Pemex-5200-millones-de-pesos-para-fracking.png?resize=525%2C300 1.5x, https:\/\/i0.wp.com\/www.grieta.org.mx\/wp-content\/uploads\/2019\/09\/Screenshot_2019-09-26-Pocket-Gobierno-de-AMLO-entregar%C3%A1-a-Pemex-5200-millones-de-pesos-para-fracking.png?resize=700%2C400 2x"},"classes":[]}],"_links":{"self":[{"href":"http:\/\/www.grieta.org.mx\/index.php\/wp-json\/wp\/v2\/posts\/8247","targetHints":{"allow":["GET"]}}],"collection":[{"href":"http:\/\/www.grieta.org.mx\/index.php\/wp-json\/wp\/v2\/posts"}],"about":[{"href":"http:\/\/www.grieta.org.mx\/index.php\/wp-json\/wp\/v2\/types\/post"}],"author":[{"embeddable":true,"href":"http:\/\/www.grieta.org.mx\/index.php\/wp-json\/wp\/v2\/users\/1"}],"replies":[{"embeddable":true,"href":"http:\/\/www.grieta.org.mx\/index.php\/wp-json\/wp\/v2\/comments?post=8247"}],"version-history":[{"count":1,"href":"http:\/\/www.grieta.org.mx\/index.php\/wp-json\/wp\/v2\/posts\/8247\/revisions"}],"predecessor-version":[{"id":8250,"href":"http:\/\/www.grieta.org.mx\/index.php\/wp-json\/wp\/v2\/posts\/8247\/revisions\/8250"}],"wp:featuredmedia":[{"embeddable":true,"href":"http:\/\/www.grieta.org.mx\/index.php\/wp-json\/wp\/v2\/media\/21928"}],"wp:attachment":[{"href":"http:\/\/www.grieta.org.mx\/index.php\/wp-json\/wp\/v2\/media?parent=8247"}],"wp:term":[{"taxonomy":"category","embeddable":true,"href":"http:\/\/www.grieta.org.mx\/index.php\/wp-json\/wp\/v2\/categories?post=8247"},{"taxonomy":"post_tag","embeddable":true,"href":"http:\/\/www.grieta.org.mx\/index.php\/wp-json\/wp\/v2\/tags?post=8247"}],"curies":[{"name":"wp","href":"https:\/\/api.w.org\/{rel}","templated":true}]}}