{"id":7995,"date":"2015-09-27T04:15:41","date_gmt":"2015-09-27T04:15:41","guid":{"rendered":"http:\/\/50.22.11.12\/~grietaor\/?p=7995"},"modified":"2016-03-30T04:18:15","modified_gmt":"2016-03-30T04:18:15","slug":"marchan-en-hermosillo-por-los-43-de-ayotzinapa","status":"publish","type":"post","link":"http:\/\/www.grieta.org.mx\/index.php\/2015\/09\/27\/marchan-en-hermosillo-por-los-43-de-ayotzinapa\/","title":{"rendered":"Marchan en Hermosillo por los 43 de Ayotzinapa"},"content":{"rendered":"<p>El imparcial<\/p>\n<p><img decoding=\"async\" data-attachment-id=\"7996\" data-permalink=\"http:\/\/www.grieta.org.mx\/index.php\/2015\/09\/27\/marchan-en-hermosillo-por-los-43-de-ayotzinapa\/hermosillo-300x200\/\" data-orig-file=\"http:\/\/www.grieta.org.mx\/wp-content\/uploads\/2016\/03\/hermosillo-300x200.jpg\" data-orig-size=\"300,200\" data-comments-opened=\"0\" data-image-meta=\"{&quot;aperture&quot;:&quot;0&quot;,&quot;credit&quot;:&quot;&quot;,&quot;camera&quot;:&quot;&quot;,&quot;caption&quot;:&quot;&quot;,&quot;created_timestamp&quot;:&quot;0&quot;,&quot;copyright&quot;:&quot;&quot;,&quot;focal_length&quot;:&quot;0&quot;,&quot;iso&quot;:&quot;0&quot;,&quot;shutter_speed&quot;:&quot;0&quot;,&quot;title&quot;:&quot;&quot;,&quot;orientation&quot;:&quot;0&quot;}\" data-image-title=\"hermosillo-300&amp;#215;200\" data-image-description=\"\" data-image-caption=\"\" data-medium-file=\"http:\/\/www.grieta.org.mx\/wp-content\/uploads\/2016\/03\/hermosillo-300x200-300x200.jpg\" data-large-file=\"http:\/\/www.grieta.org.mx\/wp-content\/uploads\/2016\/03\/hermosillo-300x200.jpg\" src=\"http:\/\/grieta.org.mx\/wp-content\/uploads\/2016\/03\/hermosillo-300x200.jpg\" alt=\"hermosillo-300x200\" width=\"100%\" class=\"alignnone size-full wp-image-7996\" \/><\/p>\n<p>Por: Francisco Javier Palomino<br \/>\nA un a\u00f1o de la desaparici\u00f3n de 43 estudiantes de la Escuela Normal Rural de Ayotzinapa, Guerrero, cientos de manifestantes recorrieron ayer pac\u00edficamente las calles de Hermosillo para exigir justicia.<\/p>\n<p>El contingente de alrededor de 500 personas, seg\u00fan participantes y organizadores, sali\u00f3 de la Plaza de los 100 A\u00f1os a las 18:00 horas y dio un recorrido pasando por calles del Centro y frente a instituciones como la Procuradur\u00eda de Justicia, el Congreso y el Palacio de Gobierno.<\/p>\n<p>Con fotos de los desaparecidos y mantas con consignas como \u201cT\u00fa tambi\u00e9n eres Ayotzinapa\u201d, as\u00ed como una representaci\u00f3n teatral de hombres encapuchados disparando a la gente al ritmo de un tambor batiente, se revivi\u00f3 lo ocurrido hace un a\u00f1o.<\/p>\n<p>CUENTAN HASTA 43<\/p>\n<p>Los manifestantes contaron del 1 al 43 los reclamos de justicia en este caso que ha acaparado la atenci\u00f3n a nivel internacional.<\/p>\n<p>\u201cNos solidarizamos con una causa que nos duele a todos los mexicanos, a un a\u00f1o de b\u00fasqueda y exigencia de justicia por los 43 estudiantes que se perdieron el d\u00eda que mataron a 6 de sus compa\u00f1eros\u2026 que no se nos olvide. Los 49 de Ayotzinapa que se parecen a los 49 de Hermosillo que nos faltan\u201d, expres\u00f3 uno de los oradores del evento que dur\u00f3 aproximadamente una hora.<\/p>\n<p><a href=\"http:\/\/www.elimparcial.com\/EdicionEnLinea\/Notas\/Noticias\/27092015\/1011728-Marchan-en-Hermosillo-por-los-43-de-Ayotzinapa.html\" target=\"_blank\">http:\/\/www.elimparcial.com\/EdicionEnLinea\/Notas\/Noticias\/27092015\/1011728-Marchan-en-Hermosillo-por-los-43-de-Ayotzinapa.html<\/a><\/p>\n","protected":false},"excerpt":{"rendered":"<p>El imparcial Por: Francisco Javier Palomino A un a\u00f1o de la desaparici\u00f3n de 43 estudiantes de la Escuela Normal Rural de Ayotzinapa, Guerrero, cientos de manifestantes recorrieron ayer pac\u00edficamente las &hellip; <a href=\"http:\/\/www.grieta.org.mx\/index.php\/2015\/09\/27\/marchan-en-hermosillo-por-los-43-de-ayotzinapa\/\" class=\"more-link\">Leer m\u00e1s<\/a><\/p>\n","protected":false},"author":2,"featured_media":21928,"comment_status":"closed","ping_status":"open","sticky":false,"template":"","format":"standard","meta":{"ngg_post_thumbnail":0,"_jetpack_newsletter_access":"","_jetpack_dont_email_post_to_subs":false,"_jetpack_newsletter_tier_id":0,"_jetpack_memberships_contains_paywalled_content":false,"_jetpack_memberships_contains_paid_content":false,"footnotes":""},"categories":[80,456],"tags":[119],"class_list":["post-7995","post","type-post","status-publish","format-standard","has-post-thumbnail","hentry","category-cintillo","category-sonora","tag-ayotzinapa","entry"],"jetpack_featured_media_url":"http:\/\/www.grieta.org.mx\/wp-content\/uploads\/2018\/03\/14524434_1106112876131411_958039263622046936_o.jpg","jetpack_sharing_enabled":true,"jetpack_shortlink":"https:\/\/wp.me\/p7ZJR4-24X","jetpack_likes_enabled":false,"jetpack-related-posts":[{"id":4855,"url":"http:\/\/www.grieta.org.mx\/index.php\/2015\/09\/28\/ucizoni-marcha-por-los-43-desparecidos-de-ayotzinapa\/","url_meta":{"origin":7995,"position":0},"title":"UCIZONI marcha por los 43 desparecidos de Ayotzinapa","author":"grieta","date":"28 septiembre, 2015","format":false,"excerpt":"Rafael de Paz Morales, Oaxaca. Mat\u00edas Romero Avenda\u00f1o, Oax.- Un contingente de aproximadamente 300 gentes, marcharon por las principales calles de esta comercial ciudad, para exigir justicia a las autoridades competentes en el caso Ayotzinapa, donde hace precisamente un a\u00f1o desaparecieron 43 normalistas. La marcha mitin dio inicio a las\u2026","rel":"","context":"En &quot;CINTILLO&quot;","block_context":{"text":"CINTILLO","link":"http:\/\/www.grieta.org.mx\/index.php\/category\/cintillo\/"},"img":{"alt_text":"","src":"https:\/\/i0.wp.com\/www.grieta.org.mx\/wp-content\/uploads\/2018\/03\/14524434_1106112876131411_958039263622046936_o.jpg?resize=350%2C200","width":350,"height":200,"srcset":"https:\/\/i0.wp.com\/www.grieta.org.mx\/wp-content\/uploads\/2018\/03\/14524434_1106112876131411_958039263622046936_o.jpg?resize=350%2C200 1x, https:\/\/i0.wp.com\/www.grieta.org.mx\/wp-content\/uploads\/2018\/03\/14524434_1106112876131411_958039263622046936_o.jpg?resize=525%2C300 1.5x, https:\/\/i0.wp.com\/www.grieta.org.mx\/wp-content\/uploads\/2018\/03\/14524434_1106112876131411_958039263622046936_o.jpg?resize=700%2C400 2x"},"classes":[]},{"id":9083,"url":"http:\/\/www.grieta.org.mx\/index.php\/2015\/10\/21\/movilizaciones-por-ayotzinapa\/","url_meta":{"origin":7995,"position":1},"title":"Movilizaciones por ayotzinapa","author":"Admin","date":"21 octubre, 2015","format":false,"excerpt":"21\/10\/15. Se re\u00fanen padres de los 43 con organizaciones en Sonora; buscan formar un movimiento nacional El Sur Acapulco 27\/09\/15. Marchan en Hermosillo por los 43 de Ayotzinapa El Imparcial","rel":"","context":"En &quot;NOTICIAS NACIONALES&quot;","block_context":{"text":"NOTICIAS NACIONALES","link":"http:\/\/www.grieta.org.mx\/index.php\/category\/noticias-nacionales\/"},"img":{"alt_text":"","src":"https:\/\/i0.wp.com\/www.grieta.org.mx\/wp-content\/uploads\/2018\/03\/14524434_1106112876131411_958039263622046936_o.jpg?resize=350%2C200","width":350,"height":200,"srcset":"https:\/\/i0.wp.com\/www.grieta.org.mx\/wp-content\/uploads\/2018\/03\/14524434_1106112876131411_958039263622046936_o.jpg?resize=350%2C200 1x, https:\/\/i0.wp.com\/www.grieta.org.mx\/wp-content\/uploads\/2018\/03\/14524434_1106112876131411_958039263622046936_o.jpg?resize=525%2C300 1.5x, https:\/\/i0.wp.com\/www.grieta.org.mx\/wp-content\/uploads\/2018\/03\/14524434_1106112876131411_958039263622046936_o.jpg?resize=700%2C400 2x"},"classes":[]},{"id":6016,"url":"http:\/\/www.grieta.org.mx\/index.php\/2015\/09\/27\/se-manifiestan-en-guanajuato-a-un-ano-de-la-desaparicion-de-los-43-normalistas-en-ayotzinapa\/","url_meta":{"origin":7995,"position":2},"title":"Se manifiestan en Guanajuato a un a\u00f1o de la desaparici\u00f3n de los 43 normalistas en Ayotzinapa","author":"grieta","date":"27 septiembre, 2015","format":false,"excerpt":"Jorge Hern\u00e1ndez, Luis Garc\u00eda y Roberto Guti\u00e9rrez, Le\u00f3n\/Celaya\/San Miguel de Allende, Gto. Ciudadanos, activistas y miembros de asociaciones civiles guanajuatenses marcharon en protesta por la desaparici\u00f3n de los 43 estudiantes normalistas de Guerrero. El 26 de septiembre de 2014, estudiantes de la Normal de Ayotzinapa fueron atacados por polic\u00edas municipales\u2026","rel":"","context":"En &quot;CINTILLO&quot;","block_context":{"text":"CINTILLO","link":"http:\/\/www.grieta.org.mx\/index.php\/category\/cintillo\/"},"img":{"alt_text":"","src":"https:\/\/i0.wp.com\/www.grieta.org.mx\/wp-content\/uploads\/2018\/03\/14524434_1106112876131411_958039263622046936_o.jpg?resize=350%2C200","width":350,"height":200,"srcset":"https:\/\/i0.wp.com\/www.grieta.org.mx\/wp-content\/uploads\/2018\/03\/14524434_1106112876131411_958039263622046936_o.jpg?resize=350%2C200 1x, https:\/\/i0.wp.com\/www.grieta.org.mx\/wp-content\/uploads\/2018\/03\/14524434_1106112876131411_958039263622046936_o.jpg?resize=525%2C300 1.5x, https:\/\/i0.wp.com\/www.grieta.org.mx\/wp-content\/uploads\/2018\/03\/14524434_1106112876131411_958039263622046936_o.jpg?resize=700%2C400 2x"},"classes":[]},{"id":4853,"url":"http:\/\/www.grieta.org.mx\/index.php\/2015\/09\/26\/marcha-magisterio-de-oaxaca-por-ayotzinapa\/","url_meta":{"origin":7995,"position":3},"title":"Marcha magisterio de Oaxaca por Ayotzinapa","author":"grieta","date":"26 septiembre, 2015","format":false,"excerpt":"Carlos Torres, Oaxaca. Los reclamos de justicia sonaron en las calles Oaxaca, al cumplirse un a\u00f1o de la desaparici\u00f3n forzada de los 43 estudiantes de la Escuela Normal Rural \u201cRa\u00fal Isidro Burgos\u201d de Ayotzinapa, por lo que organizaciones sociales encabezadas por la secci\u00f3n 22 del Sindicato Nacional de trabajadores de\u2026","rel":"","context":"En &quot;CINTILLO&quot;","block_context":{"text":"CINTILLO","link":"http:\/\/www.grieta.org.mx\/index.php\/category\/cintillo\/"},"img":{"alt_text":"","src":"https:\/\/i0.wp.com\/www.grieta.org.mx\/wp-content\/uploads\/2018\/03\/14524434_1106112876131411_958039263622046936_o.jpg?resize=350%2C200","width":350,"height":200,"srcset":"https:\/\/i0.wp.com\/www.grieta.org.mx\/wp-content\/uploads\/2018\/03\/14524434_1106112876131411_958039263622046936_o.jpg?resize=350%2C200 1x, https:\/\/i0.wp.com\/www.grieta.org.mx\/wp-content\/uploads\/2018\/03\/14524434_1106112876131411_958039263622046936_o.jpg?resize=525%2C300 1.5x, https:\/\/i0.wp.com\/www.grieta.org.mx\/wp-content\/uploads\/2018\/03\/14524434_1106112876131411_958039263622046936_o.jpg?resize=700%2C400 2x"},"classes":[]},{"id":65361,"url":"http:\/\/www.grieta.org.mx\/index.php\/2022\/09\/26\/justicia-exigen-normalistas-de-aguascalientes-en-manifestacion-por-los-43-de-ayotzinapa\/","url_meta":{"origin":7995,"position":4},"title":"\u201c\u00a1Justicia!\u201d, exigen normalistas de Aguascalientes en manifestaci\u00f3n por los 43 de Ayotzinapa","author":"grieta","date":"26 septiembre, 2022","format":false,"excerpt":"Daniela Lomel\u00ed\/Newsweek en Espa\u00f1ol 26 septiembre 2022 Estudiantes de la Escuela Normal Rural \u201cJusto Sierra M\u00e9ndez\u201d, mejor conocida como Ca\u00f1ada Honda, se manifestaron durante la tarde de este lunes en el centro de la ciudad para conmemorar el octavo aniversario de los hechos ocurridos en Ayotzinapa, en septiembre del 2014.\u2026","rel":"","context":"En &quot;Aguascalientes&quot;","block_context":{"text":"Aguascalientes","link":"http:\/\/www.grieta.org.mx\/index.php\/category\/noticias-nacionales\/aguascalientes\/"},"img":{"alt_text":"","src":"https:\/\/i0.wp.com\/www.grieta.org.mx\/wp-content\/uploads\/2022\/09\/WhatsApp-Image-2022-09-26-at-8.11.01-PM-1140x570-1.jpeg?resize=350%2C200","width":350,"height":200,"srcset":"https:\/\/i0.wp.com\/www.grieta.org.mx\/wp-content\/uploads\/2022\/09\/WhatsApp-Image-2022-09-26-at-8.11.01-PM-1140x570-1.jpeg?resize=350%2C200 1x, https:\/\/i0.wp.com\/www.grieta.org.mx\/wp-content\/uploads\/2022\/09\/WhatsApp-Image-2022-09-26-at-8.11.01-PM-1140x570-1.jpeg?resize=525%2C300 1.5x, https:\/\/i0.wp.com\/www.grieta.org.mx\/wp-content\/uploads\/2022\/09\/WhatsApp-Image-2022-09-26-at-8.11.01-PM-1140x570-1.jpeg?resize=700%2C400 2x, https:\/\/i0.wp.com\/www.grieta.org.mx\/wp-content\/uploads\/2022\/09\/WhatsApp-Image-2022-09-26-at-8.11.01-PM-1140x570-1.jpeg?resize=1050%2C600 3x"},"classes":[]},{"id":6041,"url":"http:\/\/www.grieta.org.mx\/index.php\/2015\/09\/27\/en-aguascalientes-exigen-justicia-a-un-ano-de-la-desaparicion-de-los-43-estudiantes-normalistas-de-ayotzinapa\/","url_meta":{"origin":7995,"position":5},"title":"En Aguascalientes exigen Justicia a un a\u00f1o de la Desaparici\u00f3n de los 43 Estudiantes Normalistas de Ayotzinapa","author":"grieta","date":"27 septiembre, 2015","format":false,"excerpt":"Cristina Zareth Hern\u00e1ndez Guti\u00e9rrez En el primer aniversario de la desaparici\u00f3n de los normalistas de Ayotzinapa, estudiantes, maestros y activistas realizaron una marcha de protesta para exigir al igual que hace un a\u00f1o, \u201cjusticia por los 43\u201d. El contingente de cerca de 400 personas que se integr\u00f3 por estudiantes del\u2026","rel":"","context":"En &quot;aguascalientes&quot;","block_context":{"text":"aguascalientes","link":"http:\/\/www.grieta.org.mx\/index.php\/category\/aguascalientes\/"},"img":{"alt_text":"","src":"https:\/\/i0.wp.com\/www.grieta.org.mx\/wp-content\/uploads\/2018\/03\/14524434_1106112876131411_958039263622046936_o.jpg?resize=350%2C200","width":350,"height":200,"srcset":"https:\/\/i0.wp.com\/www.grieta.org.mx\/wp-content\/uploads\/2018\/03\/14524434_1106112876131411_958039263622046936_o.jpg?resize=350%2C200 1x, https:\/\/i0.wp.com\/www.grieta.org.mx\/wp-content\/uploads\/2018\/03\/14524434_1106112876131411_958039263622046936_o.jpg?resize=525%2C300 1.5x, https:\/\/i0.wp.com\/www.grieta.org.mx\/wp-content\/uploads\/2018\/03\/14524434_1106112876131411_958039263622046936_o.jpg?resize=700%2C400 2x"},"classes":[]}],"_links":{"self":[{"href":"http:\/\/www.grieta.org.mx\/index.php\/wp-json\/wp\/v2\/posts\/7995","targetHints":{"allow":["GET"]}}],"collection":[{"href":"http:\/\/www.grieta.org.mx\/index.php\/wp-json\/wp\/v2\/posts"}],"about":[{"href":"http:\/\/www.grieta.org.mx\/index.php\/wp-json\/wp\/v2\/types\/post"}],"author":[{"embeddable":true,"href":"http:\/\/www.grieta.org.mx\/index.php\/wp-json\/wp\/v2\/users\/2"}],"replies":[{"embeddable":true,"href":"http:\/\/www.grieta.org.mx\/index.php\/wp-json\/wp\/v2\/comments?post=7995"}],"version-history":[{"count":1,"href":"http:\/\/www.grieta.org.mx\/index.php\/wp-json\/wp\/v2\/posts\/7995\/revisions"}],"predecessor-version":[{"id":8000,"href":"http:\/\/www.grieta.org.mx\/index.php\/wp-json\/wp\/v2\/posts\/7995\/revisions\/8000"}],"wp:featuredmedia":[{"embeddable":true,"href":"http:\/\/www.grieta.org.mx\/index.php\/wp-json\/wp\/v2\/media\/21928"}],"wp:attachment":[{"href":"http:\/\/www.grieta.org.mx\/index.php\/wp-json\/wp\/v2\/media?parent=7995"}],"wp:term":[{"taxonomy":"category","embeddable":true,"href":"http:\/\/www.grieta.org.mx\/index.php\/wp-json\/wp\/v2\/categories?post=7995"},{"taxonomy":"post_tag","embeddable":true,"href":"http:\/\/www.grieta.org.mx\/index.php\/wp-json\/wp\/v2\/tags?post=7995"}],"curies":[{"name":"wp","href":"https:\/\/api.w.org\/{rel}","templated":true}]}}