{"id":7980,"date":"2015-10-21T04:05:38","date_gmt":"2015-10-21T04:05:38","guid":{"rendered":"http:\/\/50.22.11.12\/~grietaor\/?p=7980"},"modified":"2016-03-30T04:08:07","modified_gmt":"2016-03-30T04:08:07","slug":"se-reunen-padres-de-los-43-con-organizaciones-en-sonora-buscan-formar-un-movimiento-nacional","status":"publish","type":"post","link":"http:\/\/www.grieta.org.mx\/index.php\/2015\/10\/21\/se-reunen-padres-de-los-43-con-organizaciones-en-sonora-buscan-formar-un-movimiento-nacional\/","title":{"rendered":"Se re\u00fanen padres de los 43 con organizaciones en Sonora; buscan formar un movimiento nacional"},"content":{"rendered":"<p>El Sur Acapulco<\/p>\n<p>Zacar\u00edas Cervantes<\/p>\n<p>Chilpancingo<\/p>\n<p>Una comisi\u00f3n de padres de los 43 estudiantes de la Normal de Ayotzinapa detenidos-desaparecidos se reuni\u00f3 ayer en Sonora con representantes de grupos y movimientos de la zona norte del pa\u00eds, para engarzar sus luchas en una sola en los pr\u00f3ximos meses.<\/p>\n<p>La reuni\u00f3n fue con los mineros de Pasta de Conchos de Coahuila, con los jornaleros de San Quint\u00edn de Baja California, con los padres de los ni\u00f1os de la guarder\u00eda ABC de Hermosillo en Sonora y con dirigentes de la tribu Yaqui de Sonora.<\/p>\n<p>Los mineros de Pasta de Conchos exigen justicia por el desastre minero ocurrido el 19 de febrero del 2006 cuando colapsaron varios t\u00faneles por una explosi\u00f3n en la mina de carb\u00f3n de Nueva Rosita, Coahuila, sepultando a 65 mineros.<\/p>\n<p>Los jornaleros de San Quint\u00edn en abril y mayo de este a\u00f1o iniciaron un movimiento para exigir incremento salarial, prestaciones sociales y que se mejoren sus condiciones de estancia en los campos donde laboran en condiciones infrahumanas.<\/p>\n<p>Los padres de los 49 ni\u00f1os que murieron en un incendio en la guarder\u00eda ABC de Hermosillo el 5 de junio del 2009, tambi\u00e9n exigen justicia ante la impunidad que perme\u00f3 el caso debido a que la estancia infantil privada funcionaba bajo el modelo de subrogaci\u00f3n, por el Instituto Mexicano del Seguro Social (IMSS).<\/p>\n<p>La tribu Yaqui de Sonora ha emprendido una lucha nacional por la defensa del agua, el territorio, y la libertad de sus presos pol\u00edticos, entre ellos Mario Luna que fue liberado en septiembre pasado.<\/p>\n<p>Entrevistado v\u00eda telef\u00f3nica, el vocero de los padres de familia de los 43 estudiantes de la Normal de Ayotzinapa desaparecidos, Felipe de la Cruz inform\u00f3 que la intenci\u00f3n de la reuni\u00f3n fue para solidarizarse y aglutinar los movimientos en uno s\u00f3lo.<\/p>\n<p>En la reuni\u00f3n, los padres de los ni\u00f1os que fallecieron en la guarder\u00eda ABC le dijeron a la comisi\u00f3n de padres de los 43 normalistas desaparecidos de Ayotzinapa que la situaci\u00f3n que vivieron con la tragedia, es similar a la que se vivi\u00f3 en Iguala, en el sentido de que el crimen qued\u00f3 en la impunidad, y que hubo soborno del Gobierno federal a los padres de familia para que guardaran silencio.<\/p>\n<p>Felipe de la Cruz explic\u00f3 que \u201ccon la diferencia de que en Guerrero el soborno no ha sido aceptado por los padres de familia\u201d.<\/p>\n<p>A\u00f1adi\u00f3 que a partir de la reuni\u00f3n de ayer, el acuerdo con los padres de los ni\u00f1os, \u201ces caminar juntos y seguir adelante hasta saber la verdad\u201d.<\/p>\n<p>Agreg\u00f3 que a partir de ese encuentro los distintos grupos pretenden que la movilizaci\u00f3n sea nacional, \u201cporque creemos que el movimiento debe ser uno s\u00f3lo a partir de lo que sucedi\u00f3 en Iguala\u201d.<\/p>\n<p>Asegur\u00f3 que est\u00e1 el compromiso de que los d\u00edas 26 de cada mes por cada actividad que se realice en Guerrero, los grupos con los que se reunieron tambi\u00e9n van a participar en sus estados, y de entrada para el pr\u00f3ximo 26 se van a trasladar para participar en la jornada global.<\/p>\n<p>El encuentro se dio con la intervenci\u00f3n de maestros de la Coordinadora Nacional de la Educaci\u00f3n (CNTE) de Sonora, quienes invitaron a los padres de los 43 a reunirse con esos grupos con la intenci\u00f3n de enlazar todos los movimientos y aglutinar la fuerza para que el movimiento salga adelante, inform\u00f3 de la Cruz.<\/p>\n<p><a href=\"http:\/\/suracapulco.mx\/archivoelsur\/archivos\/317020\" target=\"_blank\">http:\/\/suracapulco.mx\/archivoelsur\/archivos\/317020<\/a><\/p>\n<p>Ayotzinapa<\/p>\n","protected":false},"excerpt":{"rendered":"<p>El Sur Acapulco Zacar\u00edas Cervantes Chilpancingo Una comisi\u00f3n de padres de los 43 estudiantes de la Normal de Ayotzinapa detenidos-desaparecidos se reuni\u00f3 ayer en Sonora con representantes de grupos y &hellip; <a href=\"http:\/\/www.grieta.org.mx\/index.php\/2015\/10\/21\/se-reunen-padres-de-los-43-con-organizaciones-en-sonora-buscan-formar-un-movimiento-nacional\/\" class=\"more-link\">Leer m\u00e1s<\/a><\/p>\n","protected":false},"author":2,"featured_media":21928,"comment_status":"closed","ping_status":"open","sticky":false,"template":"","format":"standard","meta":{"ngg_post_thumbnail":0,"_jetpack_newsletter_access":"","_jetpack_dont_email_post_to_subs":false,"_jetpack_newsletter_tier_id":0,"_jetpack_memberships_contains_paywalled_content":false,"_jetpack_memberships_contains_paid_content":false,"footnotes":""},"categories":[80,456],"tags":[119,109],"class_list":["post-7980","post","type-post","status-publish","format-standard","has-post-thumbnail","hentry","category-cintillo","category-sonora","tag-ayotzinapa","tag-mineria","entry"],"jetpack_featured_media_url":"http:\/\/www.grieta.org.mx\/wp-content\/uploads\/2018\/03\/14524434_1106112876131411_958039263622046936_o.jpg","jetpack_sharing_enabled":true,"jetpack_shortlink":"https:\/\/wp.me\/p7ZJR4-24I","jetpack_likes_enabled":false,"jetpack-related-posts":[{"id":6620,"url":"http:\/\/www.grieta.org.mx\/index.php\/2016\/01\/18\/movilizaciones-por-ayotzinapa-en-coahuila\/","url_meta":{"origin":7980,"position":0},"title":"Movilizaciones por Ayotzinapa en Coahuila","author":"grieta","date":"18 enero, 2016","format":false,"excerpt":"18\/01\/16. Caravana de padres de los 43 lleg\u00f3 a Torre\u00f3n Milenio 27\/09\/15. Marchan por los 43 en la Laguna Terra 26\/09\/15. \u00a1Ayotzi aguanta, la Narro se levanta! Z\u00f3calo de Saltillo 22\/02\/15. Tragedia une a Pasta de Conchos y Ayotzinapa Milenio 06\/02\/15. Normalistas de Ayotzinapa llegan a Torre\u00f3n Vanguardia","rel":"","context":"En &quot;Coahuila&quot;","block_context":{"text":"Coahuila","link":"http:\/\/www.grieta.org.mx\/index.php\/category\/noticias-nacionales\/coahuila\/"},"img":{"alt_text":"","src":"https:\/\/i0.wp.com\/www.grieta.org.mx\/wp-content\/uploads\/2018\/03\/14524434_1106112876131411_958039263622046936_o.jpg?resize=350%2C200","width":350,"height":200,"srcset":"https:\/\/i0.wp.com\/www.grieta.org.mx\/wp-content\/uploads\/2018\/03\/14524434_1106112876131411_958039263622046936_o.jpg?resize=350%2C200 1x, https:\/\/i0.wp.com\/www.grieta.org.mx\/wp-content\/uploads\/2018\/03\/14524434_1106112876131411_958039263622046936_o.jpg?resize=525%2C300 1.5x, https:\/\/i0.wp.com\/www.grieta.org.mx\/wp-content\/uploads\/2018\/03\/14524434_1106112876131411_958039263622046936_o.jpg?resize=700%2C400 2x"},"classes":[]},{"id":2630,"url":"http:\/\/www.grieta.org.mx\/index.php\/2015\/02\/22\/tragedia-une-a-pasta-de-conchos-y-ayotzinapa\/","url_meta":{"origin":7980,"position":1},"title":"Tragedia une a Pasta de Conchos y Ayotzinapa","author":"grieta","date":"22 febrero, 2015","format":false,"excerpt":"Milenio Luis Carlos Vald\u00e9s de Le\u00f3n22\/02\/2015 09:56 PM San Juan de Sabinas La tragedia y el dolor unen a San Juan de Sabinas y a Ayotzinapa. La lucha que desde hace nueve a\u00f1os familiares enfrentan porque se les entregue un cuerpo del interior de la mina 8 de Pasta de\u2026","rel":"","context":"En &quot;CINTILLO&quot;","block_context":{"text":"CINTILLO","link":"http:\/\/www.grieta.org.mx\/index.php\/category\/cintillo\/"},"img":{"alt_text":"","src":"https:\/\/i0.wp.com\/www.grieta.org.mx\/wp-content\/uploads\/2018\/03\/14524434_1106112876131411_958039263622046936_o.jpg?resize=350%2C200","width":350,"height":200,"srcset":"https:\/\/i0.wp.com\/www.grieta.org.mx\/wp-content\/uploads\/2018\/03\/14524434_1106112876131411_958039263622046936_o.jpg?resize=350%2C200 1x, https:\/\/i0.wp.com\/www.grieta.org.mx\/wp-content\/uploads\/2018\/03\/14524434_1106112876131411_958039263622046936_o.jpg?resize=525%2C300 1.5x, https:\/\/i0.wp.com\/www.grieta.org.mx\/wp-content\/uploads\/2018\/03\/14524434_1106112876131411_958039263622046936_o.jpg?resize=700%2C400 2x"},"classes":[]},{"id":52981,"url":"http:\/\/www.grieta.org.mx\/index.php\/2020\/09\/02\/familiares-de-mineros-de-pasta-de-conchos-coahuila-rechazan-monumento-quieren-sus-restos\/","url_meta":{"origin":7980,"position":2},"title":"Familiares de mineros de Pasta de Conchos, Coahuila rechazan monumento; quieren sus restos","author":"grieta","date":"2 septiembre, 2020","format":false,"excerpt":"EL UNIVERSAL Las viudas de los mineros de Pasta de Conchos califican la propuesta de AMLO como ofensiva y le piden ser honesto TORRE\u00d3N, COAH.- Familiares de mineros fallecidos en la explosi\u00f3n de Pasta de Conchos, Coahuila, rechazaron la propuesta del presidente Andr\u00e9s Manuel L\u00f3pez Obrador de construir un monumento\u2026","rel":"","context":"En &quot;CINTILLO&quot;","block_context":{"text":"CINTILLO","link":"http:\/\/www.grieta.org.mx\/index.php\/category\/cintillo\/"},"img":{"alt_text":"","src":"https:\/\/i0.wp.com\/www.grieta.org.mx\/wp-content\/uploads\/2020\/09\/a02_n6.jpg?resize=350%2C200","width":350,"height":200,"srcset":"https:\/\/i0.wp.com\/www.grieta.org.mx\/wp-content\/uploads\/2020\/09\/a02_n6.jpg?resize=350%2C200 1x, https:\/\/i0.wp.com\/www.grieta.org.mx\/wp-content\/uploads\/2020\/09\/a02_n6.jpg?resize=525%2C300 1.5x, https:\/\/i0.wp.com\/www.grieta.org.mx\/wp-content\/uploads\/2020\/09\/a02_n6.jpg?resize=700%2C400 2x"},"classes":[]},{"id":54401,"url":"http:\/\/www.grieta.org.mx\/index.php\/2020\/10\/23\/familiares-de-pasta-de-conchos-denuncian-que-presidencia-los-excluyo-de-evento-con-amlo-coahuila\/","url_meta":{"origin":7980,"position":3},"title":"Familiares de Pasta de Conchos denuncian que Presidencia los excluy\u00f3 de evento con AMLO (Coahuila)","author":"grieta","date":"23 octubre, 2020","format":false,"excerpt":"El presidente visita Nueva Rosita, Coahuila, para revisar los avances de los compromisos que hizo el pasado 14 de septiembre sobre el rescate de los restos atrapados en la mina. Manu Ureste\/ ANIMAL POL\u00edTICO Familiares de 65 mineros de Pasta de Conchos denunciaron que fueron excluidos de la visita que\u2026","rel":"","context":"En &quot;CINTILLO&quot;","block_context":{"text":"CINTILLO","link":"http:\/\/www.grieta.org.mx\/index.php\/category\/cintillo\/"},"img":{"alt_text":"","src":"https:\/\/i0.wp.com\/www.grieta.org.mx\/wp-content\/uploads\/2018\/03\/14524434_1106112876131411_958039263622046936_o.jpg?resize=350%2C200","width":350,"height":200,"srcset":"https:\/\/i0.wp.com\/www.grieta.org.mx\/wp-content\/uploads\/2018\/03\/14524434_1106112876131411_958039263622046936_o.jpg?resize=350%2C200 1x, https:\/\/i0.wp.com\/www.grieta.org.mx\/wp-content\/uploads\/2018\/03\/14524434_1106112876131411_958039263622046936_o.jpg?resize=525%2C300 1.5x, https:\/\/i0.wp.com\/www.grieta.org.mx\/wp-content\/uploads\/2018\/03\/14524434_1106112876131411_958039263622046936_o.jpg?resize=700%2C400 2x"},"classes":[]},{"id":6709,"url":"http:\/\/www.grieta.org.mx\/index.php\/2016\/02\/18\/deudos-y-companeros-de-pasta-de-conchos-continuan-luchando\/","url_meta":{"origin":7980,"position":4},"title":"Deudos y compa\u00f1eros de Pasta de Conchos contin\u00faan luchando","author":"grieta","date":"18 febrero, 2016","format":false,"excerpt":"18\/02\/16. Romper con la L\u00f3gica de muerte: logro de familias a 10 a\u00f1os de Pasta de Conchos M\u00e1s de 131 25\/11\/15. A nueve a\u00f1os exigen justicia para mineros de Pasta de Conchos Somos el medio","rel":"","context":"En &quot;Coahuila&quot;","block_context":{"text":"Coahuila","link":"http:\/\/www.grieta.org.mx\/index.php\/category\/noticias-nacionales\/coahuila\/"},"img":{"alt_text":"","src":"https:\/\/i0.wp.com\/www.grieta.org.mx\/wp-content\/uploads\/2018\/03\/14524434_1106112876131411_958039263622046936_o.jpg?resize=350%2C200","width":350,"height":200,"srcset":"https:\/\/i0.wp.com\/www.grieta.org.mx\/wp-content\/uploads\/2018\/03\/14524434_1106112876131411_958039263622046936_o.jpg?resize=350%2C200 1x, https:\/\/i0.wp.com\/www.grieta.org.mx\/wp-content\/uploads\/2018\/03\/14524434_1106112876131411_958039263622046936_o.jpg?resize=525%2C300 1.5x, https:\/\/i0.wp.com\/www.grieta.org.mx\/wp-content\/uploads\/2018\/03\/14524434_1106112876131411_958039263622046936_o.jpg?resize=700%2C400 2x"},"classes":[]},{"id":9083,"url":"http:\/\/www.grieta.org.mx\/index.php\/2015\/10\/21\/movilizaciones-por-ayotzinapa\/","url_meta":{"origin":7980,"position":5},"title":"Movilizaciones por ayotzinapa","author":"Admin","date":"21 octubre, 2015","format":false,"excerpt":"21\/10\/15. Se re\u00fanen padres de los 43 con organizaciones en Sonora; buscan formar un movimiento nacional El Sur Acapulco 27\/09\/15. Marchan en Hermosillo por los 43 de Ayotzinapa El Imparcial","rel":"","context":"En &quot;NOTICIAS NACIONALES&quot;","block_context":{"text":"NOTICIAS NACIONALES","link":"http:\/\/www.grieta.org.mx\/index.php\/category\/noticias-nacionales\/"},"img":{"alt_text":"","src":"https:\/\/i0.wp.com\/www.grieta.org.mx\/wp-content\/uploads\/2018\/03\/14524434_1106112876131411_958039263622046936_o.jpg?resize=350%2C200","width":350,"height":200,"srcset":"https:\/\/i0.wp.com\/www.grieta.org.mx\/wp-content\/uploads\/2018\/03\/14524434_1106112876131411_958039263622046936_o.jpg?resize=350%2C200 1x, https:\/\/i0.wp.com\/www.grieta.org.mx\/wp-content\/uploads\/2018\/03\/14524434_1106112876131411_958039263622046936_o.jpg?resize=525%2C300 1.5x, https:\/\/i0.wp.com\/www.grieta.org.mx\/wp-content\/uploads\/2018\/03\/14524434_1106112876131411_958039263622046936_o.jpg?resize=700%2C400 2x"},"classes":[]}],"_links":{"self":[{"href":"http:\/\/www.grieta.org.mx\/index.php\/wp-json\/wp\/v2\/posts\/7980","targetHints":{"allow":["GET"]}}],"collection":[{"href":"http:\/\/www.grieta.org.mx\/index.php\/wp-json\/wp\/v2\/posts"}],"about":[{"href":"http:\/\/www.grieta.org.mx\/index.php\/wp-json\/wp\/v2\/types\/post"}],"author":[{"embeddable":true,"href":"http:\/\/www.grieta.org.mx\/index.php\/wp-json\/wp\/v2\/users\/2"}],"replies":[{"embeddable":true,"href":"http:\/\/www.grieta.org.mx\/index.php\/wp-json\/wp\/v2\/comments?post=7980"}],"version-history":[{"count":1,"href":"http:\/\/www.grieta.org.mx\/index.php\/wp-json\/wp\/v2\/posts\/7980\/revisions"}],"predecessor-version":[{"id":7981,"href":"http:\/\/www.grieta.org.mx\/index.php\/wp-json\/wp\/v2\/posts\/7980\/revisions\/7981"}],"wp:featuredmedia":[{"embeddable":true,"href":"http:\/\/www.grieta.org.mx\/index.php\/wp-json\/wp\/v2\/media\/21928"}],"wp:attachment":[{"href":"http:\/\/www.grieta.org.mx\/index.php\/wp-json\/wp\/v2\/media?parent=7980"}],"wp:term":[{"taxonomy":"category","embeddable":true,"href":"http:\/\/www.grieta.org.mx\/index.php\/wp-json\/wp\/v2\/categories?post=7980"},{"taxonomy":"post_tag","embeddable":true,"href":"http:\/\/www.grieta.org.mx\/index.php\/wp-json\/wp\/v2\/tags?post=7980"}],"curies":[{"name":"wp","href":"https:\/\/api.w.org\/{rel}","templated":true}]}}