{"id":7969,"date":"2015-08-19T03:20:21","date_gmt":"2015-08-19T03:20:21","guid":{"rendered":"http:\/\/50.22.11.12\/~grietaor\/?p=7969"},"modified":"2016-03-30T03:21:55","modified_gmt":"2016-03-30T03:21:55","slug":"protestan-trabajadores-del-centro-de-las-artes-piden-prestaciones-y-reubicacion-de-despedidos","status":"publish","type":"post","link":"http:\/\/www.grieta.org.mx\/index.php\/2015\/08\/19\/protestan-trabajadores-del-centro-de-las-artes-piden-prestaciones-y-reubicacion-de-despedidos\/","title":{"rendered":"Protestan trabajadores del Centro de las Artes; piden prestaciones y reubicaci\u00f3n de despedidos"},"content":{"rendered":"<p>Cerca de 30 trabajadores administrativos del Centro de las Artes Centenario de San Luis Potos\u00ed, se manifestaron frente a Palacio de Gobierno para solicitar la reubicaci\u00f3n de cuatro trabajadores que fueron despedidos de manera injustificada, adem\u00e1s piden que se les den las prestaciones de ley.<\/p>\n<p>Dieron a conocer que el CEART est\u00e1 por cumplir siete a\u00f1os de funcionamiento y dependen de recursos del gobierno estatal y federal, sin embargo no tienen las prestaciones correspondientes como Infonavit o Seguro Social.<\/p>\n<p>Al respecto tambi\u00e9n dijeron que se ha presentado una demanda laboral ante la Junta de Conciliaci\u00f3n y Arbitraje, con la finalidad de que se logre contar con las prestaciones.<\/p>\n<p>Asimismo mencionaron que hay un comit\u00e9 que en este momento est\u00e1 en pl\u00e1ticas con el Secretario de Cultura del Gobierno Estatal, Xavier Torres Arpi, para llegar a una soluci\u00f3n.<\/p>\n<p>pulsoslp.com.mx\/2015\/08\/19\/protestan-trabajadores-del-centro-de-las-artes-piden-prestaciones-y-reubicacion-de-despedidos\/<\/p>\n","protected":false},"excerpt":{"rendered":"<p>Cerca de 30 trabajadores administrativos del Centro de las Artes Centenario de San Luis Potos\u00ed, se manifestaron frente a Palacio de Gobierno para solicitar la reubicaci\u00f3n de cuatro trabajadores que &hellip; <a href=\"http:\/\/www.grieta.org.mx\/index.php\/2015\/08\/19\/protestan-trabajadores-del-centro-de-las-artes-piden-prestaciones-y-reubicacion-de-despedidos\/\" class=\"more-link\">Leer m\u00e1s<\/a><\/p>\n","protected":false},"author":2,"featured_media":21928,"comment_status":"closed","ping_status":"open","sticky":false,"template":"","format":"standard","meta":{"ngg_post_thumbnail":0,"_jetpack_newsletter_access":"","_jetpack_dont_email_post_to_subs":false,"_jetpack_newsletter_tier_id":0,"_jetpack_memberships_contains_paywalled_content":false,"_jetpack_memberships_contains_paid_content":false,"footnotes":""},"categories":[80,141],"tags":[113],"class_list":["post-7969","post","type-post","status-publish","format-standard","has-post-thumbnail","hentry","category-cintillo","category-san-luis-potosi","tag-conflictos-laborales","entry"],"jetpack_featured_media_url":"http:\/\/www.grieta.org.mx\/wp-content\/uploads\/2018\/03\/14524434_1106112876131411_958039263622046936_o.jpg","jetpack_sharing_enabled":true,"jetpack_shortlink":"https:\/\/wp.me\/p7ZJR4-24x","jetpack_likes_enabled":false,"jetpack-related-posts":[{"id":7953,"url":"http:\/\/www.grieta.org.mx\/index.php\/2016\/03\/10\/conflictos-laborales-en-slp\/","url_meta":{"origin":7969,"position":0},"title":"Conflictos laborales en SLP","author":"grieta","date":"10 marzo, 2016","format":false,"excerpt":"11\/02\/16. Profesores emprender\u00e1n acciones legales contra rector de la UTSLP La Jornada 15\/10\/15. Denunciaron 20 despidos injustificados: en alcald\u00eda El Ma\u00f1ana de Valle 15\/09\/15. Retiran plant\u00f3n del SITTGEPulso SLP 19\/08\/15. Protestan trabajadores del Centro de las Artes; piden prestaciones y reubicaci\u00f3n de despedidosPulso SLP 31\/07\/15. Potosinos protestaron en contra de\u2026","rel":"","context":"En &quot;San Luis Potos\u00ed&quot;","block_context":{"text":"San Luis Potos\u00ed","link":"http:\/\/www.grieta.org.mx\/index.php\/category\/noticias-nacionales\/san-luis-potosi\/"},"img":{"alt_text":"","src":"https:\/\/i0.wp.com\/www.grieta.org.mx\/wp-content\/uploads\/2018\/03\/14524434_1106112876131411_958039263622046936_o.jpg?resize=350%2C200","width":350,"height":200,"srcset":"https:\/\/i0.wp.com\/www.grieta.org.mx\/wp-content\/uploads\/2018\/03\/14524434_1106112876131411_958039263622046936_o.jpg?resize=350%2C200 1x, https:\/\/i0.wp.com\/www.grieta.org.mx\/wp-content\/uploads\/2018\/03\/14524434_1106112876131411_958039263622046936_o.jpg?resize=525%2C300 1.5x, https:\/\/i0.wp.com\/www.grieta.org.mx\/wp-content\/uploads\/2018\/03\/14524434_1106112876131411_958039263622046936_o.jpg?resize=700%2C400 2x"},"classes":[]},{"id":34333,"url":"http:\/\/www.grieta.org.mx\/index.php\/2019\/05\/24\/con-nuevo-organismo-de-agua-sindicato-perdera-prestaciones-san-luis-potosi\/","url_meta":{"origin":7969,"position":1},"title":"Con nuevo organismo de agua, sindicato perder\u00e1 prestaciones (San Luis Potos\u00ed)","author":"grieta","date":"24 mayo, 2019","format":false,"excerpt":"El Sol de San Luis Es importante que las autoridades analicen bien la declaratoria de quiebra de DAPA Si se crea nuevo organismo de agua, los sindicalizados perder\u00e1n todas las prestaciones que han logrado, por lo que es importante que las autoridades analicen bien la declaratoria de quiebra de DAPA,\u2026","rel":"","context":"En &quot;CINTILLO&quot;","block_context":{"text":"CINTILLO","link":"http:\/\/www.grieta.org.mx\/index.php\/category\/cintillo\/"},"img":{"alt_text":"","src":"https:\/\/i0.wp.com\/www.grieta.org.mx\/wp-content\/uploads\/2019\/06\/Con-nuevo-organismo-de-agua-sindicato-perder%C3%A1-prestaciones-slp-jun.jpg?resize=350%2C200","width":350,"height":200,"srcset":"https:\/\/i0.wp.com\/www.grieta.org.mx\/wp-content\/uploads\/2019\/06\/Con-nuevo-organismo-de-agua-sindicato-perder%C3%A1-prestaciones-slp-jun.jpg?resize=350%2C200 1x, https:\/\/i0.wp.com\/www.grieta.org.mx\/wp-content\/uploads\/2019\/06\/Con-nuevo-organismo-de-agua-sindicato-perder%C3%A1-prestaciones-slp-jun.jpg?resize=525%2C300 1.5x, https:\/\/i0.wp.com\/www.grieta.org.mx\/wp-content\/uploads\/2019\/06\/Con-nuevo-organismo-de-agua-sindicato-perder%C3%A1-prestaciones-slp-jun.jpg?resize=700%2C400 2x"},"classes":[]},{"id":25542,"url":"http:\/\/www.grieta.org.mx\/index.php\/2018\/08\/15\/despedidos-de-goodyear-denuncian-acoso-por-parte-de-la-empresa-san-luis-potosi\/","url_meta":{"origin":7969,"position":2},"title":"Despedidos de Goodyear denuncian acoso por parte de la empresa (San Luis Potos\u00ed)","author":"grieta","date":"15 agosto, 2018","format":false,"excerpt":"Jorge Torres \/ Plano Informativo Organizaciones internacionales est\u00e1n apoyando a los 57 trabajadores. San Luis Potos\u00ed, SLP.- Trabajadores del Sindicato de Goodyear informaron en rueda de prensa que la situaci\u00f3n con los despidos injustificados que realiz\u00f3 la empresa contra algunos trabajadores sigue sin resolverse, incluso es deplorable para los trabajadores\u2026","rel":"","context":"En &quot;CINTILLO&quot;","block_context":{"text":"CINTILLO","link":"http:\/\/www.grieta.org.mx\/index.php\/category\/cintillo\/"},"img":{"alt_text":"","src":"https:\/\/i0.wp.com\/www.grieta.org.mx\/wp-content\/uploads\/2018\/08\/Despedidos-de-Goodyear-denuncian-acoso-por-parte-de-la-empresa.jpg?resize=350%2C200","width":350,"height":200,"srcset":"https:\/\/i0.wp.com\/www.grieta.org.mx\/wp-content\/uploads\/2018\/08\/Despedidos-de-Goodyear-denuncian-acoso-por-parte-de-la-empresa.jpg?resize=350%2C200 1x, https:\/\/i0.wp.com\/www.grieta.org.mx\/wp-content\/uploads\/2018\/08\/Despedidos-de-Goodyear-denuncian-acoso-por-parte-de-la-empresa.jpg?resize=525%2C300 1.5x, https:\/\/i0.wp.com\/www.grieta.org.mx\/wp-content\/uploads\/2018\/08\/Despedidos-de-Goodyear-denuncian-acoso-por-parte-de-la-empresa.jpg?resize=700%2C400 2x"},"classes":[]},{"id":23349,"url":"http:\/\/www.grieta.org.mx\/index.php\/2018\/05\/29\/sege-analiza-caso-de-8-profesores-despedidos-de-la-universidad-tecnologica-san-luis-potosi\/","url_meta":{"origin":7969,"position":3},"title":"Sege analiza caso de 8 profesores despedidos de la Universidad Tecnol\u00f3gica (San Luis Potos\u00ed)","author":"grieta","date":"29 mayo, 2018","format":false,"excerpt":"Redaccion El Heraldo SLP Debido a la situaci\u00f3n financiera del sector educativo se est\u00e1n tomando ajustes administrativos, justifica el titular de la dependencia El secretario de Educaci\u00f3n de Gobierno del Estado (SEGE), Joel Ram\u00edrez D\u00edaz se\u00f1al\u00f3 que hay mesas de trabajo con los profesores de la Universidad Tecnol\u00f3gica de San\u2026","rel":"","context":"En &quot;CINTILLO&quot;","block_context":{"text":"CINTILLO","link":"http:\/\/www.grieta.org.mx\/index.php\/category\/cintillo\/"},"img":{"alt_text":"","src":"https:\/\/i0.wp.com\/www.grieta.org.mx\/wp-content\/uploads\/2018\/05\/Sege-analiza-caso-de-8-profesores-despedidos-de-la-Universidad-Tecnol%C3%B3gica.jpg?resize=350%2C200","width":350,"height":200,"srcset":"https:\/\/i0.wp.com\/www.grieta.org.mx\/wp-content\/uploads\/2018\/05\/Sege-analiza-caso-de-8-profesores-despedidos-de-la-Universidad-Tecnol%C3%B3gica.jpg?resize=350%2C200 1x, https:\/\/i0.wp.com\/www.grieta.org.mx\/wp-content\/uploads\/2018\/05\/Sege-analiza-caso-de-8-profesores-despedidos-de-la-Universidad-Tecnol%C3%B3gica.jpg?resize=525%2C300 1.5x"},"classes":[]},{"id":10287,"url":"http:\/\/www.grieta.org.mx\/index.php\/2016\/04\/11\/despedirian-a-trabajadores-quejosos-servicios-publicos-municipales\/","url_meta":{"origin":7969,"position":4},"title":"Despedir\u00edan a trabajadores quejosos: Servicios P\u00fablicos Municipales","author":"grieta","date":"11 abril, 2016","format":false,"excerpt":"Mariana Villalobos\/Quadrat\u00edn Jos\u00e9 Luis S\u00e1inz Guerrero, secretario de Servicios P\u00fablicos Municipales, explic\u00f3 que esta sanci\u00f3n administrativa podr\u00e1 darse si acumulan el n\u00famero de faltas injustificadas que contempla la ley. QUER\u00c9TARO, Qro., 11 de abril de 2016.- Si los trabajadores contin\u00faan en paro laboral podr\u00edan ser despedidos al incumplir con sus\u2026","rel":"","context":"En &quot;CINTILLO&quot;","block_context":{"text":"CINTILLO","link":"http:\/\/www.grieta.org.mx\/index.php\/category\/cintillo\/"},"img":{"alt_text":"","src":"https:\/\/i0.wp.com\/www.grieta.org.mx\/wp-content\/uploads\/2018\/03\/14524434_1106112876131411_958039263622046936_o.jpg?resize=350%2C200","width":350,"height":200,"srcset":"https:\/\/i0.wp.com\/www.grieta.org.mx\/wp-content\/uploads\/2018\/03\/14524434_1106112876131411_958039263622046936_o.jpg?resize=350%2C200 1x, https:\/\/i0.wp.com\/www.grieta.org.mx\/wp-content\/uploads\/2018\/03\/14524434_1106112876131411_958039263622046936_o.jpg?resize=525%2C300 1.5x, https:\/\/i0.wp.com\/www.grieta.org.mx\/wp-content\/uploads\/2018\/03\/14524434_1106112876131411_958039263622046936_o.jpg?resize=700%2C400 2x"},"classes":[]},{"id":33118,"url":"http:\/\/www.grieta.org.mx\/index.php\/2019\/05\/07\/reportan-despidos-masivos-en-conafe-san-luis-potosi\/","url_meta":{"origin":7969,"position":5},"title":"Reportan despidos masivos en Conafe (San Luis Potos\u00ed)","author":"grieta","date":"7 mayo, 2019","format":false,"excerpt":"Rub\u00e9n Pacheco \/ Pulso La cuarta transformaci\u00f3n alcanz\u00f3 a 24 trabajadores eventuales en la delegaci\u00f3n de San Luis Potos\u00ed Desde el viernes pasado, 24 trabajadores eventuales fueron despedidos de la delegaci\u00f3n en San Luis Potos\u00ed del Consejo Nacional de Fomento Educativo (Conafe), quienes desarrollaban labores en las cuatro regiones de\u2026","rel":"","context":"En &quot;CINTILLO&quot;","block_context":{"text":"CINTILLO","link":"http:\/\/www.grieta.org.mx\/index.php\/category\/cintillo\/"},"img":{"alt_text":"","src":"https:\/\/i0.wp.com\/www.grieta.org.mx\/wp-content\/uploads\/2019\/05\/Reportan-despidos-masivos-en-Conafe-slp-may.jpg?resize=350%2C200","width":350,"height":200,"srcset":"https:\/\/i0.wp.com\/www.grieta.org.mx\/wp-content\/uploads\/2019\/05\/Reportan-despidos-masivos-en-Conafe-slp-may.jpg?resize=350%2C200 1x, https:\/\/i0.wp.com\/www.grieta.org.mx\/wp-content\/uploads\/2019\/05\/Reportan-despidos-masivos-en-Conafe-slp-may.jpg?resize=525%2C300 1.5x"},"classes":[]}],"_links":{"self":[{"href":"http:\/\/www.grieta.org.mx\/index.php\/wp-json\/wp\/v2\/posts\/7969","targetHints":{"allow":["GET"]}}],"collection":[{"href":"http:\/\/www.grieta.org.mx\/index.php\/wp-json\/wp\/v2\/posts"}],"about":[{"href":"http:\/\/www.grieta.org.mx\/index.php\/wp-json\/wp\/v2\/types\/post"}],"author":[{"embeddable":true,"href":"http:\/\/www.grieta.org.mx\/index.php\/wp-json\/wp\/v2\/users\/2"}],"replies":[{"embeddable":true,"href":"http:\/\/www.grieta.org.mx\/index.php\/wp-json\/wp\/v2\/comments?post=7969"}],"version-history":[{"count":1,"href":"http:\/\/www.grieta.org.mx\/index.php\/wp-json\/wp\/v2\/posts\/7969\/revisions"}],"predecessor-version":[{"id":7970,"href":"http:\/\/www.grieta.org.mx\/index.php\/wp-json\/wp\/v2\/posts\/7969\/revisions\/7970"}],"wp:featuredmedia":[{"embeddable":true,"href":"http:\/\/www.grieta.org.mx\/index.php\/wp-json\/wp\/v2\/media\/21928"}],"wp:attachment":[{"href":"http:\/\/www.grieta.org.mx\/index.php\/wp-json\/wp\/v2\/media?parent=7969"}],"wp:term":[{"taxonomy":"category","embeddable":true,"href":"http:\/\/www.grieta.org.mx\/index.php\/wp-json\/wp\/v2\/categories?post=7969"},{"taxonomy":"post_tag","embeddable":true,"href":"http:\/\/www.grieta.org.mx\/index.php\/wp-json\/wp\/v2\/tags?post=7969"}],"curies":[{"name":"wp","href":"https:\/\/api.w.org\/{rel}","templated":true}]}}