{"id":7962,"date":"2015-10-15T03:13:30","date_gmt":"2015-10-15T03:13:30","guid":{"rendered":"http:\/\/50.22.11.12\/~grietaor\/?p=7962"},"modified":"2016-03-30T03:14:51","modified_gmt":"2016-03-30T03:14:51","slug":"denunciaron-20-despidos-injustificados-en-alcaldia","status":"publish","type":"post","link":"http:\/\/www.grieta.org.mx\/index.php\/2015\/10\/15\/denunciaron-20-despidos-injustificados-en-alcaldia\/","title":{"rendered":"Denunciaron 20 despidos injustificados: en alcald\u00eda"},"content":{"rendered":"<p>Casi una veintena de ex trabajadores de la Presidencia Municipal se han estado reuniendo para solicitar su liquidaci\u00f3n, sobre todo de los departamentos del DIF, Redes de Salud, Psicolog\u00eda, Educaci\u00f3n, choferes y administrativos, ya que de lo contrario acudir\u00e1n a otras instancias.<\/p>\n<p>Entre ellos se encuentran Uriel Coria, Roc\u00edo Hern\u00e1ndez Garc\u00eda, Rafaela Castillo, Mar\u00eda de los \u00c1ngeles Reyes, Margarita Mar, Ofelia De la Cruz, Martha Vega Tamayo, Clara Vidales, Roberto Alvarado, Gerardo Mart\u00ednez, Fernando M\u00e1rquez, Tiburcio Prisco, L\u00e1zaro Moreno, Ana Beatriz, Jos\u00e9 Mart\u00ednez y Mariana Aguilar, quienes alegan un despido injustificado.<\/p>\n<p>Se\u00f1alan que una de sus molestias es que muchos ten\u00edan un nombramiento administrativo y los mandaron a barrer, lo cual se les hizo como una burla, sin embargo dada esa situaci\u00f3n optaron por reunirse, solicitar su liquidaci\u00f3n y actuar conforme a la Ley para lograr ser escuchados.<\/p>\n<p>Afirmaron adem\u00e1s que la Administraci\u00f3n pasada no les pag\u00f3 la quincena final y a todos los mandaron a la Oficial\u00eda, lo que fue una mala actitud, sin pensar en su estado emocional e integridad; \u201clo que nos sorprende es la manera de despedirnos, para la cual no hay justificaci\u00f3n\u201d, expresaron.<\/p>\n<p>Dijeron que s\u00ed se van del Ayuntamiento, pero que sean liquidados conforme a la Ley, ya que existen algunos que tienen hasta doce a\u00f1os de servicio y solicitan se les liquide, ya sea por el gobierno pasado o por el actual.<\/p>\n<p><a href=\"http:\/\/www.elmananadevalles.com.mx\/inicio\/index.php\/region\/xilitla\/139474-denunciaron-20-despidos-injustificados-en-alcaldia\">www.elmananadevalles.com.mx\/inicio\/index.php\/region\/xilitla\/139474-denunciaron-20-despidos-injustificados-en-alcaldia<\/a><\/p>\n","protected":false},"excerpt":{"rendered":"<p>Casi una veintena de ex trabajadores de la Presidencia Municipal se han estado reuniendo para solicitar su liquidaci\u00f3n, sobre todo de los departamentos del DIF, Redes de Salud, Psicolog\u00eda, Educaci\u00f3n, &hellip; <a href=\"http:\/\/www.grieta.org.mx\/index.php\/2015\/10\/15\/denunciaron-20-despidos-injustificados-en-alcaldia\/\" class=\"more-link\">Leer m\u00e1s<\/a><\/p>\n","protected":false},"author":2,"featured_media":21928,"comment_status":"closed","ping_status":"open","sticky":false,"template":"","format":"standard","meta":{"ngg_post_thumbnail":0,"_jetpack_newsletter_access":"","_jetpack_dont_email_post_to_subs":false,"_jetpack_newsletter_tier_id":0,"_jetpack_memberships_contains_paywalled_content":false,"_jetpack_memberships_contains_paid_content":false,"footnotes":""},"categories":[80,141],"tags":[113],"class_list":["post-7962","post","type-post","status-publish","format-standard","has-post-thumbnail","hentry","category-cintillo","category-san-luis-potosi","tag-conflictos-laborales","entry"],"jetpack_featured_media_url":"http:\/\/www.grieta.org.mx\/wp-content\/uploads\/2018\/03\/14524434_1106112876131411_958039263622046936_o.jpg","jetpack_sharing_enabled":true,"jetpack_shortlink":"https:\/\/wp.me\/p7ZJR4-24q","jetpack_likes_enabled":false,"jetpack-related-posts":[{"id":36694,"url":"http:\/\/www.grieta.org.mx\/index.php\/2019\/07\/19\/ignora-amlo-a-trabajadores-de-notimex-y-da-espaldarazo-a-sanjuana-martinez\/","url_meta":{"origin":7962,"position":0},"title":"Ignora AMLO a trabajadores de Notimex y da espaldarazo a Sanjuana Mart\u00ednez","author":"grieta","date":"19 julio, 2019","format":false,"excerpt":"Redacci\u00f3n\/Etc\u00e9tera Mientras que a los trabajadores de Notimex despedidos sin liquidaci\u00f3n por la directora Sanjuana Mart\u00ednez se les niega audiencia en Palacio Nacional, dentro del recinto, el presidente Andr\u00e9s Manuel L\u00f3pez Obrador lanz\u00f3 nuevos encomios a la funcionaria a quien calific\u00f3 de \u201cgran servidora p\u00fablica\u201d. De esta manera, el presidente\u2026","rel":"","context":"En &quot;CINTILLO&quot;","block_context":{"text":"CINTILLO","link":"http:\/\/www.grieta.org.mx\/index.php\/category\/cintillo\/"},"img":{"alt_text":"","src":"https:\/\/i0.wp.com\/www.grieta.org.mx\/wp-content\/uploads\/2019\/07\/trabajadores-notimex-protestan-afuera-palacio_61_0_1158_720-617x347.jpeg?resize=350%2C200","width":350,"height":200,"srcset":"https:\/\/i0.wp.com\/www.grieta.org.mx\/wp-content\/uploads\/2019\/07\/trabajadores-notimex-protestan-afuera-palacio_61_0_1158_720-617x347.jpeg?resize=350%2C200 1x, https:\/\/i0.wp.com\/www.grieta.org.mx\/wp-content\/uploads\/2019\/07\/trabajadores-notimex-protestan-afuera-palacio_61_0_1158_720-617x347.jpeg?resize=525%2C300 1.5x"},"classes":[]},{"id":33071,"url":"http:\/\/www.grieta.org.mx\/index.php\/2019\/01\/24\/flujo-constante-de-migrantes-en-tequisquiapan-queretaro\/","url_meta":{"origin":7962,"position":1},"title":"Flujo constante de migrantes en Tequisquiapan (Quer\u00e9taro)","author":"grieta","date":"24 enero, 2019","format":false,"excerpt":"Rosal\u00eda Nieves Rosas \/ El Sol de San Juan del R\u00edo TEQUISQUIAPAN, QRO.- El presidente de la Estancia del Migrante Gonz\u00e1lez y Mart\u00ednez A.C., Mart\u00edn Mart\u00ednez R\u00edos, dio a conocer que el flujo migratorio de Centroam\u00e9rica por Tequisquiapan se mantiene en continuo aumento, por lo que se prev\u00e9 cerrar enero\u2026","rel":"","context":"En &quot;CINTILLO&quot;","block_context":{"text":"CINTILLO","link":"http:\/\/www.grieta.org.mx\/index.php\/category\/cintillo\/"},"img":{"alt_text":"","src":"https:\/\/i0.wp.com\/www.grieta.org.mx\/wp-content\/uploads\/2019\/05\/Migrantes-Caravana-Migrante-CDMX-_RAL1383-1160x700.jpg?resize=350%2C200","width":350,"height":200,"srcset":"https:\/\/i0.wp.com\/www.grieta.org.mx\/wp-content\/uploads\/2019\/05\/Migrantes-Caravana-Migrante-CDMX-_RAL1383-1160x700.jpg?resize=350%2C200 1x, https:\/\/i0.wp.com\/www.grieta.org.mx\/wp-content\/uploads\/2019\/05\/Migrantes-Caravana-Migrante-CDMX-_RAL1383-1160x700.jpg?resize=525%2C300 1.5x, https:\/\/i0.wp.com\/www.grieta.org.mx\/wp-content\/uploads\/2019\/05\/Migrantes-Caravana-Migrante-CDMX-_RAL1383-1160x700.jpg?resize=700%2C400 2x, https:\/\/i0.wp.com\/www.grieta.org.mx\/wp-content\/uploads\/2019\/05\/Migrantes-Caravana-Migrante-CDMX-_RAL1383-1160x700.jpg?resize=1050%2C600 3x"},"classes":[]},{"id":55770,"url":"http:\/\/www.grieta.org.mx\/index.php\/2020\/12\/10\/fiscalia-de-la-cdmx-abre-investigacion-contra-erika-martinez-vocera-de-la-toma-de-la-cndh\/","url_meta":{"origin":7962,"position":2},"title":"Fiscal\u00eda de la CDMX abre investigaci\u00f3n contra Erika Mart\u00ednez, vocera de la toma de la CNDH","author":"grieta","date":"10 diciembre, 2020","format":false,"excerpt":"Foto: Cuartoscuro Itxaro Arteta \/ Animal Pol\u00edtico La Fiscal\u00eda de CDMX notific\u00f3 a un familiar de Erika Mart\u00ednez con un citatorio en el que aparece la vocera de la toma de la CNDH como imputada, aunque no se especifican los delitos. La Fiscal\u00eda General de Justicia de la Ciudad de\u2026","rel":"","context":"En &quot;Abuso policiaco y tortura en la Ciudad de M\u00e9xico&quot;","block_context":{"text":"Abuso policiaco y tortura en la Ciudad de M\u00e9xico","link":"http:\/\/www.grieta.org.mx\/index.php\/category\/noticias-nacionales\/ciudad-de-mexico\/abuso-policiaco-y-tortura-en-la-ciudad-de-mexico\/"},"img":{"alt_text":"","src":"https:\/\/i0.wp.com\/www.grieta.org.mx\/wp-content\/uploads\/2020\/12\/Fiscalia-de-la-CDMX-abre-investigacion-contra-Erika-Martinez-vocera-de-la-toma-de-la-CNDH-cdmx-dic.jpeg?resize=350%2C200","width":350,"height":200,"srcset":"https:\/\/i0.wp.com\/www.grieta.org.mx\/wp-content\/uploads\/2020\/12\/Fiscalia-de-la-CDMX-abre-investigacion-contra-Erika-Martinez-vocera-de-la-toma-de-la-CNDH-cdmx-dic.jpeg?resize=350%2C200 1x, https:\/\/i0.wp.com\/www.grieta.org.mx\/wp-content\/uploads\/2020\/12\/Fiscalia-de-la-CDMX-abre-investigacion-contra-Erika-Martinez-vocera-de-la-toma-de-la-CNDH-cdmx-dic.jpeg?resize=525%2C300 1.5x, https:\/\/i0.wp.com\/www.grieta.org.mx\/wp-content\/uploads\/2020\/12\/Fiscalia-de-la-CDMX-abre-investigacion-contra-Erika-Martinez-vocera-de-la-toma-de-la-CNDH-cdmx-dic.jpeg?resize=700%2C400 2x, https:\/\/i0.wp.com\/www.grieta.org.mx\/wp-content\/uploads\/2020\/12\/Fiscalia-de-la-CDMX-abre-investigacion-contra-Erika-Martinez-vocera-de-la-toma-de-la-CNDH-cdmx-dic.jpeg?resize=1050%2C600 3x, https:\/\/i0.wp.com\/www.grieta.org.mx\/wp-content\/uploads\/2020\/12\/Fiscalia-de-la-CDMX-abre-investigacion-contra-Erika-Martinez-vocera-de-la-toma-de-la-CNDH-cdmx-dic.jpeg?resize=1400%2C800 4x"},"classes":[]},{"id":11612,"url":"http:\/\/www.grieta.org.mx\/index.php\/2016\/04\/28\/agreden-a-balazos-a-voluntarios-de-estancia-del-migrante\/","url_meta":{"origin":7962,"position":3},"title":"Agreden a balazos a voluntarios de Estancia del Migrante","author":"grieta","date":"28 abril, 2016","format":false,"excerpt":"Alma C\u00f3rdova\/AM Quer\u00e9taro Los voluntarios de la Estancia del Migrante \u201cGonz\u00e1lez y Mart\u00ednez\u201d denunciaron que han sido v\u00edctimas de constantes agresiones de noviembre a la fecha De noviembre a la fecha, los voluntarios de la Estancia del Migrante \u201cGonz\u00e1lez y Mart\u00ednez\u201d han sido v\u00edctimas de constantes agresiones por parte del\u2026","rel":"","context":"En &quot;CINTILLO&quot;","block_context":{"text":"CINTILLO","link":"http:\/\/www.grieta.org.mx\/index.php\/category\/cintillo\/"},"img":{"alt_text":"","src":"https:\/\/i0.wp.com\/www.grieta.org.mx\/wp-content\/uploads\/2018\/03\/14524434_1106112876131411_958039263622046936_o.jpg?resize=350%2C200","width":350,"height":200,"srcset":"https:\/\/i0.wp.com\/www.grieta.org.mx\/wp-content\/uploads\/2018\/03\/14524434_1106112876131411_958039263622046936_o.jpg?resize=350%2C200 1x, https:\/\/i0.wp.com\/www.grieta.org.mx\/wp-content\/uploads\/2018\/03\/14524434_1106112876131411_958039263622046936_o.jpg?resize=525%2C300 1.5x, https:\/\/i0.wp.com\/www.grieta.org.mx\/wp-content\/uploads\/2018\/03\/14524434_1106112876131411_958039263622046936_o.jpg?resize=700%2C400 2x"},"classes":[]},{"id":65630,"url":"http:\/\/www.grieta.org.mx\/index.php\/2022\/10\/29\/asesinan-filogonio-martinez-otro-activista-de-paso-de-la-reyna-suman-seis-en-el-ultimo-ano-oaxaca\/","url_meta":{"origin":7962,"position":4},"title":"Asesinan Filogonio Mart\u00ednez, otro activista de Paso de la Reyna; suman seis en el \u00faltimo a\u00f1o (Oaxaca)","author":"grieta","date":"29 octubre, 2022","format":false,"excerpt":"Imagen: Especial El defensor ambiental Filogonio Mart\u00ednez fue asesinado la tarde de este mi\u00e9rcoles pese a contar con medidas cautelares. Es el sexto defensor del R\u00edo Verde asesinado en lo que va del \u00faltimo a\u00f1o. Todos permanecen impunes. La organizaci\u00f3n Educa cuestiona el \u00abModelo Oaxaca\u00bb de impunidad del gobernador Alejandro\u2026","rel":"","context":"En &quot;CINTILLO&quot;","block_context":{"text":"CINTILLO","link":"http:\/\/www.grieta.org.mx\/index.php\/category\/cintillo\/"},"img":{"alt_text":"","src":"https:\/\/i0.wp.com\/www.grieta.org.mx\/wp-content\/uploads\/2022\/10\/filigonio_asesinado_especial-1068x668-1.jpeg?resize=350%2C200","width":350,"height":200,"srcset":"https:\/\/i0.wp.com\/www.grieta.org.mx\/wp-content\/uploads\/2022\/10\/filigonio_asesinado_especial-1068x668-1.jpeg?resize=350%2C200 1x, https:\/\/i0.wp.com\/www.grieta.org.mx\/wp-content\/uploads\/2022\/10\/filigonio_asesinado_especial-1068x668-1.jpeg?resize=525%2C300 1.5x, https:\/\/i0.wp.com\/www.grieta.org.mx\/wp-content\/uploads\/2022\/10\/filigonio_asesinado_especial-1068x668-1.jpeg?resize=700%2C400 2x, https:\/\/i0.wp.com\/www.grieta.org.mx\/wp-content\/uploads\/2022\/10\/filigonio_asesinado_especial-1068x668-1.jpeg?resize=1050%2C600 3x"},"classes":[]},{"id":63787,"url":"http:\/\/www.grieta.org.mx\/index.php\/2022\/01\/26\/director-del-portal-pluma-digital-en-oaxaca-fue-atacado-por-grupo-armado-escolta-repelio-agresion\/","url_meta":{"origin":7962,"position":5},"title":"Director del portal Pluma Digital en Oaxaca fue atacado por grupo armado, escolta repeli\u00f3 agresi\u00f3n","author":"grieta","date":"26 enero, 2022","format":false,"excerpt":"Proceso \/ Pedro Mat\u00edas. El atentado se perpetr\u00f3 la madrugada de este mi\u00e9rcoles 26 de enero sobre la carretera Yosonicaje-Tlaxiaco, en la regi\u00f3n mixteca, sin embargo, el periodista, quien forma parte del Mecanismo de Protecci\u00f3n para Personas Defensoras de Derechos Humanos y Periodistas, result\u00f3 ileso. OAXACA, Oax. (apro).-El director del\u2026","rel":"","context":"En &quot;CINTILLO&quot;","block_context":{"text":"CINTILLO","link":"http:\/\/www.grieta.org.mx\/index.php\/category\/cintillo\/"},"img":{"alt_text":"","src":"https:\/\/i0.wp.com\/www.grieta.org.mx\/wp-content\/uploads\/2018\/03\/14524434_1106112876131411_958039263622046936_o.jpg?resize=350%2C200","width":350,"height":200,"srcset":"https:\/\/i0.wp.com\/www.grieta.org.mx\/wp-content\/uploads\/2018\/03\/14524434_1106112876131411_958039263622046936_o.jpg?resize=350%2C200 1x, https:\/\/i0.wp.com\/www.grieta.org.mx\/wp-content\/uploads\/2018\/03\/14524434_1106112876131411_958039263622046936_o.jpg?resize=525%2C300 1.5x, https:\/\/i0.wp.com\/www.grieta.org.mx\/wp-content\/uploads\/2018\/03\/14524434_1106112876131411_958039263622046936_o.jpg?resize=700%2C400 2x"},"classes":[]}],"_links":{"self":[{"href":"http:\/\/www.grieta.org.mx\/index.php\/wp-json\/wp\/v2\/posts\/7962","targetHints":{"allow":["GET"]}}],"collection":[{"href":"http:\/\/www.grieta.org.mx\/index.php\/wp-json\/wp\/v2\/posts"}],"about":[{"href":"http:\/\/www.grieta.org.mx\/index.php\/wp-json\/wp\/v2\/types\/post"}],"author":[{"embeddable":true,"href":"http:\/\/www.grieta.org.mx\/index.php\/wp-json\/wp\/v2\/users\/2"}],"replies":[{"embeddable":true,"href":"http:\/\/www.grieta.org.mx\/index.php\/wp-json\/wp\/v2\/comments?post=7962"}],"version-history":[{"count":1,"href":"http:\/\/www.grieta.org.mx\/index.php\/wp-json\/wp\/v2\/posts\/7962\/revisions"}],"predecessor-version":[{"id":7963,"href":"http:\/\/www.grieta.org.mx\/index.php\/wp-json\/wp\/v2\/posts\/7962\/revisions\/7963"}],"wp:featuredmedia":[{"embeddable":true,"href":"http:\/\/www.grieta.org.mx\/index.php\/wp-json\/wp\/v2\/media\/21928"}],"wp:attachment":[{"href":"http:\/\/www.grieta.org.mx\/index.php\/wp-json\/wp\/v2\/media?parent=7962"}],"wp:term":[{"taxonomy":"category","embeddable":true,"href":"http:\/\/www.grieta.org.mx\/index.php\/wp-json\/wp\/v2\/categories?post=7962"},{"taxonomy":"post_tag","embeddable":true,"href":"http:\/\/www.grieta.org.mx\/index.php\/wp-json\/wp\/v2\/tags?post=7962"}],"curies":[{"name":"wp","href":"https:\/\/api.w.org\/{rel}","templated":true}]}}