{"id":7953,"date":"2016-03-10T03:06:41","date_gmt":"2016-03-10T03:06:41","guid":{"rendered":"http:\/\/50.22.11.12\/~grietaor\/?p=7953"},"modified":"2016-03-30T03:25:40","modified_gmt":"2016-03-30T03:25:40","slug":"conflictos-laborales-en-slp","status":"publish","type":"post","link":"http:\/\/www.grieta.org.mx\/index.php\/2016\/03\/10\/conflictos-laborales-en-slp\/","title":{"rendered":"Conflictos laborales en SLP"},"content":{"rendered":"<p><strong>11\/02\/16. <\/strong><a href=\"http:\/\/grieta.org.mx\/index.php\/2016\/02\/11\/profesores-emprenderan-acciones-legales-contra-rector-de-la-utslp\/\">Profesores emprender\u00e1n acciones legales contra rector de la UTSLP<\/a><br \/>\n<em>La Jornada<\/em><\/p>\n<p><strong>15\/10\/15. <\/strong><a href=\"http:\/\/grieta.org.mx\/index.php\/2015\/10\/15\/denunciaron-20-despidos-injustificados-en-alcaldia\/\">Denunciaron 20 despidos injustificados: en alcald\u00eda<\/a><br \/>\n<em>El Ma\u00f1ana de Valle<\/em><\/p>\n<p><strong>15\/09\/15. <\/strong><a href=\"http:\/\/grieta.org.mx\/index.php\/2015\/09\/15\/retiran-planton-del-sittge\/\">Retiran plant\u00f3n del SITTGE<\/a><br  \/><em>Pulso SLP<\/em><br  \/><\/p>\n<p><strong>19\/08\/15. <\/strong><a href=\"http:\/\/grieta.org.mx\/index.php\/2015\/08\/19\/protestan-trabajadores-del-centro-de-las-artes-piden-prestaciones-y-reubicacion-de-despedidos\/\">Protestan trabajadores del Centro de las Artes; piden prestaciones y reubicaci\u00f3n de despedidos<\/a><br  \/><em>Pulso SLP<\/em><br  \/><\/p>\n<p><strong>31\/07\/15. <\/strong><a href=\"http:\/\/grieta.org.mx\/index.php\/2016\/07\/31\/7972\/\">Potosinos protestaron en contra de la \u201cprivatizaci\u00f3n\u201d del IMSS e ISSSTE<\/a><br  \/><em>La Jornada<\/em><br  \/><\/p>\n","protected":false},"excerpt":{"rendered":"<p>11\/02\/16. Profesores emprender\u00e1n acciones legales contra rector de la UTSLP La Jornada 15\/10\/15. Denunciaron 20 despidos injustificados: en alcald\u00eda El Ma\u00f1ana de Valle 15\/09\/15. Retiran plant\u00f3n del SITTGEPulso SLP 19\/08\/15. &hellip; <a href=\"http:\/\/www.grieta.org.mx\/index.php\/2016\/03\/10\/conflictos-laborales-en-slp\/\" class=\"more-link\">Leer m\u00e1s<\/a><\/p>\n","protected":false},"author":2,"featured_media":21928,"comment_status":"closed","ping_status":"open","sticky":false,"template":"","format":"standard","meta":{"ngg_post_thumbnail":0,"_jetpack_newsletter_access":"","_jetpack_dont_email_post_to_subs":false,"_jetpack_newsletter_tier_id":0,"_jetpack_memberships_contains_paywalled_content":false,"_jetpack_memberships_contains_paid_content":false,"footnotes":""},"categories":[29],"tags":[],"class_list":["post-7953","post","type-post","status-publish","format-standard","has-post-thumbnail","hentry","category-san-luis-potosi","entry"],"jetpack_featured_media_url":"http:\/\/www.grieta.org.mx\/wp-content\/uploads\/2018\/03\/14524434_1106112876131411_958039263622046936_o.jpg","jetpack_sharing_enabled":true,"jetpack_shortlink":"https:\/\/wp.me\/p7ZJR4-24h","jetpack_likes_enabled":false,"jetpack-related-posts":[{"id":10617,"url":"http:\/\/www.grieta.org.mx\/index.php\/2015\/12\/30\/violencia-contra-migrantes-en-slp\/","url_meta":{"origin":7953,"position":0},"title":"Violencia contra migrantes en SLP","author":"grieta","date":"30 diciembre, 2015","format":false,"excerpt":"15\/10\/15. \u201cAlerta llegada de bandas que atacan a migrantes\u201dPulso SLP 10\/10\/15. Rescatan a 41 migrantes en San Luis Potos\u00edEl Mexicano","rel":"","context":"En &quot;San Luis Potos\u00ed&quot;","block_context":{"text":"San Luis Potos\u00ed","link":"http:\/\/www.grieta.org.mx\/index.php\/category\/noticias-nacionales\/san-luis-potosi\/"},"img":{"alt_text":"","src":"https:\/\/i0.wp.com\/www.grieta.org.mx\/wp-content\/uploads\/2018\/03\/14524434_1106112876131411_958039263622046936_o.jpg?resize=350%2C200","width":350,"height":200,"srcset":"https:\/\/i0.wp.com\/www.grieta.org.mx\/wp-content\/uploads\/2018\/03\/14524434_1106112876131411_958039263622046936_o.jpg?resize=350%2C200 1x, https:\/\/i0.wp.com\/www.grieta.org.mx\/wp-content\/uploads\/2018\/03\/14524434_1106112876131411_958039263622046936_o.jpg?resize=525%2C300 1.5x, https:\/\/i0.wp.com\/www.grieta.org.mx\/wp-content\/uploads\/2018\/03\/14524434_1106112876131411_958039263622046936_o.jpg?resize=700%2C400 2x"},"classes":[]},{"id":15060,"url":"http:\/\/www.grieta.org.mx\/index.php\/2016\/08\/09\/movilizaciones-contra-la-reforma-educativa-en-san-luis-potosi\/","url_meta":{"origin":7953,"position":1},"title":"Movilizaciones contra la reforma educativa en San Luis Potos\u00ed","author":"grieta","date":"9 agosto, 2016","format":false,"excerpt":"04\/08\/16. Se agrupan maestros de SNTE y CNTE contra reforma educativa en SLPLa Jornada San Luis 22\/07\/16. Maestros se vuelven a manifestar en SLPEl Sol de San Luis 21\/07\/16. CNTE en SLP entrega pliego petitorio en Congreso local de SLPQuadratin 13\/07\/16. Marchan maestros en San Luis Potos\u00ed contra la reforma\u2026","rel":"","context":"En &quot;San Luis Potos\u00ed&quot;","block_context":{"text":"San Luis Potos\u00ed","link":"http:\/\/www.grieta.org.mx\/index.php\/category\/noticias-nacionales\/san-luis-potosi\/"},"img":{"alt_text":"","src":"https:\/\/i0.wp.com\/www.grieta.org.mx\/wp-content\/uploads\/2018\/03\/14524434_1106112876131411_958039263622046936_o.jpg?resize=350%2C200","width":350,"height":200,"srcset":"https:\/\/i0.wp.com\/www.grieta.org.mx\/wp-content\/uploads\/2018\/03\/14524434_1106112876131411_958039263622046936_o.jpg?resize=350%2C200 1x, https:\/\/i0.wp.com\/www.grieta.org.mx\/wp-content\/uploads\/2018\/03\/14524434_1106112876131411_958039263622046936_o.jpg?resize=525%2C300 1.5x, https:\/\/i0.wp.com\/www.grieta.org.mx\/wp-content\/uploads\/2018\/03\/14524434_1106112876131411_958039263622046936_o.jpg?resize=700%2C400 2x"},"classes":[]},{"id":8751,"url":"http:\/\/www.grieta.org.mx\/index.php\/2016\/08\/10\/feminicidios-en-san-luis-potosi\/","url_meta":{"origin":7953,"position":2},"title":"Feminicidios en San Luis Potos\u00ed","author":"grieta","date":"10 agosto, 2016","format":false,"excerpt":"09\/08\/16. Inmujeres y asociaciones critican fallida estrategia contra la violencia de g\u00e9nero en SLPLa Jornada San Luis 20\/06\/16. Violencia contra la mujer en SLPPlano Informativo 10\/05\/16. En San Luis Potos\u00ed. 171 feminicidios en 5 a\u00f1osAstrolabio 18\/01\/16. Feminicidio en Alaquines Plano Informativo 13\/11\/15. Feminicidios en SLP: Ausencia de protocolos, casos olvidados,\u2026","rel":"","context":"En &quot;Feminicidios&quot;","block_context":{"text":"Feminicidios","link":"http:\/\/www.grieta.org.mx\/index.php\/category\/temas-nacionales\/feminicidios\/"},"img":{"alt_text":"","src":"https:\/\/i0.wp.com\/www.grieta.org.mx\/wp-content\/uploads\/2018\/03\/14524434_1106112876131411_958039263622046936_o.jpg?resize=350%2C200","width":350,"height":200,"srcset":"https:\/\/i0.wp.com\/www.grieta.org.mx\/wp-content\/uploads\/2018\/03\/14524434_1106112876131411_958039263622046936_o.jpg?resize=350%2C200 1x, https:\/\/i0.wp.com\/www.grieta.org.mx\/wp-content\/uploads\/2018\/03\/14524434_1106112876131411_958039263622046936_o.jpg?resize=525%2C300 1.5x, https:\/\/i0.wp.com\/www.grieta.org.mx\/wp-content\/uploads\/2018\/03\/14524434_1106112876131411_958039263622046936_o.jpg?resize=700%2C400 2x"},"classes":[]},{"id":45507,"url":"http:\/\/www.grieta.org.mx\/index.php\/2020\/02\/18\/slp-en-doceavo-lugar-de-secuestro-contra-mujeres\/","url_meta":{"origin":7953,"position":3},"title":"SLP en doceavo lugar de secuestro contra mujeres","author":"grieta","date":"18 febrero, 2020","format":false,"excerpt":"Gina Salinas\/Quadrat\u00edn SLP 18 febrero 2020 SAN LUIS POTOS\u00cd, SLP., 18 de febrero de 2020.- La Asociaci\u00f3n Alto al Secuestro revela que San Luis Potos\u00ed se ubica entre las entidades con aumento de este delito en contra de mujeres de 2018 a la fecha, situado en el lugar n\u00famero 12\u2026","rel":"","context":"En &quot;CINTILLO&quot;","block_context":{"text":"CINTILLO","link":"http:\/\/www.grieta.org.mx\/index.php\/category\/cintillo\/"},"img":{"alt_text":"","src":"https:\/\/i0.wp.com\/www.grieta.org.mx\/wp-content\/uploads\/2020\/03\/secuestro-1-1160x700.jpeg?resize=350%2C200","width":350,"height":200,"srcset":"https:\/\/i0.wp.com\/www.grieta.org.mx\/wp-content\/uploads\/2020\/03\/secuestro-1-1160x700.jpeg?resize=350%2C200 1x, https:\/\/i0.wp.com\/www.grieta.org.mx\/wp-content\/uploads\/2020\/03\/secuestro-1-1160x700.jpeg?resize=525%2C300 1.5x, https:\/\/i0.wp.com\/www.grieta.org.mx\/wp-content\/uploads\/2020\/03\/secuestro-1-1160x700.jpeg?resize=700%2C400 2x, https:\/\/i0.wp.com\/www.grieta.org.mx\/wp-content\/uploads\/2020\/03\/secuestro-1-1160x700.jpeg?resize=1050%2C600 3x"},"classes":[]},{"id":8732,"url":"http:\/\/www.grieta.org.mx\/index.php\/2016\/09\/10\/rechazo-al-fracking-en-san-luis-potosi\/","url_meta":{"origin":7953,"position":4},"title":"Rechazo al fracking en San Luis Potos\u00ed","author":"grieta","date":"10 septiembre, 2016","format":false,"excerpt":"05\/09\/16. Oposici\u00f3n huasteca a fracking por PemexEl Mexicano 06\/08\/16. Ind\u00edgenas en la Huasteca est\u00e1n alertas: el fracking no tarda en tomar sus patios, tambi\u00e9n su aguaSin Embargo 24\/07\/16. Encuentro contra el fracking en SLPEl Sol de San Luis 15\/07\/16. Definir\u00e1n acciones a emprender contra el fracking en la Huasteca, SLPEl\u2026","rel":"","context":"En &quot;Fracking&quot;","block_context":{"text":"Fracking","link":"http:\/\/www.grieta.org.mx\/index.php\/category\/megaproyectos\/fracking\/"},"img":{"alt_text":"","src":"https:\/\/i0.wp.com\/www.grieta.org.mx\/wp-content\/uploads\/2018\/03\/14524434_1106112876131411_958039263622046936_o.jpg?resize=350%2C200","width":350,"height":200,"srcset":"https:\/\/i0.wp.com\/www.grieta.org.mx\/wp-content\/uploads\/2018\/03\/14524434_1106112876131411_958039263622046936_o.jpg?resize=350%2C200 1x, https:\/\/i0.wp.com\/www.grieta.org.mx\/wp-content\/uploads\/2018\/03\/14524434_1106112876131411_958039263622046936_o.jpg?resize=525%2C300 1.5x, https:\/\/i0.wp.com\/www.grieta.org.mx\/wp-content\/uploads\/2018\/03\/14524434_1106112876131411_958039263622046936_o.jpg?resize=700%2C400 2x"},"classes":[]},{"id":9864,"url":"http:\/\/www.grieta.org.mx\/index.php\/2015\/11\/01\/grupo-mexico-elude-responsabilidad-por-muertes-y-accidentes-en-charcas-slp\/","url_meta":{"origin":7953,"position":5},"title":"Grupo M\u00e9xico elude responsabilidad por muertes y accidentes en Charcas, SLP","author":"grieta","date":"1 noviembre, 2015","format":false,"excerpt":"\u00a0 15\/01\/15. Amparo frena cobro de millonaria multa a la mina de Charcas Diario del altiplano 15\/02\/14. Familiares de los cinco mineros muertos en Charcas, en SLP, culpan en VIDEO a Grupo M\u00e9xico de accidente Sin Embargo 13\/02\/14. Mueren cinco durante accidente en mina de SLP El Universal \u00a0 \u00a0","rel":"","context":"En &quot;San Luis Potos\u00ed&quot;","block_context":{"text":"San Luis Potos\u00ed","link":"http:\/\/www.grieta.org.mx\/index.php\/category\/noticias-nacionales\/san-luis-potosi\/"},"img":{"alt_text":"","src":"https:\/\/i0.wp.com\/www.grieta.org.mx\/wp-content\/uploads\/2018\/03\/14524434_1106112876131411_958039263622046936_o.jpg?resize=350%2C200","width":350,"height":200,"srcset":"https:\/\/i0.wp.com\/www.grieta.org.mx\/wp-content\/uploads\/2018\/03\/14524434_1106112876131411_958039263622046936_o.jpg?resize=350%2C200 1x, https:\/\/i0.wp.com\/www.grieta.org.mx\/wp-content\/uploads\/2018\/03\/14524434_1106112876131411_958039263622046936_o.jpg?resize=525%2C300 1.5x, https:\/\/i0.wp.com\/www.grieta.org.mx\/wp-content\/uploads\/2018\/03\/14524434_1106112876131411_958039263622046936_o.jpg?resize=700%2C400 2x"},"classes":[]}],"_links":{"self":[{"href":"http:\/\/www.grieta.org.mx\/index.php\/wp-json\/wp\/v2\/posts\/7953","targetHints":{"allow":["GET"]}}],"collection":[{"href":"http:\/\/www.grieta.org.mx\/index.php\/wp-json\/wp\/v2\/posts"}],"about":[{"href":"http:\/\/www.grieta.org.mx\/index.php\/wp-json\/wp\/v2\/types\/post"}],"author":[{"embeddable":true,"href":"http:\/\/www.grieta.org.mx\/index.php\/wp-json\/wp\/v2\/users\/2"}],"replies":[{"embeddable":true,"href":"http:\/\/www.grieta.org.mx\/index.php\/wp-json\/wp\/v2\/comments?post=7953"}],"version-history":[{"count":1,"href":"http:\/\/www.grieta.org.mx\/index.php\/wp-json\/wp\/v2\/posts\/7953\/revisions"}],"predecessor-version":[{"id":7975,"href":"http:\/\/www.grieta.org.mx\/index.php\/wp-json\/wp\/v2\/posts\/7953\/revisions\/7975"}],"wp:featuredmedia":[{"embeddable":true,"href":"http:\/\/www.grieta.org.mx\/index.php\/wp-json\/wp\/v2\/media\/21928"}],"wp:attachment":[{"href":"http:\/\/www.grieta.org.mx\/index.php\/wp-json\/wp\/v2\/media?parent=7953"}],"wp:term":[{"taxonomy":"category","embeddable":true,"href":"http:\/\/www.grieta.org.mx\/index.php\/wp-json\/wp\/v2\/categories?post=7953"},{"taxonomy":"post_tag","embeddable":true,"href":"http:\/\/www.grieta.org.mx\/index.php\/wp-json\/wp\/v2\/tags?post=7953"}],"curies":[{"name":"wp","href":"https:\/\/api.w.org\/{rel}","templated":true}]}}