{"id":795,"date":"2015-07-22T15:04:22","date_gmt":"2015-07-22T15:04:22","guid":{"rendered":"http:\/\/50.22.11.12\/~grietaor\/?p=795"},"modified":"2016-03-02T15:06:06","modified_gmt":"2016-03-02T15:06:06","slug":"detienen-a-defensores-del-agua-en-coyotepec-estado-de-mexico","status":"publish","type":"post","link":"http:\/\/www.grieta.org.mx\/index.php\/2015\/07\/22\/detienen-a-defensores-del-agua-en-coyotepec-estado-de-mexico\/","title":{"rendered":"Detienen a defensores del agua en Coyotepec, Estado de M\u00e9xico"},"content":{"rendered":"<p> Acusados de oposici\u00f3n a ejecuci\u00f3n de obra p\u00fablica, fueron detenidos Sergio Vel\u00e1zquez Morales, Gerardo Trejo Galv\u00e1n y Vicente Moreno Dom\u00ednguez, defensores del agua en Coyotepec, Estado de M\u00e9xico. De continuar el proceso judicial podr\u00edan alcanzar hasta una pena de seis meses a dos a\u00f1os de prisi\u00f3n y hasta 150 d\u00edas de salario m\u00ednimo de multa.<\/p>\n<p>Este martes, algunos habitantes acompa\u00f1ados del comisariado ejidal llegaron a un lugar donde estaban perforando un pozo, administrado por la comunidad, para la realizaci\u00f3n de una obra por parte del ayuntamiento. \u201cAl llegar ah\u00ed ya estaban trabajando, hab\u00eda presencia de polic\u00edas, manifestamos que la obra era ilegal, porque est\u00e1 en territorio ejidal\u201d, inform\u00f3 Irma Luna Montoya, esposa de Moreno.<\/p>\n<p>Los tres pozos que administra la comunidad por usos y costumbres, fueron construidos por sus abuelos, en zona ejidal y el ayuntamiento no tiene injerencia en ese terreno. En el lugar donde se realizaba la perforaci\u00f3n lleg\u00f3 Jes\u00fas Conrado Alvarado Mata, quien insist\u00eda que ten\u00eda todos los permisos para realizar la perforaci\u00f3n, pero se neg\u00f3 a mostrar la documentaci\u00f3n a la comunidad.<\/p>\n<p>\u201cBast\u00f3 una se\u00f1al de este hombre para que la polic\u00eda se abalanzara sobre mi esposo Vicente Moreno y los otros dos vecinos, hab\u00eda m\u00e1s de 60 uniformados y nosotros no pudimos hacer nada\u201d, narr\u00f3 Irma Luna.<\/p>\n<p>Irma Luna manifest\u00f3 que su esposo siempre ha sido un luchador social. \u201cNo hemos necesitado de banderas ni colores para luchar por la comunidad\u201d y agreg\u00f3 que entre los vecinos no existen conflictos, todos se han unido para defender su territorio y el agua, pero ahora el problema es con el gobierno que quiere quitarles la administraci\u00f3n del agua para entregarla a empresas como Coca Cola, Wal-Mart y Nestl\u00e9.<\/p>\n<p>Esta no es la primera vez que Irma Luna y su esposo se sienten amenazados y hostigados. \u201cCada vez las cosas se ponen m\u00e1s dif\u00edciles, nos sentimos perseguidos, todo el tiempo nos vigilan\u201d. Hace algunos meses fue asesinado con excesiva violencia Jos\u00e9 Isabel Cervantes, otro de los defensores de la gesti\u00f3n del agua en Coyotepec, despu\u00e9s de un d\u00eda de no encontrarlo, su cuerpo fue hallado en uno de los pozos de agua, con 18 pu\u00f1aladas en el abdomen, con \u00e9l ya son tres los defensores asesinados.<\/p>\n<p>La autonom\u00eda y el despojo<\/p>\n<p>Desde hace m\u00e1s de tres a\u00f1os los habitantes de este municipio de origen nahua y el \u00faltimo pueblo del viejo imperio mexica, resisten al despojo de los tres pozos de agua potable, que se administran por usos y costumbres.<\/p>\n<p>Los pobladores se han tenido que enfrentar a diferentes agresiones y amenazas por parte de la fuerza p\u00fablica y grupos de choque contratados por las autoridades para intentar romper con la organizaci\u00f3n que se opone a la municipalizaci\u00f3n del agua. La organizaci\u00f3n del pueblo de Coyotepec se ha ido consolidando con el paso del tiempo. El hostigamiento, la violencia y la represi\u00f3n han surtido otros efectos en la gente, que no es el debilitamiento o el miedo y en los \u00faltimos a\u00f1os el tejido social se ha fortalecido.<\/p>\n<p>Una reforma de ley de agua en el Estado de M\u00e9xico pretende arrebatar la administraci\u00f3n aut\u00f3noma del agua potable a las comunidades de esta entidad, con el argumento de que la administraci\u00f3n comunitaria, son pr\u00e1cticas caducas. El Partido Revolucionario Institucional (PRI), a trav\u00e9s de una iniciativa de reforma a la Ley de Agua pretende arrebatar los sistemas independientes de auto abasto del vital l\u00edquido a m\u00e1s de 150 comunidades en la entidad, que administran de manera aut\u00f3noma el recurso.<\/p>\n<p><a href=\"http:\/\/desinformemonos.org.mx\/2015\/07\/detienen-a-defensores-del-agua-en-coyotepec-estado-de-mexico\/\" target=\"_blank\">desinformemonos.org.mx\/2015\/07\/detienen-a-defensores-del-agua-en-coyotepec-estado-de-mexico\/<\/a><\/p>\n","protected":false},"excerpt":{"rendered":"<p>Acusados de oposici\u00f3n a ejecuci\u00f3n de obra p\u00fablica, fueron detenidos Sergio Vel\u00e1zquez Morales, Gerardo Trejo Galv\u00e1n y Vicente Moreno Dom\u00ednguez, defensores del agua en Coyotepec, Estado de M\u00e9xico. De continuar &hellip; <a href=\"http:\/\/www.grieta.org.mx\/index.php\/2015\/07\/22\/detienen-a-defensores-del-agua-en-coyotepec-estado-de-mexico\/\" class=\"more-link\">Leer m\u00e1s<\/a><\/p>\n","protected":false},"author":2,"featured_media":21928,"comment_status":"closed","ping_status":"open","sticky":false,"template":"","format":"standard","meta":{"ngg_post_thumbnail":0,"_jetpack_newsletter_access":"","_jetpack_dont_email_post_to_subs":false,"_jetpack_newsletter_tier_id":0,"_jetpack_memberships_contains_paywalled_content":false,"_jetpack_memberships_contains_paid_content":false,"footnotes":""},"categories":[80],"tags":[92],"class_list":["post-795","post","type-post","status-publish","format-standard","has-post-thumbnail","hentry","category-cintillo","tag-estado-de-mexico","entry"],"jetpack_featured_media_url":"http:\/\/www.grieta.org.mx\/wp-content\/uploads\/2018\/03\/14524434_1106112876131411_958039263622046936_o.jpg","jetpack_sharing_enabled":true,"jetpack_shortlink":"https:\/\/wp.me\/p7ZJR4-cP","jetpack_likes_enabled":false,"jetpack-related-posts":[{"id":909,"url":"http:\/\/www.grieta.org.mx\/index.php\/2016\/08\/13\/despojo-de-agua-en-coyotepec\/","url_meta":{"origin":795,"position":0},"title":"Despojo de agua en Coyotepec","author":"grieta","date":"13 agosto, 2016","format":false,"excerpt":"13\/08\/16. \u201cSalte del movimiento del agua o se los va a cargar la chingada\u201d, agreden a defensores; Organizaci\u00f3n Mundial Contra la Tortura se pronunciaRevoluci\u00f3n 3.0 23\/06\/16. Defend\u00edan su agua, fueron a prisi\u00f3n y salieron. Pero su libertad est\u00e1 en riesgo.Sin Embargo 11\/06\/16. Contin\u00faa la defensa del agua en Coyotepec contra\u2026","rel":"","context":"En &quot;Estado de M\u00e9xico&quot;","block_context":{"text":"Estado de M\u00e9xico","link":"http:\/\/www.grieta.org.mx\/index.php\/category\/noticias-nacionales\/estado-de-mexico\/"},"img":{"alt_text":"","src":"https:\/\/i0.wp.com\/www.grieta.org.mx\/wp-content\/uploads\/2018\/03\/14524434_1106112876131411_958039263622046936_o.jpg?resize=350%2C200","width":350,"height":200,"srcset":"https:\/\/i0.wp.com\/www.grieta.org.mx\/wp-content\/uploads\/2018\/03\/14524434_1106112876131411_958039263622046936_o.jpg?resize=350%2C200 1x, https:\/\/i0.wp.com\/www.grieta.org.mx\/wp-content\/uploads\/2018\/03\/14524434_1106112876131411_958039263622046936_o.jpg?resize=525%2C300 1.5x, https:\/\/i0.wp.com\/www.grieta.org.mx\/wp-content\/uploads\/2018\/03\/14524434_1106112876131411_958039263622046936_o.jpg?resize=700%2C400 2x"},"classes":[]},{"id":794,"url":"http:\/\/www.grieta.org.mx\/index.php\/2015\/09\/05\/coyotepec-en-el-estado-de-mexico-profundiza-su-autonomia-en-su-derecho-al-agua\/","url_meta":{"origin":795,"position":1},"title":"Coyotepec en el Estado de M\u00e9xico profundiza su autonom\u00eda en su derecho al agua","author":"grieta","date":"5 septiembre, 2015","format":false,"excerpt":"Centro de Derechos Humanos Zeferino Ladrillero Publicado por cdhzl el 5 de septiembre de 2015 en Bolet\u00edn de Prensa BOLETIN DE PRENSA COYOTEPEC EN EL ESTADO DE M\u00c9XICO PROFUNDIZA SU AUTONOM\u00cdA EN SU DERECHO AL AGUA *Puede ser agredido nuevamente por grupos de choque. Coyotepec, Estado de M\u00e9xico 4 de\u2026","rel":"","context":"En &quot;CINTILLO&quot;","block_context":{"text":"CINTILLO","link":"http:\/\/www.grieta.org.mx\/index.php\/category\/cintillo\/"},"img":{"alt_text":"","src":"https:\/\/i0.wp.com\/www.grieta.org.mx\/wp-content\/uploads\/2018\/03\/14524434_1106112876131411_958039263622046936_o.jpg?resize=350%2C200","width":350,"height":200,"srcset":"https:\/\/i0.wp.com\/www.grieta.org.mx\/wp-content\/uploads\/2018\/03\/14524434_1106112876131411_958039263622046936_o.jpg?resize=350%2C200 1x, https:\/\/i0.wp.com\/www.grieta.org.mx\/wp-content\/uploads\/2018\/03\/14524434_1106112876131411_958039263622046936_o.jpg?resize=525%2C300 1.5x, https:\/\/i0.wp.com\/www.grieta.org.mx\/wp-content\/uploads\/2018\/03\/14524434_1106112876131411_958039263622046936_o.jpg?resize=700%2C400 2x"},"classes":[]},{"id":15566,"url":"http:\/\/www.grieta.org.mx\/index.php\/2016\/06\/23\/defendian-su-agua-fueron-a-prision-y-salieron-pero-su-libertad-esta-en-riesgo\/","url_meta":{"origin":795,"position":2},"title":"Defend\u00edan su agua, fueron a prisi\u00f3n y salieron. Pero su libertad est\u00e1 en riesgo.","author":"grieta","date":"23 junio, 2016","format":false,"excerpt":"Ciudad de M\u00e9xico, 23 de junio (SinEmbargo).- Tres defensores de la administraci\u00f3n del agua en el municipio de Coyotepec, en el Estado de M\u00e9xico, fueron citados a declarar para el pr\u00f3ximo 24 de junio acusados de \u201crobo con la modificativa agravante de haberse cometido con violencia\u201d. El Centro de Derechos\u2026","rel":"","context":"En &quot;CINTILLO&quot;","block_context":{"text":"CINTILLO","link":"http:\/\/www.grieta.org.mx\/index.php\/category\/cintillo\/"},"img":{"alt_text":"","src":"https:\/\/i0.wp.com\/www.grieta.org.mx\/wp-content\/uploads\/2018\/03\/14524434_1106112876131411_958039263622046936_o.jpg?resize=350%2C200","width":350,"height":200,"srcset":"https:\/\/i0.wp.com\/www.grieta.org.mx\/wp-content\/uploads\/2018\/03\/14524434_1106112876131411_958039263622046936_o.jpg?resize=350%2C200 1x, https:\/\/i0.wp.com\/www.grieta.org.mx\/wp-content\/uploads\/2018\/03\/14524434_1106112876131411_958039263622046936_o.jpg?resize=525%2C300 1.5x, https:\/\/i0.wp.com\/www.grieta.org.mx\/wp-content\/uploads\/2018\/03\/14524434_1106112876131411_958039263622046936_o.jpg?resize=700%2C400 2x"},"classes":[]},{"id":893,"url":"http:\/\/www.grieta.org.mx\/index.php\/2015\/07\/01\/coyotepec-la-lucha-de-un-pueblo-en-defensa-del-agua\/","url_meta":{"origin":795,"position":3},"title":"Coyotepec: la lucha de un pueblo en defensa del agua","author":"grieta","date":"1 julio, 2015","format":false,"excerpt":"En el municipio de Coyotepec, Estado de M\u00e9xico, se libra una lucha por uno de los recursos m\u00e1s preciados en el pa\u00eds: el agua. Por usos y costumbres, el suministro del vital l\u00edquido ha sido hist\u00f3ricamente administrado por una asamblea de ciudadanos, que hoy, se encuentra amenazada por el gobierno\u2026","rel":"","context":"En &quot;CINTILLO&quot;","block_context":{"text":"CINTILLO","link":"http:\/\/www.grieta.org.mx\/index.php\/category\/cintillo\/"},"img":{"alt_text":"","src":"https:\/\/i0.wp.com\/www.grieta.org.mx\/wp-content\/uploads\/2018\/03\/14524434_1106112876131411_958039263622046936_o.jpg?resize=350%2C200","width":350,"height":200,"srcset":"https:\/\/i0.wp.com\/www.grieta.org.mx\/wp-content\/uploads\/2018\/03\/14524434_1106112876131411_958039263622046936_o.jpg?resize=350%2C200 1x, https:\/\/i0.wp.com\/www.grieta.org.mx\/wp-content\/uploads\/2018\/03\/14524434_1106112876131411_958039263622046936_o.jpg?resize=525%2C300 1.5x, https:\/\/i0.wp.com\/www.grieta.org.mx\/wp-content\/uploads\/2018\/03\/14524434_1106112876131411_958039263622046936_o.jpg?resize=700%2C400 2x"},"classes":[]},{"id":13285,"url":"http:\/\/www.grieta.org.mx\/index.php\/2016\/05\/27\/encarcelan-a-representantes-de-coyotepec-por-la-defensa-del-agua\/","url_meta":{"origin":795,"position":4},"title":"Encarcelan a representantes de Coyotepec por la defensa del agua","author":"grieta","date":"27 mayo, 2016","format":false,"excerpt":"Perseo Greco Coyotepec, Estado de M\u00e9xico. 27 de mayo 2016.- Vecinos de Coyotepec denunciaron que el presidente municipal, Pedro Luna, trata de \"municipalizar\" el agua para la \u201cCiudad Bicentenario\u201d, con la intenci\u00f3n de construir un centro comercial de grandes dimensiones. El pasado 26 de mayo decenas de granaderos entraron a\u2026","rel":"","context":"En &quot;CINTILLO&quot;","block_context":{"text":"CINTILLO","link":"http:\/\/www.grieta.org.mx\/index.php\/category\/cintillo\/"},"img":{"alt_text":"","src":"https:\/\/i0.wp.com\/www.grieta.org.mx\/wp-content\/uploads\/2018\/03\/14524434_1106112876131411_958039263622046936_o.jpg?resize=350%2C200","width":350,"height":200,"srcset":"https:\/\/i0.wp.com\/www.grieta.org.mx\/wp-content\/uploads\/2018\/03\/14524434_1106112876131411_958039263622046936_o.jpg?resize=350%2C200 1x, https:\/\/i0.wp.com\/www.grieta.org.mx\/wp-content\/uploads\/2018\/03\/14524434_1106112876131411_958039263622046936_o.jpg?resize=525%2C300 1.5x, https:\/\/i0.wp.com\/www.grieta.org.mx\/wp-content\/uploads\/2018\/03\/14524434_1106112876131411_958039263622046936_o.jpg?resize=700%2C400 2x"},"classes":[]},{"id":894,"url":"http:\/\/www.grieta.org.mx\/index.php\/2015\/04\/23\/asesinan-a-otro-defensor-de-coyotepec-lo-encuentran-en-deposito-de-agua-potable\/","url_meta":{"origin":795,"position":5},"title":"Asesinan a otro defensor de Coyotepec; lo encuentran en dep\u00f3sito de agua potable","author":"grieta","date":"23 abril, 2015","format":false,"excerpt":"ALDABI OLVERA (Ciudad de M\u00e9xico).- Jos\u00e9 Ignacio Cervantes \u00c1ngeles de 47 a\u00f1os, era uno de los integrantes de la Administraci\u00f3n del Agua Potable Aut\u00f3noma que los pobladores de Coyotepec \u2014municipio ubicado en el norte del Estado de M\u00e9xico\u2014 mantienen para defenderse de los intentos de \u201cmunicipalizaci\u00f3n\u201d del agua desde el\u2026","rel":"","context":"En &quot;CINTILLO&quot;","block_context":{"text":"CINTILLO","link":"http:\/\/www.grieta.org.mx\/index.php\/category\/cintillo\/"},"img":{"alt_text":"","src":"https:\/\/i0.wp.com\/www.grieta.org.mx\/wp-content\/uploads\/2018\/03\/14524434_1106112876131411_958039263622046936_o.jpg?resize=350%2C200","width":350,"height":200,"srcset":"https:\/\/i0.wp.com\/www.grieta.org.mx\/wp-content\/uploads\/2018\/03\/14524434_1106112876131411_958039263622046936_o.jpg?resize=350%2C200 1x, https:\/\/i0.wp.com\/www.grieta.org.mx\/wp-content\/uploads\/2018\/03\/14524434_1106112876131411_958039263622046936_o.jpg?resize=525%2C300 1.5x, https:\/\/i0.wp.com\/www.grieta.org.mx\/wp-content\/uploads\/2018\/03\/14524434_1106112876131411_958039263622046936_o.jpg?resize=700%2C400 2x"},"classes":[]}],"_links":{"self":[{"href":"http:\/\/www.grieta.org.mx\/index.php\/wp-json\/wp\/v2\/posts\/795","targetHints":{"allow":["GET"]}}],"collection":[{"href":"http:\/\/www.grieta.org.mx\/index.php\/wp-json\/wp\/v2\/posts"}],"about":[{"href":"http:\/\/www.grieta.org.mx\/index.php\/wp-json\/wp\/v2\/types\/post"}],"author":[{"embeddable":true,"href":"http:\/\/www.grieta.org.mx\/index.php\/wp-json\/wp\/v2\/users\/2"}],"replies":[{"embeddable":true,"href":"http:\/\/www.grieta.org.mx\/index.php\/wp-json\/wp\/v2\/comments?post=795"}],"version-history":[{"count":1,"href":"http:\/\/www.grieta.org.mx\/index.php\/wp-json\/wp\/v2\/posts\/795\/revisions"}],"predecessor-version":[{"id":797,"href":"http:\/\/www.grieta.org.mx\/index.php\/wp-json\/wp\/v2\/posts\/795\/revisions\/797"}],"wp:featuredmedia":[{"embeddable":true,"href":"http:\/\/www.grieta.org.mx\/index.php\/wp-json\/wp\/v2\/media\/21928"}],"wp:attachment":[{"href":"http:\/\/www.grieta.org.mx\/index.php\/wp-json\/wp\/v2\/media?parent=795"}],"wp:term":[{"taxonomy":"category","embeddable":true,"href":"http:\/\/www.grieta.org.mx\/index.php\/wp-json\/wp\/v2\/categories?post=795"},{"taxonomy":"post_tag","embeddable":true,"href":"http:\/\/www.grieta.org.mx\/index.php\/wp-json\/wp\/v2\/tags?post=795"}],"curies":[{"name":"wp","href":"https:\/\/api.w.org\/{rel}","templated":true}]}}