{"id":7917,"date":"2015-10-12T02:02:52","date_gmt":"2015-10-12T02:02:52","guid":{"rendered":"http:\/\/50.22.11.12\/~grietaor\/?p=7917"},"modified":"2016-03-30T02:03:29","modified_gmt":"2016-03-30T02:03:29","slug":"manifestacion-en-oficinas-de-seech","status":"publish","type":"post","link":"http:\/\/www.grieta.org.mx\/index.php\/2015\/10\/12\/manifestacion-en-oficinas-de-seech\/","title":{"rendered":"Manifestaci\u00f3n en oficinas de SEECh"},"content":{"rendered":"<p>Desde la Normal de Saucillo, estudiantes acudieron a manifestarse, pero hallaron las oficinas cerradas<\/p>\n<p>Estudiantes provenientes de la de la Normal de Saucillo se trasladaron a la capital para realizar una protesta a las oficinas de Servicios Educativos del Estado de Chihuahua, con el fin de exigir mejores condiciones para su educaci\u00f3n, sin embargo dichas oficinas se encuentran cerradas.<br \/>\nLas carencias van desde la falta de un directivo, carencias materiales para camas e utensilios, hasta el apoyo para la comida, todo esto ha sido advertido a las autoridades educativas, pero denunciaron que no se les ha hecho caso.<br \/>\nA pesar de encontrar las oficinas cerradas, a las normalistas de les dijo que ser\u00edan atendidas. Cabe se\u00f1alar que el d\u00eda de hoy fue de asueto para varias instancias gubernamentales, pero no as\u00ed para los planteles educativos en el estado.<\/p>\n<p><a class=\"autohyperlink\" title=\"http:\/\/www.cronicadechihuahua.com\/Manifestacion-en-oficinas-de-SEECh,39482.html\" href=\"http:\/\/www.cronicadechihuahua.com\/Manifestacion-en-oficinas-de-SEECh,39482.html\" target=\"_blank\">www.cronicadechihuahua.com\/Manifestacion-en-oficinas-de-SEECh,39482.html<\/a><\/p>\n","protected":false},"excerpt":{"rendered":"<p>Desde la Normal de Saucillo, estudiantes acudieron a manifestarse, pero hallaron las oficinas cerradas Estudiantes provenientes de la de la Normal de Saucillo se trasladaron a la capital para realizar &hellip; <a href=\"http:\/\/www.grieta.org.mx\/index.php\/2015\/10\/12\/manifestacion-en-oficinas-de-seech\/\" class=\"more-link\">Leer m\u00e1s<\/a><\/p>\n","protected":false},"author":2,"featured_media":21928,"comment_status":"closed","ping_status":"open","sticky":false,"template":"","format":"standard","meta":{"ngg_post_thumbnail":0,"_jetpack_newsletter_access":"","_jetpack_dont_email_post_to_subs":false,"_jetpack_newsletter_tier_id":0,"_jetpack_memberships_contains_paywalled_content":false,"_jetpack_memberships_contains_paid_content":false,"footnotes":""},"categories":[122,80],"tags":[225],"class_list":["post-7917","post","type-post","status-publish","format-standard","has-post-thumbnail","hentry","category-chihuahua","category-cintillo","tag-normalistas","entry"],"jetpack_featured_media_url":"http:\/\/www.grieta.org.mx\/wp-content\/uploads\/2018\/03\/14524434_1106112876131411_958039263622046936_o.jpg","jetpack_sharing_enabled":true,"jetpack_shortlink":"https:\/\/wp.me\/p7ZJR4-23H","jetpack_likes_enabled":false,"jetpack-related-posts":[{"id":7908,"url":"http:\/\/www.grieta.org.mx\/index.php\/2015\/10\/13\/cesan-protestas-normalistas-de-saucillo-les-aprueban-dormitorios\/","url_meta":{"origin":7917,"position":0},"title":"Cesan protestas normalistas de Saucillo: les aprueban dormitorios","author":"grieta","date":"13 octubre, 2015","format":false,"excerpt":"**Las normalistas piden que se termine la construcci\u00f3n de 4 dormitorios para 120 personas cada uno, ya que actualmente se amontonan hasta 200 por secci\u00f3n. Chihuahua, Chih.- Luego de dos noches de dormir frente a las oficinas de Educaci\u00f3n y de dos d\u00edas de protestas en el Centro Hist\u00f3rico, las\u2026","rel":"","context":"En &quot;chihuahua&quot;","block_context":{"text":"chihuahua","link":"http:\/\/www.grieta.org.mx\/index.php\/category\/chihuahua\/"},"img":{"alt_text":"","src":"https:\/\/i0.wp.com\/www.grieta.org.mx\/wp-content\/uploads\/2018\/03\/14524434_1106112876131411_958039263622046936_o.jpg?resize=350%2C200","width":350,"height":200,"srcset":"https:\/\/i0.wp.com\/www.grieta.org.mx\/wp-content\/uploads\/2018\/03\/14524434_1106112876131411_958039263622046936_o.jpg?resize=350%2C200 1x, https:\/\/i0.wp.com\/www.grieta.org.mx\/wp-content\/uploads\/2018\/03\/14524434_1106112876131411_958039263622046936_o.jpg?resize=525%2C300 1.5x, https:\/\/i0.wp.com\/www.grieta.org.mx\/wp-content\/uploads\/2018\/03\/14524434_1106112876131411_958039263622046936_o.jpg?resize=700%2C400 2x"},"classes":[]},{"id":7112,"url":"http:\/\/www.grieta.org.mx\/index.php\/2016\/01\/28\/se-movilizan-normalistas-de-saucillo\/","url_meta":{"origin":7917,"position":1},"title":"Se movilizan Normalistas de Saucillo","author":"grieta","date":"28 enero, 2016","format":false,"excerpt":"28\/01\/16. Cierran alumnas de la Normal de Saucillo calles del Centro El diario de Chihuahua 13\/10\/15. Llegan a acuerdo y quitan normalistas bloqueo Tiempo 13\/10\/15. Cesan protestas normalistas de Saucillo: les aprueban dormitorios El diario de Chihuahua 13\/10\/15. Alumnas de normal rural de Chihuahua exigen obras y equipo La Jornada\u2026","rel":"","context":"En &quot;Chihuahua&quot;","block_context":{"text":"Chihuahua","link":"http:\/\/www.grieta.org.mx\/index.php\/category\/noticias-nacionales\/chihuahua\/"},"img":{"alt_text":"","src":"https:\/\/i0.wp.com\/www.grieta.org.mx\/wp-content\/uploads\/2018\/03\/14524434_1106112876131411_958039263622046936_o.jpg?resize=350%2C200","width":350,"height":200,"srcset":"https:\/\/i0.wp.com\/www.grieta.org.mx\/wp-content\/uploads\/2018\/03\/14524434_1106112876131411_958039263622046936_o.jpg?resize=350%2C200 1x, https:\/\/i0.wp.com\/www.grieta.org.mx\/wp-content\/uploads\/2018\/03\/14524434_1106112876131411_958039263622046936_o.jpg?resize=525%2C300 1.5x, https:\/\/i0.wp.com\/www.grieta.org.mx\/wp-content\/uploads\/2018\/03\/14524434_1106112876131411_958039263622046936_o.jpg?resize=700%2C400 2x"},"classes":[]},{"id":7922,"url":"http:\/\/www.grieta.org.mx\/index.php\/2016\/02\/04\/ayotzinapa-deja-apoyo-a-normal-de-saucillo-y-lexmark-en-chihuahua\/","url_meta":{"origin":7917,"position":2},"title":"Ayotzinapa deja apoyo a Normal de Saucillo y Lexmark en Chihuahua","author":"grieta","date":"4 febrero, 2016","format":false,"excerpt":"Entrelineas Padres de los 43 estudiantes desaparecidos en Iguala, Guerrero, la noche del 26 de septiembre del 2014 iniciaron el fin de semana dos nuevas caravanas informativas que viajar\u00e1n por el norte y sur del pa\u00eds con la finalidad de difundir la informaci\u00f3n relacionada con el caso, adem\u00e1s de solicitar\u2026","rel":"","context":"En &quot;chihuahua&quot;","block_context":{"text":"chihuahua","link":"http:\/\/www.grieta.org.mx\/index.php\/category\/chihuahua\/"},"img":{"alt_text":"","src":"https:\/\/i0.wp.com\/www.grieta.org.mx\/wp-content\/uploads\/2018\/03\/14524434_1106112876131411_958039263622046936_o.jpg?resize=350%2C200","width":350,"height":200,"srcset":"https:\/\/i0.wp.com\/www.grieta.org.mx\/wp-content\/uploads\/2018\/03\/14524434_1106112876131411_958039263622046936_o.jpg?resize=350%2C200 1x, https:\/\/i0.wp.com\/www.grieta.org.mx\/wp-content\/uploads\/2018\/03\/14524434_1106112876131411_958039263622046936_o.jpg?resize=525%2C300 1.5x, https:\/\/i0.wp.com\/www.grieta.org.mx\/wp-content\/uploads\/2018\/03\/14524434_1106112876131411_958039263622046936_o.jpg?resize=700%2C400 2x"},"classes":[]},{"id":7906,"url":"http:\/\/www.grieta.org.mx\/index.php\/2015\/10\/13\/llegan-a-acuerdo-y-quitan-normalistas-bloqueo\/","url_meta":{"origin":7917,"position":3},"title":"Llegan a acuerdo y quitan normalistas bloqueo","author":"grieta","date":"13 octubre, 2015","format":false,"excerpt":"Luego de dos horas de bloqueo en el Centro, las normalistas dejaron libre las calles, por lo que se normaliz\u00f3 la circulaci\u00f3n; esto luego de que llegaron a negociaciones con el Gobierno Estatal. Seg\u00fan detallaron los j\u00f3venes, consiguieron la aprobaci\u00f3n de recursos para la ampliaci\u00f3n y construcci\u00f3n de nuevos dormitorios,\u2026","rel":"","context":"En &quot;chihuahua&quot;","block_context":{"text":"chihuahua","link":"http:\/\/www.grieta.org.mx\/index.php\/category\/chihuahua\/"},"img":{"alt_text":"","src":"https:\/\/i0.wp.com\/www.grieta.org.mx\/wp-content\/uploads\/2018\/03\/14524434_1106112876131411_958039263622046936_o.jpg?resize=350%2C200","width":350,"height":200,"srcset":"https:\/\/i0.wp.com\/www.grieta.org.mx\/wp-content\/uploads\/2018\/03\/14524434_1106112876131411_958039263622046936_o.jpg?resize=350%2C200 1x, https:\/\/i0.wp.com\/www.grieta.org.mx\/wp-content\/uploads\/2018\/03\/14524434_1106112876131411_958039263622046936_o.jpg?resize=525%2C300 1.5x, https:\/\/i0.wp.com\/www.grieta.org.mx\/wp-content\/uploads\/2018\/03\/14524434_1106112876131411_958039263622046936_o.jpg?resize=700%2C400 2x"},"classes":[]},{"id":69979,"url":"http:\/\/www.grieta.org.mx\/index.php\/2024\/09\/30\/diez-anos-de-mentiras-normalistas-rurales-de-chihuahua-exigen-justicia-por-ayotzinapa\/","url_meta":{"origin":7917,"position":4},"title":"\u201cDiez a\u00f1os de mentiras\u201d: normalistas rurales de Chihuahua exigen justicia por Ayotzinapa","author":"grieta","date":"30 septiembre, 2024","format":false,"excerpt":"Normalistas rurales de Saucillo se unieron a la serie de protestas que se realizaron por todo M\u00e9xico para exigir justicia tras una d\u00e9cada de la desaparici\u00f3n de 43 estudiantes en Iguala, Guerrero. En la manifestaci\u00f3n, se cuestionaron las acciones de AMLO frente al caso y se se\u00f1al\u00f3 a Israel como\u2026","rel":"","context":"En &quot;Chihuahua&quot;","block_context":{"text":"Chihuahua","link":"http:\/\/www.grieta.org.mx\/index.php\/category\/noticias-nacionales\/chihuahua\/"},"img":{"alt_text":"","src":"https:\/\/i0.wp.com\/www.grieta.org.mx\/wp-content\/uploads\/2024\/10\/461323687_1061851155945165_1522875681384183311_n-1024x683-1.jpg?resize=350%2C200","width":350,"height":200,"srcset":"https:\/\/i0.wp.com\/www.grieta.org.mx\/wp-content\/uploads\/2024\/10\/461323687_1061851155945165_1522875681384183311_n-1024x683-1.jpg?resize=350%2C200 1x, https:\/\/i0.wp.com\/www.grieta.org.mx\/wp-content\/uploads\/2024\/10\/461323687_1061851155945165_1522875681384183311_n-1024x683-1.jpg?resize=525%2C300 1.5x, https:\/\/i0.wp.com\/www.grieta.org.mx\/wp-content\/uploads\/2024\/10\/461323687_1061851155945165_1522875681384183311_n-1024x683-1.jpg?resize=700%2C400 2x"},"classes":[]},{"id":7914,"url":"http:\/\/www.grieta.org.mx\/index.php\/2015\/10\/13\/alumnas-de-normal-rural-de-chihuahua-exigen-obras-y-equipo\/","url_meta":{"origin":7917,"position":5},"title":"Alumnas de normal rural de Chihuahua exigen obras y equipo","author":"grieta","date":"13 octubre, 2015","format":false,"excerpt":"Chihuahua, Chih., Unas 300 alumnas de la escuela normal rural Ricardo Flores Mag\u00f3n, en el municipio de Saucillo, acamparon fuera de la Secretar\u00eda de Educaci\u00f3n del estado para exigir el cumplimiento de mejoras a infraestructura y equipamiento. Las muchachas cerraron calles del primer cuadro hasta que fueron atendidas por el\u2026","rel":"","context":"En &quot;chihuahua&quot;","block_context":{"text":"chihuahua","link":"http:\/\/www.grieta.org.mx\/index.php\/category\/chihuahua\/"},"img":{"alt_text":"","src":"https:\/\/i0.wp.com\/www.grieta.org.mx\/wp-content\/uploads\/2018\/03\/14524434_1106112876131411_958039263622046936_o.jpg?resize=350%2C200","width":350,"height":200,"srcset":"https:\/\/i0.wp.com\/www.grieta.org.mx\/wp-content\/uploads\/2018\/03\/14524434_1106112876131411_958039263622046936_o.jpg?resize=350%2C200 1x, https:\/\/i0.wp.com\/www.grieta.org.mx\/wp-content\/uploads\/2018\/03\/14524434_1106112876131411_958039263622046936_o.jpg?resize=525%2C300 1.5x, https:\/\/i0.wp.com\/www.grieta.org.mx\/wp-content\/uploads\/2018\/03\/14524434_1106112876131411_958039263622046936_o.jpg?resize=700%2C400 2x"},"classes":[]}],"_links":{"self":[{"href":"http:\/\/www.grieta.org.mx\/index.php\/wp-json\/wp\/v2\/posts\/7917","targetHints":{"allow":["GET"]}}],"collection":[{"href":"http:\/\/www.grieta.org.mx\/index.php\/wp-json\/wp\/v2\/posts"}],"about":[{"href":"http:\/\/www.grieta.org.mx\/index.php\/wp-json\/wp\/v2\/types\/post"}],"author":[{"embeddable":true,"href":"http:\/\/www.grieta.org.mx\/index.php\/wp-json\/wp\/v2\/users\/2"}],"replies":[{"embeddable":true,"href":"http:\/\/www.grieta.org.mx\/index.php\/wp-json\/wp\/v2\/comments?post=7917"}],"version-history":[{"count":1,"href":"http:\/\/www.grieta.org.mx\/index.php\/wp-json\/wp\/v2\/posts\/7917\/revisions"}],"predecessor-version":[{"id":7918,"href":"http:\/\/www.grieta.org.mx\/index.php\/wp-json\/wp\/v2\/posts\/7917\/revisions\/7918"}],"wp:featuredmedia":[{"embeddable":true,"href":"http:\/\/www.grieta.org.mx\/index.php\/wp-json\/wp\/v2\/media\/21928"}],"wp:attachment":[{"href":"http:\/\/www.grieta.org.mx\/index.php\/wp-json\/wp\/v2\/media?parent=7917"}],"wp:term":[{"taxonomy":"category","embeddable":true,"href":"http:\/\/www.grieta.org.mx\/index.php\/wp-json\/wp\/v2\/categories?post=7917"},{"taxonomy":"post_tag","embeddable":true,"href":"http:\/\/www.grieta.org.mx\/index.php\/wp-json\/wp\/v2\/tags?post=7917"}],"curies":[{"name":"wp","href":"https:\/\/api.w.org\/{rel}","templated":true}]}}