{"id":785,"date":"2015-10-26T14:56:08","date_gmt":"2015-10-26T14:56:08","guid":{"rendered":"http:\/\/50.22.11.12\/~grietaor\/?p=785"},"modified":"2016-03-02T14:58:42","modified_gmt":"2016-03-02T14:58:42","slug":"denuncian-mas-agresiones-contra-pobladores-de-coyotepec-que-se-oponen-a-privatizacion-del-agua","status":"publish","type":"post","link":"http:\/\/www.grieta.org.mx\/index.php\/2015\/10\/26\/denuncian-mas-agresiones-contra-pobladores-de-coyotepec-que-se-oponen-a-privatizacion-del-agua\/","title":{"rendered":"Denuncian m\u00e1s agresiones contra pobladores de Coyotepec que se oponen a privatizaci\u00f3n del agua"},"content":{"rendered":"<p>M\u00e9xico, 26 de octubre 2015 (NOTIGOD\u00cdNEZ).- El Centro de Derechos Humanos Zeferino Ladrillero (CDHZL), emiti\u00f3 a trav\u00e9s de su blog en Internet un comunicado para denunciar que se preparan nuevas agresiones contra pobladores de Coyotepec, Estado de M\u00e9xico, luego de varios meses de f\u00e9rrea resistencia contra la municipalizaci\u00f3n del servicio del agua, antesala a la privatizaci\u00f3n del vital l\u00edquido.<\/p>\n<p>Seg\u00fan el comunicado, los colectivos vecinales que integran la oposici\u00f3n a la municipalizaci\u00f3n del servicio del agua, alertaron sobre una nueva ofensiva que se prepara desde los tres niveles de desgobierno, recordando que todo inici\u00f3 con el corte de energ\u00eda el\u00e9ctrica que realiz\u00f3 la Comisi\u00f3n Federal de Electricidad (CFE), a las bombas que abastecen al municipio desde los pozos de agua, controlados por la comunidad bajo los usos y costumbres que datan de la \u00e9poca prehisp\u00e1nica.<\/p>\n<p>Entre otras agresiones emprendidas por las \u201cautoridades\u201d para despojar a los pobladores del control de los pozos, destacan la detenci\u00f3n arbitraria de los l\u00edderes vecinales, represi\u00f3n a las juntas municipales, violencia de infiltrados priistas claramente identificados por los pobladores, as\u00ed como el asesinato del activista Jos\u00e9 Cervantes \u00c1ngeles.<\/p>\n<p>El comunicado se\u00f1ala que veh\u00edculos de la CFE as\u00ed como del desgobierno estatal volvieron a anunciar la reconexi\u00f3n del servicio de bombeo, pero ahora bajo la \u201cAdministraci\u00f3n Municipal de Agua Potable de Coyotepec\u201d en su necio af\u00e1n de municipalizar el servicio.<\/p>\n<p>Los habitantes se oponen a esta municipalizaci\u00f3n no s\u00f3lo porque constituye un despojo del control hist\u00f3rico que mantienen sobre el recurso natural del agua en su comunidad; adem\u00e1s forma parte de la estrategia del \u201cedil\u201d priista Alfredo Anguiano, su jefe desgobernador estatal Eruviel \u00c1vila y el propio asesino de Atenco, Enrique Pe\u00f1a Nieto, para permitir el saqueo del agua en beneficio, como siempre, de la iniciativa privada.<\/p>\n<p>El CDHZL convoc\u00f3 a toda la ciudadan\u00eda a mantenerse alerta de lo que pueda ocurrir en las pr\u00f3ximas horas el municipio, declar\u00e1ndose listo para denunciar cualquier represi\u00f3n y violaci\u00f3n de los derechos humanos que, desgraciadamente, sigue siendo cosa de todos los d\u00edas en el sangriento territorio PRI llamado \u201cEstado de M\u00e9xico\u201d.<\/p>\n<p>A continuaci\u00f3n, el comunicado \u00edntegro del CDHZL:<\/p>\n<p>25 de octubre de 2015<\/p>\n<p>Preparan nueva agresi\u00f3n contra pobladores de Coyotepec<\/p>\n<p>*Insisten en municipalizar el agua en Coyotepec.<br \/>\n*Los ciudadanos defender\u00e1n en\u00e9rgica y legalmente su sistema aut\u00f3nomo.<\/p>\n<p>Coyotepec, Estado de M\u00e9xico.<br \/>\n25 de octubre de 2015.<\/p>\n<p>Habitantes del Barrio Chautonco, el Frente Popular 9 de Junio y la Administraci\u00f3n Aut\u00f3noma de Agua Potable de Coyotepec denunciamos p\u00fablicamente el nuevo intento por municipalizar el sistema que bajo usos y costumbres opera el agua en este municipio de or\u00edgenes n\u00e1huatl.<\/p>\n<p>Gobierno del estado de M\u00e9xico, Ayuntamiento y Comisi\u00f3n Federal de Electricidad han hecho todo lo posible por boicotear y sabotear la administraci\u00f3n ciudadana de agua durante los \u00faltimos meses para generar un ambiente de desesperaci\u00f3n entre la comunidad.<\/p>\n<p>Primero la CFE se encarg\u00f3 de cortar el suministro de energ\u00eda el\u00e9ctrica, dejando as\u00ed a la poblaci\u00f3n sin posibilidad de extraer el agua de los pozos; el Alcalde Alfredo Anguiano se encarg\u00f3 con sus incondicionales de sabotear los generadores de electricidad que fueron rentados para seguir abasteciendo de agua; y ahora el gobierno del Edomex se dispone a arrebatar, por la fuerza si fuera necesario, el control ciudadano de los pozos con lo cual se podr\u00eda generar una nueva represi\u00f3n al pueblo mexiquense de consecuencias indeseables.<\/p>\n<p>En estos momentos camionetas de la Comisi\u00f3n Federal de Electricidad y de los gobiernos estatal y municipal anuncian la reconexi\u00f3n de los pozos para el d\u00eda lunes 26 de octubre pero ahora bajo una \u201cAdministraci\u00f3n Municipal de Agua Potable de Coyotepec\u201d como se acredita con el recibo de pago del 5to. Regidor Cesario Rodr\u00edguez Garfias quien junto con los pri\u00edstas del municipio pretenden legitimar la agresi\u00f3n y municipalizaci\u00f3n con el argumento de que pagaron a CFE cuando la misma Comisi\u00f3n siempre obstaculiz\u00f3 la viabilidad de la Administraci\u00f3n Aut\u00f3noma, es decir siempre el problema de fondo fueron sus intenciones de municipalizar y ahora creen que lo han logrado.<\/p>\n<p>Los ciudadanos y ciudadanas de Coyotepec siempre hemos defendido nuestra agua porque es un orgullo e identidad de nuestro pueblo. Ning\u00fan gobierno puso un solo centavo para la construcci\u00f3n de nuestro sistema: red hidr\u00e1ulica, pozos, dep\u00f3sitos etc. fueron construidos con los recursos econ\u00f3micos y las propias manos de nuestros padres y abuelos y no es justo que ahora que los gobernantes necesitan llevarse el agua a su Ciudad Bicentenario Huehuetoca vengan a despojarnos del agua que tanto trabajo nos ha costado y por ello la defenderemos social y legalmente con toda nuestra energ\u00eda.<\/p>\n<p>Por otro lado, el Centro de Derechos Humanos Zeferino Ladrillero, organizaci\u00f3n de la sociedad civil en el estado de M\u00e9xico y que ha acompa\u00f1ado la defensa del agua desde el 9 de junio de 2013 cuando la comunidad fue brutalmente reprimida, hace el llamado a todas las autoridades involucradas a evitar todo acto de represi\u00f3n y agresiones contra la poblaci\u00f3n civil de Coyotepec, respetar y fortalecer su sistema aut\u00f3nomo de administraci\u00f3n de agua como camino de democratizaci\u00f3n y ciudadanizaci\u00f3n de la sociedad mexiquense y se declara alerta para documentar y denunciar ante las instancias necesarias en caso de que se vuelvan a cometer violaciones a derechos humanos, lo cual es todav\u00eda, desafortunadamente, una pr\u00e1ctica sistem\u00e1tica en la entidad federativa m\u00e1s poblada de nuestro pa\u00eds.<\/p>\n<p>Habitantes del Barrio Chautonco,<br \/>\nFrente Popular 9 de Junio,<br \/>\nAdministraci\u00f3n Aut\u00f3noma de Agua Potable de Coyotepec,<br \/>\nCentro de Derechos Humanos Zeferino Ladrillero.<\/p>\n<p><a href=\"http:\/\/notigodinez.com\/denuncian-mas-agresiones-contra-pobladores-de-coyotepec-que-se-oponen-a-privatizacion-del-agua\/\" target=\"_blank\">notigodinez.com\/denuncian-mas-agresiones-contra-pobladores-de-coyotepec-que-se-oponen-a-privatizacion-del-agua\/<\/a><\/p>\n","protected":false},"excerpt":{"rendered":"<p>M\u00e9xico, 26 de octubre 2015 (NOTIGOD\u00cdNEZ).- El Centro de Derechos Humanos Zeferino Ladrillero (CDHZL), emiti\u00f3 a trav\u00e9s de su blog en Internet un comunicado para denunciar que se preparan nuevas &hellip; <a href=\"http:\/\/www.grieta.org.mx\/index.php\/2015\/10\/26\/denuncian-mas-agresiones-contra-pobladores-de-coyotepec-que-se-oponen-a-privatizacion-del-agua\/\" class=\"more-link\">Leer m\u00e1s<\/a><\/p>\n","protected":false},"author":2,"featured_media":21928,"comment_status":"closed","ping_status":"open","sticky":false,"template":"","format":"standard","meta":{"ngg_post_thumbnail":0,"_jetpack_newsletter_access":"","_jetpack_dont_email_post_to_subs":false,"_jetpack_newsletter_tier_id":0,"_jetpack_memberships_contains_paywalled_content":false,"_jetpack_memberships_contains_paid_content":false,"footnotes":""},"categories":[80],"tags":[92],"class_list":["post-785","post","type-post","status-publish","format-standard","has-post-thumbnail","hentry","category-cintillo","tag-estado-de-mexico","entry"],"jetpack_featured_media_url":"http:\/\/www.grieta.org.mx\/wp-content\/uploads\/2018\/03\/14524434_1106112876131411_958039263622046936_o.jpg","jetpack_sharing_enabled":true,"jetpack_shortlink":"https:\/\/wp.me\/p7ZJR4-cF","jetpack_likes_enabled":false,"jetpack-related-posts":[{"id":14266,"url":"http:\/\/www.grieta.org.mx\/index.php\/2016\/06\/11\/continua-la-defensa-del-agua-en-coyotepec-contra-la-municipalizacion\/","url_meta":{"origin":785,"position":0},"title":"Contin\u00faa la defensa del agua en Coyotepec contra la &#8220;Municipalizaci\u00f3n&#8221;","author":"grieta","date":"11 junio, 2016","format":false,"excerpt":"Perseo Greco Coyotepec, Estado de M\u00e9xico. 11 de junio 2016. El pasado 9 de junio en la plaza central del pueblo de Coyotepec, Estado de M\u00e9xico, se realiz\u00f3 el Foro Nacional \"Agua para todos administrada por el pueblo\", convocado por el Consejo Nacional Del Pueblo Mexicano. Este foro se efectu\u00f3\u2026","rel":"","context":"En &quot;CINTILLO&quot;","block_context":{"text":"CINTILLO","link":"http:\/\/www.grieta.org.mx\/index.php\/category\/cintillo\/"},"img":{"alt_text":"","src":"https:\/\/i0.wp.com\/www.grieta.org.mx\/wp-content\/uploads\/2018\/03\/14524434_1106112876131411_958039263622046936_o.jpg?resize=350%2C200","width":350,"height":200,"srcset":"https:\/\/i0.wp.com\/www.grieta.org.mx\/wp-content\/uploads\/2018\/03\/14524434_1106112876131411_958039263622046936_o.jpg?resize=350%2C200 1x, https:\/\/i0.wp.com\/www.grieta.org.mx\/wp-content\/uploads\/2018\/03\/14524434_1106112876131411_958039263622046936_o.jpg?resize=525%2C300 1.5x, https:\/\/i0.wp.com\/www.grieta.org.mx\/wp-content\/uploads\/2018\/03\/14524434_1106112876131411_958039263622046936_o.jpg?resize=700%2C400 2x"},"classes":[]},{"id":909,"url":"http:\/\/www.grieta.org.mx\/index.php\/2016\/08\/13\/despojo-de-agua-en-coyotepec\/","url_meta":{"origin":785,"position":1},"title":"Despojo de agua en Coyotepec","author":"grieta","date":"13 agosto, 2016","format":false,"excerpt":"13\/08\/16. \u201cSalte del movimiento del agua o se los va a cargar la chingada\u201d, agreden a defensores; Organizaci\u00f3n Mundial Contra la Tortura se pronunciaRevoluci\u00f3n 3.0 23\/06\/16. Defend\u00edan su agua, fueron a prisi\u00f3n y salieron. Pero su libertad est\u00e1 en riesgo.Sin Embargo 11\/06\/16. Contin\u00faa la defensa del agua en Coyotepec contra\u2026","rel":"","context":"En &quot;Estado de M\u00e9xico&quot;","block_context":{"text":"Estado de M\u00e9xico","link":"http:\/\/www.grieta.org.mx\/index.php\/category\/noticias-nacionales\/estado-de-mexico\/"},"img":{"alt_text":"","src":"https:\/\/i0.wp.com\/www.grieta.org.mx\/wp-content\/uploads\/2018\/03\/14524434_1106112876131411_958039263622046936_o.jpg?resize=350%2C200","width":350,"height":200,"srcset":"https:\/\/i0.wp.com\/www.grieta.org.mx\/wp-content\/uploads\/2018\/03\/14524434_1106112876131411_958039263622046936_o.jpg?resize=350%2C200 1x, https:\/\/i0.wp.com\/www.grieta.org.mx\/wp-content\/uploads\/2018\/03\/14524434_1106112876131411_958039263622046936_o.jpg?resize=525%2C300 1.5x, https:\/\/i0.wp.com\/www.grieta.org.mx\/wp-content\/uploads\/2018\/03\/14524434_1106112876131411_958039263622046936_o.jpg?resize=700%2C400 2x"},"classes":[]},{"id":787,"url":"http:\/\/www.grieta.org.mx\/index.php\/2015\/09\/21\/ong-denuncia-ataque-a-instalaciones-de-sistema-de-agua-comunitario-en-coyotepec-edomex\/","url_meta":{"origin":785,"position":2},"title":"ONG denuncia ataque a instalaciones de sistema de agua comunitario en Coyotepec, Edomex","author":"grieta","date":"21 septiembre, 2015","format":false,"excerpt":"Mayela S\u00e1nchez A las 11 de la ma\u00f1ana de este lunes una decena de personas atac\u00f3 las instalaciones del sistema comunitario de agua. Ciudad de M\u00e9xico, 21 de septiembre (SinEmbargo).- El Centro de Derechos Humanos Zeferino Ladrillero denunci\u00f3 este lunes que las instalaciones del sistema comunitario de agua potable fue\u2026","rel":"","context":"En &quot;CINTILLO&quot;","block_context":{"text":"CINTILLO","link":"http:\/\/www.grieta.org.mx\/index.php\/category\/cintillo\/"},"img":{"alt_text":"","src":"https:\/\/i0.wp.com\/www.grieta.org.mx\/wp-content\/uploads\/2018\/03\/14524434_1106112876131411_958039263622046936_o.jpg?resize=350%2C200","width":350,"height":200,"srcset":"https:\/\/i0.wp.com\/www.grieta.org.mx\/wp-content\/uploads\/2018\/03\/14524434_1106112876131411_958039263622046936_o.jpg?resize=350%2C200 1x, https:\/\/i0.wp.com\/www.grieta.org.mx\/wp-content\/uploads\/2018\/03\/14524434_1106112876131411_958039263622046936_o.jpg?resize=525%2C300 1.5x, https:\/\/i0.wp.com\/www.grieta.org.mx\/wp-content\/uploads\/2018\/03\/14524434_1106112876131411_958039263622046936_o.jpg?resize=700%2C400 2x"},"classes":[]},{"id":906,"url":"http:\/\/www.grieta.org.mx\/index.php\/2015\/02\/03\/tensa-situacion-en-coyotepec-policia-municipal-toma-con-armas-de-fuego-pozo-de-agua-y-envia-golpeadores-contra-pobladores\/","url_meta":{"origin":785,"position":3},"title":"Tensa situaci\u00f3n en Coyotepec, polic\u00eda municipal toma con armas de fuego pozo de agua y env\u00eda golpeadores contra pobladores","author":"grieta","date":"3 febrero, 2015","format":false,"excerpt":"Ciudad de M\u00e9xico, 3 de febrero de 2015. Desde las primeras horas del d\u00eda de hoy se registr\u00f3 cuatro enfrentamientos entre pobladores de Coyotepec, Estado de M\u00e9xico, y grupos de choque pagados por el gobierno municipal. \u201cEl alcalde Alfredo Anguiano Fuentes, les pago a unas cien personas para que nos\u2026","rel":"","context":"En &quot;CINTILLO&quot;","block_context":{"text":"CINTILLO","link":"http:\/\/www.grieta.org.mx\/index.php\/category\/cintillo\/"},"img":{"alt_text":"","src":"https:\/\/i0.wp.com\/www.grieta.org.mx\/wp-content\/uploads\/2018\/03\/14524434_1106112876131411_958039263622046936_o.jpg?resize=350%2C200","width":350,"height":200,"srcset":"https:\/\/i0.wp.com\/www.grieta.org.mx\/wp-content\/uploads\/2018\/03\/14524434_1106112876131411_958039263622046936_o.jpg?resize=350%2C200 1x, https:\/\/i0.wp.com\/www.grieta.org.mx\/wp-content\/uploads\/2018\/03\/14524434_1106112876131411_958039263622046936_o.jpg?resize=525%2C300 1.5x, https:\/\/i0.wp.com\/www.grieta.org.mx\/wp-content\/uploads\/2018\/03\/14524434_1106112876131411_958039263622046936_o.jpg?resize=700%2C400 2x"},"classes":[]},{"id":13286,"url":"http:\/\/www.grieta.org.mx\/index.php\/2016\/05\/26\/el-domingo-coyotepec-dijo-no-a-ceder-pozos-de-agua-a-eruviel-hoy-jueves-les-mandan-policias\/","url_meta":{"origin":785,"position":4},"title":"El domingo, Coyotepec dijo \u201cNO\u201d a ceder pozos de agua a Eruviel. Hoy jueves, les mandan polic\u00edas","author":"grieta","date":"26 mayo, 2016","format":false,"excerpt":"Daniela Barrag\u00e1n El pasado domingo 22 de mayo, los pobladores de Coyotepec frenaron la consulta realizada por la Presidencia Municipal, que buscaba controlar los pozos de agua comunitarios. Ese d\u00eda se reportaron enfrentamientos y amenazas a miembros del Sistema Aut\u00f3nomo de Agua Potable. Esta ma\u00f1ana, cientos de granaderos entraron al\u2026","rel":"","context":"En &quot;CINTILLO&quot;","block_context":{"text":"CINTILLO","link":"http:\/\/www.grieta.org.mx\/index.php\/category\/cintillo\/"},"img":{"alt_text":"","src":"https:\/\/i0.wp.com\/www.grieta.org.mx\/wp-content\/uploads\/2018\/03\/14524434_1106112876131411_958039263622046936_o.jpg?resize=350%2C200","width":350,"height":200,"srcset":"https:\/\/i0.wp.com\/www.grieta.org.mx\/wp-content\/uploads\/2018\/03\/14524434_1106112876131411_958039263622046936_o.jpg?resize=350%2C200 1x, https:\/\/i0.wp.com\/www.grieta.org.mx\/wp-content\/uploads\/2018\/03\/14524434_1106112876131411_958039263622046936_o.jpg?resize=525%2C300 1.5x, https:\/\/i0.wp.com\/www.grieta.org.mx\/wp-content\/uploads\/2018\/03\/14524434_1106112876131411_958039263622046936_o.jpg?resize=700%2C400 2x"},"classes":[]},{"id":12865,"url":"http:\/\/www.grieta.org.mx\/index.php\/2016\/05\/22\/ciudadanos-de-coyotepec-frenan-la-consulta-que-pretendia-quitarles-el-agua-hay-heridos\/","url_meta":{"origin":785,"position":5},"title":"Ciudadanos de Coyotepec frenan la \u201cconsulta\u201d que pretend\u00eda quitarles el agua; hay heridos","author":"grieta","date":"22 mayo, 2016","format":false,"excerpt":"Daniela Barrag\u00e1n Ciudad de M\u00e9xico, 22 de mayo (SinEmbargo).- Habitantes de Coyotepec, municipio ubicado en el Estado de M\u00e9xico, contrarrestaron la consulta ciudadana que buscar\u00eda decidir el control de los pozos de agua, construidos por el pueblo en 1963, que fue prevista por la Alcald\u00eda para realizarse el d\u00eda de\u2026","rel":"","context":"En &quot;CINTILLO&quot;","block_context":{"text":"CINTILLO","link":"http:\/\/www.grieta.org.mx\/index.php\/category\/cintillo\/"},"img":{"alt_text":"","src":"https:\/\/i0.wp.com\/www.grieta.org.mx\/wp-content\/uploads\/2018\/03\/14524434_1106112876131411_958039263622046936_o.jpg?resize=350%2C200","width":350,"height":200,"srcset":"https:\/\/i0.wp.com\/www.grieta.org.mx\/wp-content\/uploads\/2018\/03\/14524434_1106112876131411_958039263622046936_o.jpg?resize=350%2C200 1x, https:\/\/i0.wp.com\/www.grieta.org.mx\/wp-content\/uploads\/2018\/03\/14524434_1106112876131411_958039263622046936_o.jpg?resize=525%2C300 1.5x, https:\/\/i0.wp.com\/www.grieta.org.mx\/wp-content\/uploads\/2018\/03\/14524434_1106112876131411_958039263622046936_o.jpg?resize=700%2C400 2x"},"classes":[]}],"_links":{"self":[{"href":"http:\/\/www.grieta.org.mx\/index.php\/wp-json\/wp\/v2\/posts\/785","targetHints":{"allow":["GET"]}}],"collection":[{"href":"http:\/\/www.grieta.org.mx\/index.php\/wp-json\/wp\/v2\/posts"}],"about":[{"href":"http:\/\/www.grieta.org.mx\/index.php\/wp-json\/wp\/v2\/types\/post"}],"author":[{"embeddable":true,"href":"http:\/\/www.grieta.org.mx\/index.php\/wp-json\/wp\/v2\/users\/2"}],"replies":[{"embeddable":true,"href":"http:\/\/www.grieta.org.mx\/index.php\/wp-json\/wp\/v2\/comments?post=785"}],"version-history":[{"count":1,"href":"http:\/\/www.grieta.org.mx\/index.php\/wp-json\/wp\/v2\/posts\/785\/revisions"}],"predecessor-version":[{"id":789,"href":"http:\/\/www.grieta.org.mx\/index.php\/wp-json\/wp\/v2\/posts\/785\/revisions\/789"}],"wp:featuredmedia":[{"embeddable":true,"href":"http:\/\/www.grieta.org.mx\/index.php\/wp-json\/wp\/v2\/media\/21928"}],"wp:attachment":[{"href":"http:\/\/www.grieta.org.mx\/index.php\/wp-json\/wp\/v2\/media?parent=785"}],"wp:term":[{"taxonomy":"category","embeddable":true,"href":"http:\/\/www.grieta.org.mx\/index.php\/wp-json\/wp\/v2\/categories?post=785"},{"taxonomy":"post_tag","embeddable":true,"href":"http:\/\/www.grieta.org.mx\/index.php\/wp-json\/wp\/v2\/tags?post=785"}],"curies":[{"name":"wp","href":"https:\/\/api.w.org\/{rel}","templated":true}]}}