{"id":7814,"date":"2015-02-16T22:37:44","date_gmt":"2015-02-16T22:37:44","guid":{"rendered":"http:\/\/50.22.11.12\/~grietaor\/?p=7814"},"modified":"2016-03-29T22:38:38","modified_gmt":"2016-03-29T22:38:38","slug":"exige-amnistia-juicio-justo-para-lideres-yaquis-detenidos","status":"publish","type":"post","link":"http:\/\/www.grieta.org.mx\/index.php\/2015\/02\/16\/exige-amnistia-juicio-justo-para-lideres-yaquis-detenidos\/","title":{"rendered":"Exige Amnist\u00eda juicio justo para l\u00edderes yaquis detenidos"},"content":{"rendered":"<p>Proceso<\/p>\n<p>MILTON MART\u00cdNEZ<\/p>\n<p>16 DE FEBRERO DE 2015<br \/>\nHERMOSILLO, Son. (apro).- La coordinadora de Incidencia en Pol\u00edticas P\u00fablicas de Amnist\u00eda Internacional (AI) M\u00e9xico, Chasel Colorado Pi\u00f1a, exigi\u00f3 al gobierno estatal ofrecer un juicio \u201cjusto e imparcial\u201d a los l\u00edderes yaquis Mario Luna y Fernando Jim\u00e9nez, detenidos en septiembre pasado.<\/p>\n<p>La defensora de los derechos dijo que es preocupante que la Procuradur\u00eda General de Justicia (PGJ) en Sonora se preste a asuntos pol\u00edticos para encarcelar sin argumentos a los voceros yoremes por los delitos de asesinato y robo de un autom\u00f3vil.<\/p>\n<p>\u201cEsta semana visitaremos al procurador (Carlos Navarro) para externarle la preocupaci\u00f3n de Amnist\u00eda Internacional M\u00e9xico por la detenci\u00f3n de Yaquis y para exigir al gobierno de Sonora que ofrezca propuestas para garantizar la integridad de Mario Luna y Fernando Jim\u00e9nez, adem\u00e1s de un juicio justo e imparcial\u201d, afirm\u00f3.<\/p>\n<p>De visita en Sonora para impulsar la campa\u00f1a \u201cJusticia Yaqui\u201d, mediante la que se pretende recolectar firmas para solicitar al gobierno de Sonora la liberaci\u00f3n inmediata de los voceros yoremes encarcelados, Colorado Pi\u00f1a a\u00f1adi\u00f3 que vigilar\u00e1n este proceso legal para corroborar que no est\u00e9 fundamentado en \u201crencillas pol\u00edticas\u201d y se garantice la libertad de expresi\u00f3n de la tribu.<\/p>\n<p>El pasado viernes 13 el juez D\u00e9cimo de Distrito en Materia de Amparo otorg\u00f3 la libertad a Mario Luna por las irregularidades cometidas al momento de su captura pero a la fecha no ha sido liberado del Centro de Readaptaci\u00f3n Social n\u00famero 2, con sede en Hermosillo, donde lo mantienen preso desde el pasado 11 de septiembre.<\/p>\n<p>El gobernador Guillermo Padr\u00e9s declar\u00f3 en entrevista que la Procuradur\u00eda sonorense no hab\u00eda sido notificada sobre la resoluci\u00f3n de este juicio de amparo promovido por el l\u00edder yaqui pero adelant\u00f3 que acatar\u00e1 cualquier disposici\u00f3n legal.<\/p>\n<p>Por su parte, el vocero de la etnia yaqui, Miguel \u00c1ngel Cota T\u00f3rtola, recalc\u00f3 que actual administraci\u00f3n panista criminaliza la leg\u00edtima defensa de su territorio al pronunciarse contra la operaci\u00f3n del acueducto Independencia que trasvasa agua del r\u00edo Yaqui al r\u00edo Sonora para llevar agua a la capital sonorense.<\/p>\n<p>Sin embargo, advirti\u00f3: \u201cEsta defensa la seguiremos llevando hasta las ultimas consecuencias porque no se han respetado nuestros usos y costumbres\u201d.<\/p>\n<p>A la presentaci\u00f3n de la campa\u00f1a asistieron representantes de la Red Nacional Todos los Derechos para Todos y Todas, la Comisi\u00f3n para la defensa de los Derechos Humanos de la etnia y el sindicato de Trabajadores y Acad\u00e9micos de la Universidad de Sonora.<\/p>\n<p><a href=\"http:\/\/www.proceso.com.mx\/?p=396122\" target=\"_blank\">http:\/\/www.proceso.com.mx\/?p=396122<\/a><\/p>\n","protected":false},"excerpt":{"rendered":"<p>Proceso MILTON MART\u00cdNEZ 16 DE FEBRERO DE 2015 HERMOSILLO, Son. (apro).- La coordinadora de Incidencia en Pol\u00edticas P\u00fablicas de Amnist\u00eda Internacional (AI) M\u00e9xico, Chasel Colorado Pi\u00f1a, exigi\u00f3 al gobierno estatal &hellip; <a href=\"http:\/\/www.grieta.org.mx\/index.php\/2015\/02\/16\/exige-amnistia-juicio-justo-para-lideres-yaquis-detenidos\/\" class=\"more-link\">Leer m\u00e1s<\/a><\/p>\n","protected":false},"author":2,"featured_media":21928,"comment_status":"closed","ping_status":"open","sticky":false,"template":"","format":"standard","meta":{"ngg_post_thumbnail":0,"_jetpack_newsletter_access":"","_jetpack_dont_email_post_to_subs":false,"_jetpack_newsletter_tier_id":0,"_jetpack_memberships_contains_paywalled_content":false,"_jetpack_memberships_contains_paid_content":false,"footnotes":""},"categories":[80,456],"tags":[251],"class_list":["post-7814","post","type-post","status-publish","format-standard","has-post-thumbnail","hentry","category-cintillo","category-sonora","tag-yaquis","entry"],"jetpack_featured_media_url":"http:\/\/www.grieta.org.mx\/wp-content\/uploads\/2018\/03\/14524434_1106112876131411_958039263622046936_o.jpg","jetpack_sharing_enabled":true,"jetpack_shortlink":"https:\/\/wp.me\/p7ZJR4-222","jetpack_likes_enabled":false,"jetpack-related-posts":[{"id":9051,"url":"http:\/\/www.grieta.org.mx\/index.php\/2016\/08\/24\/lucha-y-resistencia-de-la-tribu-yaqui\/","url_meta":{"origin":7814,"position":0},"title":"Lucha y resistencia de la tribu yaqui","author":"Admin","date":"24 agosto, 2016","format":false,"excerpt":"IEnova despoja tierras de la reserva ind\u00edgena yaqui para construcci\u00f3n de Gasoducto Sonora 24\/08\/16. Gasoducto divide a los yaquis El Universal Lucha de la tribu Yaqui en defensa del agua y contra el Acueducto Independencia 22\/02\/16. Contin\u00faa la lucha del agua de la Tribu Yaqui Contral\u00ednea 07\/12\/15. Liberan yaquis carretera\u2026","rel":"","context":"En &quot;21. Yaquis&quot;","block_context":{"text":"21. Yaquis","link":"http:\/\/www.grieta.org.mx\/index.php\/category\/espejos-de-la-resistencia\/21-yaquis\/"},"img":{"alt_text":"","src":"https:\/\/i0.wp.com\/www.grieta.org.mx\/wp-content\/uploads\/2018\/03\/14524434_1106112876131411_958039263622046936_o.jpg?resize=350%2C200","width":350,"height":200,"srcset":"https:\/\/i0.wp.com\/www.grieta.org.mx\/wp-content\/uploads\/2018\/03\/14524434_1106112876131411_958039263622046936_o.jpg?resize=350%2C200 1x, https:\/\/i0.wp.com\/www.grieta.org.mx\/wp-content\/uploads\/2018\/03\/14524434_1106112876131411_958039263622046936_o.jpg?resize=525%2C300 1.5x, https:\/\/i0.wp.com\/www.grieta.org.mx\/wp-content\/uploads\/2018\/03\/14524434_1106112876131411_958039263622046936_o.jpg?resize=700%2C400 2x"},"classes":[]},{"id":7809,"url":"http:\/\/www.grieta.org.mx\/index.php\/2015\/02\/17\/amnistia-internacional-visita-a-voceros-de-la-tribu-yaqui-detenidos-en-sonora-por-su-labor-de-defensa-al-agua\/","url_meta":{"origin":7814,"position":1},"title":"Amnist\u00eda Internacional visita a voceros de la tribu Yaqui detenidos en Sonora por su labor de defensa al agua","author":"grieta","date":"17 febrero, 2015","format":false,"excerpt":"Amnist\u00eda Internacional M\u00e9xico FEBRERO 17, 2015 Una delegaci\u00f3n de Amnist\u00eda Internacional visit\u00f3 a Mario Luna y Fernando Jim\u00e9nez, quienes son l\u00edderes reconocidos por la Tribu Yaqui, en el CERESO 1 y 2 el pasado 14 de febrero de 2015. La organizaci\u00f3n teme que el caso est\u00e9 pol\u00edticamente motivado y tenga\u2026","rel":"","context":"En &quot;CINTILLO&quot;","block_context":{"text":"CINTILLO","link":"http:\/\/www.grieta.org.mx\/index.php\/category\/cintillo\/"},"img":{"alt_text":"","src":"https:\/\/i0.wp.com\/www.grieta.org.mx\/wp-content\/uploads\/2018\/03\/14524434_1106112876131411_958039263622046936_o.jpg?resize=350%2C200","width":350,"height":200,"srcset":"https:\/\/i0.wp.com\/www.grieta.org.mx\/wp-content\/uploads\/2018\/03\/14524434_1106112876131411_958039263622046936_o.jpg?resize=350%2C200 1x, https:\/\/i0.wp.com\/www.grieta.org.mx\/wp-content\/uploads\/2018\/03\/14524434_1106112876131411_958039263622046936_o.jpg?resize=525%2C300 1.5x, https:\/\/i0.wp.com\/www.grieta.org.mx\/wp-content\/uploads\/2018\/03\/14524434_1106112876131411_958039263622046936_o.jpg?resize=700%2C400 2x"},"classes":[]},{"id":7841,"url":"http:\/\/www.grieta.org.mx\/index.php\/2015\/02\/12\/amnistia-internacional-exige-a-las-autoridades-adoptar-medidas-inmediatas-para-evitar-danos-irreparables-a-la-tribu-yaqui\/","url_meta":{"origin":7814,"position":2},"title":"Amnist\u00eda Internacional exige a las autoridades adoptar medidas inmediatas para evitar da\u00f1os irreparables a la Tribu Yaqui","author":"grieta","date":"12 febrero, 2015","format":false,"excerpt":"Amnist\u00eda Internacional M\u00e9xico En el marco de la presentaci\u00f3n del informe de la Misi\u00f3n Civil de Observaci\u00f3n a la Consulta a la Tribu Yaqui, Una sentencia fallida. Actualizaci\u00f3n del proceso de consulta a la Tribu yaqui sobre el Acueducto Independencia, Amnist\u00eda internacional expresa su preocupaci\u00f3n por la afectaci\u00f3n continuada de\u2026","rel":"","context":"En &quot;CINTILLO&quot;","block_context":{"text":"CINTILLO","link":"http:\/\/www.grieta.org.mx\/index.php\/category\/cintillo\/"},"img":{"alt_text":"","src":"https:\/\/i0.wp.com\/www.grieta.org.mx\/wp-content\/uploads\/2018\/03\/14524434_1106112876131411_958039263622046936_o.jpg?resize=350%2C200","width":350,"height":200,"srcset":"https:\/\/i0.wp.com\/www.grieta.org.mx\/wp-content\/uploads\/2018\/03\/14524434_1106112876131411_958039263622046936_o.jpg?resize=350%2C200 1x, https:\/\/i0.wp.com\/www.grieta.org.mx\/wp-content\/uploads\/2018\/03\/14524434_1106112876131411_958039263622046936_o.jpg?resize=525%2C300 1.5x, https:\/\/i0.wp.com\/www.grieta.org.mx\/wp-content\/uploads\/2018\/03\/14524434_1106112876131411_958039263622046936_o.jpg?resize=700%2C400 2x"},"classes":[]},{"id":7824,"url":"http:\/\/www.grieta.org.mx\/index.php\/2015\/02\/13\/mario-luna-disidente-preso-por-el-gobierno-de-padres-sale-libre-lo-ordena-un-juez\/","url_meta":{"origin":7814,"position":3},"title":"Mario Luna, disidente preso por el Gobierno de Padr\u00e9s, sale libre; lo ordena un juez","author":"grieta","date":"13 febrero, 2015","format":false,"excerpt":"SinEmbargo Por Redacci\u00f3n Ciudad de M\u00e9xico, 13 de febrero (SinEmbargo).\u2013 Erick Bustamante Espinoza, Juez D\u00e9cimo de Distrito en el estado de Sonora, otorg\u00f3 un amparo a Mario Luna Romero, l\u00edder de la Tribu Yaqui, encarcelado por el Gobierno del panista Guillermo Padr\u00e9s El\u00edas por lo que saldr\u00e1 libere en los\u2026","rel":"","context":"En &quot;CINTILLO&quot;","block_context":{"text":"CINTILLO","link":"http:\/\/www.grieta.org.mx\/index.php\/category\/cintillo\/"},"img":{"alt_text":"","src":"https:\/\/i0.wp.com\/www.grieta.org.mx\/wp-content\/uploads\/2018\/03\/14524434_1106112876131411_958039263622046936_o.jpg?resize=350%2C200","width":350,"height":200,"srcset":"https:\/\/i0.wp.com\/www.grieta.org.mx\/wp-content\/uploads\/2018\/03\/14524434_1106112876131411_958039263622046936_o.jpg?resize=350%2C200 1x, https:\/\/i0.wp.com\/www.grieta.org.mx\/wp-content\/uploads\/2018\/03\/14524434_1106112876131411_958039263622046936_o.jpg?resize=525%2C300 1.5x, https:\/\/i0.wp.com\/www.grieta.org.mx\/wp-content\/uploads\/2018\/03\/14524434_1106112876131411_958039263622046936_o.jpg?resize=700%2C400 2x"},"classes":[]},{"id":28122,"url":"http:\/\/www.grieta.org.mx\/index.php\/2015\/08\/31\/yaquis-los-combatientes-de-la-primera-guerra-del-agua-en-mexico-sonora\/","url_meta":{"origin":7814,"position":4},"title":"Yaquis: los combatientes de la primera guerra del agua en M\u00e9xico (Sonora)","author":"grieta","date":"31 agosto, 2015","format":false,"excerpt":"Desde hace cientos de a\u00f1os los yaquis han vivido en rebeld\u00eda. Pero ahora enfrentan la lucha decisiva por su sobrevivencia: defender sus reservas de agua de un pol\u00e9mico acueducto. BBC MUNDO A lo largo de su historia, el pueblo Yaqui \u2013asentado en el estado de Sonora, en el noreste de\u2026","rel":"","context":"En &quot;21. Yaquis&quot;","block_context":{"text":"21. Yaquis","link":"http:\/\/www.grieta.org.mx\/index.php\/category\/espejos-de-la-resistencia\/21-yaquis\/"},"img":{"alt_text":"","src":"https:\/\/i0.wp.com\/www.grieta.org.mx\/wp-content\/uploads\/2019\/01\/yaquis_624x351_getty_nocredit-960x500.jpg?resize=350%2C200","width":350,"height":200,"srcset":"https:\/\/i0.wp.com\/www.grieta.org.mx\/wp-content\/uploads\/2019\/01\/yaquis_624x351_getty_nocredit-960x500.jpg?resize=350%2C200 1x, https:\/\/i0.wp.com\/www.grieta.org.mx\/wp-content\/uploads\/2019\/01\/yaquis_624x351_getty_nocredit-960x500.jpg?resize=525%2C300 1.5x, https:\/\/i0.wp.com\/www.grieta.org.mx\/wp-content\/uploads\/2019\/01\/yaquis_624x351_getty_nocredit-960x500.jpg?resize=700%2C400 2x"},"classes":[]},{"id":7788,"url":"http:\/\/www.grieta.org.mx\/index.php\/2015\/02\/25\/el-acueducto-independencia-esta-derrotado-legalmente-tribu-yaqui\/","url_meta":{"origin":7814,"position":5},"title":"El acueducto Independencia est\u00e1 derrotado legalmente: tribu yaqui","author":"grieta","date":"25 febrero, 2015","format":false,"excerpt":"Peri\u00f3dico La Jornada Arturo S\u00e1nchez Jim\u00e9nez Mi\u00e9rcoles 25 de febrero de 2015, p. 21 Para la tribu yaqui, el acueducto Independencia est\u00e1 derrotado legalmente. Tom\u00e1s Rojo, vocero de \u00e9sta, expres\u00f3 que el megaproyecto sigue operando porque hay instancias del gobierno que se han negado a cumplir la ley y han\u2026","rel":"","context":"En &quot;CINTILLO&quot;","block_context":{"text":"CINTILLO","link":"http:\/\/www.grieta.org.mx\/index.php\/category\/cintillo\/"},"img":{"alt_text":"","src":"https:\/\/i0.wp.com\/www.grieta.org.mx\/wp-content\/uploads\/2018\/03\/14524434_1106112876131411_958039263622046936_o.jpg?resize=350%2C200","width":350,"height":200,"srcset":"https:\/\/i0.wp.com\/www.grieta.org.mx\/wp-content\/uploads\/2018\/03\/14524434_1106112876131411_958039263622046936_o.jpg?resize=350%2C200 1x, https:\/\/i0.wp.com\/www.grieta.org.mx\/wp-content\/uploads\/2018\/03\/14524434_1106112876131411_958039263622046936_o.jpg?resize=525%2C300 1.5x, https:\/\/i0.wp.com\/www.grieta.org.mx\/wp-content\/uploads\/2018\/03\/14524434_1106112876131411_958039263622046936_o.jpg?resize=700%2C400 2x"},"classes":[]}],"_links":{"self":[{"href":"http:\/\/www.grieta.org.mx\/index.php\/wp-json\/wp\/v2\/posts\/7814","targetHints":{"allow":["GET"]}}],"collection":[{"href":"http:\/\/www.grieta.org.mx\/index.php\/wp-json\/wp\/v2\/posts"}],"about":[{"href":"http:\/\/www.grieta.org.mx\/index.php\/wp-json\/wp\/v2\/types\/post"}],"author":[{"embeddable":true,"href":"http:\/\/www.grieta.org.mx\/index.php\/wp-json\/wp\/v2\/users\/2"}],"replies":[{"embeddable":true,"href":"http:\/\/www.grieta.org.mx\/index.php\/wp-json\/wp\/v2\/comments?post=7814"}],"version-history":[{"count":1,"href":"http:\/\/www.grieta.org.mx\/index.php\/wp-json\/wp\/v2\/posts\/7814\/revisions"}],"predecessor-version":[{"id":7817,"href":"http:\/\/www.grieta.org.mx\/index.php\/wp-json\/wp\/v2\/posts\/7814\/revisions\/7817"}],"wp:featuredmedia":[{"embeddable":true,"href":"http:\/\/www.grieta.org.mx\/index.php\/wp-json\/wp\/v2\/media\/21928"}],"wp:attachment":[{"href":"http:\/\/www.grieta.org.mx\/index.php\/wp-json\/wp\/v2\/media?parent=7814"}],"wp:term":[{"taxonomy":"category","embeddable":true,"href":"http:\/\/www.grieta.org.mx\/index.php\/wp-json\/wp\/v2\/categories?post=7814"},{"taxonomy":"post_tag","embeddable":true,"href":"http:\/\/www.grieta.org.mx\/index.php\/wp-json\/wp\/v2\/tags?post=7814"}],"curies":[{"name":"wp","href":"https:\/\/api.w.org\/{rel}","templated":true}]}}