{"id":7803,"date":"2015-05-26T22:33:14","date_gmt":"2015-05-26T22:33:14","guid":{"rendered":"http:\/\/50.22.11.12\/~grietaor\/?p=7803"},"modified":"2016-03-29T22:33:47","modified_gmt":"2016-03-29T22:33:47","slug":"comision-para-la-defensa-de-los-bienes-comunales-de-santa-maria-ostula-denuncia-atentado-2","status":"publish","type":"post","link":"http:\/\/www.grieta.org.mx\/index.php\/2015\/05\/26\/comision-para-la-defensa-de-los-bienes-comunales-de-santa-maria-ostula-denuncia-atentado-2\/","title":{"rendered":"Comisi\u00f3n para la Defensa de los Bienes Comunales de Santa Mar\u00eda Ostula denuncia atentado<"},"content":{"rendered":"<p>A los pueblos de M\u00e9xico y el Mundo<\/p>\n<p>A la medios de comunicaci\u00f3n<\/p>\n<p>Al Congreso Nacional Ind\u00edgena<\/p>\n<p>Al Ej\u00e9rcito Zapatista de Liberaci\u00f3n Nacional.<\/p>\n<p>La Comisi\u00f3n para la Defensa de los Bienes Comunales de Santa Mar\u00eda Ostula, municipio de Aquila, Michoac\u00e1n, denuncia que el d\u00eda 25 de mayo de 2015, nuestra comunidad ha sufrido un nuevo atentado por parte del C\u00e1rtel de los Caballeros Templarios en la persona de su comandante general Ceme\u00edVerd\u00eda Zepeda, lo que significa para nuestra comunidad no solo una se\u00f1al de alarma a la seguridad, sino a nuestra organizaci\u00f3n comunitaria y a nuestras posibilidades de seguir existiendo como pueblo.<\/p>\n<p>Ante los hechos en que en un paraje cercano a la encargatura de La Cobanera fuera baleada con armas de grueso calibre la camioneta en que se transportaba nuestro comandante general, hechos en los que result\u00f3 herido el comunitario de Aquila Juan Manuel Sapi\u00e9n C\u00e1ndido, las polic\u00edas comunitarias de nuestra comunidad, junto con las polic\u00edas comunitarias y autodefensas de los municipios de Aquila, Coalcom\u00e1n, Chinicuila y Coahuayana, realizaron los d\u00edas 25 y 26 de mayo operativos en toda la regi\u00f3n para detener a los responsables, cuyo saldo preliminar es el de cuatro sicarios muertos, un muerto (el comandante comunitario de la cabecera de Ostula Reginaldo Rodr\u00edguez Flores) y un herido (Hilario Leyva Zambrano) de nuestra comunidad; as\u00ed como otro comunitario de Aquila muerto y dos m\u00e1s de Aquila y Coalcom\u00e1n que resultaron heridos.<\/p>\n<p>Es este el segundo atentado que sufre nuestra polic\u00eda comunitaria y en particular nuestro comandante general Ceme\u00edVerd\u00eda, despu\u00e9s del 17 de diciembre en que fue emboscada una camioneta en la que viajaban comuneros de la encargatura de Xayakalan, atraque que iba dirigido a asesinar a nuestro comandante Ceme\u00edVerd\u00eda.<\/p>\n<p>Nuevamente el c\u00e1rtel de Los Templarios intenta acabar con nuestra organizaci\u00f3n comunal, ya que dicho atentado coincide con las acciones tomadas por la comunidad desde el pasado s\u00e1bado 23 de mayo, en que se consolid\u00f3 un nuevo orden agrario en el territorio recuperado de Xayakalan, con el parcelamiento de las tierras que nuestra comunidad recuper\u00f3 en el a\u00f1o 2009 ante la invasi\u00f3n paulatina de dichas tierras por supuestos peque\u00f1os propietarios de La Placita, Michoac\u00e1n, entre los que se encuentran principalmente Federico Gonz\u00e1lez Medina (alias Don Lico), jefe de Plaza de los Templarios en la regi\u00f3n, y Mario Alvarez (alias El Chacal), cabeza pol\u00edtica del PRI y de dicho cartel en la costa de Michoac\u00e1n. Es importante se\u00f1alar que ese mismo 23 de mayo al lugar donde se llevaba a cabo el parcelamiento de tierras se present\u00f3 una actuaria del juzgado mixto de primera instancia de Coahuayana a nombre de un supuesto peque\u00f1o propietario que reclama un predio de 78 hect\u00e1reas, de las cuales 36 se encuentran dentro de nuestro territorio en una zona fuertemente ambicionada por la empresa minera Ternium , corporaci\u00f3n que extrae hierro de las monta\u00f1as de la sierra ind\u00edgena nahua desde el sur de Jalisco en la sierra de Manantl\u00e1n hasta la costa de Michoac\u00e1n.<\/p>\n<p>Asimismo, mediante acciones descaradamente ilegales el Tribunal Unitario Agrario N\u00famero Treinta y Ocho con sede en la Ciudad de Colima, ha violado sistem\u00e1ticamente los derechos procesales de nuestra comunidad para no reconocer el derecho que nos asiste desde tiempos inmemoriales como due\u00f1os de estas tierras.<\/p>\n<p>Antecedentes<\/p>\n<p>Desde inicios de este a\u00f1o la comunidad ha venido realizando juicios a comuneros que se prestaron directa e indirectamente con el crimen organizado y con los atentados cometidos por \u00e9ste. Atentados que han costado a nuestra comunidad 31 muertos y 5 desaparecidos desde junio de 2009.<\/p>\n<p>La comunidad mantiene asegurada madera de la especie Sangualica, conocida con el nombre de Dalbergia granadillo, que entre los a\u00f1os 2012 y 2013 fue saqueada de los bosques v\u00edrgenes de Ostula y que era exportada con la completa complicidad de los tres niveles de gobiernos a China a trav\u00e9s de los puertos de L\u00e1zaro C\u00e1rdenas y Manzanillo, lo que provoc\u00f3 la devastaci\u00f3n de esta madera en los terrenos comunales y actualmente tras realizar las denuncias correspondientes no ha habido justicia por parte de los gobiernos quienes se han empe\u00f1ado en pretender despojar a la comunidad de la poca madera que se logr\u00f3 rescatar y que cost\u00f3 la vida de comuneros y el sufrimiento de numerosas familias que hoy se cuentan en ni\u00f1os hu\u00e9rfanos y familias deshechas.<\/p>\n<p>Por lo anterior se\u00f1alamos:<\/p>\n<p>1. Que nuestra comunidad no permitir\u00e1 m\u00e1s atropellos del narco gobierno y que hemos encontrado en nuestra organizaci\u00f3n y autonom\u00eda la \u00fanica v\u00eda para reguardar nuestra integridad, seguridad y territorio.<\/p>\n<p>2. Que se\u00f1alamos como responsables directos de los ataques en contra de nuestra comunidad y de nuestro comandante Ceme\u00edVerd\u00eda a Federico Gonz\u00e1lez Medina y Mario \u00c1lvarez, quienes han gozado de impunidad y protecci\u00f3n de los malos gobiernos<\/p>\n<p>3. Que nuestra madre tierra est\u00e1 viva, como vivos y organizados estamos nosotros por lo que nuestra lucha no parar\u00e1 pues de la historia aprendemos y de ella sabemos que en cuanto bajemos la guardia no habr\u00e1 quien pare la sangrienta guerra en nuestra contra.<\/p>\n<p>En consecuencia exigimos:<\/p>\n<p>1. Respeto a nuestra polic\u00eda comunitaria y a la vida e integridad de nuestro comandante general y coordinador de las autodefensas de la Costa-Sierra de Michoac\u00e1n, Ceme\u00edVerd\u00eda.<\/p>\n<p>2. Castigo a Federico Gonz\u00e1lez Medina y Mario \u00c1lvarez, autores intelectuales de los atentados en contra de nuestra comunidad y del compa\u00f1ero Ceme\u00edVerd\u00eda.<\/p>\n<p>3. Respeto a la autonom\u00eda y a las tierras pertenecientes en forma inmemorial a la comunidad ind\u00edgena de Santa Mar\u00eda Ostula.<\/p>\n<p>\u00a1VIVA NUESTRA POLIC\u00cdA COMUNITARIA!<\/p>\n<p>\u00a1VIVA NUESTRO COMANDANTE CEME\u00cd VERD\u00cdA!<\/p>\n<p>\u00a1GLORIA A NUESTRO COMANDANTE REGINALDO RODRIGUEZ Y A TODOS LOS CA\u00cdDOS POR LA DEFENSA Y LA LIBERTAD DE OSTULA Y DE LAS COMUNIDADES DE LA REGI\u00d3N!<\/p>\n<p>A 26 de mayo de 2015<\/p>\n<p>Tierra y Libertad<\/p>\n<p>Comisi\u00f3n para la Defensa de los Bienes Comunales de Santa Mar\u00eda Ostula<\/p>\n<p><a href=\"http:\/\/enlacezapatista.ezln.org.mx\/2015\/05\/26\/comision-para-la-defensa-de-los-bienes-comunales-de-santa-maria-ostula-denuncia-atentado\/\" target=\"_blank\">http:\/\/enlacezapatista.ezln.org.mx\/2015\/05\/26\/comision-para-la-defensa-de-los-bienes-comunales-de-santa-maria-ostula-denuncia-atentado\/<\/a><\/p>\n","protected":false},"excerpt":{"rendered":"<p>A los pueblos de M\u00e9xico y el Mundo A la medios de comunicaci\u00f3n Al Congreso Nacional Ind\u00edgena Al Ej\u00e9rcito Zapatista de Liberaci\u00f3n Nacional. La Comisi\u00f3n para la Defensa de los &hellip; <a href=\"http:\/\/www.grieta.org.mx\/index.php\/2015\/05\/26\/comision-para-la-defensa-de-los-bienes-comunales-de-santa-maria-ostula-denuncia-atentado-2\/\" class=\"more-link\">Leer m\u00e1s<\/a><\/p>\n","protected":false},"author":1,"featured_media":21928,"comment_status":"closed","ping_status":"open","sticky":false,"template":"","format":"standard","meta":{"ngg_post_thumbnail":0,"_jetpack_newsletter_access":"","_jetpack_dont_email_post_to_subs":false,"_jetpack_newsletter_tier_id":0,"_jetpack_memberships_contains_paywalled_content":false,"_jetpack_memberships_contains_paid_content":false,"footnotes":""},"categories":[80,82],"tags":[472,455],"class_list":["post-7803","post","type-post","status-publish","format-standard","has-post-thumbnail","hentry","category-cintillo","category-michoacan","tag-ataque-p","tag-ostula","entry"],"jetpack_featured_media_url":"http:\/\/www.grieta.org.mx\/wp-content\/uploads\/2018\/03\/14524434_1106112876131411_958039263622046936_o.jpg","jetpack_sharing_enabled":true,"jetpack_shortlink":"https:\/\/wp.me\/p7ZJR4-21R","jetpack_likes_enabled":false,"jetpack-related-posts":[{"id":3460,"url":"http:\/\/www.grieta.org.mx\/index.php\/2015\/05\/26\/comision-para-la-defensa-de-los-bienes-comunales-de-santa-maria-ostula-denuncia-atentado\/","url_meta":{"origin":7803,"position":0},"title":"Comisi\u00f3n para la Defensa de los Bienes Comunales de Santa Mar\u00eda Ostula denuncia atentado","author":"grieta","date":"26 mayo, 2015","format":false,"excerpt":"A los pueblos de M\u00e9xico y el Mundo A la medios de comunicaci\u00f3n Al Congreso Nacional Ind\u00edgena Al Ej\u00e9rcito Zapatista de Liberaci\u00f3n Nacional. La Comisi\u00f3n para la Defensa de los Bienes Comunales de Santa Mar\u00eda Ostula, municipio de Aquila, Michoac\u00e1n, denuncia que el d\u00eda 25 de mayo de 2015, nuestra\u2026","rel":"","context":"En &quot;CNI&quot;","block_context":{"text":"CNI","link":"http:\/\/www.grieta.org.mx\/index.php\/category\/cni\/"},"img":{"alt_text":"","src":"https:\/\/i0.wp.com\/www.grieta.org.mx\/wp-content\/uploads\/2018\/03\/14524434_1106112876131411_958039263622046936_o.jpg?resize=350%2C200","width":350,"height":200,"srcset":"https:\/\/i0.wp.com\/www.grieta.org.mx\/wp-content\/uploads\/2018\/03\/14524434_1106112876131411_958039263622046936_o.jpg?resize=350%2C200 1x, https:\/\/i0.wp.com\/www.grieta.org.mx\/wp-content\/uploads\/2018\/03\/14524434_1106112876131411_958039263622046936_o.jpg?resize=525%2C300 1.5x, https:\/\/i0.wp.com\/www.grieta.org.mx\/wp-content\/uploads\/2018\/03\/14524434_1106112876131411_958039263622046936_o.jpg?resize=700%2C400 2x"},"classes":[]},{"id":7497,"url":"http:\/\/www.grieta.org.mx\/index.php\/2016\/07\/29\/lucha-y-resistencia-del-pueblo-de-santa-maria-ostula\/","url_meta":{"origin":7803,"position":1},"title":"Lucha y resistencia del pueblo de Santa Mar\u00eda Ostula","author":"Admin","date":"29 julio, 2016","format":false,"excerpt":"Detienen a Jhony Israel Flores Tolentino, polic\u00eda comunitario de Santa Mar\u00eda Ostula 29\/07\/16. Detienen a \u201cEl Tizoc\u201d en Morelia; intentaba obtener una carta de no antecedentes penales Provincia Ostula celebra siete a\u00f1os de autonom\u00eda 28\/06\/16. Ostula Michoac\u00e1n, siete a\u00f1os en defensa de la Madre Tierra Pozol Colectivo Movilizaci\u00f3n en memoria\u2026","rel":"","context":"En &quot;1. Ostula&quot;","block_context":{"text":"1. Ostula","link":"http:\/\/www.grieta.org.mx\/index.php\/category\/espejos-de-la-resistencia\/1-ostula\/"},"img":{"alt_text":"","src":"https:\/\/i0.wp.com\/www.grieta.org.mx\/wp-content\/uploads\/2018\/03\/14524434_1106112876131411_958039263622046936_o.jpg?resize=350%2C200","width":350,"height":200,"srcset":"https:\/\/i0.wp.com\/www.grieta.org.mx\/wp-content\/uploads\/2018\/03\/14524434_1106112876131411_958039263622046936_o.jpg?resize=350%2C200 1x, https:\/\/i0.wp.com\/www.grieta.org.mx\/wp-content\/uploads\/2018\/03\/14524434_1106112876131411_958039263622046936_o.jpg?resize=525%2C300 1.5x, https:\/\/i0.wp.com\/www.grieta.org.mx\/wp-content\/uploads\/2018\/03\/14524434_1106112876131411_958039263622046936_o.jpg?resize=700%2C400 2x"},"classes":[]},{"id":69748,"url":"http:\/\/www.grieta.org.mx\/index.php\/2024\/08\/09\/habitantes-de-santa-maria-ostula-realizan-jornada-de-protestas-en-defensa-de-su-territorio-michoacan\/","url_meta":{"origin":7803,"position":2},"title":"Habitantes de Santa Mar\u00eda Ostula realizan jornada de protestas en defensa de su territorio (Michoac\u00e1n)","author":"grieta","date":"9 agosto, 2024","format":false,"excerpt":"Pobladores de la comunidad ind\u00edgena nahua enfrentan el riesgo de perder alrededor de 3 mil hect\u00e1reas de su territorio mediante un juicio iniciado hace dos d\u00e9cadas. Proceso Por Pedro Zamora Brise\u00f1o viernes, 9 de agosto de 2024 MORELIA, Mich. (apro).- La ma\u00f1ana de este viernes, habitantes de la comunidad ind\u00edgena\u2026","rel":"","context":"En &quot;CINTILLO&quot;","block_context":{"text":"CINTILLO","link":"http:\/\/www.grieta.org.mx\/index.php\/category\/cintillo\/"},"img":{"alt_text":"","src":"https:\/\/i0.wp.com\/www.grieta.org.mx\/wp-content\/uploads\/2024\/09\/f685x385-205051_242744_4965.jpg?resize=350%2C200","width":350,"height":200,"srcset":"https:\/\/i0.wp.com\/www.grieta.org.mx\/wp-content\/uploads\/2024\/09\/f685x385-205051_242744_4965.jpg?resize=350%2C200 1x, https:\/\/i0.wp.com\/www.grieta.org.mx\/wp-content\/uploads\/2024\/09\/f685x385-205051_242744_4965.jpg?resize=525%2C300 1.5x"},"classes":[]},{"id":7781,"url":"http:\/\/www.grieta.org.mx\/index.php\/2015\/05\/27\/ataque-de-caballeros-templarios-alarma-contra-la-existencia-de-nuestro-pueblo-nahuas-de-ostula\/","url_meta":{"origin":7803,"position":3},"title":"\u201cAtaque de caballeros templarios, alarma contra la existencia de nuestro pueblo: nahuas de Ostula","author":"Admin","date":"27 mayo, 2015","format":false,"excerpt":"(Ciudad de M\u00e9xico).- El atentado al comandante general Seme\u00ed Verd\u00eda Zepeda el pasado 25 de mayo ser\u00eda una se\u00f1al de alarma contra la organizaci\u00f3n comunitaria y las \u201cposibilidades de seguir existiendo como pueblo\u201d, advierte en un comunicado la Comisi\u00f3n para la Defensa de los Bienes Comunales de Santa Mar\u00eda Ostula,\u2026","rel":"","context":"En &quot;CINTILLO&quot;","block_context":{"text":"CINTILLO","link":"http:\/\/www.grieta.org.mx\/index.php\/category\/cintillo\/"},"img":{"alt_text":"","src":"https:\/\/i0.wp.com\/www.grieta.org.mx\/wp-content\/uploads\/2018\/03\/14524434_1106112876131411_958039263622046936_o.jpg?resize=350%2C200","width":350,"height":200,"srcset":"https:\/\/i0.wp.com\/www.grieta.org.mx\/wp-content\/uploads\/2018\/03\/14524434_1106112876131411_958039263622046936_o.jpg?resize=350%2C200 1x, https:\/\/i0.wp.com\/www.grieta.org.mx\/wp-content\/uploads\/2018\/03\/14524434_1106112876131411_958039263622046936_o.jpg?resize=525%2C300 1.5x, https:\/\/i0.wp.com\/www.grieta.org.mx\/wp-content\/uploads\/2018\/03\/14524434_1106112876131411_958039263622046936_o.jpg?resize=700%2C400 2x"},"classes":[]},{"id":8932,"url":"http:\/\/www.grieta.org.mx\/index.php\/2015\/05\/27\/ataque-de-caballeros-templarios-alarma-contra-la-existencia-de-nuestro-pueblo-nahuas-de-ostula-2\/","url_meta":{"origin":7803,"position":4},"title":"\u201cAtaque de caballeros templarios, alarma contra la existencia de nuestro pueblo: nahuas de Ostula","author":"Admin","date":"27 mayo, 2015","format":false,"excerpt":"ALDABI OLVERA (Ciudad de M\u00e9xico).- El atentado al comandante general Seme\u00ed Verd\u00eda Zepeda el pasado 25 de mayo ser\u00eda una se\u00f1al de alarma contra la organizaci\u00f3n comunitaria y las \u201cposibilidades de seguir existiendo como pueblo\u201d, advierte en un comunicado la Comisi\u00f3n para la Defensa de los Bienes Comunales de Santa\u2026","rel":"","context":"En &quot;CINTILLO&quot;","block_context":{"text":"CINTILLO","link":"http:\/\/www.grieta.org.mx\/index.php\/category\/cintillo\/"},"img":{"alt_text":"","src":"https:\/\/i0.wp.com\/www.grieta.org.mx\/wp-content\/uploads\/2018\/03\/14524434_1106112876131411_958039263622046936_o.jpg?resize=350%2C200","width":350,"height":200,"srcset":"https:\/\/i0.wp.com\/www.grieta.org.mx\/wp-content\/uploads\/2018\/03\/14524434_1106112876131411_958039263622046936_o.jpg?resize=350%2C200 1x, https:\/\/i0.wp.com\/www.grieta.org.mx\/wp-content\/uploads\/2018\/03\/14524434_1106112876131411_958039263622046936_o.jpg?resize=525%2C300 1.5x, https:\/\/i0.wp.com\/www.grieta.org.mx\/wp-content\/uploads\/2018\/03\/14524434_1106112876131411_958039263622046936_o.jpg?resize=700%2C400 2x"},"classes":[]},{"id":68449,"url":"http:\/\/www.grieta.org.mx\/index.php\/2024\/02\/08\/la-comunidad-nahua-de-santa-maria-ostula-denuncia-ataque-de-un-comando-armado-del-cjng\/","url_meta":{"origin":7803,"position":5},"title":"La comunidad Nahua de Santa Mar\u00eda Ostula denuncia ataque de un Comando Armado del CJNG","author":"grieta","date":"8 febrero, 2024","format":false,"excerpt":"Colectivo Grieta 04 de febrero de 2024. En un comunicado publicado por el Congreso Nacional Ind\u00edgena, la Comunidad Nahua de Santa Mar\u00eda Ostula denunci\u00f3 el ataque de un comando armado de unas 50 personas que incursionaron a bordo de camionetas en el territorio comunal de La Cofrad\u00eda. Los comuneros reportan\u2026","rel":"","context":"En &quot;1. Ostula&quot;","block_context":{"text":"1. Ostula","link":"http:\/\/www.grieta.org.mx\/index.php\/category\/espejos-de-la-resistencia\/1-ostula\/"},"img":{"alt_text":"","src":"https:\/\/i0.wp.com\/www.grieta.org.mx\/wp-content\/uploads\/2024\/02\/PRONUNCIAMIENTO-POR-LA-DESAPARICION-FORZADA-DE-LORENZO-FROYLAN-DE-LA-CRUZ-R_20240202_202519_0000.png?resize=350%2C200","width":350,"height":200,"srcset":"https:\/\/i0.wp.com\/www.grieta.org.mx\/wp-content\/uploads\/2024\/02\/PRONUNCIAMIENTO-POR-LA-DESAPARICION-FORZADA-DE-LORENZO-FROYLAN-DE-LA-CRUZ-R_20240202_202519_0000.png?resize=350%2C200 1x, https:\/\/i0.wp.com\/www.grieta.org.mx\/wp-content\/uploads\/2024\/02\/PRONUNCIAMIENTO-POR-LA-DESAPARICION-FORZADA-DE-LORENZO-FROYLAN-DE-LA-CRUZ-R_20240202_202519_0000.png?resize=525%2C300 1.5x, https:\/\/i0.wp.com\/www.grieta.org.mx\/wp-content\/uploads\/2024\/02\/PRONUNCIAMIENTO-POR-LA-DESAPARICION-FORZADA-DE-LORENZO-FROYLAN-DE-LA-CRUZ-R_20240202_202519_0000.png?resize=700%2C400 2x"},"classes":[]}],"_links":{"self":[{"href":"http:\/\/www.grieta.org.mx\/index.php\/wp-json\/wp\/v2\/posts\/7803","targetHints":{"allow":["GET"]}}],"collection":[{"href":"http:\/\/www.grieta.org.mx\/index.php\/wp-json\/wp\/v2\/posts"}],"about":[{"href":"http:\/\/www.grieta.org.mx\/index.php\/wp-json\/wp\/v2\/types\/post"}],"author":[{"embeddable":true,"href":"http:\/\/www.grieta.org.mx\/index.php\/wp-json\/wp\/v2\/users\/1"}],"replies":[{"embeddable":true,"href":"http:\/\/www.grieta.org.mx\/index.php\/wp-json\/wp\/v2\/comments?post=7803"}],"version-history":[{"count":1,"href":"http:\/\/www.grieta.org.mx\/index.php\/wp-json\/wp\/v2\/posts\/7803\/revisions"}],"predecessor-version":[{"id":7805,"href":"http:\/\/www.grieta.org.mx\/index.php\/wp-json\/wp\/v2\/posts\/7803\/revisions\/7805"}],"wp:featuredmedia":[{"embeddable":true,"href":"http:\/\/www.grieta.org.mx\/index.php\/wp-json\/wp\/v2\/media\/21928"}],"wp:attachment":[{"href":"http:\/\/www.grieta.org.mx\/index.php\/wp-json\/wp\/v2\/media?parent=7803"}],"wp:term":[{"taxonomy":"category","embeddable":true,"href":"http:\/\/www.grieta.org.mx\/index.php\/wp-json\/wp\/v2\/categories?post=7803"},{"taxonomy":"post_tag","embeddable":true,"href":"http:\/\/www.grieta.org.mx\/index.php\/wp-json\/wp\/v2\/tags?post=7803"}],"curies":[{"name":"wp","href":"https:\/\/api.w.org\/{rel}","templated":true}]}}