{"id":7757,"date":"2015-07-19T22:10:27","date_gmt":"2015-07-19T22:10:27","guid":{"rendered":"http:\/\/50.22.11.12\/~grietaor\/?p=7757"},"modified":"2016-03-29T22:12:45","modified_gmt":"2016-03-29T22:12:45","slug":"detienen-a-semei-verdi-comandante-de-los-autodefensas-de-ostula-michoacan","status":"publish","type":"post","link":"http:\/\/www.grieta.org.mx\/index.php\/2015\/07\/19\/detienen-a-semei-verdi-comandante-de-los-autodefensas-de-ostula-michoacan\/","title":{"rendered":"Detienen a Seme\u00ed Verd\u00ed comandante de los autodefensas de Ostula, Michoac\u00e1n"},"content":{"rendered":"<blockquote><p>Un ni\u00f1o muerto y al menos dos menores heridos por el ej\u00e9rcito mexicano<\/p><\/blockquote>\n<p>Un ni\u00f1o muerto, dos menores heridos, un autodefensa muerto y varios m\u00e1s heridos, as\u00ed como la detenci\u00f3n de Seme\u00ed Verd\u00ed, comandante de las ??autodefensas? del pueblo n\u00e1huatl de Ostula, municipio de Aquila, fueron el resultado del operativo realizado esta ma\u00f1ana por elementos del Ej\u00e9rcito Mexicano.<br \/>\nAproximadamente a las 10 horas un pelot\u00f3n del ej\u00e9rcito se present\u00f3 en los parajes de El Du\u00edn y Xayakalan, en la comunidad ind\u00edgena de Santa Mar\u00eda Ostula, Municipio de Aquila, Michoac\u00e1n, donde la comunidad mantiene puestos de vigilancia de su polic\u00eda comunitaria y los grupos de autodefensa de La costa-sierra.  <\/p>\n<p>Seg\u00fan testigos explicaron que los miembros del ej\u00e9rcito impactaron sus veh\u00edculos contra los puestos de vigilancia y realizaron disparos; intentaron detener a varios miembros de la comunidad que se encontraban en el lugar.  De manera paralela otro grupo del ej\u00e9rcito mexicano detuvo a Ceme\u00ed Verd\u00eda Zepeda (Primer Comandante de la Polic\u00eda Comunitaria de Santa Mar\u00eda Ostula y Coordinador General de las Autodefensas de los municipios de Aquila, Coahuayana y Chinicuila) en el poblado de La Placita.<\/p>\n<p>Posteriormente, aproximadamente a las 11 horas otro grupo del ej\u00e9rcito intent\u00f3 detener a miembros del Comisariado de Bienes Comunales de Santa Mar\u00eda Ostula, nuevamente sin presentar orden de aprehensi\u00f3n y actuando con violencia.<\/p>\n<p>Por medio de un comunicado los habitantes de Ostula solicitaron el apoyo de medios de \u201ccomunicacion honestos\u201d para documentar los hechos. <\/p>\n<p>[ACTUALIZACI\u00d3N OSTULA, 20:30 horas]<br \/>\nTras una jornada violenta, tenemos la certeza de 4 heridos de bala: <\/p>\n<p>Neymi Natalli Pineda Reyes de 6 a\u00f1os, Horacio Balladares de 32 a\u00f1os, Melesio Cristiano de 60 a\u00f1os y Antonio Alejo Ramos de 17 a\u00f1os. Y desafortunadamente un menor de edad muerto: Herilberto Reyes Garc\u00eda de 12 a\u00f1os.<\/p>\n<p>Adem\u00e1s, Seme\u00ed Verd\u00eda fue presentado en la PGR de Morelia acusado de violar la Ley Federal de Armas y Explosivos al portar un fusil 7.62 (cuerno de chivo), un fusil .233, un arma 9mm y 69 cartuchos disponibles; la otra acusaci\u00f3n tiene que ver con delitos electorales por destrucci\u00f3n de casillas y boletas.<\/p>\n<p>En tanto, en ausencia de Seme\u00ed Verd\u00eda, el nuevo comandante de la polic\u00eda comunitaria de Ostula es Germ\u00e1n Ram\u00edrez<\/p>\n<p><a href=\"http:\/\/www.somoselmedio.org\/article\/detienen-seme%C3%AD-verd%C3%AD-comandante-de-los-autodefensas-de-ostula-michoac%C3%A1n\" target=\"_blank\">http:\/\/www.somoselmedio.org\/article\/detienen-seme%C3%AD-verd%C3%AD-comandante-de-los-autodefensas-de-ostula-michoac%C3%A1n<\/a><\/p>\n","protected":false},"excerpt":{"rendered":"<p>Un ni\u00f1o muerto y al menos dos menores heridos por el ej\u00e9rcito mexicano Un ni\u00f1o muerto, dos menores heridos, un autodefensa muerto y varios m\u00e1s heridos, as\u00ed como la detenci\u00f3n &hellip; <a href=\"http:\/\/www.grieta.org.mx\/index.php\/2015\/07\/19\/detienen-a-semei-verdi-comandante-de-los-autodefensas-de-ostula-michoacan\/\" class=\"more-link\">Leer m\u00e1s<\/a><\/p>\n","protected":false},"author":1,"featured_media":21928,"comment_status":"closed","ping_status":"open","sticky":false,"template":"","format":"standard","meta":{"ngg_post_thumbnail":0,"_jetpack_newsletter_access":"","_jetpack_dont_email_post_to_subs":false,"_jetpack_newsletter_tier_id":0,"_jetpack_memberships_contains_paywalled_content":false,"_jetpack_memberships_contains_paid_content":false,"footnotes":""},"categories":[80,82],"tags":[469,455],"class_list":["post-7757","post","type-post","status-publish","format-standard","has-post-thumbnail","hentry","category-cintillo","category-michoacan","tag-ataque-paramilitar","tag-ostula","entry"],"jetpack_featured_media_url":"http:\/\/www.grieta.org.mx\/wp-content\/uploads\/2018\/03\/14524434_1106112876131411_958039263622046936_o.jpg","jetpack_sharing_enabled":true,"jetpack_shortlink":"https:\/\/wp.me\/p7ZJR4-217","jetpack_likes_enabled":false,"jetpack-related-posts":[{"id":7763,"url":"http:\/\/www.grieta.org.mx\/index.php\/2015\/07\/19\/atacan-a-ostula-aqui-la-historia-de-su-lucha\/","url_meta":{"origin":7757,"position":0},"title":"Atacan a Ostula. Aqu\u00ed la historia de su lucha","author":"Admin","date":"19 julio, 2015","format":false,"excerpt":"Ataque del ej\u00e9rcito a nahuas de Ostula; se confirma un ni\u00f1o muerto y dos heridos [1]\u00a0(19 de julio del 2015) En tres acciones simult\u00e1neas, el Ej\u00e9rcito mexicano atac\u00f3 comunidades de Santa Mar\u00eda Ostula en Michoac\u00e1n donde se reporta un ni\u00f1o muerto y dos menores heridos, as\u00ed como una situaci\u00f3n de\u2026","rel":"","context":"En &quot;CINTILLO&quot;","block_context":{"text":"CINTILLO","link":"http:\/\/www.grieta.org.mx\/index.php\/category\/cintillo\/"},"img":{"alt_text":"","src":"https:\/\/i0.wp.com\/www.grieta.org.mx\/wp-content\/uploads\/2018\/03\/14524434_1106112876131411_958039263622046936_o.jpg?resize=350%2C200","width":350,"height":200,"srcset":"https:\/\/i0.wp.com\/www.grieta.org.mx\/wp-content\/uploads\/2018\/03\/14524434_1106112876131411_958039263622046936_o.jpg?resize=350%2C200 1x, https:\/\/i0.wp.com\/www.grieta.org.mx\/wp-content\/uploads\/2018\/03\/14524434_1106112876131411_958039263622046936_o.jpg?resize=525%2C300 1.5x, https:\/\/i0.wp.com\/www.grieta.org.mx\/wp-content\/uploads\/2018\/03\/14524434_1106112876131411_958039263622046936_o.jpg?resize=700%2C400 2x"},"classes":[]},{"id":7728,"url":"http:\/\/www.grieta.org.mx\/index.php\/2015\/07\/22\/autoridades-de-ostula-hacen-publica-la-agresion-sufrida-por-el-ejercito-mexicano-y-la-detencion-del-comandante-cemei-verdia-video\/","url_meta":{"origin":7757,"position":1},"title":"Autoridades de Ostula hacen p\u00fablica la agresi\u00f3n sufrida por el ej\u00e9rcito mexicano y la detenci\u00f3n del comandante Ceme\u00ed Verd\u00eda (VIDEO)","author":"Admin","date":"22 julio, 2015","format":false,"excerpt":"En el contexto de los operativos de la Marina, Ej\u00e9rcito y Polic\u00eda Federal contra la comunidad nahua de Ostula, Michoac\u00e1n, que tuvieron como resultado dos menores de edad y un adulto muertos, as\u00ed como la detenci\u00f3n de Ceme\u00ed Verd\u00eda Zepeda (Primer Comandante de la Polic\u00eda Comunitaria de Santa Mar\u00eda Ostula\u2026","rel":"","context":"En &quot;CINTILLO&quot;","block_context":{"text":"CINTILLO","link":"http:\/\/www.grieta.org.mx\/index.php\/category\/cintillo\/"},"img":{"alt_text":"","src":"https:\/\/i0.wp.com\/www.grieta.org.mx\/wp-content\/uploads\/2018\/03\/14524434_1106112876131411_958039263622046936_o.jpg?resize=350%2C200","width":350,"height":200,"srcset":"https:\/\/i0.wp.com\/www.grieta.org.mx\/wp-content\/uploads\/2018\/03\/14524434_1106112876131411_958039263622046936_o.jpg?resize=350%2C200 1x, https:\/\/i0.wp.com\/www.grieta.org.mx\/wp-content\/uploads\/2018\/03\/14524434_1106112876131411_958039263622046936_o.jpg?resize=525%2C300 1.5x, https:\/\/i0.wp.com\/www.grieta.org.mx\/wp-content\/uploads\/2018\/03\/14524434_1106112876131411_958039263622046936_o.jpg?resize=700%2C400 2x"},"classes":[]},{"id":7754,"url":"http:\/\/www.grieta.org.mx\/index.php\/2015\/07\/19\/cargando-a-sangre-y-fuego-el-ejercito-realiza-detenciones-arbitrarias-en-santa-maria-ostula-contra-policias-comunitarios-y-autodefensas\/","url_meta":{"origin":7757,"position":2},"title":"Cargando a sangre y fuego el ej\u00e9rcito realiza detenciones arbitrarias en Santa Mar\u00eda Ostula contra polic\u00edas comunitarios y autodefensas","author":"Admin","date":"19 julio, 2015","format":false,"excerpt":"Bolet\u00edn N\u00b0 1 DETENIENE EL EJ\u00c9RCITO A MIEMBROS DE LA COMUNIDAD IND\u00cdGENA DE SANTA MAR\u00cdA OSTULA, Municipio de Aquila, Michoac\u00e1n. (19 de julio de 2015, 13 hrs) A LA SOCIEDAD CIVIL A LAS ORGANIZACIONES DE DERECHOS HUMANOS A LOS MEDIOS DE COMUNICACI\u00d3N HONESTOS ostula-indymediaEl d\u00eda de hoy aproximadamente a las\u2026","rel":"","context":"En &quot;CINTILLO&quot;","block_context":{"text":"CINTILLO","link":"http:\/\/www.grieta.org.mx\/index.php\/category\/cintillo\/"},"img":{"alt_text":"","src":"https:\/\/i0.wp.com\/www.grieta.org.mx\/wp-content\/uploads\/2018\/03\/14524434_1106112876131411_958039263622046936_o.jpg?resize=350%2C200","width":350,"height":200,"srcset":"https:\/\/i0.wp.com\/www.grieta.org.mx\/wp-content\/uploads\/2018\/03\/14524434_1106112876131411_958039263622046936_o.jpg?resize=350%2C200 1x, https:\/\/i0.wp.com\/www.grieta.org.mx\/wp-content\/uploads\/2018\/03\/14524434_1106112876131411_958039263622046936_o.jpg?resize=525%2C300 1.5x, https:\/\/i0.wp.com\/www.grieta.org.mx\/wp-content\/uploads\/2018\/03\/14524434_1106112876131411_958039263622046936_o.jpg?resize=700%2C400 2x"},"classes":[]},{"id":7497,"url":"http:\/\/www.grieta.org.mx\/index.php\/2016\/07\/29\/lucha-y-resistencia-del-pueblo-de-santa-maria-ostula\/","url_meta":{"origin":7757,"position":3},"title":"Lucha y resistencia del pueblo de Santa Mar\u00eda Ostula","author":"Admin","date":"29 julio, 2016","format":false,"excerpt":"Detienen a Jhony Israel Flores Tolentino, polic\u00eda comunitario de Santa Mar\u00eda Ostula 29\/07\/16. Detienen a \u201cEl Tizoc\u201d en Morelia; intentaba obtener una carta de no antecedentes penales Provincia Ostula celebra siete a\u00f1os de autonom\u00eda 28\/06\/16. Ostula Michoac\u00e1n, siete a\u00f1os en defensa de la Madre Tierra Pozol Colectivo Movilizaci\u00f3n en memoria\u2026","rel":"","context":"En &quot;1. Ostula&quot;","block_context":{"text":"1. Ostula","link":"http:\/\/www.grieta.org.mx\/index.php\/category\/espejos-de-la-resistencia\/1-ostula\/"},"img":{"alt_text":"","src":"https:\/\/i0.wp.com\/www.grieta.org.mx\/wp-content\/uploads\/2018\/03\/14524434_1106112876131411_958039263622046936_o.jpg?resize=350%2C200","width":350,"height":200,"srcset":"https:\/\/i0.wp.com\/www.grieta.org.mx\/wp-content\/uploads\/2018\/03\/14524434_1106112876131411_958039263622046936_o.jpg?resize=350%2C200 1x, https:\/\/i0.wp.com\/www.grieta.org.mx\/wp-content\/uploads\/2018\/03\/14524434_1106112876131411_958039263622046936_o.jpg?resize=525%2C300 1.5x, https:\/\/i0.wp.com\/www.grieta.org.mx\/wp-content\/uploads\/2018\/03\/14524434_1106112876131411_958039263622046936_o.jpg?resize=700%2C400 2x"},"classes":[]},{"id":7739,"url":"http:\/\/www.grieta.org.mx\/index.php\/2015\/07\/22\/de-ayotzinapa-para-ostula-nos-solidarizamos-y-exigimos-juicio-y-castigo\/","url_meta":{"origin":7757,"position":4},"title":"De Ayotzinapa para Ostula: Nos solidarizamos y exigimos juicio y castigo","author":"Admin","date":"22 julio, 2015","format":false,"excerpt":"Compa\u00f1erxs del Congreso Nacional Ind\u00edgena. PRESENTES Por este medio les hacemos llegar el comunicado que las madres y los padres de los estudiantes desparecidos y asesinados de Ayotzinapa acordaron enviar a la Comunidad ind\u00edgena de Ostula, en Michoac\u00e1n, despu\u00e9s del ataque del que fueron v\u00edctimas por parte del Ej\u00e9rcito mexicano.\u2026","rel":"","context":"En &quot;CINTILLO&quot;","block_context":{"text":"CINTILLO","link":"http:\/\/www.grieta.org.mx\/index.php\/category\/cintillo\/"},"img":{"alt_text":"","src":"https:\/\/i0.wp.com\/www.grieta.org.mx\/wp-content\/uploads\/2018\/03\/14524434_1106112876131411_958039263622046936_o.jpg?resize=350%2C200","width":350,"height":200,"srcset":"https:\/\/i0.wp.com\/www.grieta.org.mx\/wp-content\/uploads\/2018\/03\/14524434_1106112876131411_958039263622046936_o.jpg?resize=350%2C200 1x, https:\/\/i0.wp.com\/www.grieta.org.mx\/wp-content\/uploads\/2018\/03\/14524434_1106112876131411_958039263622046936_o.jpg?resize=525%2C300 1.5x, https:\/\/i0.wp.com\/www.grieta.org.mx\/wp-content\/uploads\/2018\/03\/14524434_1106112876131411_958039263622046936_o.jpg?resize=700%2C400 2x"},"classes":[]},{"id":7700,"url":"http:\/\/www.grieta.org.mx\/index.php\/2015\/07\/24\/video-cronologia-del-ataque-militar-en-ostula\/","url_meta":{"origin":7757,"position":5},"title":"Video: Cronolog\u00eda del ataque militar en Ostula","author":"Admin","date":"24 julio, 2015","format":false,"excerpt":"La Agencia Aut\u00f3noma de Comunicaci\u00f3n Subversiones public\u00f3 una cronolog\u00eda con una serie de videos tomados por pobladores de la comunidad de Santa Mar\u00eda de Ostula el d\u00eda que el Ej\u00e9rcito y la Polic\u00eda Federal realizaron un operativo que dej\u00f3 cuatro heridos y un ni\u00f1o de 12 a\u00f1os muerto. http:\/\/www.perriodismo.com.mx\/2015\/07\/24\/video-cronologia-del-ataque-militar-en-ostula\/","rel":"","context":"En &quot;CINTILLO&quot;","block_context":{"text":"CINTILLO","link":"http:\/\/www.grieta.org.mx\/index.php\/category\/cintillo\/"},"img":{"alt_text":"","src":"https:\/\/i0.wp.com\/www.grieta.org.mx\/wp-content\/uploads\/2018\/03\/14524434_1106112876131411_958039263622046936_o.jpg?resize=350%2C200","width":350,"height":200,"srcset":"https:\/\/i0.wp.com\/www.grieta.org.mx\/wp-content\/uploads\/2018\/03\/14524434_1106112876131411_958039263622046936_o.jpg?resize=350%2C200 1x, https:\/\/i0.wp.com\/www.grieta.org.mx\/wp-content\/uploads\/2018\/03\/14524434_1106112876131411_958039263622046936_o.jpg?resize=525%2C300 1.5x, https:\/\/i0.wp.com\/www.grieta.org.mx\/wp-content\/uploads\/2018\/03\/14524434_1106112876131411_958039263622046936_o.jpg?resize=700%2C400 2x"},"classes":[]}],"_links":{"self":[{"href":"http:\/\/www.grieta.org.mx\/index.php\/wp-json\/wp\/v2\/posts\/7757","targetHints":{"allow":["GET"]}}],"collection":[{"href":"http:\/\/www.grieta.org.mx\/index.php\/wp-json\/wp\/v2\/posts"}],"about":[{"href":"http:\/\/www.grieta.org.mx\/index.php\/wp-json\/wp\/v2\/types\/post"}],"author":[{"embeddable":true,"href":"http:\/\/www.grieta.org.mx\/index.php\/wp-json\/wp\/v2\/users\/1"}],"replies":[{"embeddable":true,"href":"http:\/\/www.grieta.org.mx\/index.php\/wp-json\/wp\/v2\/comments?post=7757"}],"version-history":[{"count":1,"href":"http:\/\/www.grieta.org.mx\/index.php\/wp-json\/wp\/v2\/posts\/7757\/revisions"}],"predecessor-version":[{"id":7759,"href":"http:\/\/www.grieta.org.mx\/index.php\/wp-json\/wp\/v2\/posts\/7757\/revisions\/7759"}],"wp:featuredmedia":[{"embeddable":true,"href":"http:\/\/www.grieta.org.mx\/index.php\/wp-json\/wp\/v2\/media\/21928"}],"wp:attachment":[{"href":"http:\/\/www.grieta.org.mx\/index.php\/wp-json\/wp\/v2\/media?parent=7757"}],"wp:term":[{"taxonomy":"category","embeddable":true,"href":"http:\/\/www.grieta.org.mx\/index.php\/wp-json\/wp\/v2\/categories?post=7757"},{"taxonomy":"post_tag","embeddable":true,"href":"http:\/\/www.grieta.org.mx\/index.php\/wp-json\/wp\/v2\/tags?post=7757"}],"curies":[{"name":"wp","href":"https:\/\/api.w.org\/{rel}","templated":true}]}}