{"id":771,"date":"2015-10-27T04:27:33","date_gmt":"2015-10-27T04:27:33","guid":{"rendered":"http:\/\/50.22.11.12\/~grietaor\/?p=771"},"modified":"2016-03-02T04:28:35","modified_gmt":"2016-03-02T04:28:35","slug":"administrador-del-sistema-de-agua-de-coyotepec-detenido","status":"publish","type":"post","link":"http:\/\/www.grieta.org.mx\/index.php\/2015\/10\/27\/administrador-del-sistema-de-agua-de-coyotepec-detenido\/","title":{"rendered":"Administrador del sistema de agua de Coyotepec, detenido"},"content":{"rendered":"<p>Silvia Ch\u00e1vez<\/p>\n<p>Coyotepec, M\u00e9x., Sergio Vel\u00e1zquez Morales, presidente de la administraci\u00f3n aut\u00f3noma del sistema de agua, electo por usos y costumbres, fue detenido ayer por instrucciones del alcalde, Alfredo Anguiano, quien, acompa\u00f1ado por algunos simpatizantes pri\u00edstas y vecinos, pretendi\u00f3 tomar el control de la red, acusaron pobladores. Anguiano pretende atemorizar a la poblaci\u00f3n, que busca mantener el control de sus pozos de agua en Coyotepec, plante\u00f3 Francisco Lara Duque, coordinador del Centro de Derechos Humanos Zeferino Ladrillero, quien ayer recorri\u00f3 agencias del Ministerio P\u00fablico para localizar a Vel\u00e1zquez Morales. Lara Duque expuso que este a\u00f1o se renov\u00f3 la direcci\u00f3n del organismo aut\u00f3nomo del agua, y los pobladores eligieron a Sergio Vel\u00e1zquez como representante, pero el alcalde lo desconoci\u00f3 y pretende municipalizar el servicio. La aprehensi\u00f3n provoc\u00f3 un conato de enfrentamiento.<\/p>\n<p><a href=\"http:\/\/www.jornada.unam.mx\/2015\/10\/27\/estados\/026n5est\" target=\"_blank\">www.jornada.unam.mx\/2015\/10\/27\/estados\/026n5est<\/a><\/p>\n","protected":false},"excerpt":{"rendered":"<p>Silvia Ch\u00e1vez Coyotepec, M\u00e9x., Sergio Vel\u00e1zquez Morales, presidente de la administraci\u00f3n aut\u00f3noma del sistema de agua, electo por usos y costumbres, fue detenido ayer por instrucciones del alcalde, Alfredo Anguiano, &hellip; <a href=\"http:\/\/www.grieta.org.mx\/index.php\/2015\/10\/27\/administrador-del-sistema-de-agua-de-coyotepec-detenido\/\" class=\"more-link\">Leer m\u00e1s<\/a><\/p>\n","protected":false},"author":2,"featured_media":21928,"comment_status":"closed","ping_status":"open","sticky":false,"template":"","format":"standard","meta":{"ngg_post_thumbnail":0,"_jetpack_newsletter_access":"","_jetpack_dont_email_post_to_subs":false,"_jetpack_newsletter_tier_id":0,"_jetpack_memberships_contains_paywalled_content":false,"_jetpack_memberships_contains_paid_content":false,"footnotes":""},"categories":[80],"tags":[92],"class_list":["post-771","post","type-post","status-publish","format-standard","has-post-thumbnail","hentry","category-cintillo","tag-estado-de-mexico","entry"],"jetpack_featured_media_url":"http:\/\/www.grieta.org.mx\/wp-content\/uploads\/2018\/03\/14524434_1106112876131411_958039263622046936_o.jpg","jetpack_sharing_enabled":true,"jetpack_shortlink":"https:\/\/wp.me\/p7ZJR4-cr","jetpack_likes_enabled":false,"jetpack-related-posts":[{"id":13851,"url":"http:\/\/www.grieta.org.mx\/index.php\/2016\/05\/30\/liberan-al-presidente-del-sistema-de-aguas-de-coyotepec\/","url_meta":{"origin":771,"position":0},"title":"Liberan al presidente del sistema de aguas de Coyotepec","author":"grieta","date":"30 mayo, 2016","format":false,"excerpt":"Coyotepec, M\u00e9x., Sergio Vel\u00e1zquez, presidente del organismo independiente Administraci\u00f3n de Agua Potable de Coyotepec (Aapc), as\u00ed como Anselmo Z\u00e1rate y Efra\u00edn Robles, quienes estaban recluidos en el penal de Cuautitl\u00e1n, quedaron ayer en libertad al no encontrarse elementos suficientes para imputarles el delito de da\u00f1o a bienes p\u00fablicos, despu\u00e9s de\u2026","rel":"","context":"En &quot;CINTILLO&quot;","block_context":{"text":"CINTILLO","link":"http:\/\/www.grieta.org.mx\/index.php\/category\/cintillo\/"},"img":{"alt_text":"","src":"https:\/\/i0.wp.com\/www.grieta.org.mx\/wp-content\/uploads\/2018\/03\/14524434_1106112876131411_958039263622046936_o.jpg?resize=350%2C200","width":350,"height":200,"srcset":"https:\/\/i0.wp.com\/www.grieta.org.mx\/wp-content\/uploads\/2018\/03\/14524434_1106112876131411_958039263622046936_o.jpg?resize=350%2C200 1x, https:\/\/i0.wp.com\/www.grieta.org.mx\/wp-content\/uploads\/2018\/03\/14524434_1106112876131411_958039263622046936_o.jpg?resize=525%2C300 1.5x, https:\/\/i0.wp.com\/www.grieta.org.mx\/wp-content\/uploads\/2018\/03\/14524434_1106112876131411_958039263622046936_o.jpg?resize=700%2C400 2x"},"classes":[]},{"id":769,"url":"http:\/\/www.grieta.org.mx\/index.php\/2015\/10\/27\/movilizacion-en-coyotepec-logra-liberar-a-presidente-de-agua-potable\/","url_meta":{"origin":771,"position":1},"title":"Movilizaci\u00f3n en Coyotepec logra liberar a presidente de Agua Potable","author":"grieta","date":"27 octubre, 2015","format":false,"excerpt":"Los pobladores del municipio mexiquense de Coyotepec lograron liberar ayer a Sergio Vel\u00e1zquez Morales, presidente de la Administraci\u00f3n de Agua Potable, poco despu\u00e9s que el presidente municipal pri\u00edsta de Coyotepec, Alfredo Anguiano Fuentes, lo mandar\u00e1 detener con la polic\u00eda municipal. \u201cAproximadamente las 9 horas de hoy el Edil (de perfil\u2026","rel":"","context":"En &quot;CINTILLO&quot;","block_context":{"text":"CINTILLO","link":"http:\/\/www.grieta.org.mx\/index.php\/category\/cintillo\/"},"img":{"alt_text":"","src":"https:\/\/i0.wp.com\/www.grieta.org.mx\/wp-content\/uploads\/2018\/03\/14524434_1106112876131411_958039263622046936_o.jpg?resize=350%2C200","width":350,"height":200,"srcset":"https:\/\/i0.wp.com\/www.grieta.org.mx\/wp-content\/uploads\/2018\/03\/14524434_1106112876131411_958039263622046936_o.jpg?resize=350%2C200 1x, https:\/\/i0.wp.com\/www.grieta.org.mx\/wp-content\/uploads\/2018\/03\/14524434_1106112876131411_958039263622046936_o.jpg?resize=525%2C300 1.5x, https:\/\/i0.wp.com\/www.grieta.org.mx\/wp-content\/uploads\/2018\/03\/14524434_1106112876131411_958039263622046936_o.jpg?resize=700%2C400 2x"},"classes":[]},{"id":12253,"url":"http:\/\/www.grieta.org.mx\/index.php\/2016\/04\/28\/coyotepec-cavo-pozos-en-1963-eruviel-los-quiere-para-empresas\/","url_meta":{"origin":771,"position":2},"title":"Coyotepec cav\u00f3 pozos en 1963; Eruviel los quiere\u2026 para empresas","author":"grieta","date":"28 abril, 2016","format":false,"excerpt":"Daniela Barrag\u00e1n y Dulce Olvera Coyotepec, Estado de M\u00e9xico, 28 de abril (SinEmbargo).\u2013 Gloria Montiel, de 32 a\u00f1os, guarda historias de su abuelo; de cuando, en 1963, don Antonio Montiel Garc\u00eda y otros habitantes de Coyotepec, rascaron la tierra de ese municipio de origen n\u00e1huatl \u2013ubicado al norte del Estado\u2026","rel":"","context":"En &quot;CINTILLO&quot;","block_context":{"text":"CINTILLO","link":"http:\/\/www.grieta.org.mx\/index.php\/category\/cintillo\/"},"img":{"alt_text":"","src":"https:\/\/i0.wp.com\/www.grieta.org.mx\/wp-content\/uploads\/2018\/03\/14524434_1106112876131411_958039263622046936_o.jpg?resize=350%2C200","width":350,"height":200,"srcset":"https:\/\/i0.wp.com\/www.grieta.org.mx\/wp-content\/uploads\/2018\/03\/14524434_1106112876131411_958039263622046936_o.jpg?resize=350%2C200 1x, https:\/\/i0.wp.com\/www.grieta.org.mx\/wp-content\/uploads\/2018\/03\/14524434_1106112876131411_958039263622046936_o.jpg?resize=525%2C300 1.5x, https:\/\/i0.wp.com\/www.grieta.org.mx\/wp-content\/uploads\/2018\/03\/14524434_1106112876131411_958039263622046936_o.jpg?resize=700%2C400 2x"},"classes":[]},{"id":767,"url":"http:\/\/www.grieta.org.mx\/index.php\/2015\/10\/30\/mexico-senalan-alerta-en-coyotepec-por-despojo-de-agua\/","url_meta":{"origin":771,"position":3},"title":"M\u00e9xico: Se\u00f1alan alerta en Coyotepec por despojo de agua","author":"grieta","date":"30 octubre, 2015","format":false,"excerpt":"A la Ciudadan\u00eda de Coyotepec: A los pueblos en lucha del estado de M\u00e9xico y del pa\u00eds entero: A los medios de Comunicaci\u00f3n: A las Organizaciones sociales y de derechos humanos: A la opini\u00f3n p\u00fablica en general: Nuevamente Alfredo Anguiano Fuentes, presidente municipal pri\u00edsta de Coyotepec, en su af\u00e1n de\u2026","rel":"","context":"En &quot;CINTILLO&quot;","block_context":{"text":"CINTILLO","link":"http:\/\/www.grieta.org.mx\/index.php\/category\/cintillo\/"},"img":{"alt_text":"","src":"https:\/\/i0.wp.com\/www.grieta.org.mx\/wp-content\/uploads\/2018\/03\/14524434_1106112876131411_958039263622046936_o.jpg?resize=350%2C200","width":350,"height":200,"srcset":"https:\/\/i0.wp.com\/www.grieta.org.mx\/wp-content\/uploads\/2018\/03\/14524434_1106112876131411_958039263622046936_o.jpg?resize=350%2C200 1x, https:\/\/i0.wp.com\/www.grieta.org.mx\/wp-content\/uploads\/2018\/03\/14524434_1106112876131411_958039263622046936_o.jpg?resize=525%2C300 1.5x, https:\/\/i0.wp.com\/www.grieta.org.mx\/wp-content\/uploads\/2018\/03\/14524434_1106112876131411_958039263622046936_o.jpg?resize=700%2C400 2x"},"classes":[]},{"id":13286,"url":"http:\/\/www.grieta.org.mx\/index.php\/2016\/05\/26\/el-domingo-coyotepec-dijo-no-a-ceder-pozos-de-agua-a-eruviel-hoy-jueves-les-mandan-policias\/","url_meta":{"origin":771,"position":4},"title":"El domingo, Coyotepec dijo \u201cNO\u201d a ceder pozos de agua a Eruviel. Hoy jueves, les mandan polic\u00edas","author":"grieta","date":"26 mayo, 2016","format":false,"excerpt":"Daniela Barrag\u00e1n El pasado domingo 22 de mayo, los pobladores de Coyotepec frenaron la consulta realizada por la Presidencia Municipal, que buscaba controlar los pozos de agua comunitarios. Ese d\u00eda se reportaron enfrentamientos y amenazas a miembros del Sistema Aut\u00f3nomo de Agua Potable. Esta ma\u00f1ana, cientos de granaderos entraron al\u2026","rel":"","context":"En &quot;CINTILLO&quot;","block_context":{"text":"CINTILLO","link":"http:\/\/www.grieta.org.mx\/index.php\/category\/cintillo\/"},"img":{"alt_text":"","src":"https:\/\/i0.wp.com\/www.grieta.org.mx\/wp-content\/uploads\/2018\/03\/14524434_1106112876131411_958039263622046936_o.jpg?resize=350%2C200","width":350,"height":200,"srcset":"https:\/\/i0.wp.com\/www.grieta.org.mx\/wp-content\/uploads\/2018\/03\/14524434_1106112876131411_958039263622046936_o.jpg?resize=350%2C200 1x, https:\/\/i0.wp.com\/www.grieta.org.mx\/wp-content\/uploads\/2018\/03\/14524434_1106112876131411_958039263622046936_o.jpg?resize=525%2C300 1.5x, https:\/\/i0.wp.com\/www.grieta.org.mx\/wp-content\/uploads\/2018\/03\/14524434_1106112876131411_958039263622046936_o.jpg?resize=700%2C400 2x"},"classes":[]},{"id":788,"url":"http:\/\/www.grieta.org.mx\/index.php\/2015\/09\/11\/recuperar-el-agua-de-coyotepec-desafio-del-frente-popular\/","url_meta":{"origin":771,"position":5},"title":"Recuperar el agua de Coyotepec, desaf\u00edo del Frente Popular","author":"grieta","date":"11 septiembre, 2015","format":false,"excerpt":"Alma Roc\u00edo A lo largo del siglo XX, con el desecamiento y la contaminaci\u00f3n de los antiguos lagos del Valle de M\u00e9xico, muchos pueblos se vieron obligados a cavar pozos profundos. En Coyotepec, municipio de 40 mil habitantes ubicado al norte de la Zona Metropolitana del Valle de M\u00e9xico, la\u2026","rel":"","context":"En &quot;CINTILLO&quot;","block_context":{"text":"CINTILLO","link":"http:\/\/www.grieta.org.mx\/index.php\/category\/cintillo\/"},"img":{"alt_text":"","src":"https:\/\/i0.wp.com\/www.grieta.org.mx\/wp-content\/uploads\/2018\/03\/14524434_1106112876131411_958039263622046936_o.jpg?resize=350%2C200","width":350,"height":200,"srcset":"https:\/\/i0.wp.com\/www.grieta.org.mx\/wp-content\/uploads\/2018\/03\/14524434_1106112876131411_958039263622046936_o.jpg?resize=350%2C200 1x, https:\/\/i0.wp.com\/www.grieta.org.mx\/wp-content\/uploads\/2018\/03\/14524434_1106112876131411_958039263622046936_o.jpg?resize=525%2C300 1.5x, https:\/\/i0.wp.com\/www.grieta.org.mx\/wp-content\/uploads\/2018\/03\/14524434_1106112876131411_958039263622046936_o.jpg?resize=700%2C400 2x"},"classes":[]}],"_links":{"self":[{"href":"http:\/\/www.grieta.org.mx\/index.php\/wp-json\/wp\/v2\/posts\/771","targetHints":{"allow":["GET"]}}],"collection":[{"href":"http:\/\/www.grieta.org.mx\/index.php\/wp-json\/wp\/v2\/posts"}],"about":[{"href":"http:\/\/www.grieta.org.mx\/index.php\/wp-json\/wp\/v2\/types\/post"}],"author":[{"embeddable":true,"href":"http:\/\/www.grieta.org.mx\/index.php\/wp-json\/wp\/v2\/users\/2"}],"replies":[{"embeddable":true,"href":"http:\/\/www.grieta.org.mx\/index.php\/wp-json\/wp\/v2\/comments?post=771"}],"version-history":[{"count":1,"href":"http:\/\/www.grieta.org.mx\/index.php\/wp-json\/wp\/v2\/posts\/771\/revisions"}],"predecessor-version":[{"id":772,"href":"http:\/\/www.grieta.org.mx\/index.php\/wp-json\/wp\/v2\/posts\/771\/revisions\/772"}],"wp:featuredmedia":[{"embeddable":true,"href":"http:\/\/www.grieta.org.mx\/index.php\/wp-json\/wp\/v2\/media\/21928"}],"wp:attachment":[{"href":"http:\/\/www.grieta.org.mx\/index.php\/wp-json\/wp\/v2\/media?parent=771"}],"wp:term":[{"taxonomy":"category","embeddable":true,"href":"http:\/\/www.grieta.org.mx\/index.php\/wp-json\/wp\/v2\/categories?post=771"},{"taxonomy":"post_tag","embeddable":true,"href":"http:\/\/www.grieta.org.mx\/index.php\/wp-json\/wp\/v2\/tags?post=771"}],"curies":[{"name":"wp","href":"https:\/\/api.w.org\/{rel}","templated":true}]}}