{"id":769,"date":"2015-10-27T04:26:46","date_gmt":"2015-10-27T04:26:46","guid":{"rendered":"http:\/\/50.22.11.12\/~grietaor\/?p=769"},"modified":"2016-03-02T04:27:28","modified_gmt":"2016-03-02T04:27:28","slug":"movilizacion-en-coyotepec-logra-liberar-a-presidente-de-agua-potable","status":"publish","type":"post","link":"http:\/\/www.grieta.org.mx\/index.php\/2015\/10\/27\/movilizacion-en-coyotepec-logra-liberar-a-presidente-de-agua-potable\/","title":{"rendered":"Movilizaci\u00f3n en Coyotepec logra liberar a presidente de Agua Potable"},"content":{"rendered":"<p>Los pobladores del municipio mexiquense de Coyotepec lograron liberar ayer a Sergio Vel\u00e1zquez Morales, presidente de la Administraci\u00f3n de Agua Potable, poco despu\u00e9s que el presidente municipal pri\u00edsta de Coyotepec, Alfredo Anguiano Fuentes, lo mandar\u00e1 detener con la polic\u00eda municipal.<\/p>\n<p>\u201cAproximadamente las 9 horas de hoy el Edil (de perfil chaleco rojo y pantal\u00f3n negro, como se ve al centro la foto que se adjunta) se present\u00f3 en el Pozo 30 acompa\u00f1ado de la polic\u00eda municipal y algunas personas para tomar por la fuerza dicho pozo, con el cual se surte el agua a los barrios de Ixtapalcalco y San Francisco, adem\u00e1s de las pipas que surten a la poblaci\u00f3n\u201d, explican los vecinos en un comunicado.<\/p>\n<p>Seg\u00fan denuncian, la intenci\u00f3n del presidente municipal es despojar a la poblaci\u00f3n de Coyotepec del agua que le pertenece y quiere municipalizarla para entregarla al mejor postor. \u201cAhora teniendo como pretexto que la Administraci\u00f3n de Agua Potable carece de recursos financieros para pagar una exorbitante y absurda deuda a la Comisi\u00f3n Federal de Electricidad, en lugar de apoyar a la administraci\u00f3n municipal y trabajar en conjunto, vuelve a utilizar a la polic\u00eda municipal para imponer sus ambiciones\u201d.<\/p>\n<p>Los defensores del agua hacen un llamado urgente a toda la poblaci\u00f3n y a la opini\u00f3n p\u00fablica para respaldar la Administraci\u00f3n Aut\u00f3noma de Agua Potable.<\/p>\n<p>\u201cEs cierto que la Administraci\u00f3n Ciudadana tiene un gran adeudo con la Comisi\u00f3n Federal de Electricidad, y que eso imposibilita la reconexi\u00f3n de la energ\u00eda a los pozos, pero organiz\u00e1ndonos barrio por barrio, calle por calle, todos los vecinos y pueblos y personas solidarias podemos apoyar para que mediante generadores no dependamos de la Comisi\u00f3n Federal de Electricidad y logremos ser totalmente aut\u00f3nomos\u201d.<\/p>\n<p>En Coyotepec apuntan al ayuntamiento, gobierno estatal y CFE, como responsables de querer municipalizar el agua del pueblo sin importar las consecuencias y afectaciones que pueda tener.<\/p>\n<p><a href=\"http:\/\/desinformemonos.org.mx\/movilizacion-en-coyotepec-logra-liberar-a-presidente-de-agua-potable\/\" target=\"_blank\">desinformemonos.org.mx\/movilizacion-en-coyotepec-logra-liberar-a-presidente-de-agua-potable\/<\/a><\/p>\n","protected":false},"excerpt":{"rendered":"<p>Los pobladores del municipio mexiquense de Coyotepec lograron liberar ayer a Sergio Vel\u00e1zquez Morales, presidente de la Administraci\u00f3n de Agua Potable, poco despu\u00e9s que el presidente municipal pri\u00edsta de Coyotepec, &hellip; <a href=\"http:\/\/www.grieta.org.mx\/index.php\/2015\/10\/27\/movilizacion-en-coyotepec-logra-liberar-a-presidente-de-agua-potable\/\" class=\"more-link\">Leer m\u00e1s<\/a><\/p>\n","protected":false},"author":2,"featured_media":21928,"comment_status":"closed","ping_status":"open","sticky":false,"template":"","format":"standard","meta":{"ngg_post_thumbnail":0,"_jetpack_newsletter_access":"","_jetpack_dont_email_post_to_subs":false,"_jetpack_newsletter_tier_id":0,"_jetpack_memberships_contains_paywalled_content":false,"_jetpack_memberships_contains_paid_content":false,"footnotes":""},"categories":[80],"tags":[92],"class_list":["post-769","post","type-post","status-publish","format-standard","has-post-thumbnail","hentry","category-cintillo","tag-estado-de-mexico","entry"],"jetpack_featured_media_url":"http:\/\/www.grieta.org.mx\/wp-content\/uploads\/2018\/03\/14524434_1106112876131411_958039263622046936_o.jpg","jetpack_sharing_enabled":true,"jetpack_shortlink":"https:\/\/wp.me\/p7ZJR4-cp","jetpack_likes_enabled":false,"jetpack-related-posts":[{"id":767,"url":"http:\/\/www.grieta.org.mx\/index.php\/2015\/10\/30\/mexico-senalan-alerta-en-coyotepec-por-despojo-de-agua\/","url_meta":{"origin":769,"position":0},"title":"M\u00e9xico: Se\u00f1alan alerta en Coyotepec por despojo de agua","author":"grieta","date":"30 octubre, 2015","format":false,"excerpt":"A la Ciudadan\u00eda de Coyotepec: A los pueblos en lucha del estado de M\u00e9xico y del pa\u00eds entero: A los medios de Comunicaci\u00f3n: A las Organizaciones sociales y de derechos humanos: A la opini\u00f3n p\u00fablica en general: Nuevamente Alfredo Anguiano Fuentes, presidente municipal pri\u00edsta de Coyotepec, en su af\u00e1n de\u2026","rel":"","context":"En &quot;CINTILLO&quot;","block_context":{"text":"CINTILLO","link":"http:\/\/www.grieta.org.mx\/index.php\/category\/cintillo\/"},"img":{"alt_text":"","src":"https:\/\/i0.wp.com\/www.grieta.org.mx\/wp-content\/uploads\/2018\/03\/14524434_1106112876131411_958039263622046936_o.jpg?resize=350%2C200","width":350,"height":200,"srcset":"https:\/\/i0.wp.com\/www.grieta.org.mx\/wp-content\/uploads\/2018\/03\/14524434_1106112876131411_958039263622046936_o.jpg?resize=350%2C200 1x, https:\/\/i0.wp.com\/www.grieta.org.mx\/wp-content\/uploads\/2018\/03\/14524434_1106112876131411_958039263622046936_o.jpg?resize=525%2C300 1.5x, https:\/\/i0.wp.com\/www.grieta.org.mx\/wp-content\/uploads\/2018\/03\/14524434_1106112876131411_958039263622046936_o.jpg?resize=700%2C400 2x"},"classes":[]},{"id":13285,"url":"http:\/\/www.grieta.org.mx\/index.php\/2016\/05\/27\/encarcelan-a-representantes-de-coyotepec-por-la-defensa-del-agua\/","url_meta":{"origin":769,"position":1},"title":"Encarcelan a representantes de Coyotepec por la defensa del agua","author":"grieta","date":"27 mayo, 2016","format":false,"excerpt":"Perseo Greco Coyotepec, Estado de M\u00e9xico. 27 de mayo 2016.- Vecinos de Coyotepec denunciaron que el presidente municipal, Pedro Luna, trata de \"municipalizar\" el agua para la \u201cCiudad Bicentenario\u201d, con la intenci\u00f3n de construir un centro comercial de grandes dimensiones. El pasado 26 de mayo decenas de granaderos entraron a\u2026","rel":"","context":"En &quot;CINTILLO&quot;","block_context":{"text":"CINTILLO","link":"http:\/\/www.grieta.org.mx\/index.php\/category\/cintillo\/"},"img":{"alt_text":"","src":"https:\/\/i0.wp.com\/www.grieta.org.mx\/wp-content\/uploads\/2018\/03\/14524434_1106112876131411_958039263622046936_o.jpg?resize=350%2C200","width":350,"height":200,"srcset":"https:\/\/i0.wp.com\/www.grieta.org.mx\/wp-content\/uploads\/2018\/03\/14524434_1106112876131411_958039263622046936_o.jpg?resize=350%2C200 1x, https:\/\/i0.wp.com\/www.grieta.org.mx\/wp-content\/uploads\/2018\/03\/14524434_1106112876131411_958039263622046936_o.jpg?resize=525%2C300 1.5x, https:\/\/i0.wp.com\/www.grieta.org.mx\/wp-content\/uploads\/2018\/03\/14524434_1106112876131411_958039263622046936_o.jpg?resize=700%2C400 2x"},"classes":[]},{"id":906,"url":"http:\/\/www.grieta.org.mx\/index.php\/2015\/02\/03\/tensa-situacion-en-coyotepec-policia-municipal-toma-con-armas-de-fuego-pozo-de-agua-y-envia-golpeadores-contra-pobladores\/","url_meta":{"origin":769,"position":2},"title":"Tensa situaci\u00f3n en Coyotepec, polic\u00eda municipal toma con armas de fuego pozo de agua y env\u00eda golpeadores contra pobladores","author":"grieta","date":"3 febrero, 2015","format":false,"excerpt":"Ciudad de M\u00e9xico, 3 de febrero de 2015. Desde las primeras horas del d\u00eda de hoy se registr\u00f3 cuatro enfrentamientos entre pobladores de Coyotepec, Estado de M\u00e9xico, y grupos de choque pagados por el gobierno municipal. \u201cEl alcalde Alfredo Anguiano Fuentes, les pago a unas cien personas para que nos\u2026","rel":"","context":"En &quot;CINTILLO&quot;","block_context":{"text":"CINTILLO","link":"http:\/\/www.grieta.org.mx\/index.php\/category\/cintillo\/"},"img":{"alt_text":"","src":"https:\/\/i0.wp.com\/www.grieta.org.mx\/wp-content\/uploads\/2018\/03\/14524434_1106112876131411_958039263622046936_o.jpg?resize=350%2C200","width":350,"height":200,"srcset":"https:\/\/i0.wp.com\/www.grieta.org.mx\/wp-content\/uploads\/2018\/03\/14524434_1106112876131411_958039263622046936_o.jpg?resize=350%2C200 1x, https:\/\/i0.wp.com\/www.grieta.org.mx\/wp-content\/uploads\/2018\/03\/14524434_1106112876131411_958039263622046936_o.jpg?resize=525%2C300 1.5x, https:\/\/i0.wp.com\/www.grieta.org.mx\/wp-content\/uploads\/2018\/03\/14524434_1106112876131411_958039263622046936_o.jpg?resize=700%2C400 2x"},"classes":[]},{"id":909,"url":"http:\/\/www.grieta.org.mx\/index.php\/2016\/08\/13\/despojo-de-agua-en-coyotepec\/","url_meta":{"origin":769,"position":3},"title":"Despojo de agua en Coyotepec","author":"grieta","date":"13 agosto, 2016","format":false,"excerpt":"13\/08\/16. \u201cSalte del movimiento del agua o se los va a cargar la chingada\u201d, agreden a defensores; Organizaci\u00f3n Mundial Contra la Tortura se pronunciaRevoluci\u00f3n 3.0 23\/06\/16. Defend\u00edan su agua, fueron a prisi\u00f3n y salieron. Pero su libertad est\u00e1 en riesgo.Sin Embargo 11\/06\/16. Contin\u00faa la defensa del agua en Coyotepec contra\u2026","rel":"","context":"En &quot;Estado de M\u00e9xico&quot;","block_context":{"text":"Estado de M\u00e9xico","link":"http:\/\/www.grieta.org.mx\/index.php\/category\/noticias-nacionales\/estado-de-mexico\/"},"img":{"alt_text":"","src":"https:\/\/i0.wp.com\/www.grieta.org.mx\/wp-content\/uploads\/2018\/03\/14524434_1106112876131411_958039263622046936_o.jpg?resize=350%2C200","width":350,"height":200,"srcset":"https:\/\/i0.wp.com\/www.grieta.org.mx\/wp-content\/uploads\/2018\/03\/14524434_1106112876131411_958039263622046936_o.jpg?resize=350%2C200 1x, https:\/\/i0.wp.com\/www.grieta.org.mx\/wp-content\/uploads\/2018\/03\/14524434_1106112876131411_958039263622046936_o.jpg?resize=525%2C300 1.5x, https:\/\/i0.wp.com\/www.grieta.org.mx\/wp-content\/uploads\/2018\/03\/14524434_1106112876131411_958039263622046936_o.jpg?resize=700%2C400 2x"},"classes":[]},{"id":13851,"url":"http:\/\/www.grieta.org.mx\/index.php\/2016\/05\/30\/liberan-al-presidente-del-sistema-de-aguas-de-coyotepec\/","url_meta":{"origin":769,"position":4},"title":"Liberan al presidente del sistema de aguas de Coyotepec","author":"grieta","date":"30 mayo, 2016","format":false,"excerpt":"Coyotepec, M\u00e9x., Sergio Vel\u00e1zquez, presidente del organismo independiente Administraci\u00f3n de Agua Potable de Coyotepec (Aapc), as\u00ed como Anselmo Z\u00e1rate y Efra\u00edn Robles, quienes estaban recluidos en el penal de Cuautitl\u00e1n, quedaron ayer en libertad al no encontrarse elementos suficientes para imputarles el delito de da\u00f1o a bienes p\u00fablicos, despu\u00e9s de\u2026","rel":"","context":"En &quot;CINTILLO&quot;","block_context":{"text":"CINTILLO","link":"http:\/\/www.grieta.org.mx\/index.php\/category\/cintillo\/"},"img":{"alt_text":"","src":"https:\/\/i0.wp.com\/www.grieta.org.mx\/wp-content\/uploads\/2018\/03\/14524434_1106112876131411_958039263622046936_o.jpg?resize=350%2C200","width":350,"height":200,"srcset":"https:\/\/i0.wp.com\/www.grieta.org.mx\/wp-content\/uploads\/2018\/03\/14524434_1106112876131411_958039263622046936_o.jpg?resize=350%2C200 1x, https:\/\/i0.wp.com\/www.grieta.org.mx\/wp-content\/uploads\/2018\/03\/14524434_1106112876131411_958039263622046936_o.jpg?resize=525%2C300 1.5x, https:\/\/i0.wp.com\/www.grieta.org.mx\/wp-content\/uploads\/2018\/03\/14524434_1106112876131411_958039263622046936_o.jpg?resize=700%2C400 2x"},"classes":[]},{"id":14266,"url":"http:\/\/www.grieta.org.mx\/index.php\/2016\/06\/11\/continua-la-defensa-del-agua-en-coyotepec-contra-la-municipalizacion\/","url_meta":{"origin":769,"position":5},"title":"Contin\u00faa la defensa del agua en Coyotepec contra la &#8220;Municipalizaci\u00f3n&#8221;","author":"grieta","date":"11 junio, 2016","format":false,"excerpt":"Perseo Greco Coyotepec, Estado de M\u00e9xico. 11 de junio 2016. El pasado 9 de junio en la plaza central del pueblo de Coyotepec, Estado de M\u00e9xico, se realiz\u00f3 el Foro Nacional \"Agua para todos administrada por el pueblo\", convocado por el Consejo Nacional Del Pueblo Mexicano. Este foro se efectu\u00f3\u2026","rel":"","context":"En &quot;CINTILLO&quot;","block_context":{"text":"CINTILLO","link":"http:\/\/www.grieta.org.mx\/index.php\/category\/cintillo\/"},"img":{"alt_text":"","src":"https:\/\/i0.wp.com\/www.grieta.org.mx\/wp-content\/uploads\/2018\/03\/14524434_1106112876131411_958039263622046936_o.jpg?resize=350%2C200","width":350,"height":200,"srcset":"https:\/\/i0.wp.com\/www.grieta.org.mx\/wp-content\/uploads\/2018\/03\/14524434_1106112876131411_958039263622046936_o.jpg?resize=350%2C200 1x, https:\/\/i0.wp.com\/www.grieta.org.mx\/wp-content\/uploads\/2018\/03\/14524434_1106112876131411_958039263622046936_o.jpg?resize=525%2C300 1.5x, https:\/\/i0.wp.com\/www.grieta.org.mx\/wp-content\/uploads\/2018\/03\/14524434_1106112876131411_958039263622046936_o.jpg?resize=700%2C400 2x"},"classes":[]}],"_links":{"self":[{"href":"http:\/\/www.grieta.org.mx\/index.php\/wp-json\/wp\/v2\/posts\/769","targetHints":{"allow":["GET"]}}],"collection":[{"href":"http:\/\/www.grieta.org.mx\/index.php\/wp-json\/wp\/v2\/posts"}],"about":[{"href":"http:\/\/www.grieta.org.mx\/index.php\/wp-json\/wp\/v2\/types\/post"}],"author":[{"embeddable":true,"href":"http:\/\/www.grieta.org.mx\/index.php\/wp-json\/wp\/v2\/users\/2"}],"replies":[{"embeddable":true,"href":"http:\/\/www.grieta.org.mx\/index.php\/wp-json\/wp\/v2\/comments?post=769"}],"version-history":[{"count":1,"href":"http:\/\/www.grieta.org.mx\/index.php\/wp-json\/wp\/v2\/posts\/769\/revisions"}],"predecessor-version":[{"id":770,"href":"http:\/\/www.grieta.org.mx\/index.php\/wp-json\/wp\/v2\/posts\/769\/revisions\/770"}],"wp:featuredmedia":[{"embeddable":true,"href":"http:\/\/www.grieta.org.mx\/index.php\/wp-json\/wp\/v2\/media\/21928"}],"wp:attachment":[{"href":"http:\/\/www.grieta.org.mx\/index.php\/wp-json\/wp\/v2\/media?parent=769"}],"wp:term":[{"taxonomy":"category","embeddable":true,"href":"http:\/\/www.grieta.org.mx\/index.php\/wp-json\/wp\/v2\/categories?post=769"},{"taxonomy":"post_tag","embeddable":true,"href":"http:\/\/www.grieta.org.mx\/index.php\/wp-json\/wp\/v2\/tags?post=769"}],"curies":[{"name":"wp","href":"https:\/\/api.w.org\/{rel}","templated":true}]}}