{"id":7613,"date":"2015-09-24T20:46:22","date_gmt":"2015-09-24T20:46:22","guid":{"rendered":"http:\/\/50.22.11.12\/~grietaor\/?p=7613"},"modified":"2016-03-29T20:47:37","modified_gmt":"2016-03-29T20:47:37","slug":"juez-absuelve-de-delitos-electorales-a-cemei-verdia","status":"publish","type":"post","link":"http:\/\/www.grieta.org.mx\/index.php\/2015\/09\/24\/juez-absuelve-de-delitos-electorales-a-cemei-verdia\/","title":{"rendered":"Juez absuelve de delitos electorales a Ceme\u00ed Verd\u00eda"},"content":{"rendered":"<blockquote><p>El exl\u00edder de los grupos de autodefensas en el municipio de Aquila, Ceme\u00ed Verd\u00eda Zepeda, dijo que tambi\u00e9n otro juez ya lo liber\u00f3 del delito de homicidio calificado.<\/p><\/blockquote>\n<p>MORELIA.- El juez tercero menor de lo penal en el estado de Michoac\u00e1n inform\u00f3 que no se acredit\u00f3 la responsabilidad de robo de urnas ni quema de boletas electorales en contra de Ceme\u00ed Verd\u00eda Zepeda, exl\u00edder de los grupos de autodefensas en el municipio de Aquila.<\/p>\n<p>Verd\u00eda Zepeda fue acusado por el Instituto Electoral de Michoac\u00e1n de supuestamente impedir que llegaran las urnas al comit\u00e9s electoral municipal de Aquila el pasado 7 de junio cuando se celebraron elecciones locales para renovar la gubernatura, presidencias municipales y diputaciones.<\/p>\n<p>Este jueves, el juez tercero determin\u00f3 absolver a Ceme\u00ed de delitos electorales ya que a su juicio no tienen en su poder los suficientes elementos probatorios para condenar al exl\u00edder de los grupos de autodefensas en la regional de la costa michoacana.<\/p>\n<p>Y en entrevista telef\u00f3nica con El Financiero, Verd\u00eda Zepeda declar\u00f3 que finalmente el juez que lleva su caso est\u00e1 actuando con apego a la legalidad, pues \u201cyo no comet\u00ed ninguno deleito en materia electoral\u201d.<\/p>\n<p>M\u00e1s adelante, el exl\u00edder de los autodefensas hizo notar que tambi\u00e9n un juez ya lo liber\u00f3 del delito de homicidio calificado que el imputaba la Procuradur\u00eda de Justicia del Estado de Michoac\u00e1n.<\/p>\n<p>Ceme\u00ed Verd\u00eda reconoci\u00f3 que a\u00fan tiene pendiente el proceso penal por el robo de alambre de p\u00faas y de 60 litros de gasolina, y sobre el particular neg\u00f3 tajantemente que haya competido tal il\u00edcito.<\/p>\n<p>Por \u00faltimo, el exautodefensa confi\u00f3 en que lograr\u00e1 acreditar su inocencia ante las autoridades del Poder Judicial de Michoac\u00e1n, y consider\u00f3 que \u201cpasar\u00e1 la \u00e9poca navide\u00f1a acompa\u00f1ado de sus familiares\u201d.<\/p>\n<p><a href=\"http:\/\/www.elfinanciero.com.mx\/nacional\/juez-absuelve-de-delitos-electorales-a-cemei-verdia.html\" target=\"_blank\">http:\/\/www.elfinanciero.com.mx\/nacional\/juez-absuelve-de-delitos-electorales-a-cemei-verdia.html<\/a><\/p>\n","protected":false},"excerpt":{"rendered":"<p>El exl\u00edder de los grupos de autodefensas en el municipio de Aquila, Ceme\u00ed Verd\u00eda Zepeda, dijo que tambi\u00e9n otro juez ya lo liber\u00f3 del delito de homicidio calificado. MORELIA.- El &hellip; <a href=\"http:\/\/www.grieta.org.mx\/index.php\/2015\/09\/24\/juez-absuelve-de-delitos-electorales-a-cemei-verdia\/\" class=\"more-link\">Leer m\u00e1s<\/a><\/p>\n","protected":false},"author":1,"featured_media":21928,"comment_status":"closed","ping_status":"open","sticky":false,"template":"","format":"standard","meta":{"ngg_post_thumbnail":0,"_jetpack_newsletter_access":"","_jetpack_dont_email_post_to_subs":false,"_jetpack_newsletter_tier_id":0,"_jetpack_memberships_contains_paywalled_content":false,"_jetpack_memberships_contains_paid_content":false,"footnotes":""},"categories":[80,82],"tags":[454,455,131],"class_list":["post-7613","post","type-post","status-publish","format-standard","has-post-thumbnail","hentry","category-cintillo","category-michoacan","tag-cemei-verdia","tag-ostula","tag-presos-politicos","entry"],"jetpack_featured_media_url":"http:\/\/www.grieta.org.mx\/wp-content\/uploads\/2018\/03\/14524434_1106112876131411_958039263622046936_o.jpg","jetpack_sharing_enabled":true,"jetpack_shortlink":"https:\/\/wp.me\/p7ZJR4-1YN","jetpack_likes_enabled":false,"jetpack-related-posts":[{"id":7597,"url":"http:\/\/www.grieta.org.mx\/index.php\/2015\/12\/24\/dictan-libertad-a-cemei-verdia-exlider-de-las-autodefensas-de-michoacan-por-falta-de-pruebas\/","url_meta":{"origin":7613,"position":0},"title":"Dictan libertad a Ceme\u00ed Verd\u00eda, exl\u00edder de las autodefensas de Michoac\u00e1n, por falta de pruebas","author":"Admin","date":"24 diciembre, 2015","format":false,"excerpt":"De acuerdo con la resoluci\u00f3n del juez, no hay pruebas suficientes para determinar que Ceme\u00ed Verd\u00eda, exl\u00edder de las autodefensas de Michoac\u00e1n, hubiese participado en el homicidio de Argel Mej\u00eda Valdovinos. Por falta de pruebas para procesar, el Juzgado Tercero de lo Penal con sede en Morelia, dict\u00f3 Auto de\u2026","rel":"","context":"En &quot;CINTILLO&quot;","block_context":{"text":"CINTILLO","link":"http:\/\/www.grieta.org.mx\/index.php\/category\/cintillo\/"},"img":{"alt_text":"","src":"https:\/\/i0.wp.com\/www.grieta.org.mx\/wp-content\/uploads\/2018\/03\/14524434_1106112876131411_958039263622046936_o.jpg?resize=350%2C200","width":350,"height":200,"srcset":"https:\/\/i0.wp.com\/www.grieta.org.mx\/wp-content\/uploads\/2018\/03\/14524434_1106112876131411_958039263622046936_o.jpg?resize=350%2C200 1x, https:\/\/i0.wp.com\/www.grieta.org.mx\/wp-content\/uploads\/2018\/03\/14524434_1106112876131411_958039263622046936_o.jpg?resize=525%2C300 1.5x, https:\/\/i0.wp.com\/www.grieta.org.mx\/wp-content\/uploads\/2018\/03\/14524434_1106112876131411_958039263622046936_o.jpg?resize=700%2C400 2x"},"classes":[]},{"id":7621,"url":"http:\/\/www.grieta.org.mx\/index.php\/2015\/09\/09\/dictan-formal-prision-a-cemei-verdia-por-homicidio-calificado\/","url_meta":{"origin":7613,"position":1},"title":"Dictan formal prisi\u00f3n a Ceme\u00ed Verd\u00eda por homicidio calificado","author":"Admin","date":"9 septiembre, 2015","format":false,"excerpt":"MORELIA, Mich. (apro).- El Juzgado Primero de lo Penal, con sede en el centro penitenciario David Franco Rodr\u00edguez o Mil Cumbres, en esta capital, dict\u00f3 auto de formal prisi\u00f3n contra el l\u00edder de las autodefensas de Santa Mar\u00eda Ostula, Ceme\u00ed Verd\u00eda Zepeda, por el delito de homicidio calificado. Alrededor de\u2026","rel":"","context":"En &quot;CINTILLO&quot;","block_context":{"text":"CINTILLO","link":"http:\/\/www.grieta.org.mx\/index.php\/category\/cintillo\/"},"img":{"alt_text":"","src":"https:\/\/i0.wp.com\/www.grieta.org.mx\/wp-content\/uploads\/2018\/03\/14524434_1106112876131411_958039263622046936_o.jpg?resize=350%2C200","width":350,"height":200,"srcset":"https:\/\/i0.wp.com\/www.grieta.org.mx\/wp-content\/uploads\/2018\/03\/14524434_1106112876131411_958039263622046936_o.jpg?resize=350%2C200 1x, https:\/\/i0.wp.com\/www.grieta.org.mx\/wp-content\/uploads\/2018\/03\/14524434_1106112876131411_958039263622046936_o.jpg?resize=525%2C300 1.5x, https:\/\/i0.wp.com\/www.grieta.org.mx\/wp-content\/uploads\/2018\/03\/14524434_1106112876131411_958039263622046936_o.jpg?resize=700%2C400 2x"},"classes":[]},{"id":7728,"url":"http:\/\/www.grieta.org.mx\/index.php\/2015\/07\/22\/autoridades-de-ostula-hacen-publica-la-agresion-sufrida-por-el-ejercito-mexicano-y-la-detencion-del-comandante-cemei-verdia-video\/","url_meta":{"origin":7613,"position":2},"title":"Autoridades de Ostula hacen p\u00fablica la agresi\u00f3n sufrida por el ej\u00e9rcito mexicano y la detenci\u00f3n del comandante Ceme\u00ed Verd\u00eda (VIDEO)","author":"Admin","date":"22 julio, 2015","format":false,"excerpt":"En el contexto de los operativos de la Marina, Ej\u00e9rcito y Polic\u00eda Federal contra la comunidad nahua de Ostula, Michoac\u00e1n, que tuvieron como resultado dos menores de edad y un adulto muertos, as\u00ed como la detenci\u00f3n de Ceme\u00ed Verd\u00eda Zepeda (Primer Comandante de la Polic\u00eda Comunitaria de Santa Mar\u00eda Ostula\u2026","rel":"","context":"En &quot;CINTILLO&quot;","block_context":{"text":"CINTILLO","link":"http:\/\/www.grieta.org.mx\/index.php\/category\/cintillo\/"},"img":{"alt_text":"","src":"https:\/\/i0.wp.com\/www.grieta.org.mx\/wp-content\/uploads\/2018\/03\/14524434_1106112876131411_958039263622046936_o.jpg?resize=350%2C200","width":350,"height":200,"srcset":"https:\/\/i0.wp.com\/www.grieta.org.mx\/wp-content\/uploads\/2018\/03\/14524434_1106112876131411_958039263622046936_o.jpg?resize=350%2C200 1x, https:\/\/i0.wp.com\/www.grieta.org.mx\/wp-content\/uploads\/2018\/03\/14524434_1106112876131411_958039263622046936_o.jpg?resize=525%2C300 1.5x, https:\/\/i0.wp.com\/www.grieta.org.mx\/wp-content\/uploads\/2018\/03\/14524434_1106112876131411_958039263622046936_o.jpg?resize=700%2C400 2x"},"classes":[]},{"id":7639,"url":"http:\/\/www.grieta.org.mx\/index.php\/2015\/08\/06\/pgje-rechaza-que-cemei-verdia-sea-ex-carcelado-tras-librar-denuncia-por-robo\/","url_meta":{"origin":7613,"position":3},"title":"PGJE rechaza que Ceme\u00ed Verd\u00eda sea ex carcelado tras librar denuncia por robo","author":"Admin","date":"6 agosto, 2015","format":false,"excerpt":"Ciudad de M\u00e9xico, 6 de agosto (SinEmbargo).\u2013 Ceme\u00ed Verd\u00eda Zepeda, comandante de la guardia comunitaria de Santa Mar\u00eda Ostula, Michoac\u00e1n, no ser\u00e1 liberado despu\u00e9s de que el Ayuntamiento de Aquila se desistiera de la denuncia por robo calificado que hab\u00eda interpuesto en su contra, debido a que el delito es\u2026","rel":"","context":"En &quot;CINTILLO&quot;","block_context":{"text":"CINTILLO","link":"http:\/\/www.grieta.org.mx\/index.php\/category\/cintillo\/"},"img":{"alt_text":"","src":"https:\/\/i0.wp.com\/www.grieta.org.mx\/wp-content\/uploads\/2018\/03\/14524434_1106112876131411_958039263622046936_o.jpg?resize=350%2C200","width":350,"height":200,"srcset":"https:\/\/i0.wp.com\/www.grieta.org.mx\/wp-content\/uploads\/2018\/03\/14524434_1106112876131411_958039263622046936_o.jpg?resize=350%2C200 1x, https:\/\/i0.wp.com\/www.grieta.org.mx\/wp-content\/uploads\/2018\/03\/14524434_1106112876131411_958039263622046936_o.jpg?resize=525%2C300 1.5x, https:\/\/i0.wp.com\/www.grieta.org.mx\/wp-content\/uploads\/2018\/03\/14524434_1106112876131411_958039263622046936_o.jpg?resize=700%2C400 2x"},"classes":[]},{"id":7657,"url":"http:\/\/www.grieta.org.mx\/index.php\/2015\/08\/05\/niegan-libertad-a-cemi-verdia-se-le-acusa-de-robar-rollos-de-alambre\/","url_meta":{"origin":7613,"position":4},"title":"Niegan libertad a Cem\u00ed Verd\u00eda, se le acusa de robar rollos de alambre","author":"Admin","date":"5 agosto, 2015","format":false,"excerpt":"La esposa del alcalde preso por ser parte del Cartel de los Caballeros Templarios, es quien acusa a Verd\u00eda de robo M\u00e9xico, D. F, 5 de agosto 2015.- En un bolet\u00edn informativo, firmado el 4 de agosto, miembros de la comunidad de Santa Mar\u00eda Ostula, Michoac\u00e1n, dan a conocer la\u2026","rel":"","context":"En &quot;CINTILLO&quot;","block_context":{"text":"CINTILLO","link":"http:\/\/www.grieta.org.mx\/index.php\/category\/cintillo\/"},"img":{"alt_text":"","src":"https:\/\/i0.wp.com\/www.grieta.org.mx\/wp-content\/uploads\/2018\/03\/14524434_1106112876131411_958039263622046936_o.jpg?resize=350%2C200","width":350,"height":200,"srcset":"https:\/\/i0.wp.com\/www.grieta.org.mx\/wp-content\/uploads\/2018\/03\/14524434_1106112876131411_958039263622046936_o.jpg?resize=350%2C200 1x, https:\/\/i0.wp.com\/www.grieta.org.mx\/wp-content\/uploads\/2018\/03\/14524434_1106112876131411_958039263622046936_o.jpg?resize=525%2C300 1.5x, https:\/\/i0.wp.com\/www.grieta.org.mx\/wp-content\/uploads\/2018\/03\/14524434_1106112876131411_958039263622046936_o.jpg?resize=700%2C400 2x"},"classes":[]},{"id":7643,"url":"http:\/\/www.grieta.org.mx\/index.php\/2015\/08\/04\/ostula-4-ago-exigimos-que-cemei-verdia-no-sea-trasladado-a-lazaro-cardenas-territorio-templario\/","url_meta":{"origin":7613,"position":5},"title":"Ostula: Exigimos que Ceme\u00ed Verd\u00eda no sea trasladado a L\u00e1zaro C\u00e1rdenas, territorio templario","author":"Admin","date":"4 agosto, 2015","format":false,"excerpt":"Bolet\u00edn 5. Situaci\u00f3n del Comandante Ceme\u00ed Verd\u00eda A LA SOCIEDAD CIVIL A LAS ORGANIZACIONES DE DERECHOS HUMANOS A LOS MEDIOS DE COMUNICACI\u00d3N HONESTOS Como es del conocimiento p\u00fablico, Ceme\u00ed Verd\u00eda Zepeda-Primer Comandante de la Polic\u00eda Comunitaria de Santa Mar\u00eda Ostula y Coordinador General de las Autodefensas de los municipios de\u2026","rel":"","context":"En &quot;CINTILLO&quot;","block_context":{"text":"CINTILLO","link":"http:\/\/www.grieta.org.mx\/index.php\/category\/cintillo\/"},"img":{"alt_text":"","src":"https:\/\/i0.wp.com\/www.grieta.org.mx\/wp-content\/uploads\/2018\/03\/14524434_1106112876131411_958039263622046936_o.jpg?resize=350%2C200","width":350,"height":200,"srcset":"https:\/\/i0.wp.com\/www.grieta.org.mx\/wp-content\/uploads\/2018\/03\/14524434_1106112876131411_958039263622046936_o.jpg?resize=350%2C200 1x, https:\/\/i0.wp.com\/www.grieta.org.mx\/wp-content\/uploads\/2018\/03\/14524434_1106112876131411_958039263622046936_o.jpg?resize=525%2C300 1.5x, https:\/\/i0.wp.com\/www.grieta.org.mx\/wp-content\/uploads\/2018\/03\/14524434_1106112876131411_958039263622046936_o.jpg?resize=700%2C400 2x"},"classes":[]}],"_links":{"self":[{"href":"http:\/\/www.grieta.org.mx\/index.php\/wp-json\/wp\/v2\/posts\/7613","targetHints":{"allow":["GET"]}}],"collection":[{"href":"http:\/\/www.grieta.org.mx\/index.php\/wp-json\/wp\/v2\/posts"}],"about":[{"href":"http:\/\/www.grieta.org.mx\/index.php\/wp-json\/wp\/v2\/types\/post"}],"author":[{"embeddable":true,"href":"http:\/\/www.grieta.org.mx\/index.php\/wp-json\/wp\/v2\/users\/1"}],"replies":[{"embeddable":true,"href":"http:\/\/www.grieta.org.mx\/index.php\/wp-json\/wp\/v2\/comments?post=7613"}],"version-history":[{"count":1,"href":"http:\/\/www.grieta.org.mx\/index.php\/wp-json\/wp\/v2\/posts\/7613\/revisions"}],"predecessor-version":[{"id":7617,"href":"http:\/\/www.grieta.org.mx\/index.php\/wp-json\/wp\/v2\/posts\/7613\/revisions\/7617"}],"wp:featuredmedia":[{"embeddable":true,"href":"http:\/\/www.grieta.org.mx\/index.php\/wp-json\/wp\/v2\/media\/21928"}],"wp:attachment":[{"href":"http:\/\/www.grieta.org.mx\/index.php\/wp-json\/wp\/v2\/media?parent=7613"}],"wp:term":[{"taxonomy":"category","embeddable":true,"href":"http:\/\/www.grieta.org.mx\/index.php\/wp-json\/wp\/v2\/categories?post=7613"},{"taxonomy":"post_tag","embeddable":true,"href":"http:\/\/www.grieta.org.mx\/index.php\/wp-json\/wp\/v2\/tags?post=7613"}],"curies":[{"name":"wp","href":"https:\/\/api.w.org\/{rel}","templated":true}]}}