{"id":7602,"date":"2016-01-17T20:39:59","date_gmt":"2016-01-17T20:39:59","guid":{"rendered":"http:\/\/50.22.11.12\/~grietaor\/?p=7602"},"modified":"2016-03-29T20:41:19","modified_gmt":"2016-03-29T20:41:19","slug":"proyecto-tiburon-agua-y-energia-amenaza-pueblos-originarios-en-sonora","status":"publish","type":"post","link":"http:\/\/www.grieta.org.mx\/index.php\/2016\/01\/17\/proyecto-tiburon-agua-y-energia-amenaza-pueblos-originarios-en-sonora\/","title":{"rendered":"Proyecto \u201cTibur\u00f3n Agua y Energ\u00eda\u201d amenaza pueblos originarios en Sonora"},"content":{"rendered":"<p>La situaci\u00f3n en la regi\u00f3n ComC\u00e1ac, (Sonora, M\u00e9xico) en donde viven dos comunidades, Punta Chueca y Desemboque, ya era complicada con los megaproyectos mineros que se les fueron a instalar all\u00ed y que \u201csiguen latentes por parte de empresarios a base de corrupci\u00f3n y m\u00e9todos ilegales para hacer uso de las conceciones mineras para la explotaci\u00f3n.\u201d<\/p>\n<p>Pero ahora, la situaci\u00f3n se complejiz\u00f3 con la llegada del llamado \u201cProyecto Tibur\u00f3n Agua y Energ\u00eda\u201d que proyecta construir una planta desalinizadora de agua, un proyecto de energ\u00eda mareomotriz (que se obtiene aprovechando las mareas), adem\u00e1s de una explotaci\u00f3n minera en la Isla de Tibur\u00f3n y un proyecto tur\u00edstico.<\/p>\n<p>La Red Mexicana de Afectados por la Miner\u00eda emiti\u00f3 un comunicado al respecto, expresando su preocupaci\u00f3n, por m\u00faltiples aspectos: el m\u00faltiple proyecto no ha sido consultado a la poblaci\u00f3n, a la que se la engatusa plante\u00e1ndole un supuesto beneficio econ\u00f3mico con el proyecto, \u201ccuando no es sino una falta de soluci\u00f3n que no se adapta a los enfoques eco sist\u00e9micos y\/o a la cosmovisi\u00f3n del pueblo ComC\u00e1ac. Cualquier proyecto que tenga la extracci\u00f3n de bienes naturales como el principal sustento, pone en riesgo el territorio donde se piensa construir, cuando hablamos de pueblos originarios el riesgo aumenta, pues a la p\u00e9rdida del patrimonio ambiental se le suma la p\u00e9rdida del patrimonio cultural milenario de estos pueblos.\u201d<\/p>\n<p>No s\u00f3lo eso, a ra\u00edz del derrame de 40 mil litros c\u00fabicos de \u00e1cido sulf\u00farico en el R\u00edo Sonora, perpetrado por el Grupo M\u00e9xico, hace m\u00e1s de un a\u00f1o (el 6 de agosto de 2014) contin\u00faan apareciendo enfermedades en la piel, como llagas, en los habitantes de la zona. Tambi\u00e9n les han encontrado una fuerte presencia de metales en sangre. Seg\u00fan report\u00f3 Sin Embargo, el Sindicato Minero Secci\u00f3n 65 en conjunto con el grupo \u201cTodos Unidos contra Grupo M\u00e9xico\u201d denuncian que la contaminaci\u00f3n se expande, que ha llegado a Hermosillo en el agua que beben. Estiman que adem\u00e1s de los da\u00f1os a la salud, al ecosistema, flora, fauna, el derrame est\u00e1 deteriorando la salud de cerca de 24 mil personas de la zona norte del pa\u00eds.<\/p>\n<p>\u201cVamos a buscar la solidaridad internacional porque la gente requiere m\u00e9dicos especialistas, toxic\u00f3logos. Ojal\u00e1 el gobierno federal reconociera a estas personas y les diera la atenci\u00f3n. Ellos manejan que son 300 afectados en salud, pero no les est\u00e1n ayudando, ni dando seguimiento ni siquiera a los que ellos reconocen\u201d, dijo al medio citado.<\/p>\n<p>La Rema advierte que el mega proyecto m\u00faltiple cuenta con el apoyo y el aval de los gobierno estatal y federal, pero la red exige a ambos estamentos que haga cumplir la ley y proteja a las poblaciones originarias a las que est\u00e1 poniendo en peligro.<\/p>\n<p>Advierte a su vez, que los comuneros de la zona han hecho sus descargos ante la Procuradur\u00eda Agraria, por lo que el reto de \u201cno hacer o\u00eddos sordos\u201d tambi\u00e9n le cabe a esa repartici\u00f3n estatal.<\/p>\n<p>\u201cLos pueblos tienen derecho decidir y vivir en armon\u00eda con su entorno, derecho a vivir en un ambiente sano y a continuar viviendo desde su propia cosmovisi\u00f3n, misma que parte de un profundo respeto a la naturaleza que los rodea y un amor a la tierra como dadora de los bienes que necesitan para el buen vivir.\u201d Eso es lo que tiene que ser respetado, eso es lo que tiene que preservarse.<\/p>\n<p><a href=\"http:\/\/desinformemonos.org.mx\/proyecto-tiburon-agua-y-energia-amenaza-pueblos-originarios-en-sonora\/\" target=\"_blank\">http:\/\/desinformemonos.org.mx\/proyecto-tiburon-agua-y-energia-amenaza-pueblos-originarios-en-sonora\/<\/a><\/p>\n","protected":false},"excerpt":{"rendered":"<p>La situaci\u00f3n en la regi\u00f3n ComC\u00e1ac, (Sonora, M\u00e9xico) en donde viven dos comunidades, Punta Chueca y Desemboque, ya era complicada con los megaproyectos mineros que se les fueron a instalar &hellip; <a href=\"http:\/\/www.grieta.org.mx\/index.php\/2016\/01\/17\/proyecto-tiburon-agua-y-energia-amenaza-pueblos-originarios-en-sonora\/\" class=\"more-link\">Leer m\u00e1s<\/a><\/p>\n","protected":false},"author":2,"featured_media":21928,"comment_status":"closed","ping_status":"open","sticky":false,"template":"","format":"standard","meta":{"ngg_post_thumbnail":0,"_jetpack_newsletter_access":"","_jetpack_dont_email_post_to_subs":false,"_jetpack_newsletter_tier_id":0,"_jetpack_memberships_contains_paywalled_content":false,"_jetpack_memberships_contains_paid_content":false,"footnotes":""},"categories":[80,456],"tags":[457],"class_list":["post-7602","post","type-post","status-publish","format-standard","has-post-thumbnail","hentry","category-cintillo","category-sonora","tag-proyecto-tiburon","entry"],"jetpack_featured_media_url":"http:\/\/www.grieta.org.mx\/wp-content\/uploads\/2018\/03\/14524434_1106112876131411_958039263622046936_o.jpg","jetpack_sharing_enabled":true,"jetpack_shortlink":"https:\/\/wp.me\/p7ZJR4-1YC","jetpack_likes_enabled":false,"jetpack-related-posts":[{"id":7600,"url":"http:\/\/www.grieta.org.mx\/index.php\/2016\/01\/22\/comuneros-de-la-isla-tiburon-rechazan-megaproyecto-y-reclaman-cambio-de-autoridades\/","url_meta":{"origin":7602,"position":0},"title":"Comuneros de la Isla Tibur\u00f3n rechazan megaproyecto y reclaman cambio de autoridades","author":"grieta","date":"22 enero, 2016","format":false,"excerpt":"Dos comunidades pueblan la regi\u00f3n Comc\u00e1ac La Guardia Tradicional existe en la zona desde 1970, tiene el reconocimiento de la comunidad, y en esta ocasi\u00f3n, sirvi\u00f3 para frenar el proyecto que no ten\u00eda la licencia social Tomado de: Al Momento Noticias Dia de publicaci\u00f3n: 2016-01-22 SONORA, 21 de enero (Al\u2026","rel":"","context":"En &quot;CINTILLO&quot;","block_context":{"text":"CINTILLO","link":"http:\/\/www.grieta.org.mx\/index.php\/category\/cintillo\/"},"img":{"alt_text":"","src":"https:\/\/i0.wp.com\/www.grieta.org.mx\/wp-content\/uploads\/2018\/03\/14524434_1106112876131411_958039263622046936_o.jpg?resize=350%2C200","width":350,"height":200,"srcset":"https:\/\/i0.wp.com\/www.grieta.org.mx\/wp-content\/uploads\/2018\/03\/14524434_1106112876131411_958039263622046936_o.jpg?resize=350%2C200 1x, https:\/\/i0.wp.com\/www.grieta.org.mx\/wp-content\/uploads\/2018\/03\/14524434_1106112876131411_958039263622046936_o.jpg?resize=525%2C300 1.5x, https:\/\/i0.wp.com\/www.grieta.org.mx\/wp-content\/uploads\/2018\/03\/14524434_1106112876131411_958039263622046936_o.jpg?resize=700%2C400 2x"},"classes":[]},{"id":7890,"url":"http:\/\/www.grieta.org.mx\/index.php\/2015\/10\/23\/acechan-territorio-sagrado-seri-una-nueva-amenaza-industrial-con-rostro-sustentable\/","url_meta":{"origin":7602,"position":1},"title":"Acechan territorio sagrado seri; una nueva amenaza industrial con rostro sustentable","author":"grieta","date":"23 octubre, 2015","format":false,"excerpt":"Primera Plana Digital Por Gerardo Moreno Una vez m\u00e1s las empresas mineras y explotadoras de recursos naturales han puesto la mira sobre el territorio sagrado de la tribu Comc\u00e1ac, solo que esta vez la amenaza viene disfrazada de un proyecto sustentable que, bajo promesa de desarrollo ha conseguido que parte\u2026","rel":"","context":"En &quot;CINTILLO&quot;","block_context":{"text":"CINTILLO","link":"http:\/\/www.grieta.org.mx\/index.php\/category\/cintillo\/"},"img":{"alt_text":"","src":"https:\/\/i0.wp.com\/www.grieta.org.mx\/wp-content\/uploads\/2018\/03\/14524434_1106112876131411_958039263622046936_o.jpg?resize=350%2C200","width":350,"height":200,"srcset":"https:\/\/i0.wp.com\/www.grieta.org.mx\/wp-content\/uploads\/2018\/03\/14524434_1106112876131411_958039263622046936_o.jpg?resize=350%2C200 1x, https:\/\/i0.wp.com\/www.grieta.org.mx\/wp-content\/uploads\/2018\/03\/14524434_1106112876131411_958039263622046936_o.jpg?resize=525%2C300 1.5x, https:\/\/i0.wp.com\/www.grieta.org.mx\/wp-content\/uploads\/2018\/03\/14524434_1106112876131411_958039263622046936_o.jpg?resize=700%2C400 2x"},"classes":[]},{"id":9058,"url":"http:\/\/www.grieta.org.mx\/index.php\/2015\/01\/22\/lucha-y-resistencia-del-pueblo-comcaac-2\/","url_meta":{"origin":7602,"position":2},"title":"Lucha y resistencia del pueblo comc\u00e1ac","author":"Admin","date":"22 enero, 2015","format":false,"excerpt":"Guardia tradicional coomc\u00e1ac contra el megaproyecto Tibur\u00f3n Agua y Energ\u00eda 22\/01\/15.","rel":"","context":"En &quot;ESPEJOS DE LA RESISTENCIA&quot;","block_context":{"text":"ESPEJOS DE LA RESISTENCIA","link":"http:\/\/www.grieta.org.mx\/index.php\/category\/espejos-de-la-resistencia\/"},"img":{"alt_text":"","src":"https:\/\/i0.wp.com\/www.grieta.org.mx\/wp-content\/uploads\/2018\/03\/14524434_1106112876131411_958039263622046936_o.jpg?resize=350%2C200","width":350,"height":200,"srcset":"https:\/\/i0.wp.com\/www.grieta.org.mx\/wp-content\/uploads\/2018\/03\/14524434_1106112876131411_958039263622046936_o.jpg?resize=350%2C200 1x, https:\/\/i0.wp.com\/www.grieta.org.mx\/wp-content\/uploads\/2018\/03\/14524434_1106112876131411_958039263622046936_o.jpg?resize=525%2C300 1.5x, https:\/\/i0.wp.com\/www.grieta.org.mx\/wp-content\/uploads\/2018\/03\/14524434_1106112876131411_958039263622046936_o.jpg?resize=700%2C400 2x"},"classes":[]},{"id":7894,"url":"http:\/\/www.grieta.org.mx\/index.php\/2015\/10\/14\/llamado-de-alerta-ante-la-embestida-extractiva-en-territorio-comcaac\/","url_meta":{"origin":7602,"position":3},"title":"Llamado de alerta ante la embestida extractiva en territorio ComC\u00e1ac","author":"grieta","date":"14 octubre, 2015","format":false,"excerpt":"REMA Octubre del 2015 A la sociedad en general: En los \u00faltimos meses hemos visto con preocupaci\u00f3n una embestida por parte del modelo extractivo dentro del territorio ComC\u00e1ac en el Estado de Sonora; dicha embestida va desde una serie de concesiones mineras, algunas de ellas ya con serios avances en\u2026","rel":"","context":"En &quot;CINTILLO&quot;","block_context":{"text":"CINTILLO","link":"http:\/\/www.grieta.org.mx\/index.php\/category\/cintillo\/"},"img":{"alt_text":"","src":"https:\/\/i0.wp.com\/www.grieta.org.mx\/wp-content\/uploads\/2018\/03\/14524434_1106112876131411_958039263622046936_o.jpg?resize=350%2C200","width":350,"height":200,"srcset":"https:\/\/i0.wp.com\/www.grieta.org.mx\/wp-content\/uploads\/2018\/03\/14524434_1106112876131411_958039263622046936_o.jpg?resize=350%2C200 1x, https:\/\/i0.wp.com\/www.grieta.org.mx\/wp-content\/uploads\/2018\/03\/14524434_1106112876131411_958039263622046936_o.jpg?resize=525%2C300 1.5x, https:\/\/i0.wp.com\/www.grieta.org.mx\/wp-content\/uploads\/2018\/03\/14524434_1106112876131411_958039263622046936_o.jpg?resize=700%2C400 2x"},"classes":[]},{"id":4077,"url":"http:\/\/www.grieta.org.mx\/index.php\/2015\/07\/04\/asegura-profepa-embarcaciones-sin-autorizacion-para-avistamiento-del-tiburon-ballena-en-holbox\/","url_meta":{"origin":7602,"position":4},"title":"Asegura Profepa embarcaciones sin autorizaci\u00f3n para avistamiento del tibur\u00f3n ballena en Holbox","author":"grieta","date":"4 julio, 2015","format":false,"excerpt":"CIUDAD DE M\u00c9XICO.- La Procuradur\u00eda Federal de Protecci\u00f3n al Ambiente (PROFEPA) asegur\u00f3 dos embarcaciones menores que no contaban con autorizaci\u00f3n de la Comisi\u00f3n Nacional de \u00c1reas Naturales Protegidas (CONANP) para el avistamiento del Tibur\u00f3n ballena, en el municipio de Holbox, Quintana Roo. Lo anterior se realiz\u00f3 durante el \u201cOperativo de\u2026","rel":"","context":"En &quot;CINTILLO&quot;","block_context":{"text":"CINTILLO","link":"http:\/\/www.grieta.org.mx\/index.php\/category\/cintillo\/"},"img":{"alt_text":"","src":"https:\/\/i0.wp.com\/www.grieta.org.mx\/wp-content\/uploads\/2018\/03\/14524434_1106112876131411_958039263622046936_o.jpg?resize=350%2C200","width":350,"height":200,"srcset":"https:\/\/i0.wp.com\/www.grieta.org.mx\/wp-content\/uploads\/2018\/03\/14524434_1106112876131411_958039263622046936_o.jpg?resize=350%2C200 1x, https:\/\/i0.wp.com\/www.grieta.org.mx\/wp-content\/uploads\/2018\/03\/14524434_1106112876131411_958039263622046936_o.jpg?resize=525%2C300 1.5x, https:\/\/i0.wp.com\/www.grieta.org.mx\/wp-content\/uploads\/2018\/03\/14524434_1106112876131411_958039263622046936_o.jpg?resize=700%2C400 2x"},"classes":[]},{"id":28118,"url":"http:\/\/www.grieta.org.mx\/index.php\/2018\/11\/30\/se-intensifican-las-amenazas-contra-opositores-al-gasoducto-en-comunidad-yaqui-de-sonora\/","url_meta":{"origin":7602,"position":5},"title":"Se intensifican las amenazas contra opositores al gasoducto en comunidad yaqui de Sonora","author":"grieta","date":"30 noviembre, 2018","format":false,"excerpt":"Habitantes de la localidad Loma de B\u00e1cum reciben constantes advertencias de que ser\u00e1n agredidos si no cesan su resistencia a la operaci\u00f3n del gasoducto Sonora. En las \u00faltimas semanas las amenazas incluyen fechas: los \u00faltimos d\u00edas de noviembre ser\u00e1n atacados si no aceptan el proyecto. \/ANIMAL POL\u00ccTICO Las amenazas contra\u2026","rel":"","context":"En &quot;21. Yaquis&quot;","block_context":{"text":"21. Yaquis","link":"http:\/\/www.grieta.org.mx\/index.php\/category\/espejos-de-la-resistencia\/21-yaquis\/"},"img":{"alt_text":"","src":"https:\/\/i0.wp.com\/www.grieta.org.mx\/wp-content\/uploads\/2019\/01\/gasoducto.jpg?resize=350%2C200","width":350,"height":200,"srcset":"https:\/\/i0.wp.com\/www.grieta.org.mx\/wp-content\/uploads\/2019\/01\/gasoducto.jpg?resize=350%2C200 1x, https:\/\/i0.wp.com\/www.grieta.org.mx\/wp-content\/uploads\/2019\/01\/gasoducto.jpg?resize=525%2C300 1.5x, https:\/\/i0.wp.com\/www.grieta.org.mx\/wp-content\/uploads\/2019\/01\/gasoducto.jpg?resize=700%2C400 2x"},"classes":[]}],"_links":{"self":[{"href":"http:\/\/www.grieta.org.mx\/index.php\/wp-json\/wp\/v2\/posts\/7602","targetHints":{"allow":["GET"]}}],"collection":[{"href":"http:\/\/www.grieta.org.mx\/index.php\/wp-json\/wp\/v2\/posts"}],"about":[{"href":"http:\/\/www.grieta.org.mx\/index.php\/wp-json\/wp\/v2\/types\/post"}],"author":[{"embeddable":true,"href":"http:\/\/www.grieta.org.mx\/index.php\/wp-json\/wp\/v2\/users\/2"}],"replies":[{"embeddable":true,"href":"http:\/\/www.grieta.org.mx\/index.php\/wp-json\/wp\/v2\/comments?post=7602"}],"version-history":[{"count":1,"href":"http:\/\/www.grieta.org.mx\/index.php\/wp-json\/wp\/v2\/posts\/7602\/revisions"}],"predecessor-version":[{"id":7605,"href":"http:\/\/www.grieta.org.mx\/index.php\/wp-json\/wp\/v2\/posts\/7602\/revisions\/7605"}],"wp:featuredmedia":[{"embeddable":true,"href":"http:\/\/www.grieta.org.mx\/index.php\/wp-json\/wp\/v2\/media\/21928"}],"wp:attachment":[{"href":"http:\/\/www.grieta.org.mx\/index.php\/wp-json\/wp\/v2\/media?parent=7602"}],"wp:term":[{"taxonomy":"category","embeddable":true,"href":"http:\/\/www.grieta.org.mx\/index.php\/wp-json\/wp\/v2\/categories?post=7602"},{"taxonomy":"post_tag","embeddable":true,"href":"http:\/\/www.grieta.org.mx\/index.php\/wp-json\/wp\/v2\/tags?post=7602"}],"curies":[{"name":"wp","href":"https:\/\/api.w.org\/{rel}","templated":true}]}}